{"id":60766,"date":"2022-04-12T14:59:32","date_gmt":"2022-04-12T14:59:32","guid":{"rendered":"https:\/\/villa-albertine.org\/the-villa\/night-ideas-2022-patti-smith-andre-dickens-leila-slimani-joe-baker-join-250-artists-and-cultural\/"},"modified":"2023-08-23T07:49:28","modified_gmt":"2023-08-23T07:49:28","slug":"night-ideas-2022-patti-smith-andre-dickens-leila-slimani-joe-baker-join-250-artists-and-cultural","status":"publish","type":"post","link":"https:\/\/villa-albertine.org\/va\/uncategorized\/night-ideas-2022-patti-smith-andre-dickens-leila-slimani-joe-baker-join-250-artists-and-cultural\/","title":{"rendered":"Night of Ideas 2022: Patti Smith, Andre Dickens, Le\u00efla Slimani, Joe Baker Join 250+ Artists and Cultural Visionaries in Marathon of Public Programs and Performances Across 19 US Cities"},"content":{"rendered":"<p>Villa Albertine today announced the lineup for the US edition of <a href=\"https:\/\/nightofideas.org\/\"><strong>Night of Ideas<\/strong><\/a>, a free annual nocturnal marathon of philosophical debates, performances, readings and more, hosted in 19 cities across the country this May. The US joins the international community in celebrating this global event, which is being hosted in over 100 countries and is coordinated by the <a href=\"https:\/\/www.institutfrancais.com\/en\"><strong>Institut fran\u00e7ais<\/strong><\/a>.<\/p>\n<p>In this period of intense geopolitical upheaval in Europe and around the world, compounded social and political challenges are producing deep crises, particularly in Ukraine. The Night of Ideas creates a rare and powerful forum, enabling 250+ artists, researchers, and community leaders to engage with each other and the public on these core issues of our time. The theme, \u201c<em>Where Are We Going<\/em>?\u201d sparks conversation about war and the future of global democracy, on the stage of pandemic recovery and economic turmoil. It also leads to important discussions about community-based climate action, about concrete steps toward equity and racial justice, and more.<\/p>\n<p>Night of Ideas is the continuation of a long-running successful collaboration with Brooklyn Public Library, alongside both new and returning partners in 18 other cities. The bespoke programming will welcome a wide diversity of speakers and performers, including participants in Villa Albertine\u2019s inaugural residency program. Highlights include: musician, author, and poet <strong>Patti Smith<\/strong>, <strong>Atlanta Mayor Andre Dickens<\/strong>, Goncourt Prize-winning Franco-Moroccan <strong>novelist Le\u00efla Slimani<\/strong>, Lenape Center Director <strong>Joe Baker<\/strong>, philosopher, anthropologist and sociologist <strong>Bruno Latour<\/strong>, resident musician and composer <strong>S\u00e9l\u00e8ne Saint-Aim\u00e9<\/strong>, author and urban thinker <strong>Ryan Gravel,<\/strong> Director of the Atlantic Council\u2019s Africa Center <strong>Rama Yade<\/strong>, Poetry Foundation President <strong>Michelle Boone<\/strong>, Director of the Umass Energy Transition Initiative <strong>Erin Baker<\/strong>, resident numerical analyst <strong>Aur\u00e9lie Jean<\/strong>, Los Angles Chief Sustainability Officer <strong>Lauren Faber<\/strong>, political scientist <strong>Claire Sagan<\/strong>, food author and chef <strong>Ad\u00e1n Medrano<\/strong>, Commissioner of the Chicago Department of Cultural Affairs and Special Events <strong>Erin Harkey<\/strong>, ethologist, neurologist, and psychiatrist <strong>Boris Cyrulnik<\/strong>, resident multidisciplinary artists <strong>Loo Hui Phang and Joseph d&#8217;Anvers<\/strong>, and <strong>Yann LeCun<\/strong>, Chief AI Scientist at Meta.<\/p>\n<p>The US edition of Night of Ideas is organized by Villa Albertine, in partnership with 50+ institutions, including the Ukrainian Institute of America. Alongside its public programs, Villa Albertine, a new cultural institution launched by the French Government in fall 2021, is pioneering a new model for customized artist residencies \u2013 hosting more than 60 artists, thinkers, and cultural professionals across 10 major US cities annually.<\/p>\n<p>\u201cNight of Ideas is an act of global solidarity, with the conviction that problems are best solved when we collaborate across institutions, disciplines, and countries. I am very proud that this is the first major event of Villa Albertine,\u201d said Ga\u00ebtan Bruel, Cultural Counselor of the French Embassy in the US and Director of Villa Albertine. \u201cWe are honored to welcome such an impactful lineup of speakers and performers across the country, including some of Villa Albertine\u2019s first artists and thinkers-in-residence. It\u2019s a rare opportunity to gather so many creative, socially-conscious projects under one roof, in the service of philosophical exploration and cross-cultural connection.\u201d<\/p>\n<p>\u00a0<\/p>\n<p><strong>Select program highlights at the iconic location in Brooklyn, as well as featured events from across the country, are below.<\/strong> Explore the full city-by-city program\u2013the largest to date\u2013and register at <a href=\"http:\/\/www.nightofideas.org\">nightofideas.org<\/a>.<\/p>\n<p>\u00a0<\/p>\n<h3><strong>New York City<\/strong> \u2013 Saturday, May 21\u00a0<\/h3>\n<p><em>5pm-12:00am @ Villa Albertine New York and the Brooklyn Public Library<\/em>\u00a0<\/p>\n<p>Embark on an original on the road happening from Villa Albertine headquarters in Manhattan to Brooklyn Public Library, where 60 members of the public will enjoy a private 1:1 discussion with the artist or speaker sitting next to them on the bus. All will then gather for a marathon of talks, musical performances, screenings, and lively forums, headlined by a performance from Patti Smith. Programming includes Goncourt Prize-winning novelist Le\u00efla Slimani, Director of the Lenape Center Joe Baker, Chief AI Scientist at Meta Yann LeCun, political scientist Claire Sagan, and more.\u00a0\u00a0<\/p>\n<p><u>Presented by:<\/u> Brooklyn Public Library.\u00a0<\/p>\n<p>\u00a0<\/p>\n<h3><strong>Atlanta<\/strong> \u2013 Saturday, May 14\u00a0\u00a0<\/h3>\n<p><em>6pm-12am @ The Woodruff Arts Center<\/em>\u00a0<\/p>\n<p>The first ever Night of Ideas in Atlanta will invite intellectuals, artists, and entrepreneurs to embrace themes of city and culture in this moment of crisis, and ponder <em>Where Do We Go from Here?.<\/em> The night will offer a rich multidisciplinary program, combining debates, art installations, screenings, and a DJ set with the participation of Atlanta Mayor Andr\u00e9 Dickens, Diane Landais and Miryam Houali of the French video game collective Accidental Queens, and Ryan Gravel, urban thinker, designer, author, builder, speaker, and original visionary of the Atlanta Beltline.\u00a0<\/p>\n<p><u>Presented by:<\/u> City of Atlanta Mayor\u2019s Office of Cultural Affairs and The Woodruff Arts Center.\u00a0<\/p>\n<p>\u00a0<\/p>\n<h3><strong>Boston<\/strong> \u2013 Friday, May 6\u00a0<\/h3>\n<p><em>6pm-11pm @ Harvard University\u2019s William James Hall<\/em>\u00a0<\/p>\n<p>Leaning on issues inspired by the French presidency of the Council of the European Union, participants will focus on the concepts of anticipation, decision-making, and resilience in the context of ever-growing uncertainty. Highlighted speakers include ethologist, neurologist and psychiatrist Boris Cyrulnik, Boston University Professor of Emerging Media James Katz, Director of the Umass Energy Transition Initiative Erin Baker, and theoretical astrophysicist Fabio Pacucci.\u00a0<\/p>\n<p><u>Presented by:<\/u> Harvard University, Bunker Hill Community College, and International School of Boston.\u00a0<\/p>\n<p>\u00a0<\/p>\n<h3><strong>Chicago<\/strong> \u2013 Thursday, May 12\u00a0<\/h3>\n<p><em>6pm-11pm @ The Chicago History Museum<\/em>\u00a0<\/p>\n<p>Engage with the past, present, and future of the city through the lens of diversity, equity, and inclusion and hear from a variety of experts, including Erin Harkey, commissioner of the Chicago Department of Cultural Affairs and Special Events, Poetry Foundation President Michelle Boone, Villa Albertine resident Chayma Drira, and social justice artist Tonika Johnson.<\/p>\n<p><u>Presented by:<\/u> Chicago History Museum, France Chicago Center at the University of Chicago, and Alliance Fran\u00e7aise Chicago.\u00a0<\/p>\n<p>\u00a0<\/p>\n<h3><strong>Houston<\/strong> \u2013 Thursday, May 5\u00a0<\/h3>\n<p><em>5pm-10pm @ Literal Publishing<\/em>\u00a0<\/p>\n<p>Speakers from Texas and Mexico\u2013including gallerist Yvonamor Palix, food author and chef Ad\u00e1n Medrano, and Tricia Cortez, executive director of the Rio Grande International Study Center\u2013will gather for central debates on Texan Mexican culture, Latino creators\u2019 expression of identity, objectivity and polarization in different communities and sustainability and pollution in the Rio Grande.\u00a0\u00a0<\/p>\n<p><u>Presented by:<\/u> Consulate of France in Monterrey (Mexico), IFAL \u2013 Instituto Franc\u00e9s de Am\u00e9rica Latina.\u00a0<\/p>\n<p>\u00a0<\/p>\n<h3><strong>Los Angeles<\/strong> \u2013 Monday, May 9\u00a0<\/h3>\n<p><em>6pm-9pm @ The French Residence<\/em>\u00a0<\/p>\n<p>Visual and sound art performances will unfurl alongside debates centered on environmental action, democracy\u00a0and citizenship. Speakers include journalist Patt Morrison, Los Angeles Chief Sustainability Officer Lauren Faber O\u2019Connor, scientist and Villa Albertine resident\u00a0Aur\u00e9lie Jean, sound artist Bill Fontana, and many more.\u00a0<\/p>\n<p><u>Presented by:<\/u> Consulate General of France in Los Angeles.<\/p>\n<p>\u00a0<\/p>\n<h3><strong>Miami<\/strong> \u2013 Thursday, May 19\u00a0<\/h3>\n<p><em>6pm-10pm @ FilmGate Miami<\/em>\u00a0<\/p>\n<p>Paired with a diverse lineup of film screenings, the night will address botanics as a means of resistance to the exploitation of nature and cultural uprooting. Among the speakers: traditional Caribbean medicine practitioner and member of the Tramil project Laurent Jean-Pierre, Christopher Baraloto, associate director of Florida International University\u2019s Institute of Environment and Casey Zap, Co-founder of the Center for Subtropical Affairs.<\/p>\n<p><u>Presented by:<\/u> FilmGate Miami, Letra Urbana, Books and Books, Center for Subtropical Affairs, Tramil, Alliance Fran\u00e7aise Puerto Rico, Alliance Fran\u00e7aise Miami Metro.<\/p>\n<p>\u00a0<\/p>\n<h3><strong>New Orleans<\/strong> \u2013 May 18\u00a0\u00a0<\/h3>\n<p><em>7:30pm-9pm @ New Orleans Jazz Museum<\/em><\/p>\n<p>For its first in-person edition the New Orleans Night of Ideas will engage with creatives across disciplines to explore how they have adapted their creatives processes in recent years. What impact have the pandemic, social justice movements, and international crises had on their artistic practice and the dissemination of their work?\u202fThe evening will feature performances and talks from a diverse lineup of artists, including Villa Albertine residents S\u00e9l\u00e8ne Saint-Aim\u00e9, Joseph d\u2019Anvers and Loo Hui Phang, as well as painter James Michalopoulas and photographer L. Kasimu Harris.\u00a0\u00a0<\/p>\n<p><u>Presented by:<\/u> New Orleans Jazz Museum, Hilliard Museum, Louisiana Endowment for the Humanities, Alliance Fran\u00e7aise of New Orleans.\u00a0<\/p>\n<p>\u00a0<\/p>\n<h3><strong>San Francisco<\/strong> \u2013 Tuesday, May 17\u00a0<\/h3>\n<p><em>7pm-9pm @ KQED headquarters<\/em>\u00a0<\/p>\n<p>Join\u00a0interactive community challenge sessions and small circle conversations with local community leaders, experts, and organizers. Together, they will ask how we can reimagine the social contract that binds our shared political, environmental, and cultural future. Featured speakers include Anuradha Mittal, Founder and Executive Director of the Oakland Institute, Sharaya Souza, Executive Director &amp; Co-Founder of the American Indian Cultural District, Jacqueline Fabius, Chief Operating Officer at QBI \u2013 UCSF, and more.\u00a0\u00a0<\/p>\n<p><u>Presented by:<\/u> KQED, San Francisco Public Library, SFMOMA, and California Humanities.<\/p>\n<p>\u00a0<\/p>\n<h3><strong>Washington, D.C.<\/strong> \u2013 Wednesday, May 11\u00a0<\/h3>\n<p><em>6:30pm to 9pm @ Martin Luther King Jr. Memorial Library<\/em>\u00a0<\/p>\n<p>Director of the Atlantic Council\u2019s Africa Center Rama Yade, Co-Director of the University of Virginia\u2019s Democracy Initiative Laurent Dubois, European Union Ambassador to the US Stavros Lambrinidis, and others will discuss common goods, the question of governance and how we can make our democracies stronger.\u00a0<\/p>\n<p><u>Presented by:<\/u> Martin Luther King Jr. Memorial Library.\u00a0<\/p>\n<p>\u00a0<\/p>\n<p>\u00a0<\/p>\n<p>Night of Ideas was first introduced to the US in New York City in 2015 by the <strong>French Embassy<\/strong>, and further developed through an ongoing partnership with the <strong>Brooklyn Public Library<\/strong>. Today, Night of Ideas is a nationwide event, drawing tens of thousands of attendees across the country.<\/p>\n<p>This year\u2019s U.S. program, the largest yet, is made possible with major philanthropic support from the <strong>Judy and Peter Blum Kovler Foundation<\/strong> and <strong>Carnegie Corporation of New York.<\/strong>\u00a0<\/p>\n","protected":false},"excerpt":{"rendered":"<p>Villa Albertine today announced the lineup for the US edition of Night of Ideas, a free annual nocturnal marathon of philosophical debates, performances, readings and more, hosted in 19 cities across the country this May. The US joins the international community in celebrating this global event, which is being hosted in over 100 countries and&#8230;<\/p>\n","protected":false},"author":0,"featured_media":59123,"comment_status":"open","ping_status":"open","sticky":false,"template":"","format":"standard","meta":{"_acf_changed":false,"footnotes":""},"categories":[1],"tags":[],"app_discipline":[234,213,230,227,233],"app_city_tax":[235,221,214,223,222,220,216,224,217,225,226],"class_list":["post-60766","post","type-post","status-publish","format-standard","has-post-thumbnail","hentry","category-uncategorized","app_discipline-all-disciplines","app_discipline-literature","app_discipline-music","app_discipline-performing-arts","app_discipline-social-sciences-and-humanities","app_city_tax-all-cities","app_city_tax-atl","app_city_tax-bos","app_city_tax-chi","app_city_tax-hou","app_city_tax-la","app_city_tax-mia","app_city_tax-nola","app_city_tax-nyc","app_city_tax-sf","app_city_tax-dc"],"acf":[],"yoast_head":"<!-- This site is optimized with the Yoast SEO plugin v27.3 - https:\/\/yoast.com\/product\/yoast-seo-wordpress\/ -->\n<title>Night of Ideas 2022: Patti Smith, Andre Dickens, Le\u00efla Slimani, Joe Baker Join 250+ Artists and Cultural Visionaries in Marathon of Public Programs and Performances Across 19 US Cities - Villa Albertine<\/title>\n<meta name=\"robots\" content=\"index, follow, max-snippet:-1, max-image-preview:large, max-video-preview:-1\" \/>\n<link rel=\"canonical\" href=\"https:\/\/villa-albertine.org\/va\/uncategorized\/night-ideas-2022-patti-smith-andre-dickens-leila-slimani-joe-baker-join-250-artists-and-cultural\/\" \/>\n<meta property=\"og:locale\" content=\"en_US\" \/>\n<meta property=\"og:type\" content=\"article\" \/>\n<meta property=\"og:title\" content=\"Night of Ideas 2022: Patti Smith, Andre Dickens, Le\u00efla Slimani, Joe Baker Join 250+ Artists and Cultural Visionaries in Marathon of Public Programs and Performances Across 19 US Cities - Villa Albertine\" \/>\n<meta property=\"og:description\" content=\"Villa Albertine today announced the lineup for the US edition of Night of Ideas, a free annual nocturnal marathon of philosophical debates, performances, readings and more, hosted in 19 cities across the country this May. The US joins the international community in celebrating this global event, which is being hosted in over 100 countries and...\" \/>\n<meta property=\"og:url\" content=\"https:\/\/villa-albertine.org\/va\/uncategorized\/night-ideas-2022-patti-smith-andre-dickens-leila-slimani-joe-baker-join-250-artists-and-cultural\/\" \/>\n<meta property=\"og:site_name\" content=\"Villa Albertine\" \/>\n<meta property=\"article:published_time\" content=\"2022-04-12T14:59:32+00:00\" \/>\n<meta property=\"article:modified_time\" content=\"2023-08-23T07:49:28+00:00\" \/>\n<meta property=\"og:image\" content=\"https:\/\/villa-albertine.org\/wp-content\/uploads\/2023\/08\/4.jpg\" \/>\n\t<meta property=\"og:image:width\" content=\"1392\" \/>\n\t<meta property=\"og:image:height\" content=\"928\" \/>\n\t<meta property=\"og:image:type\" content=\"image\/jpeg\" \/>\n<meta name=\"twitter:card\" content=\"summary_large_image\" \/>\n<meta name=\"twitter:label1\" content=\"Est. reading time\" \/>\n\t<meta name=\"twitter:data1\" content=\"8 minutes\" \/>\n<script type=\"application\/ld+json\" class=\"yoast-schema-graph\">{\"@context\":\"https:\\\/\\\/schema.org\",\"@graph\":[{\"@type\":\"Article\",\"@id\":\"https:\\\/\\\/villa-albertine.org\\\/va\\\/uncategorized\\\/night-ideas-2022-patti-smith-andre-dickens-leila-slimani-joe-baker-join-250-artists-and-cultural\\\/#article\",\"isPartOf\":{\"@id\":\"https:\\\/\\\/villa-albertine.org\\\/va\\\/uncategorized\\\/night-ideas-2022-patti-smith-andre-dickens-leila-slimani-joe-baker-join-250-artists-and-cultural\\\/\"},\"author\":{\"name\":\"\",\"@id\":\"\"},\"headline\":\"Night of Ideas 2022: Patti Smith, Andre Dickens, Le\u00efla Slimani, Joe Baker Join 250+ Artists and Cultural Visionaries in Marathon of Public Programs and Performances Across 19 US Cities\",\"datePublished\":\"2022-04-12T14:59:32+00:00\",\"dateModified\":\"2023-08-23T07:49:28+00:00\",\"mainEntityOfPage\":{\"@id\":\"https:\\\/\\\/villa-albertine.org\\\/va\\\/uncategorized\\\/night-ideas-2022-patti-smith-andre-dickens-leila-slimani-joe-baker-join-250-artists-and-cultural\\\/\"},\"wordCount\":1547,\"commentCount\":0,\"image\":{\"@id\":\"https:\\\/\\\/villa-albertine.org\\\/va\\\/uncategorized\\\/night-ideas-2022-patti-smith-andre-dickens-leila-slimani-joe-baker-join-250-artists-and-cultural\\\/#primaryimage\"},\"thumbnailUrl\":\"https:\\\/\\\/villa-albertine.org\\\/wp-content\\\/uploads\\\/2023\\\/08\\\/4.jpg\",\"inLanguage\":\"en-US\"},{\"@type\":\"WebPage\",\"@id\":\"https:\\\/\\\/villa-albertine.org\\\/va\\\/uncategorized\\\/night-ideas-2022-patti-smith-andre-dickens-leila-slimani-joe-baker-join-250-artists-and-cultural\\\/\",\"url\":\"https:\\\/\\\/villa-albertine.org\\\/va\\\/uncategorized\\\/night-ideas-2022-patti-smith-andre-dickens-leila-slimani-joe-baker-join-250-artists-and-cultural\\\/\",\"name\":\"Night of Ideas 2022: Patti Smith, Andre Dickens, Le\u00efla Slimani, Joe Baker Join 250+ Artists and Cultural Visionaries in Marathon of Public Programs and Performances Across 19 US Cities - Villa Albertine\",\"isPartOf\":{\"@id\":\"https:\\\/\\\/villa-albertine.org\\\/va\\\/#website\"},\"primaryImageOfPage\":{\"@id\":\"https:\\\/\\\/villa-albertine.org\\\/va\\\/uncategorized\\\/night-ideas-2022-patti-smith-andre-dickens-leila-slimani-joe-baker-join-250-artists-and-cultural\\\/#primaryimage\"},\"image\":{\"@id\":\"https:\\\/\\\/villa-albertine.org\\\/va\\\/uncategorized\\\/night-ideas-2022-patti-smith-andre-dickens-leila-slimani-joe-baker-join-250-artists-and-cultural\\\/#primaryimage\"},\"thumbnailUrl\":\"https:\\\/\\\/villa-albertine.org\\\/wp-content\\\/uploads\\\/2023\\\/08\\\/4.jpg\",\"datePublished\":\"2022-04-12T14:59:32+00:00\",\"dateModified\":\"2023-08-23T07:49:28+00:00\",\"author\":{\"@id\":\"\"},\"breadcrumb\":{\"@id\":\"https:\\\/\\\/villa-albertine.org\\\/va\\\/uncategorized\\\/night-ideas-2022-patti-smith-andre-dickens-leila-slimani-joe-baker-join-250-artists-and-cultural\\\/#breadcrumb\"},\"inLanguage\":\"en-US\",\"potentialAction\":[{\"@type\":\"ReadAction\",\"target\":[\"https:\\\/\\\/villa-albertine.org\\\/va\\\/uncategorized\\\/night-ideas-2022-patti-smith-andre-dickens-leila-slimani-joe-baker-join-250-artists-and-cultural\\\/\"]}]},{\"@type\":\"ImageObject\",\"inLanguage\":\"en-US\",\"@id\":\"https:\\\/\\\/villa-albertine.org\\\/va\\\/uncategorized\\\/night-ideas-2022-patti-smith-andre-dickens-leila-slimani-joe-baker-join-250-artists-and-cultural\\\/#primaryimage\",\"url\":\"https:\\\/\\\/villa-albertine.org\\\/wp-content\\\/uploads\\\/2023\\\/08\\\/4.jpg\",\"contentUrl\":\"https:\\\/\\\/villa-albertine.org\\\/wp-content\\\/uploads\\\/2023\\\/08\\\/4.jpg\",\"width\":1392,\"height\":928},{\"@type\":\"BreadcrumbList\",\"@id\":\"https:\\\/\\\/villa-albertine.org\\\/va\\\/uncategorized\\\/night-ideas-2022-patti-smith-andre-dickens-leila-slimani-joe-baker-join-250-artists-and-cultural\\\/#breadcrumb\",\"itemListElement\":[{\"@type\":\"ListItem\",\"position\":1,\"name\":\"Home\",\"item\":\"https:\\\/\\\/villa-albertine.org\\\/va\\\/\"},{\"@type\":\"ListItem\",\"position\":2,\"name\":\"Night of Ideas 2022: Patti Smith, Andre Dickens, Le\u00efla Slimani, Joe Baker Join 250+ Artists and Cultural Visionaries in Marathon of Public Programs and Performances Across 19 US Cities\"}]},{\"@type\":\"WebSite\",\"@id\":\"https:\\\/\\\/villa-albertine.org\\\/va\\\/#website\",\"url\":\"https:\\\/\\\/villa-albertine.org\\\/va\\\/\",\"name\":\"Villa Albertine\",\"description\":\"\",\"potentialAction\":[{\"@type\":\"SearchAction\",\"target\":{\"@type\":\"EntryPoint\",\"urlTemplate\":\"https:\\\/\\\/villa-albertine.org\\\/va\\\/?s={search_term_string}\"},\"query-input\":{\"@type\":\"PropertyValueSpecification\",\"valueRequired\":true,\"valueName\":\"search_term_string\"}}],\"inLanguage\":\"en-US\"}]}<\/script>\n<!-- \/ Yoast SEO plugin. -->","yoast_head_json":{"title":"Night of Ideas 2022: Patti Smith, Andre Dickens, Le\u00efla Slimani, Joe Baker Join 250+ Artists and Cultural Visionaries in Marathon of Public Programs and Performances Across 19 US Cities - Villa Albertine","robots":{"index":"index","follow":"follow","max-snippet":"max-snippet:-1","max-image-preview":"max-image-preview:large","max-video-preview":"max-video-preview:-1"},"canonical":"https:\/\/villa-albertine.org\/va\/uncategorized\/night-ideas-2022-patti-smith-andre-dickens-leila-slimani-joe-baker-join-250-artists-and-cultural\/","og_locale":"en_US","og_type":"article","og_title":"Night of Ideas 2022: Patti Smith, Andre Dickens, Le\u00efla Slimani, Joe Baker Join 250+ Artists and Cultural Visionaries in Marathon of Public Programs and Performances Across 19 US Cities - Villa Albertine","og_description":"Villa Albertine today announced the lineup for the US edition of Night of Ideas, a free annual nocturnal marathon of philosophical debates, performances, readings and more, hosted in 19 cities across the country this May. The US joins the international community in celebrating this global event, which is being hosted in over 100 countries and...","og_url":"https:\/\/villa-albertine.org\/va\/uncategorized\/night-ideas-2022-patti-smith-andre-dickens-leila-slimani-joe-baker-join-250-artists-and-cultural\/","og_site_name":"Villa Albertine","article_published_time":"2022-04-12T14:59:32+00:00","article_modified_time":"2023-08-23T07:49:28+00:00","og_image":[{"width":1392,"height":928,"url":"https:\/\/villa-albertine.org\/wp-content\/uploads\/2023\/08\/4.jpg","type":"image\/jpeg"}],"twitter_card":"summary_large_image","twitter_misc":{"Est. reading time":"8 minutes"},"schema":{"@context":"https:\/\/schema.org","@graph":[{"@type":"Article","@id":"https:\/\/villa-albertine.org\/va\/uncategorized\/night-ideas-2022-patti-smith-andre-dickens-leila-slimani-joe-baker-join-250-artists-and-cultural\/#article","isPartOf":{"@id":"https:\/\/villa-albertine.org\/va\/uncategorized\/night-ideas-2022-patti-smith-andre-dickens-leila-slimani-joe-baker-join-250-artists-and-cultural\/"},"author":{"name":"","@id":""},"headline":"Night of Ideas 2022: Patti Smith, Andre Dickens, Le\u00efla Slimani, Joe Baker Join 250+ Artists and Cultural Visionaries in Marathon of Public Programs and Performances Across 19 US Cities","datePublished":"2022-04-12T14:59:32+00:00","dateModified":"2023-08-23T07:49:28+00:00","mainEntityOfPage":{"@id":"https:\/\/villa-albertine.org\/va\/uncategorized\/night-ideas-2022-patti-smith-andre-dickens-leila-slimani-joe-baker-join-250-artists-and-cultural\/"},"wordCount":1547,"commentCount":0,"image":{"@id":"https:\/\/villa-albertine.org\/va\/uncategorized\/night-ideas-2022-patti-smith-andre-dickens-leila-slimani-joe-baker-join-250-artists-and-cultural\/#primaryimage"},"thumbnailUrl":"https:\/\/villa-albertine.org\/wp-content\/uploads\/2023\/08\/4.jpg","inLanguage":"en-US"},{"@type":"WebPage","@id":"https:\/\/villa-albertine.org\/va\/uncategorized\/night-ideas-2022-patti-smith-andre-dickens-leila-slimani-joe-baker-join-250-artists-and-cultural\/","url":"https:\/\/villa-albertine.org\/va\/uncategorized\/night-ideas-2022-patti-smith-andre-dickens-leila-slimani-joe-baker-join-250-artists-and-cultural\/","name":"Night of Ideas 2022: Patti Smith, Andre Dickens, Le\u00efla Slimani, Joe Baker Join 250+ Artists and Cultural Visionaries in Marathon of Public Programs and Performances Across 19 US Cities - Villa Albertine","isPartOf":{"@id":"https:\/\/villa-albertine.org\/va\/#website"},"primaryImageOfPage":{"@id":"https:\/\/villa-albertine.org\/va\/uncategorized\/night-ideas-2022-patti-smith-andre-dickens-leila-slimani-joe-baker-join-250-artists-and-cultural\/#primaryimage"},"image":{"@id":"https:\/\/villa-albertine.org\/va\/uncategorized\/night-ideas-2022-patti-smith-andre-dickens-leila-slimani-joe-baker-join-250-artists-and-cultural\/#primaryimage"},"thumbnailUrl":"https:\/\/villa-albertine.org\/wp-content\/uploads\/2023\/08\/4.jpg","datePublished":"2022-04-12T14:59:32+00:00","dateModified":"2023-08-23T07:49:28+00:00","author":{"@id":""},"breadcrumb":{"@id":"https:\/\/villa-albertine.org\/va\/uncategorized\/night-ideas-2022-patti-smith-andre-dickens-leila-slimani-joe-baker-join-250-artists-and-cultural\/#breadcrumb"},"inLanguage":"en-US","potentialAction":[{"@type":"ReadAction","target":["https:\/\/villa-albertine.org\/va\/uncategorized\/night-ideas-2022-patti-smith-andre-dickens-leila-slimani-joe-baker-join-250-artists-and-cultural\/"]}]},{"@type":"ImageObject","inLanguage":"en-US","@id":"https:\/\/villa-albertine.org\/va\/uncategorized\/night-ideas-2022-patti-smith-andre-dickens-leila-slimani-joe-baker-join-250-artists-and-cultural\/#primaryimage","url":"https:\/\/villa-albertine.org\/wp-content\/uploads\/2023\/08\/4.jpg","contentUrl":"https:\/\/villa-albertine.org\/wp-content\/uploads\/2023\/08\/4.jpg","width":1392,"height":928},{"@type":"BreadcrumbList","@id":"https:\/\/villa-albertine.org\/va\/uncategorized\/night-ideas-2022-patti-smith-andre-dickens-leila-slimani-joe-baker-join-250-artists-and-cultural\/#breadcrumb","itemListElement":[{"@type":"ListItem","position":1,"name":"Home","item":"https:\/\/villa-albertine.org\/va\/"},{"@type":"ListItem","position":2,"name":"Night of Ideas 2022: Patti Smith, Andre Dickens, Le\u00efla Slimani, Joe Baker Join 250+ Artists and Cultural Visionaries in Marathon of Public Programs and Performances Across 19 US Cities"}]},{"@type":"WebSite","@id":"https:\/\/villa-albertine.org\/va\/#website","url":"https:\/\/villa-albertine.org\/va\/","name":"Villa Albertine","description":"","potentialAction":[{"@type":"SearchAction","target":{"@type":"EntryPoint","urlTemplate":"https:\/\/villa-albertine.org\/va\/?s={search_term_string}"},"query-input":{"@type":"PropertyValueSpecification","valueRequired":true,"valueName":"search_term_string"}}],"inLanguage":"en-US"}]}},"_links":{"self":[{"href":"https:\/\/villa-albertine.org\/va\/wp-json\/wp\/v2\/posts\/60766","targetHints":{"allow":["GET"]}}],"collection":[{"href":"https:\/\/villa-albertine.org\/va\/wp-json\/wp\/v2\/posts"}],"about":[{"href":"https:\/\/villa-albertine.org\/va\/wp-json\/wp\/v2\/types\/post"}],"replies":[{"embeddable":true,"href":"https:\/\/villa-albertine.org\/va\/wp-json\/wp\/v2\/comments?post=60766"}],"version-history":[{"count":1,"href":"https:\/\/villa-albertine.org\/va\/wp-json\/wp\/v2\/posts\/60766\/revisions"}],"predecessor-version":[{"id":62572,"href":"https:\/\/villa-albertine.org\/va\/wp-json\/wp\/v2\/posts\/60766\/revisions\/62572"}],"wp:featuredmedia":[{"embeddable":true,"href":"https:\/\/villa-albertine.org\/va\/wp-json\/wp\/v2\/media\/59123"}],"wp:attachment":[{"href":"https:\/\/villa-albertine.org\/va\/wp-json\/wp\/v2\/media?parent=60766"}],"wp:term":[{"taxonomy":"category","embeddable":true,"href":"https:\/\/villa-albertine.org\/va\/wp-json\/wp\/v2\/categories?post=60766"},{"taxonomy":"post_tag","embeddable":true,"href":"https:\/\/villa-albertine.org\/va\/wp-json\/wp\/v2\/tags?post=60766"},{"taxonomy":"app_discipline","embeddable":true,"href":"https:\/\/villa-albertine.org\/va\/wp-json\/wp\/v2\/app_discipline?post=60766"},{"taxonomy":"app_city_tax","embeddable":true,"href":"https:\/\/villa-albertine.org\/va\/wp-json\/wp\/v2\/app_city_tax?post=60766"}],"curies":[{"name":"wp","href":"https:\/\/api.w.org\/{rel}","templated":true}]}}