{"id":60761,"date":"2022-05-10T14:11:09","date_gmt":"2022-05-10T14:11:09","guid":{"rendered":"https:\/\/villa-albertine.org\/the-villa\/albertine-cinematheque-announces-2022-2023-season-and-opens-applications-annual-festival-grant\/"},"modified":"2023-08-23T07:49:28","modified_gmt":"2023-08-23T07:49:28","slug":"albertine-cinematheque-announces-2022-2023-season-and-opens-applications-annual-festival-grant","status":"publish","type":"post","link":"https:\/\/villa-albertine.org\/va\/uncategorized\/albertine-cinematheque-announces-2022-2023-season-and-opens-applications-annual-festival-grant\/","title":{"rendered":"Albertine Cin\u00e9math\u00e8que announces 2022-2023 Season and Opens Applications for Annual Festival Grant"},"content":{"rendered":"<p><strong>New York, May 10, 2022 <\/strong>\u2013 Villa Albertine today announced the 2022-2023 season of <a href=\"https:\/\/villa-albertine.org\/professionals\/albertine-cinematheque\">Albertine Cin\u00e9math\u00e8que<\/a>, and opened applications for its annual on-campus Festival Grant. Albertine Cin\u00e9math\u00e8que is a program of Villa Albertine and FACE Foundation, with the support of the CNC and Fonds Culturel Franco-Am\u00e9ricain.\u00a0<\/p>\n<p>Designed to expand access to French cinema and support film programming at American colleges and universities, the annual film selection is available to Albertine Cin\u00e9math\u00e8que members for virtual screenings or at on-campus festivals. Membership is free for US higher education faculty. In addition to screening the selected films, the <strong>400+ members across the country<\/strong> can invite filmmakers for post-screening discussions, and apply for the Albertine Cin\u00e9math\u00e8que Festival Grant, which provides support mounting their on-campus festival.\u00a0<\/p>\n<p><strong>The call for applications for the Festival Grant is open now through June 10<\/strong>. Grantees will be selected by a committee of university faculty. In the 2021-2022 academic year, 35 French film festivals received grants of $2,200. Apply <a href=\"https:\/\/face-foundation.org\/artistic-funds\/albertine-cinematheque\/\">here<\/a>\u00a0<\/p>\n<p>Find the full 2022\/2023 program below, and explore in more detail <a href=\"https:\/\/face-foundation.org\/artistic-funds\/albertine-cinematheque\/\">here<\/a>.\u00a0<\/p>\n<p>\u00a0<\/p>\n<p><u><strong>Albertine Cin\u00e9math\u00e8que 2022-2023 Committee Picks:\u00a0<\/strong><\/u><\/p>\n<p>Albertine Cin\u00e9math\u00e8que members can screen these contemporary and classic films at on-campus festivals. Handpicked by renowned professional programmers and film critics Florence Almozini (Film at Lincoln Center), Dephine Selles-Alvarez (FIAF), Harris Dew (IFC Center) and Nicholas Elliott (Independent Film Critic), the selection highlights the multiplicity of vision and style that characterizes French cinema today.\u00a0<\/p>\n<p>\u00a0<\/p>\n<p><strong>CONTEMPORARY FILMS<\/strong> released in the US in 2021\/2022:\u00a0<\/p>\n<p><em>Ahed&#8217;s knee (Le genou d&#8217;Ahed)<\/em> by Nadav Lapid (Kino Lorber)\u00a0<\/p>\n<p><em>Aline<\/em> by Val\u00e9rie Lemercier (Roadside Attractions)\u00a0<\/p>\n<p><em>Benedetta<\/em> by Paul Verhoeven (IFC Films)\u00a0<\/p>\n<p><em>Bergman Island<\/em> by Mia Hansen-L\u00f8ve (IFC Films)\u00a0<\/p>\n<p><em>France <\/em>by Bruno Dumont (Kino Lorber)\u00a0<\/p>\n<p><em>Gagarine<\/em> by Fanny Liatard &amp; J\u00e9r\u00e9my Trouilh (Cohen Media Group)\u00a0<\/p>\n<p><em>Gallantes Indies (Les Indes Gallantes) <\/em>by Philippe B\u00e9ziat (Distrib Films US)\u00a0<\/p>\n<p><em>Happening (L&#8217;Ev\u00e9nement)<\/em> by Audrey Diwan (IFC Films)\u00a0<\/p>\n<p><em>Josep<\/em> by Aurel (Distrib Films US)\u00a0<\/p>\n<p><em>Lingui, the Sacred Bonds (Lingui, Les liens sacr\u00e9s) <\/em>by Mahamat-Saleh Haroun (MUBI)\u00a0<\/p>\n<p><em>Lost Illusions (Les Illusions Perdues) <\/em>by Xavier Giannoli (Music Box Films)\u00a0<\/p>\n<p><em>The Monopoly of Violence (Un pays qui se tient sage)<\/em> by David Dufresne (Big World Pictures)\u00a0<\/p>\n<p><em>A Night of knowing nothing (Toute une nuit sans savoir)<\/em> by Payal Kapadia (The Cinema Guild)\u00a0<\/p>\n<p><em>A Tale of Love and Desire (Une histoire d&#8217;amour et de d\u00e9sir)<\/em> by Leyla Bouzid (Distrib Films US)\u00a0<\/p>\n<p><em>The Velvet queen (La Panth\u00e8re des neiges)<\/em> by Marie Amiguet &amp; Vincent Munier (Oscilloscope Films)\u00a0<\/p>\n<p><em>We (Nous)<\/em> by Alice Diop (MUBI)\u00a0<\/p>\n<p>\u00a0<\/p>\n<p><strong>CLASSIC FILMS:\u00a0<\/strong><\/p>\n<p><em>Last year at Marienbad (L&#8217;ann\u00e9e derni\u00e8re \u00e0 Marienbad) <\/em>(1961) by Alain Resnais (Rialto Pictures)\u00a0<\/p>\n<p><em>Mr Klein (Monsieur Klein)<\/em> (1976) by Joseph Losey (Rialto Pictures)\u00a0<\/p>\n<p><em>The Red Circle (Le cercle rouge) <\/em>(1970) by Jean-Pierre Melville (Rialto Pictures)\u00a0<\/p>\n<p>The <em>Antoine Doinel<\/em> films by Fran\u00e7ois Truffaut (4 feature films + 1 short) (Janus Films):\u00a0<\/p>\n<ul>\n<li><em>400 Blows <\/em>(Les 400 coups) (1959)\u00a0<\/li>\n<li><em>Stolen Kisses<\/em> (Baisers Vol\u00e9s) (1968)\u00a0<\/li>\n<li><em>Bed and Board<\/em> (Domicile Conjugal) (1970)\u00a0<\/li>\n<li><em>Love on the Run<\/em> (L&#8217;Amour en fuite) (1979)\u00a0<\/li>\n<li><em>Antoine and Colette<\/em> (From the short film collection: L&#8217;amour \u00e0 20 ans) (1962)\u00a0<\/li>\n<\/ul>\n<p>\u00a0<br \/><u><strong>Albertine Cin\u00e9math\u00e8que Film Series 22\/23:\u00a0<\/strong><\/u><\/p>\n<p>The Film Series presents films exploring a different theme each semester, allowing Albertine Cin\u00e9math\u00e8que members to build discussion of the features into their curricula and encouraging students to dive deeper into key issues, using films as an inspiring educational tool. Through Albertine Cin\u00e9math\u00e8que, students also have the opportunity to reflect and exchange with various filmmakers virtually or in-person.\u00a0<\/p>\n<p><em>All films will be made available to members and their students on FestivalScope. Full lineup will be announced soon.\u00a0<\/em><\/p>\n<p>\u00a0<\/p>\n<p><strong>Fall Film Series:<\/strong> Solidarity and Resilience in French Cinema\u00a0<\/p>\n<p>This Film Series explores the works of a younger generation of filmmakers such as Fanny Liatard, J\u00e9r\u00e9my Trouilh, and Alice Diop, whose work follows the inhabitants of French urban peripheries, and the ways that they draw strength and resilience through solidarity.\u00a0<\/p>\n<p><strong>Spring Film Series:<\/strong> Women&#8217;s Voices in Francophone Cinema\u00a0<\/p>\n<p>This Film Series explores the work of women filmmakers including Leyla Bouzid and A\u00efssa Ma\u00efga, and considers their rising role in spotlighting issues of race, gender, climate and more.\u00a0<\/p>\n","protected":false},"excerpt":{"rendered":"<p>New York, May 10, 2022 \u2013 Villa Albertine today announced the 2022-2023 season of Albertine Cin\u00e9math\u00e8que, and opened applications for its annual on-campus Festival Grant. Albertine Cin\u00e9math\u00e8que is a program of Villa Albertine and FACE Foundation, with the support of the CNC and Fonds Culturel Franco-Am\u00e9ricain.\u00a0 Designed to expand access to French cinema and support&#8230;<\/p>\n","protected":false},"author":0,"featured_media":56731,"comment_status":"open","ping_status":"open","sticky":false,"template":"","format":"standard","meta":{"_acf_changed":false,"footnotes":""},"categories":[1],"tags":[],"app_discipline":[219],"app_city_tax":[235,221,214,223,222,220,216,224,217,225,226],"class_list":["post-60761","post","type-post","status-publish","format-standard","has-post-thumbnail","hentry","category-uncategorized","app_discipline-cinema","app_city_tax-all-cities","app_city_tax-atl","app_city_tax-bos","app_city_tax-chi","app_city_tax-hou","app_city_tax-la","app_city_tax-mia","app_city_tax-nola","app_city_tax-nyc","app_city_tax-sf","app_city_tax-dc"],"acf":[],"yoast_head":"<!-- This site is optimized with the Yoast SEO plugin v27.3 - https:\/\/yoast.com\/product\/yoast-seo-wordpress\/ -->\n<title>Albertine Cin\u00e9math\u00e8que announces 2022-2023 Season and Opens Applications for Annual Festival Grant - Villa Albertine<\/title>\n<meta name=\"robots\" content=\"index, follow, max-snippet:-1, max-image-preview:large, max-video-preview:-1\" \/>\n<link rel=\"canonical\" href=\"https:\/\/villa-albertine.org\/va\/uncategorized\/albertine-cinematheque-announces-2022-2023-season-and-opens-applications-annual-festival-grant\/\" \/>\n<meta property=\"og:locale\" content=\"en_US\" \/>\n<meta property=\"og:type\" content=\"article\" \/>\n<meta property=\"og:title\" content=\"Albertine Cin\u00e9math\u00e8que announces 2022-2023 Season and Opens Applications for Annual Festival Grant - Villa Albertine\" \/>\n<meta property=\"og:description\" content=\"New York, May 10, 2022 \u2013 Villa Albertine today announced the 2022-2023 season of Albertine Cin\u00e9math\u00e8que, and opened applications for its annual on-campus Festival Grant. Albertine Cin\u00e9math\u00e8que is a program of Villa Albertine and FACE Foundation, with the support of the CNC and Fonds Culturel Franco-Am\u00e9ricain.\u00a0 Designed to expand access to French cinema and support...\" \/>\n<meta property=\"og:url\" content=\"https:\/\/villa-albertine.org\/va\/uncategorized\/albertine-cinematheque-announces-2022-2023-season-and-opens-applications-annual-festival-grant\/\" \/>\n<meta property=\"og:site_name\" content=\"Villa Albertine\" \/>\n<meta property=\"article:published_time\" content=\"2022-05-10T14:11:09+00:00\" \/>\n<meta property=\"article:modified_time\" content=\"2023-08-23T07:49:28+00:00\" \/>\n<meta property=\"og:image\" content=\"https:\/\/villa-albertine.org\/wp-content\/uploads\/2023\/08\/Gagarine-Movie.jpeg\" \/>\n\t<meta property=\"og:image:width\" content=\"681\" \/>\n\t<meta property=\"og:image:height\" content=\"383\" \/>\n\t<meta property=\"og:image:type\" content=\"image\/jpeg\" \/>\n<meta name=\"twitter:card\" content=\"summary_large_image\" \/>\n<meta name=\"twitter:label1\" content=\"Est. reading time\" \/>\n\t<meta name=\"twitter:data1\" content=\"3 minutes\" \/>\n<script type=\"application\/ld+json\" class=\"yoast-schema-graph\">{\"@context\":\"https:\\\/\\\/schema.org\",\"@graph\":[{\"@type\":\"Article\",\"@id\":\"https:\\\/\\\/villa-albertine.org\\\/va\\\/uncategorized\\\/albertine-cinematheque-announces-2022-2023-season-and-opens-applications-annual-festival-grant\\\/#article\",\"isPartOf\":{\"@id\":\"https:\\\/\\\/villa-albertine.org\\\/va\\\/uncategorized\\\/albertine-cinematheque-announces-2022-2023-season-and-opens-applications-annual-festival-grant\\\/\"},\"author\":{\"name\":\"\",\"@id\":\"\"},\"headline\":\"Albertine Cin\u00e9math\u00e8que announces 2022-2023 Season and Opens Applications for Annual Festival Grant\",\"datePublished\":\"2022-05-10T14:11:09+00:00\",\"dateModified\":\"2023-08-23T07:49:28+00:00\",\"mainEntityOfPage\":{\"@id\":\"https:\\\/\\\/villa-albertine.org\\\/va\\\/uncategorized\\\/albertine-cinematheque-announces-2022-2023-season-and-opens-applications-annual-festival-grant\\\/\"},\"wordCount\":694,\"commentCount\":0,\"image\":{\"@id\":\"https:\\\/\\\/villa-albertine.org\\\/va\\\/uncategorized\\\/albertine-cinematheque-announces-2022-2023-season-and-opens-applications-annual-festival-grant\\\/#primaryimage\"},\"thumbnailUrl\":\"https:\\\/\\\/villa-albertine.org\\\/wp-content\\\/uploads\\\/2023\\\/08\\\/Gagarine-Movie.jpeg\",\"inLanguage\":\"en-US\"},{\"@type\":\"WebPage\",\"@id\":\"https:\\\/\\\/villa-albertine.org\\\/va\\\/uncategorized\\\/albertine-cinematheque-announces-2022-2023-season-and-opens-applications-annual-festival-grant\\\/\",\"url\":\"https:\\\/\\\/villa-albertine.org\\\/va\\\/uncategorized\\\/albertine-cinematheque-announces-2022-2023-season-and-opens-applications-annual-festival-grant\\\/\",\"name\":\"Albertine Cin\u00e9math\u00e8que announces 2022-2023 Season and Opens Applications for Annual Festival Grant - Villa Albertine\",\"isPartOf\":{\"@id\":\"https:\\\/\\\/villa-albertine.org\\\/va\\\/#website\"},\"primaryImageOfPage\":{\"@id\":\"https:\\\/\\\/villa-albertine.org\\\/va\\\/uncategorized\\\/albertine-cinematheque-announces-2022-2023-season-and-opens-applications-annual-festival-grant\\\/#primaryimage\"},\"image\":{\"@id\":\"https:\\\/\\\/villa-albertine.org\\\/va\\\/uncategorized\\\/albertine-cinematheque-announces-2022-2023-season-and-opens-applications-annual-festival-grant\\\/#primaryimage\"},\"thumbnailUrl\":\"https:\\\/\\\/villa-albertine.org\\\/wp-content\\\/uploads\\\/2023\\\/08\\\/Gagarine-Movie.jpeg\",\"datePublished\":\"2022-05-10T14:11:09+00:00\",\"dateModified\":\"2023-08-23T07:49:28+00:00\",\"author\":{\"@id\":\"\"},\"breadcrumb\":{\"@id\":\"https:\\\/\\\/villa-albertine.org\\\/va\\\/uncategorized\\\/albertine-cinematheque-announces-2022-2023-season-and-opens-applications-annual-festival-grant\\\/#breadcrumb\"},\"inLanguage\":\"en-US\",\"potentialAction\":[{\"@type\":\"ReadAction\",\"target\":[\"https:\\\/\\\/villa-albertine.org\\\/va\\\/uncategorized\\\/albertine-cinematheque-announces-2022-2023-season-and-opens-applications-annual-festival-grant\\\/\"]}]},{\"@type\":\"ImageObject\",\"inLanguage\":\"en-US\",\"@id\":\"https:\\\/\\\/villa-albertine.org\\\/va\\\/uncategorized\\\/albertine-cinematheque-announces-2022-2023-season-and-opens-applications-annual-festival-grant\\\/#primaryimage\",\"url\":\"https:\\\/\\\/villa-albertine.org\\\/wp-content\\\/uploads\\\/2023\\\/08\\\/Gagarine-Movie.jpeg\",\"contentUrl\":\"https:\\\/\\\/villa-albertine.org\\\/wp-content\\\/uploads\\\/2023\\\/08\\\/Gagarine-Movie.jpeg\",\"width\":681,\"height\":383},{\"@type\":\"BreadcrumbList\",\"@id\":\"https:\\\/\\\/villa-albertine.org\\\/va\\\/uncategorized\\\/albertine-cinematheque-announces-2022-2023-season-and-opens-applications-annual-festival-grant\\\/#breadcrumb\",\"itemListElement\":[{\"@type\":\"ListItem\",\"position\":1,\"name\":\"Home\",\"item\":\"https:\\\/\\\/villa-albertine.org\\\/va\\\/\"},{\"@type\":\"ListItem\",\"position\":2,\"name\":\"Albertine Cin\u00e9math\u00e8que announces 2022-2023 Season and Opens Applications for Annual Festival Grant\"}]},{\"@type\":\"WebSite\",\"@id\":\"https:\\\/\\\/villa-albertine.org\\\/va\\\/#website\",\"url\":\"https:\\\/\\\/villa-albertine.org\\\/va\\\/\",\"name\":\"Villa Albertine\",\"description\":\"\",\"potentialAction\":[{\"@type\":\"SearchAction\",\"target\":{\"@type\":\"EntryPoint\",\"urlTemplate\":\"https:\\\/\\\/villa-albertine.org\\\/va\\\/?s={search_term_string}\"},\"query-input\":{\"@type\":\"PropertyValueSpecification\",\"valueRequired\":true,\"valueName\":\"search_term_string\"}}],\"inLanguage\":\"en-US\"}]}<\/script>\n<!-- \/ Yoast SEO plugin. -->","yoast_head_json":{"title":"Albertine Cin\u00e9math\u00e8que announces 2022-2023 Season and Opens Applications for Annual Festival Grant - Villa Albertine","robots":{"index":"index","follow":"follow","max-snippet":"max-snippet:-1","max-image-preview":"max-image-preview:large","max-video-preview":"max-video-preview:-1"},"canonical":"https:\/\/villa-albertine.org\/va\/uncategorized\/albertine-cinematheque-announces-2022-2023-season-and-opens-applications-annual-festival-grant\/","og_locale":"en_US","og_type":"article","og_title":"Albertine Cin\u00e9math\u00e8que announces 2022-2023 Season and Opens Applications for Annual Festival Grant - Villa Albertine","og_description":"New York, May 10, 2022 \u2013 Villa Albertine today announced the 2022-2023 season of Albertine Cin\u00e9math\u00e8que, and opened applications for its annual on-campus Festival Grant. Albertine Cin\u00e9math\u00e8que is a program of Villa Albertine and FACE Foundation, with the support of the CNC and Fonds Culturel Franco-Am\u00e9ricain.\u00a0 Designed to expand access to French cinema and support...","og_url":"https:\/\/villa-albertine.org\/va\/uncategorized\/albertine-cinematheque-announces-2022-2023-season-and-opens-applications-annual-festival-grant\/","og_site_name":"Villa Albertine","article_published_time":"2022-05-10T14:11:09+00:00","article_modified_time":"2023-08-23T07:49:28+00:00","og_image":[{"width":681,"height":383,"url":"https:\/\/villa-albertine.org\/wp-content\/uploads\/2023\/08\/Gagarine-Movie.jpeg","type":"image\/jpeg"}],"twitter_card":"summary_large_image","twitter_misc":{"Est. reading time":"3 minutes"},"schema":{"@context":"https:\/\/schema.org","@graph":[{"@type":"Article","@id":"https:\/\/villa-albertine.org\/va\/uncategorized\/albertine-cinematheque-announces-2022-2023-season-and-opens-applications-annual-festival-grant\/#article","isPartOf":{"@id":"https:\/\/villa-albertine.org\/va\/uncategorized\/albertine-cinematheque-announces-2022-2023-season-and-opens-applications-annual-festival-grant\/"},"author":{"name":"","@id":""},"headline":"Albertine Cin\u00e9math\u00e8que announces 2022-2023 Season and Opens Applications for Annual Festival Grant","datePublished":"2022-05-10T14:11:09+00:00","dateModified":"2023-08-23T07:49:28+00:00","mainEntityOfPage":{"@id":"https:\/\/villa-albertine.org\/va\/uncategorized\/albertine-cinematheque-announces-2022-2023-season-and-opens-applications-annual-festival-grant\/"},"wordCount":694,"commentCount":0,"image":{"@id":"https:\/\/villa-albertine.org\/va\/uncategorized\/albertine-cinematheque-announces-2022-2023-season-and-opens-applications-annual-festival-grant\/#primaryimage"},"thumbnailUrl":"https:\/\/villa-albertine.org\/wp-content\/uploads\/2023\/08\/Gagarine-Movie.jpeg","inLanguage":"en-US"},{"@type":"WebPage","@id":"https:\/\/villa-albertine.org\/va\/uncategorized\/albertine-cinematheque-announces-2022-2023-season-and-opens-applications-annual-festival-grant\/","url":"https:\/\/villa-albertine.org\/va\/uncategorized\/albertine-cinematheque-announces-2022-2023-season-and-opens-applications-annual-festival-grant\/","name":"Albertine Cin\u00e9math\u00e8que announces 2022-2023 Season and Opens Applications for Annual Festival Grant - Villa Albertine","isPartOf":{"@id":"https:\/\/villa-albertine.org\/va\/#website"},"primaryImageOfPage":{"@id":"https:\/\/villa-albertine.org\/va\/uncategorized\/albertine-cinematheque-announces-2022-2023-season-and-opens-applications-annual-festival-grant\/#primaryimage"},"image":{"@id":"https:\/\/villa-albertine.org\/va\/uncategorized\/albertine-cinematheque-announces-2022-2023-season-and-opens-applications-annual-festival-grant\/#primaryimage"},"thumbnailUrl":"https:\/\/villa-albertine.org\/wp-content\/uploads\/2023\/08\/Gagarine-Movie.jpeg","datePublished":"2022-05-10T14:11:09+00:00","dateModified":"2023-08-23T07:49:28+00:00","author":{"@id":""},"breadcrumb":{"@id":"https:\/\/villa-albertine.org\/va\/uncategorized\/albertine-cinematheque-announces-2022-2023-season-and-opens-applications-annual-festival-grant\/#breadcrumb"},"inLanguage":"en-US","potentialAction":[{"@type":"ReadAction","target":["https:\/\/villa-albertine.org\/va\/uncategorized\/albertine-cinematheque-announces-2022-2023-season-and-opens-applications-annual-festival-grant\/"]}]},{"@type":"ImageObject","inLanguage":"en-US","@id":"https:\/\/villa-albertine.org\/va\/uncategorized\/albertine-cinematheque-announces-2022-2023-season-and-opens-applications-annual-festival-grant\/#primaryimage","url":"https:\/\/villa-albertine.org\/wp-content\/uploads\/2023\/08\/Gagarine-Movie.jpeg","contentUrl":"https:\/\/villa-albertine.org\/wp-content\/uploads\/2023\/08\/Gagarine-Movie.jpeg","width":681,"height":383},{"@type":"BreadcrumbList","@id":"https:\/\/villa-albertine.org\/va\/uncategorized\/albertine-cinematheque-announces-2022-2023-season-and-opens-applications-annual-festival-grant\/#breadcrumb","itemListElement":[{"@type":"ListItem","position":1,"name":"Home","item":"https:\/\/villa-albertine.org\/va\/"},{"@type":"ListItem","position":2,"name":"Albertine Cin\u00e9math\u00e8que announces 2022-2023 Season and Opens Applications for Annual Festival Grant"}]},{"@type":"WebSite","@id":"https:\/\/villa-albertine.org\/va\/#website","url":"https:\/\/villa-albertine.org\/va\/","name":"Villa Albertine","description":"","potentialAction":[{"@type":"SearchAction","target":{"@type":"EntryPoint","urlTemplate":"https:\/\/villa-albertine.org\/va\/?s={search_term_string}"},"query-input":{"@type":"PropertyValueSpecification","valueRequired":true,"valueName":"search_term_string"}}],"inLanguage":"en-US"}]}},"_links":{"self":[{"href":"https:\/\/villa-albertine.org\/va\/wp-json\/wp\/v2\/posts\/60761","targetHints":{"allow":["GET"]}}],"collection":[{"href":"https:\/\/villa-albertine.org\/va\/wp-json\/wp\/v2\/posts"}],"about":[{"href":"https:\/\/villa-albertine.org\/va\/wp-json\/wp\/v2\/types\/post"}],"replies":[{"embeddable":true,"href":"https:\/\/villa-albertine.org\/va\/wp-json\/wp\/v2\/comments?post=60761"}],"version-history":[{"count":1,"href":"https:\/\/villa-albertine.org\/va\/wp-json\/wp\/v2\/posts\/60761\/revisions"}],"predecessor-version":[{"id":62569,"href":"https:\/\/villa-albertine.org\/va\/wp-json\/wp\/v2\/posts\/60761\/revisions\/62569"}],"wp:featuredmedia":[{"embeddable":true,"href":"https:\/\/villa-albertine.org\/va\/wp-json\/wp\/v2\/media\/56731"}],"wp:attachment":[{"href":"https:\/\/villa-albertine.org\/va\/wp-json\/wp\/v2\/media?parent=60761"}],"wp:term":[{"taxonomy":"category","embeddable":true,"href":"https:\/\/villa-albertine.org\/va\/wp-json\/wp\/v2\/categories?post=60761"},{"taxonomy":"post_tag","embeddable":true,"href":"https:\/\/villa-albertine.org\/va\/wp-json\/wp\/v2\/tags?post=60761"},{"taxonomy":"app_discipline","embeddable":true,"href":"https:\/\/villa-albertine.org\/va\/wp-json\/wp\/v2\/app_discipline?post=60761"},{"taxonomy":"app_city_tax","embeddable":true,"href":"https:\/\/villa-albertine.org\/va\/wp-json\/wp\/v2\/app_city_tax?post=60761"}],"curies":[{"name":"wp","href":"https:\/\/api.w.org\/{rel}","templated":true}]}}