{"id":515636,"date":"2024-03-13T17:07:41","date_gmt":"2024-03-13T17:07:41","guid":{"rendered":"https:\/\/villa-albertine.org\/?p=515636"},"modified":"2024-05-17T14:25:24","modified_gmt":"2024-05-17T14:25:24","slug":"dorothee-myriam-kellou-2","status":"publish","type":"post","link":"https:\/\/villa-albertine.org\/va\/press-release\/dorothee-myriam-kellou-2\/","title":{"rendered":"Doroth\u00e9e-Myriam Kellou wins 2024 Recanati-Kaplan Prize, recognizing outstanding cultural projects in the Arab world\u00a0"},"content":{"rendered":"\n<p><strong>New York, March 13, 2024 \u2014<\/strong> Algerian-French author, journalist, and filmmaker Doroth\u00e9e-Myriam Kellou has been awarded the 2024 Recanati-Kaplan Prize. An annual initiative from the Recanati-Kaplan foundation, Villa Albertine, and the Institut du monde arabe, the Prize supports international artistic and intellectual exchange by recognizing a high-potential project from an outstanding cultural actor in the Arab world. The winner receives $15,000 and a two-month exploratory residency in the US with Villa Albertine.\u00a0<\/p>\n\n\n\n<p>With the support of the Recanati-Kaplan Prize, Doroth\u00e9e-Myriam Kellou will continue her research into the practice and traditions of progressive, feminist forms of Islam in Chicago, Miami, New York and Washington, DC, meeting with community and faith leaders in preparation for a podcast and documentary project.&nbsp;&nbsp;<\/p>\n\n\n\n<p>\u201cThe mission of the Recanati-Kaplan Prize to celebrate exceptional contributions to the cultural and intellectual nexus that binds together France, the United States, and the Arab world could not be more important \u2014 or timely. For it is precisely such visionary artistic and scholarly ventures that will deepen our relations ever further, and stimulate the constant reinvention of shared horizons. We are honored to be a part of this most consequential creative enterprise,\u201d noted <strong>Thomas S. Kaplan<\/strong>, founder of the Recanati-Kaplan Foundation. &nbsp;<\/p>\n\n\n\n<p>\u201cPromoting a new generation of intellectuals and creators capable of tackling the decisive issues of our time, and enriching cross-cultural perspectives, is at the heart of what we do. This Prize is an important demonstration of that, and the brilliant work of Doroth\u00e9e-Myriam Kellou more than merits the recognition,\u201d said <strong>Mohamed Bouabdallah<\/strong>, Cultural Counselor of France in the US and Director of Villa Albertine. \u201cWe are proud to welcome her as a Villa Albertine resident, and look forward to supporting her research into progressive practices of Islam, research which is deeply rooted in local histories while remaining timely and relevant across borders.\u201d&nbsp;<\/p>\n\n\n\n<p>\u201cContributing to the Recanati-Kaplan Prize is particularly stimulating for the Arabic World Institute. The very high quality of the projects submitted to the jury testifies to the effervescence of creators and thinkers from the Arab world in touch with the world, without geographical limits. I am particularly pleased that Doroth\u00e9e-Myriam Kellou, whose fields of experimentation are as numerous as they are fruitful (directing, writing, podcasting, etc.), will be able to benefit from the support provided by the Prize as she pursues a project that we are sure to welcome to the Institut du Monde Arabe,\u201d said <strong>Jack Lang<\/strong>, President of the Institut du monde arabe.&nbsp;<\/p>\n\n\n\n<p><\/p>\n\n\n\n<p><strong>About Doroth\u00e9e-Myriam Kellou&nbsp;<\/strong>&nbsp;<\/p>\n\n\n\n<p>Doroth\u00e9e-Myriam Kellou is an Algerian and French author, journalist and filmmaker. She earned the Trace prize for investigative reporting in 2017 for her work on the war in Syria, and regularly contributes to many of the top news outlets in France.&nbsp;&nbsp;<\/p>\n\n\n\n<p>In 2019 Kellou directed the award-winning film &#8220;A Mansourah, tu nous as s\u00e9par\u00e9s,&#8221; and in 2020 produced a sound documentary series for France culture, &#8220;L&#8217;Alg\u00e9rie des camps&#8221;, with the support of the Albert Londres prize. She published her first book, &#8220;Nancy-Kabylie,&#8221; with Grasset in 2023.&nbsp;&nbsp;<\/p>\n\n\n\n<p>A frequent lecturer on France\u2019s legacy of colonialism and war in Algeria, Kellou teaches investigative journalism at the university level and leads the Rawiyat collective of women filmmakers. She is a Fulbright Excellence Award recipient.&nbsp;&nbsp;<\/p>\n\n\n\n<p>Doroth\u00e9e-Myriam Kellou\u2019s project explores the practice of non-patriarchal\u202finterpretations of the Quran and Islam grounded in beauty, compassion, and justice \u2013 a tradition she inherited from her own grandparents.\u202fHer research, already underway in Algeria and France, brings her into conversation with the\u202fscholars, spiritual guides, and activists that are enriching contemporary beliefs and\u202fapproaches to Islam in France and in the Arab region today.\u202fWith the support of the Recanati-Kaplan Prize, she will continue her research in the US among the Muslim community, documenting the rich and progressive practices with deep roots in Muslim history.&nbsp;&nbsp;<\/p>\n\n\n\n<p>The competition was judged by a jury representing the main partners of the Prize \u2013 the Recanati-Kaplan Foundation, Villa Albertine, and the Institut du monde Arabe.<\/p>\n","protected":false},"excerpt":{"rendered":"<p>New York, March 13, 2024 \u2014 Algerian-French author, journalist, and filmmaker Doroth\u00e9e-Myriam Kellou has been awarded the 2024 Recanati-Kaplan Prize. An annual initiative from the Recanati-Kaplan foundation, Villa Albertine, and the Institut du monde arabe, the Prize supports international artistic and intellectual exchange by recognizing a high-potential project from an outstanding cultural actor in the&#8230;<\/p>\n","protected":false},"author":8,"featured_media":515653,"comment_status":"closed","ping_status":"open","sticky":false,"template":"","format":"standard","meta":{"_acf_changed":false,"footnotes":""},"categories":[312],"tags":[402,403,404,401,388],"app_discipline":[234,229,277,275,265,231,283,383,228,232,261,279,410,352,365,213,376,227,377,366,282,233,406,408,284,218],"app_city_tax":[235,223,216,217,226],"class_list":["post-515636","post","type-post","status-publish","format-standard","has-post-thumbnail","hentry","category-press-release","tag-algeria","tag-art","tag-prize","tag-residency","tag-villa-albertine","app_discipline-all-disciplines","app_discipline-architecture","app_discipline-architecture-fr","app_discipline-arts-de-la-scene-fr","app_discipline-arts-visuels-fr","app_discipline-audiovisual","app_discipline-audiovisuel-fr","app_discipline-city-cite-fr","app_discipline-comics","app_discipline-craft-design","app_discipline-creation-numerique-fr","app_discipline-design-metiers-dart-fr","app_discipline-family-program","app_discipline-gastronomie","app_discipline-gastronomie-2","app_discipline-literature","app_discipline-paysagisme","app_discipline-performing-arts","app_discipline-poetry-fr","app_discipline-poetry","app_discipline-sciences-humaines-et-sociales-fr","app_discipline-social-sciences-and-humanities","app_discipline-sport","app_discipline-sport-fr","app_discipline-toutes-disciplines-fr","app_discipline-visual-arts","app_city_tax-all-cities","app_city_tax-chi","app_city_tax-mia","app_city_tax-nyc","app_city_tax-dc"],"acf":[],"yoast_head":"<!-- This site is optimized with the Yoast SEO plugin v27.3 - https:\/\/yoast.com\/product\/yoast-seo-wordpress\/ -->\n<title>Doroth\u00e9e-Myriam Kellou wins 2024 Recanati-Kaplan Prize, recognizing outstanding cultural projects in the Arab world\u00a0 - Villa Albertine<\/title>\n<meta name=\"robots\" content=\"index, follow, max-snippet:-1, max-image-preview:large, max-video-preview:-1\" \/>\n<link rel=\"canonical\" href=\"https:\/\/villa-albertine.org\/va\/press-release\/dorothee-myriam-kellou-2\/\" \/>\n<meta property=\"og:locale\" content=\"en_US\" \/>\n<meta property=\"og:type\" content=\"article\" \/>\n<meta property=\"og:title\" content=\"Doroth\u00e9e-Myriam Kellou wins 2024 Recanati-Kaplan Prize, recognizing outstanding cultural projects in the Arab world\u00a0 - Villa Albertine\" \/>\n<meta property=\"og:description\" content=\"New York, March 13, 2024 \u2014 Algerian-French author, journalist, and filmmaker Doroth\u00e9e-Myriam Kellou has been awarded the 2024 Recanati-Kaplan Prize. An annual initiative from the Recanati-Kaplan foundation, Villa Albertine, and the Institut du monde arabe, the Prize supports international artistic and intellectual exchange by recognizing a high-potential project from an outstanding cultural actor in the...\" \/>\n<meta property=\"og:url\" content=\"https:\/\/villa-albertine.org\/va\/press-release\/dorothee-myriam-kellou-2\/\" \/>\n<meta property=\"og:site_name\" content=\"Villa Albertine\" \/>\n<meta property=\"article:published_time\" content=\"2024-03-13T17:07:41+00:00\" \/>\n<meta property=\"article:modified_time\" content=\"2024-05-17T14:25:24+00:00\" \/>\n<meta property=\"og:image\" content=\"https:\/\/villa-albertine.org\/wp-content\/uploads\/2024\/03\/thumbnail_19102023-L1057941.jpg\" \/>\n\t<meta property=\"og:image:width\" content=\"1920\" \/>\n\t<meta property=\"og:image:height\" content=\"1277\" \/>\n\t<meta property=\"og:image:type\" content=\"image\/jpeg\" \/>\n<meta name=\"author\" content=\"Communications\" \/>\n<meta name=\"twitter:card\" content=\"summary_large_image\" \/>\n<meta name=\"twitter:label1\" content=\"Written by\" \/>\n\t<meta name=\"twitter:data1\" content=\"Communications\" \/>\n\t<meta name=\"twitter:label2\" content=\"Est. reading time\" \/>\n\t<meta name=\"twitter:data2\" content=\"3 minutes\" \/>\n<script type=\"application\/ld+json\" class=\"yoast-schema-graph\">{\"@context\":\"https:\\\/\\\/schema.org\",\"@graph\":[{\"@type\":\"Article\",\"@id\":\"https:\\\/\\\/villa-albertine.org\\\/va\\\/press-release\\\/dorothee-myriam-kellou-2\\\/#article\",\"isPartOf\":{\"@id\":\"https:\\\/\\\/villa-albertine.org\\\/va\\\/press-release\\\/dorothee-myriam-kellou-2\\\/\"},\"author\":{\"name\":\"Communications\",\"@id\":\"https:\\\/\\\/villa-albertine.org\\\/va\\\/#\\\/schema\\\/person\\\/5a4e80dc6ac373c4f09623acf010fa23\"},\"headline\":\"Doroth\u00e9e-Myriam Kellou wins 2024 Recanati-Kaplan Prize, recognizing outstanding cultural projects in the Arab world\u00a0\",\"datePublished\":\"2024-03-13T17:07:41+00:00\",\"dateModified\":\"2024-05-17T14:25:24+00:00\",\"mainEntityOfPage\":{\"@id\":\"https:\\\/\\\/villa-albertine.org\\\/va\\\/press-release\\\/dorothee-myriam-kellou-2\\\/\"},\"wordCount\":683,\"image\":{\"@id\":\"https:\\\/\\\/villa-albertine.org\\\/va\\\/press-release\\\/dorothee-myriam-kellou-2\\\/#primaryimage\"},\"thumbnailUrl\":\"https:\\\/\\\/villa-albertine.org\\\/wp-content\\\/uploads\\\/2024\\\/03\\\/thumbnail_19102023-L1057941.jpg\",\"keywords\":[\"algeria\",\"art\",\"prize\",\"residency\",\"villa albertine\"],\"articleSection\":[\"Press Release\"],\"inLanguage\":\"en-US\"},{\"@type\":\"WebPage\",\"@id\":\"https:\\\/\\\/villa-albertine.org\\\/va\\\/press-release\\\/dorothee-myriam-kellou-2\\\/\",\"url\":\"https:\\\/\\\/villa-albertine.org\\\/va\\\/press-release\\\/dorothee-myriam-kellou-2\\\/\",\"name\":\"Doroth\u00e9e-Myriam Kellou wins 2024 Recanati-Kaplan Prize, recognizing outstanding cultural projects in the Arab world\u00a0 - Villa Albertine\",\"isPartOf\":{\"@id\":\"https:\\\/\\\/villa-albertine.org\\\/va\\\/#website\"},\"primaryImageOfPage\":{\"@id\":\"https:\\\/\\\/villa-albertine.org\\\/va\\\/press-release\\\/dorothee-myriam-kellou-2\\\/#primaryimage\"},\"image\":{\"@id\":\"https:\\\/\\\/villa-albertine.org\\\/va\\\/press-release\\\/dorothee-myriam-kellou-2\\\/#primaryimage\"},\"thumbnailUrl\":\"https:\\\/\\\/villa-albertine.org\\\/wp-content\\\/uploads\\\/2024\\\/03\\\/thumbnail_19102023-L1057941.jpg\",\"datePublished\":\"2024-03-13T17:07:41+00:00\",\"dateModified\":\"2024-05-17T14:25:24+00:00\",\"author\":{\"@id\":\"https:\\\/\\\/villa-albertine.org\\\/va\\\/#\\\/schema\\\/person\\\/5a4e80dc6ac373c4f09623acf010fa23\"},\"breadcrumb\":{\"@id\":\"https:\\\/\\\/villa-albertine.org\\\/va\\\/press-release\\\/dorothee-myriam-kellou-2\\\/#breadcrumb\"},\"inLanguage\":\"en-US\",\"potentialAction\":[{\"@type\":\"ReadAction\",\"target\":[\"https:\\\/\\\/villa-albertine.org\\\/va\\\/press-release\\\/dorothee-myriam-kellou-2\\\/\"]}]},{\"@type\":\"ImageObject\",\"inLanguage\":\"en-US\",\"@id\":\"https:\\\/\\\/villa-albertine.org\\\/va\\\/press-release\\\/dorothee-myriam-kellou-2\\\/#primaryimage\",\"url\":\"https:\\\/\\\/villa-albertine.org\\\/wp-content\\\/uploads\\\/2024\\\/03\\\/thumbnail_19102023-L1057941.jpg\",\"contentUrl\":\"https:\\\/\\\/villa-albertine.org\\\/wp-content\\\/uploads\\\/2024\\\/03\\\/thumbnail_19102023-L1057941.jpg\",\"width\":1920,\"height\":1277,\"caption\":\"Doroth\u00e9e-Myriam Kellou\"},{\"@type\":\"BreadcrumbList\",\"@id\":\"https:\\\/\\\/villa-albertine.org\\\/va\\\/press-release\\\/dorothee-myriam-kellou-2\\\/#breadcrumb\",\"itemListElement\":[{\"@type\":\"ListItem\",\"position\":1,\"name\":\"Home\",\"item\":\"https:\\\/\\\/villa-albertine.org\\\/va\\\/\"},{\"@type\":\"ListItem\",\"position\":2,\"name\":\"Doroth\u00e9e-Myriam Kellou wins 2024 Recanati-Kaplan Prize, recognizing outstanding cultural projects in the Arab world\u00a0\"}]},{\"@type\":\"WebSite\",\"@id\":\"https:\\\/\\\/villa-albertine.org\\\/va\\\/#website\",\"url\":\"https:\\\/\\\/villa-albertine.org\\\/va\\\/\",\"name\":\"Villa Albertine\",\"description\":\"\",\"potentialAction\":[{\"@type\":\"SearchAction\",\"target\":{\"@type\":\"EntryPoint\",\"urlTemplate\":\"https:\\\/\\\/villa-albertine.org\\\/va\\\/?s={search_term_string}\"},\"query-input\":{\"@type\":\"PropertyValueSpecification\",\"valueRequired\":true,\"valueName\":\"search_term_string\"}}],\"inLanguage\":\"en-US\"},{\"@type\":\"Person\",\"@id\":\"https:\\\/\\\/villa-albertine.org\\\/va\\\/#\\\/schema\\\/person\\\/5a4e80dc6ac373c4f09623acf010fa23\",\"name\":\"Communications\",\"image\":{\"@type\":\"ImageObject\",\"inLanguage\":\"en-US\",\"@id\":\"https:\\\/\\\/secure.gravatar.com\\\/avatar\\\/f78b49539f98cbcc4aeb0d8a47c934122fbe79c9ba09820429b7145a2c325d04?s=96&d=mm&r=g\",\"url\":\"https:\\\/\\\/secure.gravatar.com\\\/avatar\\\/f78b49539f98cbcc4aeb0d8a47c934122fbe79c9ba09820429b7145a2c325d04?s=96&d=mm&r=g\",\"contentUrl\":\"https:\\\/\\\/secure.gravatar.com\\\/avatar\\\/f78b49539f98cbcc4aeb0d8a47c934122fbe79c9ba09820429b7145a2c325d04?s=96&d=mm&r=g\",\"caption\":\"Communications\"},\"url\":\"https:\\\/\\\/villa-albertine.org\\\/va\\\/author\\\/communications\\\/\"}]}<\/script>\n<!-- \/ Yoast SEO plugin. -->","yoast_head_json":{"title":"Doroth\u00e9e-Myriam Kellou wins 2024 Recanati-Kaplan Prize, recognizing outstanding cultural projects in the Arab world\u00a0 - Villa Albertine","robots":{"index":"index","follow":"follow","max-snippet":"max-snippet:-1","max-image-preview":"max-image-preview:large","max-video-preview":"max-video-preview:-1"},"canonical":"https:\/\/villa-albertine.org\/va\/press-release\/dorothee-myriam-kellou-2\/","og_locale":"en_US","og_type":"article","og_title":"Doroth\u00e9e-Myriam Kellou wins 2024 Recanati-Kaplan Prize, recognizing outstanding cultural projects in the Arab world\u00a0 - Villa Albertine","og_description":"New York, March 13, 2024 \u2014 Algerian-French author, journalist, and filmmaker Doroth\u00e9e-Myriam Kellou has been awarded the 2024 Recanati-Kaplan Prize. An annual initiative from the Recanati-Kaplan foundation, Villa Albertine, and the Institut du monde arabe, the Prize supports international artistic and intellectual exchange by recognizing a high-potential project from an outstanding cultural actor in the...","og_url":"https:\/\/villa-albertine.org\/va\/press-release\/dorothee-myriam-kellou-2\/","og_site_name":"Villa Albertine","article_published_time":"2024-03-13T17:07:41+00:00","article_modified_time":"2024-05-17T14:25:24+00:00","og_image":[{"width":1920,"height":1277,"url":"https:\/\/villa-albertine.org\/wp-content\/uploads\/2024\/03\/thumbnail_19102023-L1057941.jpg","type":"image\/jpeg"}],"author":"Communications","twitter_card":"summary_large_image","twitter_misc":{"Written by":"Communications","Est. reading time":"3 minutes"},"schema":{"@context":"https:\/\/schema.org","@graph":[{"@type":"Article","@id":"https:\/\/villa-albertine.org\/va\/press-release\/dorothee-myriam-kellou-2\/#article","isPartOf":{"@id":"https:\/\/villa-albertine.org\/va\/press-release\/dorothee-myriam-kellou-2\/"},"author":{"name":"Communications","@id":"https:\/\/villa-albertine.org\/va\/#\/schema\/person\/5a4e80dc6ac373c4f09623acf010fa23"},"headline":"Doroth\u00e9e-Myriam Kellou wins 2024 Recanati-Kaplan Prize, recognizing outstanding cultural projects in the Arab world\u00a0","datePublished":"2024-03-13T17:07:41+00:00","dateModified":"2024-05-17T14:25:24+00:00","mainEntityOfPage":{"@id":"https:\/\/villa-albertine.org\/va\/press-release\/dorothee-myriam-kellou-2\/"},"wordCount":683,"image":{"@id":"https:\/\/villa-albertine.org\/va\/press-release\/dorothee-myriam-kellou-2\/#primaryimage"},"thumbnailUrl":"https:\/\/villa-albertine.org\/wp-content\/uploads\/2024\/03\/thumbnail_19102023-L1057941.jpg","keywords":["algeria","art","prize","residency","villa albertine"],"articleSection":["Press Release"],"inLanguage":"en-US"},{"@type":"WebPage","@id":"https:\/\/villa-albertine.org\/va\/press-release\/dorothee-myriam-kellou-2\/","url":"https:\/\/villa-albertine.org\/va\/press-release\/dorothee-myriam-kellou-2\/","name":"Doroth\u00e9e-Myriam Kellou wins 2024 Recanati-Kaplan Prize, recognizing outstanding cultural projects in the Arab world\u00a0 - Villa Albertine","isPartOf":{"@id":"https:\/\/villa-albertine.org\/va\/#website"},"primaryImageOfPage":{"@id":"https:\/\/villa-albertine.org\/va\/press-release\/dorothee-myriam-kellou-2\/#primaryimage"},"image":{"@id":"https:\/\/villa-albertine.org\/va\/press-release\/dorothee-myriam-kellou-2\/#primaryimage"},"thumbnailUrl":"https:\/\/villa-albertine.org\/wp-content\/uploads\/2024\/03\/thumbnail_19102023-L1057941.jpg","datePublished":"2024-03-13T17:07:41+00:00","dateModified":"2024-05-17T14:25:24+00:00","author":{"@id":"https:\/\/villa-albertine.org\/va\/#\/schema\/person\/5a4e80dc6ac373c4f09623acf010fa23"},"breadcrumb":{"@id":"https:\/\/villa-albertine.org\/va\/press-release\/dorothee-myriam-kellou-2\/#breadcrumb"},"inLanguage":"en-US","potentialAction":[{"@type":"ReadAction","target":["https:\/\/villa-albertine.org\/va\/press-release\/dorothee-myriam-kellou-2\/"]}]},{"@type":"ImageObject","inLanguage":"en-US","@id":"https:\/\/villa-albertine.org\/va\/press-release\/dorothee-myriam-kellou-2\/#primaryimage","url":"https:\/\/villa-albertine.org\/wp-content\/uploads\/2024\/03\/thumbnail_19102023-L1057941.jpg","contentUrl":"https:\/\/villa-albertine.org\/wp-content\/uploads\/2024\/03\/thumbnail_19102023-L1057941.jpg","width":1920,"height":1277,"caption":"Doroth\u00e9e-Myriam Kellou"},{"@type":"BreadcrumbList","@id":"https:\/\/villa-albertine.org\/va\/press-release\/dorothee-myriam-kellou-2\/#breadcrumb","itemListElement":[{"@type":"ListItem","position":1,"name":"Home","item":"https:\/\/villa-albertine.org\/va\/"},{"@type":"ListItem","position":2,"name":"Doroth\u00e9e-Myriam Kellou wins 2024 Recanati-Kaplan Prize, recognizing outstanding cultural projects in the Arab world\u00a0"}]},{"@type":"WebSite","@id":"https:\/\/villa-albertine.org\/va\/#website","url":"https:\/\/villa-albertine.org\/va\/","name":"Villa Albertine","description":"","potentialAction":[{"@type":"SearchAction","target":{"@type":"EntryPoint","urlTemplate":"https:\/\/villa-albertine.org\/va\/?s={search_term_string}"},"query-input":{"@type":"PropertyValueSpecification","valueRequired":true,"valueName":"search_term_string"}}],"inLanguage":"en-US"},{"@type":"Person","@id":"https:\/\/villa-albertine.org\/va\/#\/schema\/person\/5a4e80dc6ac373c4f09623acf010fa23","name":"Communications","image":{"@type":"ImageObject","inLanguage":"en-US","@id":"https:\/\/secure.gravatar.com\/avatar\/f78b49539f98cbcc4aeb0d8a47c934122fbe79c9ba09820429b7145a2c325d04?s=96&d=mm&r=g","url":"https:\/\/secure.gravatar.com\/avatar\/f78b49539f98cbcc4aeb0d8a47c934122fbe79c9ba09820429b7145a2c325d04?s=96&d=mm&r=g","contentUrl":"https:\/\/secure.gravatar.com\/avatar\/f78b49539f98cbcc4aeb0d8a47c934122fbe79c9ba09820429b7145a2c325d04?s=96&d=mm&r=g","caption":"Communications"},"url":"https:\/\/villa-albertine.org\/va\/author\/communications\/"}]}},"_links":{"self":[{"href":"https:\/\/villa-albertine.org\/va\/wp-json\/wp\/v2\/posts\/515636","targetHints":{"allow":["GET"]}}],"collection":[{"href":"https:\/\/villa-albertine.org\/va\/wp-json\/wp\/v2\/posts"}],"about":[{"href":"https:\/\/villa-albertine.org\/va\/wp-json\/wp\/v2\/types\/post"}],"author":[{"embeddable":true,"href":"https:\/\/villa-albertine.org\/va\/wp-json\/wp\/v2\/users\/8"}],"replies":[{"embeddable":true,"href":"https:\/\/villa-albertine.org\/va\/wp-json\/wp\/v2\/comments?post=515636"}],"version-history":[{"count":5,"href":"https:\/\/villa-albertine.org\/va\/wp-json\/wp\/v2\/posts\/515636\/revisions"}],"predecessor-version":[{"id":519514,"href":"https:\/\/villa-albertine.org\/va\/wp-json\/wp\/v2\/posts\/515636\/revisions\/519514"}],"wp:featuredmedia":[{"embeddable":true,"href":"https:\/\/villa-albertine.org\/va\/wp-json\/wp\/v2\/media\/515653"}],"wp:attachment":[{"href":"https:\/\/villa-albertine.org\/va\/wp-json\/wp\/v2\/media?parent=515636"}],"wp:term":[{"taxonomy":"category","embeddable":true,"href":"https:\/\/villa-albertine.org\/va\/wp-json\/wp\/v2\/categories?post=515636"},{"taxonomy":"post_tag","embeddable":true,"href":"https:\/\/villa-albertine.org\/va\/wp-json\/wp\/v2\/tags?post=515636"},{"taxonomy":"app_discipline","embeddable":true,"href":"https:\/\/villa-albertine.org\/va\/wp-json\/wp\/v2\/app_discipline?post=515636"},{"taxonomy":"app_city_tax","embeddable":true,"href":"https:\/\/villa-albertine.org\/va\/wp-json\/wp\/v2\/app_city_tax?post=515636"}],"curies":[{"name":"wp","href":"https:\/\/api.w.org\/{rel}","templated":true}]}}