{"id":478427,"date":"2024-02-07T02:44:55","date_gmt":"2024-02-07T02:44:55","guid":{"rendered":"https:\/\/villa-albertine.org\/?p=478427"},"modified":"2024-05-17T14:25:29","modified_gmt":"2024-05-17T14:25:29","slug":"night-of-ideas-jersey-city-festival-of-debates-workshops-and-performances-on-the-theme-of-urban-life-art-and-growth-kicks-off-march-1","status":"publish","type":"post","link":"https:\/\/villa-albertine.org\/va\/press-release\/night-of-ideas-jersey-city-festival-of-debates-workshops-and-performances-on-the-theme-of-urban-life-art-and-growth-kicks-off-march-1\/","title":{"rendered":"Night of Ideas Jersey City: Festival of debates, workshops, and performances on the theme of urban life, art, and growth kicks off March 1"},"content":{"rendered":"\n<h4 class=\"wp-block-heading\"><strong><u>March 1, 2024, 6pm\u20131am<\/u><\/strong>&nbsp;<\/h4>\n\n\n\n<p>N<strong>ew York and Paris, January 30, 2024 \u2014<\/strong> Villa Albertine, Centre Pompidou, and Hudson County Community College (HCCC), with the support of the City of Jersey City, today announced the <a href=\"http:\/\/www.nightofideas.org\/\" target=\"_blank\" rel=\"noreferrer noopener\"><strong>Night of Ideas,<\/strong><\/a><strong> to be presented at HCCC on March 1, 2024<\/strong> <strong>from 6pm to 1am.<\/strong> For the first time, this free and open-to-all event comes to Jersey City, one of the fastest growing and most diverse urban centers in the US, as well as the future home of the Centre Pompidou\u2019s first American branch. Interactive, celebratory, and content-rich, the Night of Ideas invites thought leaders and the public to engage together around major global issues through a festival of debate, performances, readings, and more.&nbsp;<\/p>\n\n\n\n<p>The program, co-curated by Villa Albertine and Centre Pompidou, asks: how do we build and how do we live in cities today? Taking inspiration from Jersey City, the event will address urban growth and the future of cities with debates, installations, multimedia pop-ups, and workshops, prompting attendees to consider the impact of urban growth through lenses of inclusivity, sustainability, arts and culture, education, and food.<\/p>\n\n\n\n<p>Alongside art and video installations, program highlights include a keynote from former Jersey City poet laureate <strong>Rashad Wright<\/strong>, a workshop with designer and educator <strong>Prem Krishnamurthy <\/strong>on how art and design can help develop a more equitable, diverse, and joyous world; a round-table discussion investigating the in-between spaces created by infrastructure, moderated by Dense Magazine cofounder <strong>Petia Morozov<\/strong> and editor <strong>Andrew Harrison<\/strong>; performances by Jersey City-based dancer and choreographer <strong>Rimli Roy <\/strong>and her company,<strong> Surati<\/strong>; a visioning of the future of museums with the architect and leadership of Centre Pompidou Jersey City, with journalist and cultural strategist <strong>Andr\u00e1s Sz\u00e1nt\u00f3<\/strong>; and two special tours: HCCC\u2019s historic Foundation Art Collection led by HCCC Foundation Art Collection Coordinator <strong>Andrea Siegel<\/strong>, and the building site of Centre Pompidou.&nbsp;<\/p>\n\n\n\n<p>Other participantsinclude Senegalese academic, musician and writer <strong>Felwine Sarr<\/strong>, publisher, curator, and Villa Albertine resident <strong>Lydia Amarouche<\/strong>, visual artist <strong>Oliver Beer<\/strong>, fiction editor at <em>The New Yorker<\/em> <strong>Deborah Treisman, <\/strong>HCCC professors <strong>Jeremiah Teipen <\/strong>and <strong>Eric Adamson<\/strong>, WFMU radio general manager <strong>Ken Freedman<\/strong>, writers <strong>Yiyun Li <\/strong>and <strong>Akhil Sharma, <\/strong>architecture curator and writer <strong>Beatrice Galilee<\/strong>, author <strong>Helene Stapinski<\/strong>, sociologists <strong>Sybille Gollac<\/strong> and <strong>C\u00e9line Bessi\u00e8re<\/strong>, Pulitzer Prize winner and Express Newark director <strong>Salamishah Tillet<\/strong>, and writer <strong>Tiana Webb Evans<\/strong>.&nbsp;<\/p>\n\n\n\n<p>With over half of its participants either born, working, or residing in New Jersey, the program mirrors the vibrant community of the Garden State. Several collaborations with local organizations such as the <strong>Jersey City Free Public Library<\/strong>, <strong>Dense Magazine<\/strong>, <strong>Bike JC<\/strong>, and <strong>Sustainable JC<\/strong> further solidify the event&#8217;s presence in the city.&nbsp;<\/p>\n\n\n\n<p>Night of Ideas is Centre Pompidou\u2019s first public event in Jersey City, with Anna Hiddleston and Charles Aubin as co-curators alongside Villa Albertine. This public\/private collaboration is a prototype of more to come as Centre Pompidou will be an international institution embedded in the community.&nbsp;&nbsp;<\/p>\n\n\n\n<p>Hudson County Community College is situated across the street from the Pathside building, where the future Centre Pompidou will be located. During the Night of Ideas, exclusive guided tours of the building will be available through an RSVP system.&nbsp;<\/p>\n\n\n\n<p>This year, <strong>Night of Ideas returns across 20 US cities<\/strong> with the national theme<em> \u201cOutside the Lines,\u201d<\/em> centering urban life and development, and raising questions about the impact of climate change, new technologies, urban renewal, and social and cultural activism. <\/p>\n\n\n\n<p><em>Night of Ideas 2024 is presented by Villa Albertine and Albertine Foundation thanks to the leadership support of the Judy &amp; Peter Blum Kovler Foundation, and with the support of the Andrew W. Mellon Foundation and the Carnegie Corporation of New York. It is coordinated worldwide by the Institut Fran\u00e7ais.\u00a0\u00a0<\/em><\/p>\n\n\n\n<p><\/p>\n\n\n\n<p><strong>When:<\/strong> March 1, 2024, 6pm-1am&nbsp;<\/p>\n\n\n\n<p><strong>Where:<\/strong> Hudson County Community College (Gabert Library)&nbsp;<br>71 Sip Avenue&nbsp;<br>Jersey City, NJ 07306&nbsp;<\/p>\n\n\n\n<p>PATH Train stop: Journal Square&nbsp;<br>The PATH operates 24 hours a day, 7 days a week&nbsp;<br>16-minute ride from Newark-Penn Station&nbsp;<br>20-minute ride from the World Trade Center&nbsp;<br>26-minute ride from 14<sup>th<\/sup> Street &amp; 6<sup>th<\/sup> Avenue&nbsp;<br>Paid parking (Path Garage, 16 Path Plaza) and street parking is available.&nbsp;<\/p>\n","protected":false},"excerpt":{"rendered":"<p>March 1, 2024, 6pm\u20131am&nbsp; New York and Paris, January 30, 2024 \u2014 Villa Albertine, Centre Pompidou, and Hudson County Community College (HCCC), with the support of the City of Jersey City, today announced the Night of Ideas, to be presented at HCCC on March 1, 2024 from 6pm to 1am. For the first time, this&#8230;<\/p>\n","protected":false},"author":1,"featured_media":438047,"comment_status":"closed","ping_status":"open","sticky":false,"template":"","format":"standard","meta":{"_acf_changed":false,"footnotes":""},"categories":[312],"tags":[386,393,394,391,395,388],"app_discipline":[234,277,229,275,265,231,283,383,228,232,261,279,410,352,365,213,236,230,215,376,227,377,366,282,233,406,408,284,218],"app_city_tax":[235,217],"class_list":["post-478427","post","type-post","status-publish","format-standard","has-post-thumbnail","hentry","category-press-release","tag-french","tag-ideas","tag-jersey","tag-night","tag-pompidou","tag-villa-albertine","app_discipline-all-disciplines","app_discipline-architecture-fr","app_discipline-architecture","app_discipline-arts-de-la-scene-fr","app_discipline-arts-visuels-fr","app_discipline-audiovisual","app_discipline-audiovisuel-fr","app_discipline-city-cite-fr","app_discipline-comics","app_discipline-craft-design","app_discipline-creation-numerique-fr","app_discipline-design-metiers-dart-fr","app_discipline-family-program","app_discipline-gastronomie","app_discipline-gastronomie-2","app_discipline-literature","app_discipline-museums","app_discipline-music","app_discipline-new-media","app_discipline-paysagisme","app_discipline-performing-arts","app_discipline-poetry-fr","app_discipline-poetry","app_discipline-sciences-humaines-et-sociales-fr","app_discipline-social-sciences-and-humanities","app_discipline-sport","app_discipline-sport-fr","app_discipline-toutes-disciplines-fr","app_discipline-visual-arts","app_city_tax-all-cities","app_city_tax-nyc"],"acf":[],"yoast_head":"<!-- This site is optimized with the Yoast SEO plugin v27.3 - https:\/\/yoast.com\/product\/yoast-seo-wordpress\/ -->\n<title>Night of Ideas Jersey City: Festival of debates, workshops, and performances on the theme of urban life, art, and growth kicks off March 1 - Villa Albertine<\/title>\n<meta name=\"robots\" content=\"index, follow, max-snippet:-1, max-image-preview:large, max-video-preview:-1\" \/>\n<link rel=\"canonical\" href=\"https:\/\/villa-albertine.org\/va\/press-release\/night-of-ideas-jersey-city-festival-of-debates-workshops-and-performances-on-the-theme-of-urban-life-art-and-growth-kicks-off-march-1\/\" \/>\n<meta property=\"og:locale\" content=\"en_US\" \/>\n<meta property=\"og:type\" content=\"article\" \/>\n<meta property=\"og:title\" content=\"Night of Ideas Jersey City: Festival of debates, workshops, and performances on the theme of urban life, art, and growth kicks off March 1 - Villa Albertine\" \/>\n<meta property=\"og:description\" content=\"March 1, 2024, 6pm\u20131am&nbsp; New York and Paris, January 30, 2024 \u2014 Villa Albertine, Centre Pompidou, and Hudson County Community College (HCCC), with the support of the City of Jersey City, today announced the Night of Ideas, to be presented at HCCC on March 1, 2024 from 6pm to 1am. For the first time, this...\" \/>\n<meta property=\"og:url\" content=\"https:\/\/villa-albertine.org\/va\/press-release\/night-of-ideas-jersey-city-festival-of-debates-workshops-and-performances-on-the-theme-of-urban-life-art-and-growth-kicks-off-march-1\/\" \/>\n<meta property=\"og:site_name\" content=\"Villa Albertine\" \/>\n<meta property=\"article:published_time\" content=\"2024-02-07T02:44:55+00:00\" \/>\n<meta property=\"article:modified_time\" content=\"2024-05-17T14:25:29+00:00\" \/>\n<meta property=\"og:image\" content=\"https:\/\/villa-albertine.org\/wp-content\/uploads\/2024\/01\/NOI24_LOGO_WEB_1080x675.jpg\" \/>\n\t<meta property=\"og:image:width\" content=\"1440\" \/>\n\t<meta property=\"og:image:height\" content=\"900\" \/>\n\t<meta property=\"og:image:type\" content=\"image\/jpeg\" \/>\n<meta name=\"author\" content=\"admin\" \/>\n<meta name=\"twitter:card\" content=\"summary_large_image\" \/>\n<meta name=\"twitter:label1\" content=\"Written by\" \/>\n\t<meta name=\"twitter:data1\" content=\"admin\" \/>\n\t<meta name=\"twitter:label2\" content=\"Est. reading time\" \/>\n\t<meta name=\"twitter:data2\" content=\"3 minutes\" \/>\n<script type=\"application\/ld+json\" class=\"yoast-schema-graph\">{\"@context\":\"https:\\\/\\\/schema.org\",\"@graph\":[{\"@type\":\"Article\",\"@id\":\"https:\\\/\\\/villa-albertine.org\\\/va\\\/press-release\\\/night-of-ideas-jersey-city-festival-of-debates-workshops-and-performances-on-the-theme-of-urban-life-art-and-growth-kicks-off-march-1\\\/#article\",\"isPartOf\":{\"@id\":\"https:\\\/\\\/villa-albertine.org\\\/va\\\/press-release\\\/night-of-ideas-jersey-city-festival-of-debates-workshops-and-performances-on-the-theme-of-urban-life-art-and-growth-kicks-off-march-1\\\/\"},\"author\":{\"name\":\"admin\",\"@id\":\"https:\\\/\\\/villa-albertine.org\\\/va\\\/#\\\/schema\\\/person\\\/1265683b643725fffd0c7091bbab2ee1\"},\"headline\":\"Night of Ideas Jersey City: Festival of debates, workshops, and performances on the theme of urban life, art, and growth kicks off March 1\",\"datePublished\":\"2024-02-07T02:44:55+00:00\",\"dateModified\":\"2024-05-17T14:25:29+00:00\",\"mainEntityOfPage\":{\"@id\":\"https:\\\/\\\/villa-albertine.org\\\/va\\\/press-release\\\/night-of-ideas-jersey-city-festival-of-debates-workshops-and-performances-on-the-theme-of-urban-life-art-and-growth-kicks-off-march-1\\\/\"},\"wordCount\":715,\"image\":{\"@id\":\"https:\\\/\\\/villa-albertine.org\\\/va\\\/press-release\\\/night-of-ideas-jersey-city-festival-of-debates-workshops-and-performances-on-the-theme-of-urban-life-art-and-growth-kicks-off-march-1\\\/#primaryimage\"},\"thumbnailUrl\":\"https:\\\/\\\/villa-albertine.org\\\/wp-content\\\/uploads\\\/2024\\\/01\\\/NOI24_LOGO_WEB_1080x675.jpg\",\"keywords\":[\"french\",\"ideas\",\"jersey\",\"night\",\"pompidou\",\"villa albertine\"],\"articleSection\":[\"Press Release\"],\"inLanguage\":\"en-US\"},{\"@type\":\"WebPage\",\"@id\":\"https:\\\/\\\/villa-albertine.org\\\/va\\\/press-release\\\/night-of-ideas-jersey-city-festival-of-debates-workshops-and-performances-on-the-theme-of-urban-life-art-and-growth-kicks-off-march-1\\\/\",\"url\":\"https:\\\/\\\/villa-albertine.org\\\/va\\\/press-release\\\/night-of-ideas-jersey-city-festival-of-debates-workshops-and-performances-on-the-theme-of-urban-life-art-and-growth-kicks-off-march-1\\\/\",\"name\":\"Night of Ideas Jersey City: Festival of debates, workshops, and performances on the theme of urban life, art, and growth kicks off March 1 - Villa Albertine\",\"isPartOf\":{\"@id\":\"https:\\\/\\\/villa-albertine.org\\\/va\\\/#website\"},\"primaryImageOfPage\":{\"@id\":\"https:\\\/\\\/villa-albertine.org\\\/va\\\/press-release\\\/night-of-ideas-jersey-city-festival-of-debates-workshops-and-performances-on-the-theme-of-urban-life-art-and-growth-kicks-off-march-1\\\/#primaryimage\"},\"image\":{\"@id\":\"https:\\\/\\\/villa-albertine.org\\\/va\\\/press-release\\\/night-of-ideas-jersey-city-festival-of-debates-workshops-and-performances-on-the-theme-of-urban-life-art-and-growth-kicks-off-march-1\\\/#primaryimage\"},\"thumbnailUrl\":\"https:\\\/\\\/villa-albertine.org\\\/wp-content\\\/uploads\\\/2024\\\/01\\\/NOI24_LOGO_WEB_1080x675.jpg\",\"datePublished\":\"2024-02-07T02:44:55+00:00\",\"dateModified\":\"2024-05-17T14:25:29+00:00\",\"author\":{\"@id\":\"https:\\\/\\\/villa-albertine.org\\\/va\\\/#\\\/schema\\\/person\\\/1265683b643725fffd0c7091bbab2ee1\"},\"breadcrumb\":{\"@id\":\"https:\\\/\\\/villa-albertine.org\\\/va\\\/press-release\\\/night-of-ideas-jersey-city-festival-of-debates-workshops-and-performances-on-the-theme-of-urban-life-art-and-growth-kicks-off-march-1\\\/#breadcrumb\"},\"inLanguage\":\"en-US\",\"potentialAction\":[{\"@type\":\"ReadAction\",\"target\":[\"https:\\\/\\\/villa-albertine.org\\\/va\\\/press-release\\\/night-of-ideas-jersey-city-festival-of-debates-workshops-and-performances-on-the-theme-of-urban-life-art-and-growth-kicks-off-march-1\\\/\"]}]},{\"@type\":\"ImageObject\",\"inLanguage\":\"en-US\",\"@id\":\"https:\\\/\\\/villa-albertine.org\\\/va\\\/press-release\\\/night-of-ideas-jersey-city-festival-of-debates-workshops-and-performances-on-the-theme-of-urban-life-art-and-growth-kicks-off-march-1\\\/#primaryimage\",\"url\":\"https:\\\/\\\/villa-albertine.org\\\/wp-content\\\/uploads\\\/2024\\\/01\\\/NOI24_LOGO_WEB_1080x675.jpg\",\"contentUrl\":\"https:\\\/\\\/villa-albertine.org\\\/wp-content\\\/uploads\\\/2024\\\/01\\\/NOI24_LOGO_WEB_1080x675.jpg\",\"width\":1440,\"height\":900},{\"@type\":\"BreadcrumbList\",\"@id\":\"https:\\\/\\\/villa-albertine.org\\\/va\\\/press-release\\\/night-of-ideas-jersey-city-festival-of-debates-workshops-and-performances-on-the-theme-of-urban-life-art-and-growth-kicks-off-march-1\\\/#breadcrumb\",\"itemListElement\":[{\"@type\":\"ListItem\",\"position\":1,\"name\":\"Home\",\"item\":\"https:\\\/\\\/villa-albertine.org\\\/va\\\/\"},{\"@type\":\"ListItem\",\"position\":2,\"name\":\"Night of Ideas Jersey City: Festival of debates, workshops, and performances on the theme of urban life, art, and growth kicks off March 1\"}]},{\"@type\":\"WebSite\",\"@id\":\"https:\\\/\\\/villa-albertine.org\\\/va\\\/#website\",\"url\":\"https:\\\/\\\/villa-albertine.org\\\/va\\\/\",\"name\":\"Villa Albertine\",\"description\":\"\",\"potentialAction\":[{\"@type\":\"SearchAction\",\"target\":{\"@type\":\"EntryPoint\",\"urlTemplate\":\"https:\\\/\\\/villa-albertine.org\\\/va\\\/?s={search_term_string}\"},\"query-input\":{\"@type\":\"PropertyValueSpecification\",\"valueRequired\":true,\"valueName\":\"search_term_string\"}}],\"inLanguage\":\"en-US\"},{\"@type\":\"Person\",\"@id\":\"https:\\\/\\\/villa-albertine.org\\\/va\\\/#\\\/schema\\\/person\\\/1265683b643725fffd0c7091bbab2ee1\",\"name\":\"admin\",\"image\":{\"@type\":\"ImageObject\",\"inLanguage\":\"en-US\",\"@id\":\"https:\\\/\\\/secure.gravatar.com\\\/avatar\\\/10031cd83ed1fb045b9300db783e246dc8f4051bc53245dd172e2f0c0c4e3963?s=96&d=mm&r=g\",\"url\":\"https:\\\/\\\/secure.gravatar.com\\\/avatar\\\/10031cd83ed1fb045b9300db783e246dc8f4051bc53245dd172e2f0c0c4e3963?s=96&d=mm&r=g\",\"contentUrl\":\"https:\\\/\\\/secure.gravatar.com\\\/avatar\\\/10031cd83ed1fb045b9300db783e246dc8f4051bc53245dd172e2f0c0c4e3963?s=96&d=mm&r=g\",\"caption\":\"admin\"},\"sameAs\":[\"https:\\\/\\\/villa-albertine.org\\\/\"],\"url\":\"https:\\\/\\\/villa-albertine.org\\\/va\\\/author\\\/admin\\\/\"}]}<\/script>\n<!-- \/ Yoast SEO plugin. -->","yoast_head_json":{"title":"Night of Ideas Jersey City: Festival of debates, workshops, and performances on the theme of urban life, art, and growth kicks off March 1 - Villa Albertine","robots":{"index":"index","follow":"follow","max-snippet":"max-snippet:-1","max-image-preview":"max-image-preview:large","max-video-preview":"max-video-preview:-1"},"canonical":"https:\/\/villa-albertine.org\/va\/press-release\/night-of-ideas-jersey-city-festival-of-debates-workshops-and-performances-on-the-theme-of-urban-life-art-and-growth-kicks-off-march-1\/","og_locale":"en_US","og_type":"article","og_title":"Night of Ideas Jersey City: Festival of debates, workshops, and performances on the theme of urban life, art, and growth kicks off March 1 - Villa Albertine","og_description":"March 1, 2024, 6pm\u20131am&nbsp; New York and Paris, January 30, 2024 \u2014 Villa Albertine, Centre Pompidou, and Hudson County Community College (HCCC), with the support of the City of Jersey City, today announced the Night of Ideas, to be presented at HCCC on March 1, 2024 from 6pm to 1am. For the first time, this...","og_url":"https:\/\/villa-albertine.org\/va\/press-release\/night-of-ideas-jersey-city-festival-of-debates-workshops-and-performances-on-the-theme-of-urban-life-art-and-growth-kicks-off-march-1\/","og_site_name":"Villa Albertine","article_published_time":"2024-02-07T02:44:55+00:00","article_modified_time":"2024-05-17T14:25:29+00:00","og_image":[{"width":1440,"height":900,"url":"https:\/\/villa-albertine.org\/wp-content\/uploads\/2024\/01\/NOI24_LOGO_WEB_1080x675.jpg","type":"image\/jpeg"}],"author":"admin","twitter_card":"summary_large_image","twitter_misc":{"Written by":"admin","Est. reading time":"3 minutes"},"schema":{"@context":"https:\/\/schema.org","@graph":[{"@type":"Article","@id":"https:\/\/villa-albertine.org\/va\/press-release\/night-of-ideas-jersey-city-festival-of-debates-workshops-and-performances-on-the-theme-of-urban-life-art-and-growth-kicks-off-march-1\/#article","isPartOf":{"@id":"https:\/\/villa-albertine.org\/va\/press-release\/night-of-ideas-jersey-city-festival-of-debates-workshops-and-performances-on-the-theme-of-urban-life-art-and-growth-kicks-off-march-1\/"},"author":{"name":"admin","@id":"https:\/\/villa-albertine.org\/va\/#\/schema\/person\/1265683b643725fffd0c7091bbab2ee1"},"headline":"Night of Ideas Jersey City: Festival of debates, workshops, and performances on the theme of urban life, art, and growth kicks off March 1","datePublished":"2024-02-07T02:44:55+00:00","dateModified":"2024-05-17T14:25:29+00:00","mainEntityOfPage":{"@id":"https:\/\/villa-albertine.org\/va\/press-release\/night-of-ideas-jersey-city-festival-of-debates-workshops-and-performances-on-the-theme-of-urban-life-art-and-growth-kicks-off-march-1\/"},"wordCount":715,"image":{"@id":"https:\/\/villa-albertine.org\/va\/press-release\/night-of-ideas-jersey-city-festival-of-debates-workshops-and-performances-on-the-theme-of-urban-life-art-and-growth-kicks-off-march-1\/#primaryimage"},"thumbnailUrl":"https:\/\/villa-albertine.org\/wp-content\/uploads\/2024\/01\/NOI24_LOGO_WEB_1080x675.jpg","keywords":["french","ideas","jersey","night","pompidou","villa albertine"],"articleSection":["Press Release"],"inLanguage":"en-US"},{"@type":"WebPage","@id":"https:\/\/villa-albertine.org\/va\/press-release\/night-of-ideas-jersey-city-festival-of-debates-workshops-and-performances-on-the-theme-of-urban-life-art-and-growth-kicks-off-march-1\/","url":"https:\/\/villa-albertine.org\/va\/press-release\/night-of-ideas-jersey-city-festival-of-debates-workshops-and-performances-on-the-theme-of-urban-life-art-and-growth-kicks-off-march-1\/","name":"Night of Ideas Jersey City: Festival of debates, workshops, and performances on the theme of urban life, art, and growth kicks off March 1 - Villa Albertine","isPartOf":{"@id":"https:\/\/villa-albertine.org\/va\/#website"},"primaryImageOfPage":{"@id":"https:\/\/villa-albertine.org\/va\/press-release\/night-of-ideas-jersey-city-festival-of-debates-workshops-and-performances-on-the-theme-of-urban-life-art-and-growth-kicks-off-march-1\/#primaryimage"},"image":{"@id":"https:\/\/villa-albertine.org\/va\/press-release\/night-of-ideas-jersey-city-festival-of-debates-workshops-and-performances-on-the-theme-of-urban-life-art-and-growth-kicks-off-march-1\/#primaryimage"},"thumbnailUrl":"https:\/\/villa-albertine.org\/wp-content\/uploads\/2024\/01\/NOI24_LOGO_WEB_1080x675.jpg","datePublished":"2024-02-07T02:44:55+00:00","dateModified":"2024-05-17T14:25:29+00:00","author":{"@id":"https:\/\/villa-albertine.org\/va\/#\/schema\/person\/1265683b643725fffd0c7091bbab2ee1"},"breadcrumb":{"@id":"https:\/\/villa-albertine.org\/va\/press-release\/night-of-ideas-jersey-city-festival-of-debates-workshops-and-performances-on-the-theme-of-urban-life-art-and-growth-kicks-off-march-1\/#breadcrumb"},"inLanguage":"en-US","potentialAction":[{"@type":"ReadAction","target":["https:\/\/villa-albertine.org\/va\/press-release\/night-of-ideas-jersey-city-festival-of-debates-workshops-and-performances-on-the-theme-of-urban-life-art-and-growth-kicks-off-march-1\/"]}]},{"@type":"ImageObject","inLanguage":"en-US","@id":"https:\/\/villa-albertine.org\/va\/press-release\/night-of-ideas-jersey-city-festival-of-debates-workshops-and-performances-on-the-theme-of-urban-life-art-and-growth-kicks-off-march-1\/#primaryimage","url":"https:\/\/villa-albertine.org\/wp-content\/uploads\/2024\/01\/NOI24_LOGO_WEB_1080x675.jpg","contentUrl":"https:\/\/villa-albertine.org\/wp-content\/uploads\/2024\/01\/NOI24_LOGO_WEB_1080x675.jpg","width":1440,"height":900},{"@type":"BreadcrumbList","@id":"https:\/\/villa-albertine.org\/va\/press-release\/night-of-ideas-jersey-city-festival-of-debates-workshops-and-performances-on-the-theme-of-urban-life-art-and-growth-kicks-off-march-1\/#breadcrumb","itemListElement":[{"@type":"ListItem","position":1,"name":"Home","item":"https:\/\/villa-albertine.org\/va\/"},{"@type":"ListItem","position":2,"name":"Night of Ideas Jersey City: Festival of debates, workshops, and performances on the theme of urban life, art, and growth kicks off March 1"}]},{"@type":"WebSite","@id":"https:\/\/villa-albertine.org\/va\/#website","url":"https:\/\/villa-albertine.org\/va\/","name":"Villa Albertine","description":"","potentialAction":[{"@type":"SearchAction","target":{"@type":"EntryPoint","urlTemplate":"https:\/\/villa-albertine.org\/va\/?s={search_term_string}"},"query-input":{"@type":"PropertyValueSpecification","valueRequired":true,"valueName":"search_term_string"}}],"inLanguage":"en-US"},{"@type":"Person","@id":"https:\/\/villa-albertine.org\/va\/#\/schema\/person\/1265683b643725fffd0c7091bbab2ee1","name":"admin","image":{"@type":"ImageObject","inLanguage":"en-US","@id":"https:\/\/secure.gravatar.com\/avatar\/10031cd83ed1fb045b9300db783e246dc8f4051bc53245dd172e2f0c0c4e3963?s=96&d=mm&r=g","url":"https:\/\/secure.gravatar.com\/avatar\/10031cd83ed1fb045b9300db783e246dc8f4051bc53245dd172e2f0c0c4e3963?s=96&d=mm&r=g","contentUrl":"https:\/\/secure.gravatar.com\/avatar\/10031cd83ed1fb045b9300db783e246dc8f4051bc53245dd172e2f0c0c4e3963?s=96&d=mm&r=g","caption":"admin"},"sameAs":["https:\/\/villa-albertine.org\/"],"url":"https:\/\/villa-albertine.org\/va\/author\/admin\/"}]}},"_links":{"self":[{"href":"https:\/\/villa-albertine.org\/va\/wp-json\/wp\/v2\/posts\/478427","targetHints":{"allow":["GET"]}}],"collection":[{"href":"https:\/\/villa-albertine.org\/va\/wp-json\/wp\/v2\/posts"}],"about":[{"href":"https:\/\/villa-albertine.org\/va\/wp-json\/wp\/v2\/types\/post"}],"author":[{"embeddable":true,"href":"https:\/\/villa-albertine.org\/va\/wp-json\/wp\/v2\/users\/1"}],"replies":[{"embeddable":true,"href":"https:\/\/villa-albertine.org\/va\/wp-json\/wp\/v2\/comments?post=478427"}],"version-history":[{"count":2,"href":"https:\/\/villa-albertine.org\/va\/wp-json\/wp\/v2\/posts\/478427\/revisions"}],"predecessor-version":[{"id":478455,"href":"https:\/\/villa-albertine.org\/va\/wp-json\/wp\/v2\/posts\/478427\/revisions\/478455"}],"wp:featuredmedia":[{"embeddable":true,"href":"https:\/\/villa-albertine.org\/va\/wp-json\/wp\/v2\/media\/438047"}],"wp:attachment":[{"href":"https:\/\/villa-albertine.org\/va\/wp-json\/wp\/v2\/media?parent=478427"}],"wp:term":[{"taxonomy":"category","embeddable":true,"href":"https:\/\/villa-albertine.org\/va\/wp-json\/wp\/v2\/categories?post=478427"},{"taxonomy":"post_tag","embeddable":true,"href":"https:\/\/villa-albertine.org\/va\/wp-json\/wp\/v2\/tags?post=478427"},{"taxonomy":"app_discipline","embeddable":true,"href":"https:\/\/villa-albertine.org\/va\/wp-json\/wp\/v2\/app_discipline?post=478427"},{"taxonomy":"app_city_tax","embeddable":true,"href":"https:\/\/villa-albertine.org\/va\/wp-json\/wp\/v2\/app_city_tax?post=478427"}],"curies":[{"name":"wp","href":"https:\/\/api.w.org\/{rel}","templated":true}]}}