{"id":633109,"date":"2024-06-12T13:44:15","date_gmt":"2024-06-12T13:44:15","guid":{"rendered":"https:\/\/villa-albertine.org\/?post_type=app_news&#038;p=633109"},"modified":"2024-10-22T18:50:13","modified_gmt":"2024-10-22T18:50:13","slug":"villa-albertine-and-axa-partner-to-support-international-artistic-exchanges","status":"publish","type":"app_news","link":"https:\/\/villa-albertine.org\/va\/news\/villa-albertine-and-axa-partner-to-support-international-artistic-exchanges\/","title":{"rendered":"Villa Albertine and AXA Partner to Support International Artistic Exchanges\u00a0"},"content":{"rendered":"\n<p>With a mission to act for human progress by protecting what matters, AXA will provide exclusive sponsorship support for the 2024 edition of the Marfa residency program, entitled \u201cInhabiting the Desert\u201d, and the 2024 \u2013 2026 cycles of Villa Albertine\u2019s flagship visual arts grant program, \u00c9tant donn\u00e9s, now celebrating its 30th year of activity. By partnering with AXA, Villa Albertine continues to expand its support for contemporary artists in the spheres of creation and distribution. The \u00c9tant donn\u00e9s grants provide financial support to enable American museums and galleries to present exhibitions by one or more French artist(s) and French institutions to present exhibitions of American artists. The Marfa residency, produced in partnership with Centre Pompidou, brings together artists and intellectuals to explore a crucial issue in our society and to generate work that fosters interdisciplinary and cross-cultural dialogue.<\/p>\n\n\n\n<p>\u201cVilla Albertine is honored to partner with AXA to amplify and nurture the work of artists and creators. Our mission to adapt to artists\u2019 unique creative needs is ever-present in this collaboration, which expands Villa Albertine\u2019s presence from the Texan desert with our Marfa residency to contemporary visual artists, curators, museums, and cultural institutions on both sides of the Atlantic with Etant donn\u00e9s,\u201d stated Mohamed Bouabdallah, Director of Villa Albertine and Cultural Counselor of France.<\/p>\n\n\n\n<p>Following the success of its first edition in 2023, Villa Albertine\u2019s collective and multidisciplinary residency program in Marfa, Texas returns in 2024, gathering&nbsp;five French and American artists and researchers&nbsp;to reflect on the challenges of preserving a habitable world. Located in far West Texas, 60 miles from the US-Mexico border, Marfa\u2019s desert landscape serves as an ideal setting for artists and intellectuals&nbsp;to examine key ecological and migratory challenges and our connection with our surrounding environments. This program has been developed and implemented in collaboration with&nbsp;Mathieu Potte-Bonneville, Head of the Department of Culture and Creation at the Centre Pompidou. Learn more about the 2024 laureates <a href=\"https:\/\/villa-albertine.org\/professionals\/2024-marfa-residents-explore-the-theme-of-inhabiting-the-desert\/\" target=\"_blank\" rel=\"noreferrer noopener\">here.<\/a> &nbsp;<\/p>\n\n\n\n<ul class=\"wp-block-list\">\n<li>Jean-Baptiste Del Amo, author and photographer<\/li>\n\n\n\n<li>Alice Loumeau, architect, artist, and cartographer &nbsp;<\/li>\n\n\n\n<li>Josefina Paz, artist and researcher<\/li>\n\n\n\n<li>Gr\u00e9goire Schaller, visual artist, choreographer, and aesthetics researcher<\/li>\n\n\n\n<li>Ad\u00e8le Humbert, podcast creator<\/li>\n<\/ul>\n\n\n\n<p>For 30 years, the <a href=\"https:\/\/villa-albertine.org\/professionals\/announcing-the-2024-etant-donnes-grantees\/\">\u00c9tant donn\u00e9s program<\/a> has strengthened ties between France and the US in the field of contemporary art by fostering active collaborations and encouraging long-lasting partnerships between French and American visual artists, collectives, curators, and cultural institutions. With the exclusive sponsorship of AXA, and in partnership with Institut fran\u00e7ais, ADAGP, and the Minist\u00e8re de la Culture, the\u00a0fund provides\u00a0creative grants\u00a0to American and French nonprofit institutions wishing to organize exhibitions featuring living French or France-based artists and American artists, respectively, as well as\u00a0curatorial fellowships\u00a0for American curators to conduct research on\u00a0the French visual arts scene. From September 2024 to August 2026, the creative grants will allow nine American museum and non-profit institutions and three French institutions to welcome artists to present group or individual exhibitions. During fall 2024, in partnership with Independent Curators International, two\u00a0American curators will participate in fellowships in France through \u00c9tant donn\u00e9s.<\/p>\n\n\n\n<p><strong>I. Creative Grants for Projects in the US &amp; France &#8211; Laureates<\/strong><\/p>\n\n\n\n<ul class=\"wp-block-list\">\n<li>Bass Museum of Art | Miami Beach, FL, USA<\/li>\n\n\n\n<li>Tout-Monde Art Foundation | Tallahassee, FL, USA<\/li>\n\n\n\n<li>Centre d&#8217;art de Saint-Fons | Saint-Fons, France<\/li>\n\n\n\n<li>Le 19, Centre r\u00e9gional d&#8217;art contemporain de Montb\u00e9liard | Montb\u00e9liard, France<\/li>\n\n\n\n<li>The High Line | New York, NY, USA<\/li>\n\n\n\n<li>Walker Art Center | Minneapolis, MN, USA<\/li>\n\n\n\n<li>Frac des Pays de la Loire | Carquefou, France<\/li>\n\n\n\n<li>NSU Art Museum, Fort Lauderdale | Fort Lauderdale, FL, USA<\/li>\n\n\n\n<li>Institute of Contemporary Art, Miami (ICA Miami) | Miami, FL, USA<\/li>\n\n\n\n<li>The Bell \u2013 Brown Arts Institute | Providence, RI, USA<\/li>\n\n\n\n<li>The Ukranian Museum | New York, NY, USA<\/li>\n\n\n\n<li>Contemporary Art Museum St. Louis | St. Louis, MO, USA<\/li>\n<\/ul>\n\n\n\n<p><strong>II. Curatorial Fellowships<\/strong> <strong>&#8211; Laureates<\/strong><\/p>\n\n\n\n<ul class=\"wp-block-list\">\n<li>Park Myers<\/li>\n\n\n\n<li>Rotam Rozental<\/li>\n<\/ul>\n\n\n\n<p>&#8220;We are proud to be a major patron of Villa Albertine and the exclusive partner of this ambitious artistic program. At AXA we believe that culture and the arts are vital catalysts for progress, as they foster innovation, critical thinking and beauty. By supporting artistic creation, we cultivate cooperation, intercultural dialogues and innovative ideas on issues of our era. This aspiration mirrors AXA\u2019s own purpose, which inspires our 140,000 employees across the world: to act for human progress by protecting what matters. As an international group with French roots, present in the United States since 1991, the \u201c\u00c9tant donn\u00e9s\u201d program will further strengthen the historical ties that bind us.&#8221; &#8211; Thomas Buberl, CEO of AXA. <\/p>\n","protected":false},"featured_media":633317,"menu_order":0,"template":"","app_discipline":[234],"app_city_tax":[235],"app_news_type":[],"class_list":["post-633109","app_news","type-app_news","status-publish","has-post-thumbnail","hentry","app_discipline-all-disciplines","app_city_tax-all-cities"],"acf":[],"yoast_head":"<!-- This site is optimized with the Yoast SEO plugin v27.3 - https:\/\/yoast.com\/product\/yoast-seo-wordpress\/ -->\n<title>Villa Albertine and AXA Partner to Support International Artistic Exchanges\u00a0 - Villa Albertine<\/title>\n<meta name=\"robots\" content=\"index, follow, max-snippet:-1, max-image-preview:large, max-video-preview:-1\" \/>\n<link rel=\"canonical\" href=\"https:\/\/villa-albertine.org\/va\/news\/villa-albertine-and-axa-partner-to-support-international-artistic-exchanges\/\" \/>\n<meta property=\"og:locale\" content=\"en_US\" \/>\n<meta property=\"og:type\" content=\"article\" \/>\n<meta property=\"og:title\" content=\"Villa Albertine and AXA Partner to Support International Artistic Exchanges\u00a0 - Villa Albertine\" \/>\n<meta property=\"og:description\" content=\"With a mission to act for human progress by protecting what matters, AXA will provide exclusive sponsorship support for the 2024 edition of the Marfa residency program, entitled \u201cInhabiting the Desert\u201d, and the 2024 \u2013 2026 cycles of Villa Albertine\u2019s flagship visual arts grant program, \u00c9tant donn\u00e9s, now celebrating its 30th year of activity. By...\" \/>\n<meta property=\"og:url\" content=\"https:\/\/villa-albertine.org\/va\/news\/villa-albertine-and-axa-partner-to-support-international-artistic-exchanges\/\" \/>\n<meta property=\"og:site_name\" content=\"Villa Albertine\" \/>\n<meta property=\"article:modified_time\" content=\"2024-10-22T18:50:13+00:00\" \/>\n<meta property=\"og:image\" content=\"https:\/\/villa-albertine.org\/wp-content\/uploads\/2024\/05\/Bianca-Bondi-1-scaled-1.jpg\" \/>\n\t<meta property=\"og:image:width\" content=\"2560\" \/>\n\t<meta property=\"og:image:height\" content=\"1706\" \/>\n\t<meta property=\"og:image:type\" content=\"image\/jpeg\" \/>\n<meta name=\"twitter:card\" content=\"summary_large_image\" \/>\n<meta name=\"twitter:label1\" content=\"Est. reading time\" \/>\n\t<meta name=\"twitter:data1\" content=\"4 minutes\" \/>\n<script type=\"application\/ld+json\" class=\"yoast-schema-graph\">{\"@context\":\"https:\\\/\\\/schema.org\",\"@graph\":[{\"@type\":\"WebPage\",\"@id\":\"https:\\\/\\\/villa-albertine.org\\\/va\\\/news\\\/villa-albertine-and-axa-partner-to-support-international-artistic-exchanges\\\/\",\"url\":\"https:\\\/\\\/villa-albertine.org\\\/va\\\/news\\\/villa-albertine-and-axa-partner-to-support-international-artistic-exchanges\\\/\",\"name\":\"Villa Albertine and AXA Partner to Support International Artistic Exchanges\u00a0 - Villa Albertine\",\"isPartOf\":{\"@id\":\"https:\\\/\\\/villa-albertine.org\\\/va\\\/#website\"},\"primaryImageOfPage\":{\"@id\":\"https:\\\/\\\/villa-albertine.org\\\/va\\\/news\\\/villa-albertine-and-axa-partner-to-support-international-artistic-exchanges\\\/#primaryimage\"},\"image\":{\"@id\":\"https:\\\/\\\/villa-albertine.org\\\/va\\\/news\\\/villa-albertine-and-axa-partner-to-support-international-artistic-exchanges\\\/#primaryimage\"},\"thumbnailUrl\":\"https:\\\/\\\/villa-albertine.org\\\/wp-content\\\/uploads\\\/2024\\\/05\\\/Bianca-Bondi-1-scaled-1.jpg\",\"datePublished\":\"2024-06-12T13:44:15+00:00\",\"dateModified\":\"2024-10-22T18:50:13+00:00\",\"breadcrumb\":{\"@id\":\"https:\\\/\\\/villa-albertine.org\\\/va\\\/news\\\/villa-albertine-and-axa-partner-to-support-international-artistic-exchanges\\\/#breadcrumb\"},\"inLanguage\":\"en-US\",\"potentialAction\":[{\"@type\":\"ReadAction\",\"target\":[\"https:\\\/\\\/villa-albertine.org\\\/va\\\/news\\\/villa-albertine-and-axa-partner-to-support-international-artistic-exchanges\\\/\"]}]},{\"@type\":\"ImageObject\",\"inLanguage\":\"en-US\",\"@id\":\"https:\\\/\\\/villa-albertine.org\\\/va\\\/news\\\/villa-albertine-and-axa-partner-to-support-international-artistic-exchanges\\\/#primaryimage\",\"url\":\"https:\\\/\\\/villa-albertine.org\\\/wp-content\\\/uploads\\\/2024\\\/05\\\/Bianca-Bondi-1-scaled-1.jpg\",\"contentUrl\":\"https:\\\/\\\/villa-albertine.org\\\/wp-content\\\/uploads\\\/2024\\\/05\\\/Bianca-Bondi-1-scaled-1.jpg\",\"width\":2560,\"height\":1706},{\"@type\":\"BreadcrumbList\",\"@id\":\"https:\\\/\\\/villa-albertine.org\\\/va\\\/news\\\/villa-albertine-and-axa-partner-to-support-international-artistic-exchanges\\\/#breadcrumb\",\"itemListElement\":[{\"@type\":\"ListItem\",\"position\":1,\"name\":\"Home\",\"item\":\"https:\\\/\\\/villa-albertine.org\\\/va\\\/\"},{\"@type\":\"ListItem\",\"position\":2,\"name\":\"Villa Albertine and AXA Partner to Support International Artistic Exchanges\u00a0\"}]},{\"@type\":\"WebSite\",\"@id\":\"https:\\\/\\\/villa-albertine.org\\\/va\\\/#website\",\"url\":\"https:\\\/\\\/villa-albertine.org\\\/va\\\/\",\"name\":\"Villa Albertine\",\"description\":\"\",\"potentialAction\":[{\"@type\":\"SearchAction\",\"target\":{\"@type\":\"EntryPoint\",\"urlTemplate\":\"https:\\\/\\\/villa-albertine.org\\\/va\\\/?s={search_term_string}\"},\"query-input\":{\"@type\":\"PropertyValueSpecification\",\"valueRequired\":true,\"valueName\":\"search_term_string\"}}],\"inLanguage\":\"en-US\"}]}<\/script>\n<!-- \/ Yoast SEO plugin. -->","yoast_head_json":{"title":"Villa Albertine and AXA Partner to Support International Artistic Exchanges\u00a0 - Villa Albertine","robots":{"index":"index","follow":"follow","max-snippet":"max-snippet:-1","max-image-preview":"max-image-preview:large","max-video-preview":"max-video-preview:-1"},"canonical":"https:\/\/villa-albertine.org\/va\/news\/villa-albertine-and-axa-partner-to-support-international-artistic-exchanges\/","og_locale":"en_US","og_type":"article","og_title":"Villa Albertine and AXA Partner to Support International Artistic Exchanges\u00a0 - Villa Albertine","og_description":"With a mission to act for human progress by protecting what matters, AXA will provide exclusive sponsorship support for the 2024 edition of the Marfa residency program, entitled \u201cInhabiting the Desert\u201d, and the 2024 \u2013 2026 cycles of Villa Albertine\u2019s flagship visual arts grant program, \u00c9tant donn\u00e9s, now celebrating its 30th year of activity. By...","og_url":"https:\/\/villa-albertine.org\/va\/news\/villa-albertine-and-axa-partner-to-support-international-artistic-exchanges\/","og_site_name":"Villa Albertine","article_modified_time":"2024-10-22T18:50:13+00:00","og_image":[{"width":2560,"height":1706,"url":"https:\/\/villa-albertine.org\/wp-content\/uploads\/2024\/05\/Bianca-Bondi-1-scaled-1.jpg","type":"image\/jpeg"}],"twitter_card":"summary_large_image","twitter_misc":{"Est. reading time":"4 minutes"},"schema":{"@context":"https:\/\/schema.org","@graph":[{"@type":"WebPage","@id":"https:\/\/villa-albertine.org\/va\/news\/villa-albertine-and-axa-partner-to-support-international-artistic-exchanges\/","url":"https:\/\/villa-albertine.org\/va\/news\/villa-albertine-and-axa-partner-to-support-international-artistic-exchanges\/","name":"Villa Albertine and AXA Partner to Support International Artistic Exchanges\u00a0 - Villa Albertine","isPartOf":{"@id":"https:\/\/villa-albertine.org\/va\/#website"},"primaryImageOfPage":{"@id":"https:\/\/villa-albertine.org\/va\/news\/villa-albertine-and-axa-partner-to-support-international-artistic-exchanges\/#primaryimage"},"image":{"@id":"https:\/\/villa-albertine.org\/va\/news\/villa-albertine-and-axa-partner-to-support-international-artistic-exchanges\/#primaryimage"},"thumbnailUrl":"https:\/\/villa-albertine.org\/wp-content\/uploads\/2024\/05\/Bianca-Bondi-1-scaled-1.jpg","datePublished":"2024-06-12T13:44:15+00:00","dateModified":"2024-10-22T18:50:13+00:00","breadcrumb":{"@id":"https:\/\/villa-albertine.org\/va\/news\/villa-albertine-and-axa-partner-to-support-international-artistic-exchanges\/#breadcrumb"},"inLanguage":"en-US","potentialAction":[{"@type":"ReadAction","target":["https:\/\/villa-albertine.org\/va\/news\/villa-albertine-and-axa-partner-to-support-international-artistic-exchanges\/"]}]},{"@type":"ImageObject","inLanguage":"en-US","@id":"https:\/\/villa-albertine.org\/va\/news\/villa-albertine-and-axa-partner-to-support-international-artistic-exchanges\/#primaryimage","url":"https:\/\/villa-albertine.org\/wp-content\/uploads\/2024\/05\/Bianca-Bondi-1-scaled-1.jpg","contentUrl":"https:\/\/villa-albertine.org\/wp-content\/uploads\/2024\/05\/Bianca-Bondi-1-scaled-1.jpg","width":2560,"height":1706},{"@type":"BreadcrumbList","@id":"https:\/\/villa-albertine.org\/va\/news\/villa-albertine-and-axa-partner-to-support-international-artistic-exchanges\/#breadcrumb","itemListElement":[{"@type":"ListItem","position":1,"name":"Home","item":"https:\/\/villa-albertine.org\/va\/"},{"@type":"ListItem","position":2,"name":"Villa Albertine and AXA Partner to Support International Artistic Exchanges\u00a0"}]},{"@type":"WebSite","@id":"https:\/\/villa-albertine.org\/va\/#website","url":"https:\/\/villa-albertine.org\/va\/","name":"Villa Albertine","description":"","potentialAction":[{"@type":"SearchAction","target":{"@type":"EntryPoint","urlTemplate":"https:\/\/villa-albertine.org\/va\/?s={search_term_string}"},"query-input":{"@type":"PropertyValueSpecification","valueRequired":true,"valueName":"search_term_string"}}],"inLanguage":"en-US"}]}},"_links":{"self":[{"href":"https:\/\/villa-albertine.org\/va\/wp-json\/wp\/v2\/app_news\/633109","targetHints":{"allow":["GET"]}}],"collection":[{"href":"https:\/\/villa-albertine.org\/va\/wp-json\/wp\/v2\/app_news"}],"about":[{"href":"https:\/\/villa-albertine.org\/va\/wp-json\/wp\/v2\/types\/app_news"}],"wp:featuredmedia":[{"embeddable":true,"href":"https:\/\/villa-albertine.org\/va\/wp-json\/wp\/v2\/media\/633317"}],"wp:attachment":[{"href":"https:\/\/villa-albertine.org\/va\/wp-json\/wp\/v2\/media?parent=633109"}],"wp:term":[{"taxonomy":"app_discipline","embeddable":true,"href":"https:\/\/villa-albertine.org\/va\/wp-json\/wp\/v2\/app_discipline?post=633109"},{"taxonomy":"app_city_tax","embeddable":true,"href":"https:\/\/villa-albertine.org\/va\/wp-json\/wp\/v2\/app_city_tax?post=633109"},{"taxonomy":"app_news_type","embeddable":true,"href":"https:\/\/villa-albertine.org\/va\/wp-json\/wp\/v2\/app_news_type?post=633109"}],"curies":[{"name":"wp","href":"https:\/\/api.w.org\/{rel}","templated":true}]}}