{"id":57074,"date":"2022-11-01T15:54:20","date_gmt":"2022-11-01T15:54:20","guid":{"rendered":"https:\/\/villa-albertine.org\/news\/8-french-nominees-international-emmy-awards\/"},"modified":"2023-08-23T07:35:44","modified_gmt":"2023-08-23T07:35:44","slug":"8-french-nominees-international-emmy-awards","status":"publish","type":"app_news","link":"https:\/\/villa-albertine.org\/va\/news\/8-french-nominees-international-emmy-awards\/","title":{"rendered":"8 French Nominees at the International Emmy Awards"},"content":{"rendered":"<p>Each year, the leading television and film producers from around the world showcase their programming and compete to be recognized at the prestigious International Emmy\u00ae Awards, traditionally held in New York City. This year, among 60 nominees in 15 categories, 23 countries are represented, including France with eight TV shows and films nominated for awards! Winners will be announced at an in-person Ceremony in New York City, on Monday, November 21, 2022.<\/p>\n<p>\u00a0<\/p>\n<p><strong>Discover the eight French nominees:\u00a0<\/strong><\/p>\n<p><u>Arts Programming<\/u><\/p>\n<ul>\n<li><strong>&#8220;Charlie Chaplin, le g\u00e9nie de la libert\u00e9&#8221;<\/strong>\u00a0(&#8220;Charlie Chaplin, The Genius of Liberty&#8221;) by Yves Jeuland, produced by\u00a0<a href=\"https:\/\/www.unifrance.org\/annuaires\/societe\/71919\/kuiv-productions\">Kuiv Productions<\/a>\u00a0for\u00a0<a href=\"https:\/\/www.unifrance.org\/annuaires\/societe\/308090\/france-televisions\">France T\u00e9l\u00e9visions<\/a><\/li>\n<\/ul>\n<p><u>Best Performance by an Actress<\/u><\/p>\n<ul>\n<li><strong><a href=\"https:\/\/www.unifrance.org\/annuaires\/personne\/370447\/lou-de-laage\">Lou de La\u00e2ge<\/a><\/strong>\u00a0in &#8220;<a href=\"https:\/\/www.unifrance.org\/film\/52833\/le-bal-des-folles\">Le Bal des folles<\/a>&#8221;\u00a0(&#8220;The Mad Women\u2019s Ball&#8221;) by M\u00e9lanie Laurent, produced by\u00a0<a href=\"https:\/\/www.unifrance.org\/annuaires\/societe\/220156\/legende\">L\u00e9gende<\/a>\u00a0for Amazon<\/li>\n<\/ul>\n<p><u>Comedy<\/u><\/p>\n<ul>\n<li><strong>&#8220;On the Verge&#8221;<\/strong>\u00a0by Julie Delpy, produced by\u00a0<a href=\"https:\/\/www.unifrance.org\/annuaires\/societe\/328740\/the-film\">The Film TV<\/a>\u00a0for Canal+<\/li>\n<\/ul>\n<p><u>Documentary<\/u><\/p>\n<ul>\n<li><strong>&#8220;Enfants de Daech, les damn\u00e9s de la guerre&#8221;<\/strong>\u00a0(&#8220;Iraq\u2019s Lost Generation&#8221;) by Anne Poiret, produced by\u00a0<a href=\"https:\/\/www.unifrance.org\/annuaires\/societe\/93639\/cineteve\">Cin\u00e9t\u00e9v\u00e9<\/a>\u00a0for France T\u00e9l\u00e9visions<\/li>\n<\/ul>\n<p><u>Drama Series\u00a0<\/u><\/p>\n<ul>\n<li><strong>&#8220;Lupin&#8221; <\/strong>by George Kay<strong>,\u00a0<\/strong>produced by\u00a0<a href=\"https:\/\/www.unifrance.org\/annuaires\/societe\/55479\/gaumont-television\">Gaumont T\u00e9l\u00e9vision<\/a>\u00a0for Netflix<\/li>\n<\/ul>\n<p><u>Kids Animation<\/u><\/p>\n<ul>\n<li><strong>&#8220;Les Lapins cr\u00e9tins &#8211; Invasion : mission sur Mars&#8221;<\/strong>\u00a0(&#8220;Rabbids Invasion Special &#8211; Mission to Mars&#8221;), produced by\u00a0<a href=\"https:\/\/www.unifrance.org\/annuaires\/societe\/359866\/ubisoft-film-television\">Ubisoft Motion Pictures Rabbids<\/a><\/li>\n<\/ul>\n<p><u>Sports Documentary<\/u><\/p>\n<ul>\n<li><strong>&#8220;Nadia&#8221; <\/strong>by\u00a0Anissa Bonnefont\u00a0produced by\u00a0<a href=\"https:\/\/www.unifrance.org\/annuaires\/societe\/358728\/echo-studio\">Echo Studio<\/a>\u00a0and\u00a0<a href=\"https:\/\/www.unifrance.org\/annuaires\/societe\/361622\/federation-entertainment\">Federation Entertainment<\/a><\/li>\n<\/ul>\n<p><u>TV Movie\/Mini-Series<\/u><\/p>\n<ul>\n<li><strong>&#8220;Il est elle&#8221; <\/strong>(&#8220;(S)He&#8221;) by\u00a0Cl\u00e9ment Michel, produced by And So On Films for TF1<\/li>\n<\/ul>\n<p>\u00a0<\/p>\n<p>Discover the full list of nominees\u00a0<a href=\"https:\/\/www.iemmys.tv\/international-emmy-awards\/nominees\/\">here<\/a><\/p>\n","protected":false},"featured_media":57072,"menu_order":0,"template":"","app_discipline":[219],"app_city_tax":[217],"app_news_type":[],"class_list":["post-57074","app_news","type-app_news","status-publish","has-post-thumbnail","hentry","app_discipline-cinema","app_city_tax-nyc"],"acf":[],"yoast_head":"<!-- This site is optimized with the Yoast SEO plugin v27.3 - https:\/\/yoast.com\/product\/yoast-seo-wordpress\/ -->\n<title>8 French Nominees at the International Emmy Awards - Villa Albertine<\/title>\n<meta name=\"robots\" content=\"index, follow, max-snippet:-1, max-image-preview:large, max-video-preview:-1\" \/>\n<link rel=\"canonical\" href=\"https:\/\/villa-albertine.org\/va\/news\/8-french-nominees-international-emmy-awards\/\" \/>\n<meta property=\"og:locale\" content=\"en_US\" \/>\n<meta property=\"og:type\" content=\"article\" \/>\n<meta property=\"og:title\" content=\"8 French Nominees at the International Emmy Awards - Villa Albertine\" \/>\n<meta property=\"og:description\" content=\"Each year, the leading television and film producers from around the world showcase their programming and compete to be recognized at the prestigious International Emmy\u00ae Awards, traditionally held in New York City. This year, among 60 nominees in 15 categories, 23 countries are represented, including France with eight TV shows and films nominated for awards!...\" \/>\n<meta property=\"og:url\" content=\"https:\/\/villa-albertine.org\/va\/news\/8-french-nominees-international-emmy-awards\/\" \/>\n<meta property=\"og:site_name\" content=\"Villa Albertine\" \/>\n<meta property=\"article:modified_time\" content=\"2023-08-23T07:35:44+00:00\" \/>\n<meta property=\"og:image\" content=\"https:\/\/villa-albertine.org\/wp-content\/uploads\/2023\/08\/the-mad-womens-ball.jpg\" \/>\n\t<meta property=\"og:image:width\" content=\"681\" \/>\n\t<meta property=\"og:image:height\" content=\"383\" \/>\n\t<meta property=\"og:image:type\" content=\"image\/jpeg\" \/>\n<meta name=\"twitter:card\" content=\"summary_large_image\" \/>\n<meta name=\"twitter:label1\" content=\"Est. reading time\" \/>\n\t<meta name=\"twitter:data1\" content=\"1 minute\" \/>\n<script type=\"application\/ld+json\" class=\"yoast-schema-graph\">{\"@context\":\"https:\\\/\\\/schema.org\",\"@graph\":[{\"@type\":\"WebPage\",\"@id\":\"https:\\\/\\\/villa-albertine.org\\\/va\\\/news\\\/8-french-nominees-international-emmy-awards\\\/\",\"url\":\"https:\\\/\\\/villa-albertine.org\\\/va\\\/news\\\/8-french-nominees-international-emmy-awards\\\/\",\"name\":\"8 French Nominees at the International Emmy Awards - Villa Albertine\",\"isPartOf\":{\"@id\":\"https:\\\/\\\/villa-albertine.org\\\/va\\\/#website\"},\"primaryImageOfPage\":{\"@id\":\"https:\\\/\\\/villa-albertine.org\\\/va\\\/news\\\/8-french-nominees-international-emmy-awards\\\/#primaryimage\"},\"image\":{\"@id\":\"https:\\\/\\\/villa-albertine.org\\\/va\\\/news\\\/8-french-nominees-international-emmy-awards\\\/#primaryimage\"},\"thumbnailUrl\":\"https:\\\/\\\/villa-albertine.org\\\/wp-content\\\/uploads\\\/2023\\\/08\\\/the-mad-womens-ball.jpg\",\"datePublished\":\"2022-11-01T15:54:20+00:00\",\"dateModified\":\"2023-08-23T07:35:44+00:00\",\"breadcrumb\":{\"@id\":\"https:\\\/\\\/villa-albertine.org\\\/va\\\/news\\\/8-french-nominees-international-emmy-awards\\\/#breadcrumb\"},\"inLanguage\":\"en-US\",\"potentialAction\":[{\"@type\":\"ReadAction\",\"target\":[\"https:\\\/\\\/villa-albertine.org\\\/va\\\/news\\\/8-french-nominees-international-emmy-awards\\\/\"]}]},{\"@type\":\"ImageObject\",\"inLanguage\":\"en-US\",\"@id\":\"https:\\\/\\\/villa-albertine.org\\\/va\\\/news\\\/8-french-nominees-international-emmy-awards\\\/#primaryimage\",\"url\":\"https:\\\/\\\/villa-albertine.org\\\/wp-content\\\/uploads\\\/2023\\\/08\\\/the-mad-womens-ball.jpg\",\"contentUrl\":\"https:\\\/\\\/villa-albertine.org\\\/wp-content\\\/uploads\\\/2023\\\/08\\\/the-mad-womens-ball.jpg\",\"width\":681,\"height\":383},{\"@type\":\"BreadcrumbList\",\"@id\":\"https:\\\/\\\/villa-albertine.org\\\/va\\\/news\\\/8-french-nominees-international-emmy-awards\\\/#breadcrumb\",\"itemListElement\":[{\"@type\":\"ListItem\",\"position\":1,\"name\":\"Home\",\"item\":\"https:\\\/\\\/villa-albertine.org\\\/va\\\/\"},{\"@type\":\"ListItem\",\"position\":2,\"name\":\"8 French Nominees at the International Emmy Awards\"}]},{\"@type\":\"WebSite\",\"@id\":\"https:\\\/\\\/villa-albertine.org\\\/va\\\/#website\",\"url\":\"https:\\\/\\\/villa-albertine.org\\\/va\\\/\",\"name\":\"Villa Albertine\",\"description\":\"\",\"potentialAction\":[{\"@type\":\"SearchAction\",\"target\":{\"@type\":\"EntryPoint\",\"urlTemplate\":\"https:\\\/\\\/villa-albertine.org\\\/va\\\/?s={search_term_string}\"},\"query-input\":{\"@type\":\"PropertyValueSpecification\",\"valueRequired\":true,\"valueName\":\"search_term_string\"}}],\"inLanguage\":\"en-US\"}]}<\/script>\n<!-- \/ Yoast SEO plugin. -->","yoast_head_json":{"title":"8 French Nominees at the International Emmy Awards - Villa Albertine","robots":{"index":"index","follow":"follow","max-snippet":"max-snippet:-1","max-image-preview":"max-image-preview:large","max-video-preview":"max-video-preview:-1"},"canonical":"https:\/\/villa-albertine.org\/va\/news\/8-french-nominees-international-emmy-awards\/","og_locale":"en_US","og_type":"article","og_title":"8 French Nominees at the International Emmy Awards - Villa Albertine","og_description":"Each year, the leading television and film producers from around the world showcase their programming and compete to be recognized at the prestigious International Emmy\u00ae Awards, traditionally held in New York City. This year, among 60 nominees in 15 categories, 23 countries are represented, including France with eight TV shows and films nominated for awards!...","og_url":"https:\/\/villa-albertine.org\/va\/news\/8-french-nominees-international-emmy-awards\/","og_site_name":"Villa Albertine","article_modified_time":"2023-08-23T07:35:44+00:00","og_image":[{"width":681,"height":383,"url":"https:\/\/villa-albertine.org\/wp-content\/uploads\/2023\/08\/the-mad-womens-ball.jpg","type":"image\/jpeg"}],"twitter_card":"summary_large_image","twitter_misc":{"Est. reading time":"1 minute"},"schema":{"@context":"https:\/\/schema.org","@graph":[{"@type":"WebPage","@id":"https:\/\/villa-albertine.org\/va\/news\/8-french-nominees-international-emmy-awards\/","url":"https:\/\/villa-albertine.org\/va\/news\/8-french-nominees-international-emmy-awards\/","name":"8 French Nominees at the International Emmy Awards - Villa Albertine","isPartOf":{"@id":"https:\/\/villa-albertine.org\/va\/#website"},"primaryImageOfPage":{"@id":"https:\/\/villa-albertine.org\/va\/news\/8-french-nominees-international-emmy-awards\/#primaryimage"},"image":{"@id":"https:\/\/villa-albertine.org\/va\/news\/8-french-nominees-international-emmy-awards\/#primaryimage"},"thumbnailUrl":"https:\/\/villa-albertine.org\/wp-content\/uploads\/2023\/08\/the-mad-womens-ball.jpg","datePublished":"2022-11-01T15:54:20+00:00","dateModified":"2023-08-23T07:35:44+00:00","breadcrumb":{"@id":"https:\/\/villa-albertine.org\/va\/news\/8-french-nominees-international-emmy-awards\/#breadcrumb"},"inLanguage":"en-US","potentialAction":[{"@type":"ReadAction","target":["https:\/\/villa-albertine.org\/va\/news\/8-french-nominees-international-emmy-awards\/"]}]},{"@type":"ImageObject","inLanguage":"en-US","@id":"https:\/\/villa-albertine.org\/va\/news\/8-french-nominees-international-emmy-awards\/#primaryimage","url":"https:\/\/villa-albertine.org\/wp-content\/uploads\/2023\/08\/the-mad-womens-ball.jpg","contentUrl":"https:\/\/villa-albertine.org\/wp-content\/uploads\/2023\/08\/the-mad-womens-ball.jpg","width":681,"height":383},{"@type":"BreadcrumbList","@id":"https:\/\/villa-albertine.org\/va\/news\/8-french-nominees-international-emmy-awards\/#breadcrumb","itemListElement":[{"@type":"ListItem","position":1,"name":"Home","item":"https:\/\/villa-albertine.org\/va\/"},{"@type":"ListItem","position":2,"name":"8 French Nominees at the International Emmy Awards"}]},{"@type":"WebSite","@id":"https:\/\/villa-albertine.org\/va\/#website","url":"https:\/\/villa-albertine.org\/va\/","name":"Villa Albertine","description":"","potentialAction":[{"@type":"SearchAction","target":{"@type":"EntryPoint","urlTemplate":"https:\/\/villa-albertine.org\/va\/?s={search_term_string}"},"query-input":{"@type":"PropertyValueSpecification","valueRequired":true,"valueName":"search_term_string"}}],"inLanguage":"en-US"}]}},"_links":{"self":[{"href":"https:\/\/villa-albertine.org\/va\/wp-json\/wp\/v2\/app_news\/57074","targetHints":{"allow":["GET"]}}],"collection":[{"href":"https:\/\/villa-albertine.org\/va\/wp-json\/wp\/v2\/app_news"}],"about":[{"href":"https:\/\/villa-albertine.org\/va\/wp-json\/wp\/v2\/types\/app_news"}],"wp:featuredmedia":[{"embeddable":true,"href":"https:\/\/villa-albertine.org\/va\/wp-json\/wp\/v2\/media\/57072"}],"wp:attachment":[{"href":"https:\/\/villa-albertine.org\/va\/wp-json\/wp\/v2\/media?parent=57074"}],"wp:term":[{"taxonomy":"app_discipline","embeddable":true,"href":"https:\/\/villa-albertine.org\/va\/wp-json\/wp\/v2\/app_discipline?post=57074"},{"taxonomy":"app_city_tax","embeddable":true,"href":"https:\/\/villa-albertine.org\/va\/wp-json\/wp\/v2\/app_city_tax?post=57074"},{"taxonomy":"app_news_type","embeddable":true,"href":"https:\/\/villa-albertine.org\/va\/wp-json\/wp\/v2\/app_news_type?post=57074"}],"curies":[{"name":"wp","href":"https:\/\/api.w.org\/{rel}","templated":true}]}}