{"id":56944,"date":"2022-01-14T22:25:17","date_gmt":"2022-01-14T22:25:17","guid":{"rendered":"https:\/\/villa-albertine.org\/news\/2022-celebration-400-years-moliere\/"},"modified":"2023-08-23T07:31:41","modified_gmt":"2023-08-23T07:31:41","slug":"2022-celebration-400-years-moliere","status":"publish","type":"app_news","link":"https:\/\/villa-albertine.org\/va\/news\/2022-celebration-400-years-moliere\/","title":{"rendered":"Celebrating 400 Years of Moli\u00e8re"},"content":{"rendered":"<p>On the occasion of this unique anniversary, 2022 will be dedicated to Moli\u00e8re&#8217;s theater: Moli\u00e8re 2022. This celebration was conceived by an international network of researchers to study the new uses and interpretations of Moli\u00e8re in our globalized world. \u00a0\u00a0<\/p>\n<p>Moli\u00e8re, the man who has &#8220;a thousand faces and a thousand theaters,&#8221; according to Eric Ruf, Director of the Com\u00e9die-Fran\u00e7aise\u2014known as La Maison de Moli\u00e8re, or the House of Moli\u00e8re\u2014will be celebrated throughout 2022 during various cultural events in France and the United States. \u00a0<\/p>\n<h2 lang=\"EN-GB\" xml:lang=\"EN-GB\" xml:lang=\"EN-GB\">Events in\u00a0France:\u00a0\u00a0<\/h2>\n<p lang=\"EN-GB\" xml:lang=\"EN-GB\" xml:lang=\"EN-GB\">Entirely\u00a0dedicated\u00a0to Moli\u00e8re, t<a href=\"https:\/\/www.comedie-francaise.fr\/fr\/evenements\/moliere-2022\">he\u00a0Com\u00e9die-Fran\u00e7aise&#8217;s\u00a0program<\/a>\u00a0will\u00a0offer\u00a0twelve original productions directed by Ivo van Hove, Julie\u00a0Deliquet, Lilo Baur, and Louise\u00a0Vignaud\u00a0as well as the revival of a selection of plays by Moli\u00e8re from\u00a0mid-January\u00a0to\u00a0mid-July.\u00a0<\/p>\n<p lang=\"EN-GB\" xml:lang=\"EN-GB\" xml:lang=\"EN-GB\">In particular,\u00a0the first version of\u00a0<em>Tartuffe<\/em>\u00a0<em>(<a href=\"https:\/\/www.comedie-francaise.fr\/fr\/evenements\/le-tartuffe-ou-lhypocrite\">Le Tartuffe ou l&#8217;hypocrite<\/a>)<\/em>, directed by Ivo van Hove, will be performed at the\u00a0Com\u00e9die-Fran\u00e7aise\u00a0from January 15 to April 24, which hasn&#8217;t been seen at the legendary theatre since it was banned by Louis XIV after its first performance in 1664.\u00a0<\/p>\n<p lang=\"EN-GB\" xml:lang=\"EN-GB\" xml:lang=\"EN-GB\">The celebration of the 400th anniversary of the <em>Patron<\/em>, as he&#8217;s called by the\u00a0Com\u00e9die-Fran\u00e7aise, doesn&#8217;t stop there\u2014it continues on the internet with the posting of new theatrical productions and\u00a0<a href=\"https:\/\/www.comedie-francaise.fr\/fr\/public-etudiant\">roundtables<\/a>!\u00a0 \u00a0<\/p>\n<p lang=\"EN-GB\" xml:lang=\"EN-GB\" xml:lang=\"EN-GB\">Numerous\u00a0<a href=\"https:\/\/www.comedie-francaise.fr\/en\/les-illustres-greniers\">meetings, readings, and conferences<\/a>\u00a0will be organized within the\u00a0Com\u00e9die-Fran\u00e7aise, several of which\u00a0will be broadcast both\u00a0<a href=\"https:\/\/www.pathelive.com\/programme\/comedie-francaise-21-22\">in theaters<\/a>\u00a0(in\u00a0association with Path\u00e9 Live) and on television (in partnership with France Television).\u00a0\u00a0\u00a0<\/p>\n<p lang=\"EN-GB\" xml:lang=\"EN-GB\" xml:lang=\"EN-GB\">The\u00a0Com\u00e9die-Fran\u00e7aise has\u00a0also\u00a0partnered\u00a0with\u00a0several\u00a0radio stations to create content related to Moli\u00e8re, including RFI,\u00a0<a href=\"https:\/\/www.franceinter.fr\/emissions\/moliere-le-chien-et-le-loup\">France Inter<\/a>, and\u00a0<a href=\"https:\/\/expodcast.cmbv.fr\/fr\">France Musique<\/a>.\u00a0\u00a0\u00a0<\/p>\n<p lang=\"EN-GB\" xml:lang=\"EN-GB\" xml:lang=\"EN-GB\">Several venues will present\u00a0<a href=\"https:\/\/moliere2022.org\/\">exhibitions<\/a>\u00a0related to Moli\u00e8re and his work, and\u00a0<a href=\"https:\/\/sht.asso.fr\/exposition-virtuelle\/moliere-a-la-societe-dhistoire-du-theatre\/\">a virtual exhibition<\/a>\u00a0was organized by the Soci\u00e9t\u00e9\u00a0d\u2019histoire\u00a0du\u00a0th\u00e9\u00e2tre that shows all the traces left by Moli\u00e8re in their archives.\u00a0<\/p>\n<p lang=\"EN-GB\" xml:lang=\"EN-GB\" xml:lang=\"EN-GB\">In partnership with numerous international universities,\u00a0<a href=\"https:\/\/moliere2022.org\/\">several symposia, meetings, and\u00a0conferences<\/a>\u00a0will be held in France and abroad.\u00a0\u00a0<\/p>\n<h2 lang=\"EN-GB\" xml:lang=\"EN-GB\" xml:lang=\"EN-GB\">Events in the United\u00a0States:\u00a0\u00a0<\/h2>\n<p lang=\"EN-GB\" xml:lang=\"EN-GB\" xml:lang=\"EN-GB\">The party\u00a0dedicated\u00a0to Moli\u00e8re continues across the Atlantic.\u00a0\u00a0<\/p>\n<h3 lang=\"EN-GB\" xml:lang=\"EN-GB\" xml:lang=\"EN-GB\">KC Moli\u00e8re in 2022 &#8211; Kansas City\u00a0\u00a0<\/h3>\n<p lang=\"EN-GB\" xml:lang=\"EN-GB\" xml:lang=\"EN-GB\">Taking place in Kansas City, Missouri, from January 12 to June 12,\u00a0<strong><a href=\"https:\/\/www.kcmoliere400in2022.com\/\">the KC Moli\u00e8re\u00a0400\u00a0in 2022\u00a0festival<\/a><\/strong>\u00a0showcases the multicultural potential and contemporary relevance of Moli\u00e8re.\u00a0\u00a0\u00a0<\/p>\n<p lang=\"EN-GB\" xml:lang=\"EN-GB\" xml:lang=\"EN-GB\">Performances of\u00a0Moli\u00e8re&#8217;s\u00a0plays\u00a0such\u00a0as\u00a0<em><a href=\"http:\/\/www.kcactors.org\/shows\/the-pests\/\">The\u00a0Pests<\/a>;\u00a0<a href=\"https:\/\/www.onthestage.tickets\/show\/kansas-city-ks-community-college\/tartuffe-7852\">Tartuffe<\/a>;\u00a0<a href=\"https:\/\/ksu.universitytickets.com\/w\/default.aspx?cid=223\">The\u00a0Imaginary\u00a0Invalid<\/a><\/em>; and a contemporary adaptation of\u00a0<em>Sganarelle<\/em>\u2014entitled\u00a0<em><a href=\"https:\/\/www.onthestage.tickets\/show\/kc-melting-pot-theatre-productions-inc\/secrets-and-lies-57912\">Secrets &amp; Lies<\/a><\/em>\u2014will\u00a0play throughout\u00a0the\u00a0year\u00a0in Kansas City.\u00a0\u00a0\u00a0<\/p>\n<p lang=\"EN-GB\" xml:lang=\"EN-GB\" xml:lang=\"EN-GB\"><strong>The\u00a0celebration\u00a0will\u00a0be\u00a0in full swing on May 1\u00a0with\u00a0the free <a href=\"https:\/\/www.kcmoliere400in2022.com\/events.html\">400th\u00a0anniversary\u00a0party<\/a> at the Nelson-Atkins Museum of Art.\u00a0\u00a0\u00a0<\/strong><\/p>\n<h3 lang=\"EN-GB\" xml:lang=\"EN-GB\" xml:lang=\"EN-GB\">Moli\u00e8re Celebration at the French Institute Alliance Fran\u00e7aise (FIAF) \u00a0<\/h3>\n<ul>\n<li>\n<p lang=\"EN-GB\" xml:lang=\"EN-GB\" xml:lang=\"EN-GB\"><a href=\"https:\/\/fiaf.org\/event\/2022-03-moliere-performance\/\"><strong>Moli\u00e8re Turns 400, 17th Century Paris Meets 21st Century New York <\/strong><\/a>\u00a0<\/p>\n<\/li>\n<\/ul>\n<p lang=\"EN-GB\" xml:lang=\"EN-GB\" xml:lang=\"EN-GB\">From March 10 to 12 at 7:30pm, a selection of excerpts from Moli\u00e8re&#8217;s plays directed by Lucie Tiberghien will be performed at FIAF Florence Gould Hall. These 17th century satires have lost none of their relevance today.\u00a0 \u00a0<\/p>\n<ul>\n<li>\n<p lang=\"EN-GB\" xml:lang=\"EN-GB\" xml:lang=\"EN-GB\"><a href=\"https:\/\/fiaf.org\/event\/2022-03-schmidt-gopnik-moliere\/\"><strong>Modernizing Moli\u00e8re:\u00a0<\/strong><\/a><strong><a href=\"https:\/\/fiaf.org\/event\/2022-03-schmidt-gopnik-moliere\/\">A Talk with Adam Gopnik and Erica Schmidt\u00a0<\/a><\/strong><\/p>\n<\/li>\n<\/ul>\n<p lang=\"EN-GB\" xml:lang=\"EN-GB\" xml:lang=\"EN-GB\">On Thursday, March 23, at 7pm, in partnership with the Library of America, acclaimed author Adam Gopnick and broadway director Erica Schmidt will host a talk in the FIAF Skyroom that will shed new light on Moli\u00e8re&#8217;s biting wit about the society of his time. \u00a0<\/p>\n<ul>\n<li>\n<p lang=\"EN-GB\" xml:lang=\"EN-GB\" xml:lang=\"EN-GB\"><a href=\"https:\/\/fiaf.org\/event\/2022-03-hd-tartuffe\/\"><strong>Moli\u00e8re&#8217;s Uncensored Tartuffe by Com\u00e9die-Fran\u00e7aise<\/strong><\/a><\/p>\n<\/li>\n<\/ul>\n<p lang=\"EN-GB\" xml:lang=\"EN-GB\" xml:lang=\"EN-GB\">On March 30 at 7pm, FIAF will screen a never-before-seen broadcast in French with English subtitles of <em>Tartuffe ou l&#8217;hypocrite<\/em> directed by Ivo van Hove for the Com\u00e9die-Fran\u00e7aise. The original version, censored in 1664 by the king at its first performance, has been reimagined by Ivo van Hove in a modern staging that challenges the limits of classical theater.\u00a0\u00a0 \u00a0<\/p>\n<h3 lang=\"EN-GB\" xml:lang=\"EN-GB\" xml:lang=\"EN-GB\">Moli\u00e8re in the Park &#8211; New York City\u00a0\u00a0<\/h3>\n<p lang=\"EN-GB\" xml:lang=\"EN-GB\" xml:lang=\"EN-GB\"><strong><a href=\"https:\/\/www.moliereinthepark.org\/\">Moli\u00e8re in the Park<\/a><\/strong>\u00a0is\u00a0a festival\u00a0dedicated\u00a0to the performance of\u00a0Moli\u00e8re&#8217;s\u00a0theater\u00a0in Prospect Park, Brooklyn.\u00a0\u00a0\u00a0<\/p>\n<p lang=\"EN-GB\" xml:lang=\"EN-GB\" xml:lang=\"EN-GB\">Ingenious, free, and inclusive, the\u00a0plays\u00a0capture the spirit of\u00a0Brooklynites\u00a0celebrating\u00a0Brooklyn&#8217;s\u00a0cultural\u00a0blend.\u00a0\u00a0<\/p>\n<p lang=\"EN-GB\" xml:lang=\"EN-GB\" xml:lang=\"EN-GB\">More information to come on the\u00a0festival&#8217;s\u00a0events\u00a0and\u00a0schedule.\u00a0\u00a0<\/p>\n<h3 lang=\"EN-GB\" xml:lang=\"EN-GB\" xml:lang=\"EN-GB\">Decentering\u00a0Moli\u00e8re &#8211; New York\u00a0University\u00a0&amp; Yale\u00a0University\u00a0&#8211; New York City\u00a0\u00a0<\/h3>\n<p lang=\"EN-GB\" xml:lang=\"EN-GB\" xml:lang=\"EN-GB\">The 400th\u00a0anniversary\u00a0of Jean-Baptiste Poquelin\u00a0is\u00a0the occasion for New York\u00a0University\u00a0and Yale\u00a0University\u00a0to\u00a0organize\u00a0an\u00a0international\u00a0conference\u00a0on April 14-16,\u00a02022:\u00a0<strong><a href=\"https:\/\/moliere2022.org\/files\/decentrerMoliere.pdf\">Decentering Moli\u00e8re<\/a><\/strong>.\u00a0\u00a0\u00a0<\/p>\n<p lang=\"EN-GB\" xml:lang=\"EN-GB\" xml:lang=\"EN-GB\">The discussion\u00a0will\u00a0broaden\u00a0the\u00a0framework\u00a0of\u00a0study\u00a0of Moli\u00e8re and his plays to include other authors, fields of study, genres, arts, and places.\u00a0\u00a0<\/p>\n","protected":false},"featured_media":56942,"menu_order":0,"template":"","app_discipline":[227],"app_city_tax":[235,221,214,223,222,220,216,224,217,225,226],"app_news_type":[99],"class_list":["post-56944","app_news","type-app_news","status-publish","has-post-thumbnail","hentry","app_discipline-performing-arts","app_city_tax-all-cities","app_city_tax-atl","app_city_tax-bos","app_city_tax-chi","app_city_tax-hou","app_city_tax-la","app_city_tax-mia","app_city_tax-nola","app_city_tax-nyc","app_city_tax-sf","app_city_tax-dc","app_news_type-history"],"acf":[],"yoast_head":"<!-- This site is optimized with the Yoast SEO plugin v27.3 - https:\/\/yoast.com\/product\/yoast-seo-wordpress\/ -->\n<title>Celebrating 400 Years of Moli\u00e8re - Villa Albertine<\/title>\n<meta name=\"robots\" content=\"index, follow, max-snippet:-1, max-image-preview:large, max-video-preview:-1\" \/>\n<link rel=\"canonical\" href=\"https:\/\/villa-albertine.org\/va\/news\/2022-celebration-400-years-moliere\/\" \/>\n<meta property=\"og:locale\" content=\"en_US\" \/>\n<meta property=\"og:type\" content=\"article\" \/>\n<meta property=\"og:title\" content=\"Celebrating 400 Years of Moli\u00e8re - Villa Albertine\" \/>\n<meta property=\"og:description\" content=\"On the occasion of this unique anniversary, 2022 will be dedicated to Moli\u00e8re&#8217;s theater: Moli\u00e8re 2022. This celebration was conceived by an international network of researchers to study the new uses and interpretations of Moli\u00e8re in our globalized world. \u00a0\u00a0 Moli\u00e8re, the man who has &#8220;a thousand faces and a thousand theaters,&#8221; according to Eric...\" \/>\n<meta property=\"og:url\" content=\"https:\/\/villa-albertine.org\/va\/news\/2022-celebration-400-years-moliere\/\" \/>\n<meta property=\"og:site_name\" content=\"Villa Albertine\" \/>\n<meta property=\"article:modified_time\" content=\"2023-08-23T07:31:41+00:00\" \/>\n<meta property=\"og:image\" content=\"https:\/\/villa-albertine.org\/wp-content\/uploads\/2023\/08\/2561.jpeg\" \/>\n\t<meta property=\"og:image:width\" content=\"620\" \/>\n\t<meta property=\"og:image:height\" content=\"372\" \/>\n\t<meta property=\"og:image:type\" content=\"image\/jpeg\" \/>\n<meta name=\"twitter:card\" content=\"summary_large_image\" \/>\n<meta name=\"twitter:label1\" content=\"Est. reading time\" \/>\n\t<meta name=\"twitter:data1\" content=\"4 minutes\" \/>\n<script type=\"application\/ld+json\" class=\"yoast-schema-graph\">{\"@context\":\"https:\\\/\\\/schema.org\",\"@graph\":[{\"@type\":\"WebPage\",\"@id\":\"https:\\\/\\\/villa-albertine.org\\\/va\\\/news\\\/2022-celebration-400-years-moliere\\\/\",\"url\":\"https:\\\/\\\/villa-albertine.org\\\/va\\\/news\\\/2022-celebration-400-years-moliere\\\/\",\"name\":\"Celebrating 400 Years of Moli\u00e8re - Villa Albertine\",\"isPartOf\":{\"@id\":\"https:\\\/\\\/villa-albertine.org\\\/va\\\/#website\"},\"primaryImageOfPage\":{\"@id\":\"https:\\\/\\\/villa-albertine.org\\\/va\\\/news\\\/2022-celebration-400-years-moliere\\\/#primaryimage\"},\"image\":{\"@id\":\"https:\\\/\\\/villa-albertine.org\\\/va\\\/news\\\/2022-celebration-400-years-moliere\\\/#primaryimage\"},\"thumbnailUrl\":\"https:\\\/\\\/villa-albertine.org\\\/wp-content\\\/uploads\\\/2023\\\/08\\\/2561.jpeg\",\"datePublished\":\"2022-01-14T22:25:17+00:00\",\"dateModified\":\"2023-08-23T07:31:41+00:00\",\"breadcrumb\":{\"@id\":\"https:\\\/\\\/villa-albertine.org\\\/va\\\/news\\\/2022-celebration-400-years-moliere\\\/#breadcrumb\"},\"inLanguage\":\"en-US\",\"potentialAction\":[{\"@type\":\"ReadAction\",\"target\":[\"https:\\\/\\\/villa-albertine.org\\\/va\\\/news\\\/2022-celebration-400-years-moliere\\\/\"]}]},{\"@type\":\"ImageObject\",\"inLanguage\":\"en-US\",\"@id\":\"https:\\\/\\\/villa-albertine.org\\\/va\\\/news\\\/2022-celebration-400-years-moliere\\\/#primaryimage\",\"url\":\"https:\\\/\\\/villa-albertine.org\\\/wp-content\\\/uploads\\\/2023\\\/08\\\/2561.jpeg\",\"contentUrl\":\"https:\\\/\\\/villa-albertine.org\\\/wp-content\\\/uploads\\\/2023\\\/08\\\/2561.jpeg\",\"width\":620,\"height\":372},{\"@type\":\"BreadcrumbList\",\"@id\":\"https:\\\/\\\/villa-albertine.org\\\/va\\\/news\\\/2022-celebration-400-years-moliere\\\/#breadcrumb\",\"itemListElement\":[{\"@type\":\"ListItem\",\"position\":1,\"name\":\"Home\",\"item\":\"https:\\\/\\\/villa-albertine.org\\\/va\\\/\"},{\"@type\":\"ListItem\",\"position\":2,\"name\":\"Celebrating 400 Years of Moli\u00e8re\"}]},{\"@type\":\"WebSite\",\"@id\":\"https:\\\/\\\/villa-albertine.org\\\/va\\\/#website\",\"url\":\"https:\\\/\\\/villa-albertine.org\\\/va\\\/\",\"name\":\"Villa Albertine\",\"description\":\"\",\"potentialAction\":[{\"@type\":\"SearchAction\",\"target\":{\"@type\":\"EntryPoint\",\"urlTemplate\":\"https:\\\/\\\/villa-albertine.org\\\/va\\\/?s={search_term_string}\"},\"query-input\":{\"@type\":\"PropertyValueSpecification\",\"valueRequired\":true,\"valueName\":\"search_term_string\"}}],\"inLanguage\":\"en-US\"}]}<\/script>\n<!-- \/ Yoast SEO plugin. -->","yoast_head_json":{"title":"Celebrating 400 Years of Moli\u00e8re - Villa Albertine","robots":{"index":"index","follow":"follow","max-snippet":"max-snippet:-1","max-image-preview":"max-image-preview:large","max-video-preview":"max-video-preview:-1"},"canonical":"https:\/\/villa-albertine.org\/va\/news\/2022-celebration-400-years-moliere\/","og_locale":"en_US","og_type":"article","og_title":"Celebrating 400 Years of Moli\u00e8re - Villa Albertine","og_description":"On the occasion of this unique anniversary, 2022 will be dedicated to Moli\u00e8re&#8217;s theater: Moli\u00e8re 2022. This celebration was conceived by an international network of researchers to study the new uses and interpretations of Moli\u00e8re in our globalized world. \u00a0\u00a0 Moli\u00e8re, the man who has &#8220;a thousand faces and a thousand theaters,&#8221; according to Eric...","og_url":"https:\/\/villa-albertine.org\/va\/news\/2022-celebration-400-years-moliere\/","og_site_name":"Villa Albertine","article_modified_time":"2023-08-23T07:31:41+00:00","og_image":[{"width":620,"height":372,"url":"https:\/\/villa-albertine.org\/wp-content\/uploads\/2023\/08\/2561.jpeg","type":"image\/jpeg"}],"twitter_card":"summary_large_image","twitter_misc":{"Est. reading time":"4 minutes"},"schema":{"@context":"https:\/\/schema.org","@graph":[{"@type":"WebPage","@id":"https:\/\/villa-albertine.org\/va\/news\/2022-celebration-400-years-moliere\/","url":"https:\/\/villa-albertine.org\/va\/news\/2022-celebration-400-years-moliere\/","name":"Celebrating 400 Years of Moli\u00e8re - Villa Albertine","isPartOf":{"@id":"https:\/\/villa-albertine.org\/va\/#website"},"primaryImageOfPage":{"@id":"https:\/\/villa-albertine.org\/va\/news\/2022-celebration-400-years-moliere\/#primaryimage"},"image":{"@id":"https:\/\/villa-albertine.org\/va\/news\/2022-celebration-400-years-moliere\/#primaryimage"},"thumbnailUrl":"https:\/\/villa-albertine.org\/wp-content\/uploads\/2023\/08\/2561.jpeg","datePublished":"2022-01-14T22:25:17+00:00","dateModified":"2023-08-23T07:31:41+00:00","breadcrumb":{"@id":"https:\/\/villa-albertine.org\/va\/news\/2022-celebration-400-years-moliere\/#breadcrumb"},"inLanguage":"en-US","potentialAction":[{"@type":"ReadAction","target":["https:\/\/villa-albertine.org\/va\/news\/2022-celebration-400-years-moliere\/"]}]},{"@type":"ImageObject","inLanguage":"en-US","@id":"https:\/\/villa-albertine.org\/va\/news\/2022-celebration-400-years-moliere\/#primaryimage","url":"https:\/\/villa-albertine.org\/wp-content\/uploads\/2023\/08\/2561.jpeg","contentUrl":"https:\/\/villa-albertine.org\/wp-content\/uploads\/2023\/08\/2561.jpeg","width":620,"height":372},{"@type":"BreadcrumbList","@id":"https:\/\/villa-albertine.org\/va\/news\/2022-celebration-400-years-moliere\/#breadcrumb","itemListElement":[{"@type":"ListItem","position":1,"name":"Home","item":"https:\/\/villa-albertine.org\/va\/"},{"@type":"ListItem","position":2,"name":"Celebrating 400 Years of Moli\u00e8re"}]},{"@type":"WebSite","@id":"https:\/\/villa-albertine.org\/va\/#website","url":"https:\/\/villa-albertine.org\/va\/","name":"Villa Albertine","description":"","potentialAction":[{"@type":"SearchAction","target":{"@type":"EntryPoint","urlTemplate":"https:\/\/villa-albertine.org\/va\/?s={search_term_string}"},"query-input":{"@type":"PropertyValueSpecification","valueRequired":true,"valueName":"search_term_string"}}],"inLanguage":"en-US"}]}},"_links":{"self":[{"href":"https:\/\/villa-albertine.org\/va\/wp-json\/wp\/v2\/app_news\/56944","targetHints":{"allow":["GET"]}}],"collection":[{"href":"https:\/\/villa-albertine.org\/va\/wp-json\/wp\/v2\/app_news"}],"about":[{"href":"https:\/\/villa-albertine.org\/va\/wp-json\/wp\/v2\/types\/app_news"}],"wp:featuredmedia":[{"embeddable":true,"href":"https:\/\/villa-albertine.org\/va\/wp-json\/wp\/v2\/media\/56942"}],"wp:attachment":[{"href":"https:\/\/villa-albertine.org\/va\/wp-json\/wp\/v2\/media?parent=56944"}],"wp:term":[{"taxonomy":"app_discipline","embeddable":true,"href":"https:\/\/villa-albertine.org\/va\/wp-json\/wp\/v2\/app_discipline?post=56944"},{"taxonomy":"app_city_tax","embeddable":true,"href":"https:\/\/villa-albertine.org\/va\/wp-json\/wp\/v2\/app_city_tax?post=56944"},{"taxonomy":"app_news_type","embeddable":true,"href":"https:\/\/villa-albertine.org\/va\/wp-json\/wp\/v2\/app_news_type?post=56944"}],"curies":[{"name":"wp","href":"https:\/\/api.w.org\/{rel}","templated":true}]}}