{"id":56941,"date":"2022-02-09T01:00:14","date_gmt":"2022-02-09T01:00:14","guid":{"rendered":"https:\/\/villa-albertine.org\/news\/94eme-edition-des-oscars-les-nominations-francaises\/"},"modified":"2023-08-23T07:31:41","modified_gmt":"2023-08-23T07:31:41","slug":"94eme-edition-des-oscars-les-nominations-francaises","status":"publish","type":"app_news","link":"https:\/\/villa-albertine.org\/va\/news\/94eme-edition-des-oscars-les-nominations-francaises\/","title":{"rendered":"French Nominees at the 94th Academy Awards"},"content":{"rendered":"<p>Although Alexandre Desplat&#8217;s score for\u00a0<em>The French Dispatch\u2014<\/em>announced among the shortlisted films on December 21, 2021,\u00a0along with 8 French short films\u2014was not among the nominees selected\u00a0for the Best Original Score category at the Oscars, this season&#8217;s nominations still highlight the fruitful French collaborations between American and European productions.<\/p><p>Among the selected films,\u00a0<em>CODA<\/em>, with its three nominations, is reminiscent of the French film\u00a0<em>La Famille B\u00e9lier<\/em>&#8216;s success (2014, Eric Lartigau), from which it was adapted. Distributed by Apple TV+,\u00a0<em>CODA<\/em>, which stands for &#8220;Child of Deaf Adults,&#8221; had already garnered two awards at Sundance Film Festival\u2014Grand Jury Prize and Audience Award\u2014and two nominations at the 2022 Golden Globes. Approaching the theme of isolation due to deafness, this feature film allows the deaf community to be represented on screen, particularly thanks to actor Troy Kostur, who became the first deaf male actor nominated for an Academy Award.<\/p><p><em>Flee, a\u00a0<\/em>Danish-French-Swedish-Norwegian co-production,<strong>\u00a0<\/strong>is also part of the memorable nominations for the 94th Academy Awards. Obtaining three nominations in the categories of Best Animated Feature Film, Best Documentary (Feature), and Best International Feature Film, the movie made Oscar history as first film ever to score this trifecta. Telling the poignant story of Amin, who is forced to leave his home in Afghanistan during the war and compelled to lie in order to build his new life in Denmark, the film&#8217;s intelligent use of animation to preserve the character&#8217;s identity as well as to represent such a trauma is rewarded with this series of nominations.<\/p><p>Discovered at Cannes Festival, where actress Renate Reinsve received the Best Actress Award,\u00a0<em>The Worst Person in the World,\u00a0<\/em>directed by Joachim Trier,\u00a0also stands out with its two nominations. Produced by French company MK2, the film immerses the viewer into the life of its heroine, through a mixture of emotions reflecting the situation of Julie, a sensitive young woman who seeks to find herself and who never ceases to doubt. In this feature film, the Norwegian director tackles familiar and touching subjects, chapter by chapter, that will no doubt leave their mark on the audience.\u00a0<\/p><p>Nominated films:<\/p><p>&#8211;\u00a0<em>CODA<\/em>, directed by Si\u00e2n Heder: In the categories of Best Picture, Adapted Screenplay, and Actor in a Supporting Role for Troy Kotsur\u00a0<\/p>\n\n<p lang=\"FR-FR\" xml:lang=\"FR-FR\" xml:lang=\"FR-FR\">Written and directed by Si\u00e2n Heder based on\u00a0<em>La Famille B\u00e9lier<\/em>&#8216;s original screenplay by Victoria Bedos and Stanislas Carr\u00e9 de Malberg.<\/p>\n\n<p lang=\"FR-FR\" xml:lang=\"FR-FR\" xml:lang=\"FR-FR\"><strong>Synopsis<\/strong>: Ruby is the only hearing person of her family. When the familial fishing business is threatened, she finds herself split between her love of music and her fear of been abandoned by her parents.\u00a0<\/p>\n\n<p lang=\"FR-FR\" xml:lang=\"FR-FR\" xml:lang=\"FR-FR\"><strong>Production<\/strong>: Vendome Pictures, Path\u00e9 Films, Picture Perfect Federation<\/p>\n<figure class=\"wp-block-image size-full\">\n\t<img loading=\"lazy\" decoding=\"async\" width=\"1392\" height=\"783\" src=\"https:\/\/villa-albertine.org\/wp-content\/uploads\/2023\/08\/CODA.jpg\" class=\"attachment-full size-full\" alt=\"\" srcset=\"https:\/\/villa-albertine.org\/wp-content\/uploads\/2023\/08\/CODA.jpg 1392w, https:\/\/villa-albertine.org\/wp-content\/uploads\/2023\/08\/CODA-300x169.jpg 300w, https:\/\/villa-albertine.org\/wp-content\/uploads\/2023\/08\/CODA-1024x576.jpg 1024w, https:\/\/villa-albertine.org\/wp-content\/uploads\/2023\/08\/CODA-768x432.jpg 768w\" sizes=\"auto, (max-width: 1392px) 100vw, 1392px\" \/>\n\t\t\t<figcaption>\n\t\t\t<p>Allocine.fr<\/p>\n\t\t<\/figcaption>\n\t<\/figure>\n<p lang=\"FR-FR\" xml:lang=\"FR-FR\" xml:lang=\"FR-FR\">&#8211; <em>Flee<\/em>, directed by Jonas Poher Rasmussen: In the categories of Animated Feature Film, Documentary Feature, and International Feature Film\u00a0<\/p>\n\n<p lang=\"FR-FR\" xml:lang=\"FR-FR\" xml:lang=\"FR-FR\"><strong>Synopsis<\/strong>: The extraordinary true story of a man, Amin, whose imminent marriage forces him to reveal his hidden past for the first time.<\/p>\n\n<p lang=\"FR-FR\" xml:lang=\"FR-FR\" xml:lang=\"FR-FR\"><strong>Production<\/strong> : ARTE France and Vivement Lundi, Pictanovo (with the support of la r\u00e9gion Hauts-de-France), with the support of the CNC Centre national du cin\u00e9ma et de l\u2019image anim\u00e9e, La R\u00e9gion Bretagne, the Soci\u00e9te des Producteurs de Cin\u00e9ma et de T\u00e9l\u00e9vision (Procirep), and the Agence Nationale de Gestion des \u0152uvres Audiovisuelles (ANGOA), MEDIA (EU Program)\u00a0<\/p>\n<figure class=\"wp-block-image size-full\">\n\t<img loading=\"lazy\" decoding=\"async\" width=\"1392\" height=\"581\" src=\"https:\/\/villa-albertine.org\/wp-content\/uploads\/2023\/08\/FLEE_still_12-1.jpg\" class=\"attachment-full size-full\" alt=\"\" srcset=\"https:\/\/villa-albertine.org\/wp-content\/uploads\/2023\/08\/FLEE_still_12-1.jpg 1392w, https:\/\/villa-albertine.org\/wp-content\/uploads\/2023\/08\/FLEE_still_12-1-300x125.jpg 300w, https:\/\/villa-albertine.org\/wp-content\/uploads\/2023\/08\/FLEE_still_12-1-1024x427.jpg 1024w, https:\/\/villa-albertine.org\/wp-content\/uploads\/2023\/08\/FLEE_still_12-1-768x321.jpg 768w\" sizes=\"auto, (max-width: 1392px) 100vw, 1392px\" \/>\n\t\t\t<figcaption>\n\t\t\t<p>finalcutforreal.dk<\/p>\n\t\t<\/figcaption>\n\t<\/figure>\n<p lang=\"FR-FR\" xml:lang=\"FR-FR\" xml:lang=\"FR-FR\">&#8211; <em>The Worst Person in the World<\/em>, directed by Joachim Trier: In the categories of International Feature Film\u00a0and Original Screenplay\u00a0<\/p>\n\n<p lang=\"FR-FR\" xml:lang=\"FR-FR\" xml:lang=\"FR-FR\"><strong>Synopsis<\/strong>: Over a period of four years, Julie, a young woman, will make her way through the troubled waters of her romantic life and search with difficulty for a career to pursue, which leads her into to look into who she really is.<\/p>\n\n<p lang=\"FR-FR\" xml:lang=\"FR-FR\" xml:lang=\"FR-FR\"><strong>Production:<\/strong>\u00a0MK2 Productions, Arte France Cin\u00e9ma, Memento Distribution, MK2 Films, Arte France\u00a0<\/p>\n<figure class=\"wp-block-image size-full\">\n\t<img loading=\"lazy\" decoding=\"async\" width=\"1392\" height=\"753\" src=\"https:\/\/villa-albertine.org\/wp-content\/uploads\/2023\/08\/Julie2028en201220chapitres29.jpg\" class=\"attachment-full size-full\" alt=\"\" srcset=\"https:\/\/villa-albertine.org\/wp-content\/uploads\/2023\/08\/Julie2028en201220chapitres29.jpg 1392w, https:\/\/villa-albertine.org\/wp-content\/uploads\/2023\/08\/Julie2028en201220chapitres29-300x162.jpg 300w, https:\/\/villa-albertine.org\/wp-content\/uploads\/2023\/08\/Julie2028en201220chapitres29-1024x554.jpg 1024w, https:\/\/villa-albertine.org\/wp-content\/uploads\/2023\/08\/Julie2028en201220chapitres29-768x415.jpg 768w\" sizes=\"auto, (max-width: 1392px) 100vw, 1392px\" \/>\n\t\t\t<figcaption>\n\t\t\t<p>allocine.fr (copyright Oslo Pictures)<\/p>\n\t\t<\/figcaption>\n\t<\/figure>\n<p lang=\"FR-FR\" xml:lang=\"FR-FR\" xml:lang=\"FR-FR\">&#8211; <em>The Tragedy of Macbeth<\/em>, directed by Joel Coen: In the category of Cinematography (Bruno Delbonnel)<\/p>\n\n<p lang=\"FR-FR\" xml:lang=\"FR-FR\" xml:lang=\"FR-FR\"><strong>Synopsis<\/strong>: Adapted from William Shakespeare&#8217;s play. A Scottish lord is convinced by three witches that he will become the next king of Scotland, and his ambitious wife supports him in his plans to take power.<\/p>\n<figure class=\"wp-block-image size-full\">\n\t<img loading=\"lazy\" decoding=\"async\" width=\"810\" height=\"1080\" src=\"https:\/\/villa-albertine.org\/wp-content\/uploads\/2023\/08\/1098751.jpg-r_1920_1080-f_jpg-q_x-xxyxx.jpg\" class=\"attachment-full size-full\" alt=\"\" srcset=\"https:\/\/villa-albertine.org\/wp-content\/uploads\/2023\/08\/1098751.jpg-r_1920_1080-f_jpg-q_x-xxyxx.jpg 810w, https:\/\/villa-albertine.org\/wp-content\/uploads\/2023\/08\/1098751.jpg-r_1920_1080-f_jpg-q_x-xxyxx-225x300.jpg 225w, https:\/\/villa-albertine.org\/wp-content\/uploads\/2023\/08\/1098751.jpg-r_1920_1080-f_jpg-q_x-xxyxx-768x1024.jpg 768w\" sizes=\"auto, (max-width: 810px) 100vw, 810px\" \/>\n\t\t\t<figcaption>\n\t\t\t<p>Allocine.fr<\/p>\n\t\t<\/figcaption>\n\t<\/figure>\n<p>Among the French nominees, we also highlight that Timelapse photographer Emeric Le Bars collaborated on the nominated short documentary film\u00a0<em>Lead Me Home<\/em>, directed by Pedro Kos and Jon Shenk.<\/p>\n\n<p>\u00a0<\/p>","protected":false},"featured_media":56937,"menu_order":0,"template":"","app_discipline":[219],"app_city_tax":[220],"app_news_type":[],"class_list":["post-56941","app_news","type-app_news","status-publish","has-post-thumbnail","hentry","app_discipline-cinema","app_city_tax-la"],"acf":[],"yoast_head":"<!-- This site is optimized with the Yoast SEO plugin v27.3 - https:\/\/yoast.com\/product\/yoast-seo-wordpress\/ -->\n<title>French Nominees at the 94th Academy Awards - Villa Albertine<\/title>\n<meta name=\"robots\" content=\"index, follow, max-snippet:-1, max-image-preview:large, max-video-preview:-1\" \/>\n<link rel=\"canonical\" href=\"https:\/\/villa-albertine.org\/va\/news\/94eme-edition-des-oscars-les-nominations-francaises\/\" \/>\n<meta property=\"og:locale\" content=\"en_US\" \/>\n<meta property=\"og:type\" content=\"article\" \/>\n<meta property=\"og:title\" content=\"French Nominees at the 94th Academy Awards - Villa Albertine\" \/>\n<meta property=\"og:description\" content=\"Although Alexandre Desplat&#8217;s score for\u00a0The French Dispatch\u2014announced among the shortlisted films on December 21, 2021,\u00a0along with 8 French short films\u2014was not among the nominees selected\u00a0for the Best Original Score category at the Oscars, this season&#8217;s nominations still highlight the fruitful French collaborations between American and European productions.Among the selected films,\u00a0CODA, with its three nominations, is...\" \/>\n<meta property=\"og:url\" content=\"https:\/\/villa-albertine.org\/va\/news\/94eme-edition-des-oscars-les-nominations-francaises\/\" \/>\n<meta property=\"og:site_name\" content=\"Villa Albertine\" \/>\n<meta property=\"article:modified_time\" content=\"2023-08-23T07:31:41+00:00\" \/>\n<meta property=\"og:image\" content=\"https:\/\/villa-albertine.org\/wp-content\/uploads\/2023\/08\/MicrosoftTeams-image20281129.jpg\" \/>\n\t<meta property=\"og:image:width\" content=\"1280\" \/>\n\t<meta property=\"og:image:height\" content=\"720\" \/>\n\t<meta property=\"og:image:type\" content=\"image\/png\" \/>\n<meta name=\"twitter:card\" content=\"summary_large_image\" \/>\n<meta name=\"twitter:label1\" content=\"Est. reading time\" \/>\n\t<meta name=\"twitter:data1\" content=\"4 minutes\" \/>\n<script type=\"application\/ld+json\" class=\"yoast-schema-graph\">{\"@context\":\"https:\\\/\\\/schema.org\",\"@graph\":[{\"@type\":\"WebPage\",\"@id\":\"https:\\\/\\\/villa-albertine.org\\\/va\\\/news\\\/94eme-edition-des-oscars-les-nominations-francaises\\\/\",\"url\":\"https:\\\/\\\/villa-albertine.org\\\/va\\\/news\\\/94eme-edition-des-oscars-les-nominations-francaises\\\/\",\"name\":\"French Nominees at the 94th Academy Awards - Villa Albertine\",\"isPartOf\":{\"@id\":\"https:\\\/\\\/villa-albertine.org\\\/va\\\/#website\"},\"primaryImageOfPage\":{\"@id\":\"https:\\\/\\\/villa-albertine.org\\\/va\\\/news\\\/94eme-edition-des-oscars-les-nominations-francaises\\\/#primaryimage\"},\"image\":{\"@id\":\"https:\\\/\\\/villa-albertine.org\\\/va\\\/news\\\/94eme-edition-des-oscars-les-nominations-francaises\\\/#primaryimage\"},\"thumbnailUrl\":\"https:\\\/\\\/villa-albertine.org\\\/wp-content\\\/uploads\\\/2023\\\/08\\\/MicrosoftTeams-image20281129.jpg\",\"datePublished\":\"2022-02-09T01:00:14+00:00\",\"dateModified\":\"2023-08-23T07:31:41+00:00\",\"breadcrumb\":{\"@id\":\"https:\\\/\\\/villa-albertine.org\\\/va\\\/news\\\/94eme-edition-des-oscars-les-nominations-francaises\\\/#breadcrumb\"},\"inLanguage\":\"en-US\",\"potentialAction\":[{\"@type\":\"ReadAction\",\"target\":[\"https:\\\/\\\/villa-albertine.org\\\/va\\\/news\\\/94eme-edition-des-oscars-les-nominations-francaises\\\/\"]}]},{\"@type\":\"ImageObject\",\"inLanguage\":\"en-US\",\"@id\":\"https:\\\/\\\/villa-albertine.org\\\/va\\\/news\\\/94eme-edition-des-oscars-les-nominations-francaises\\\/#primaryimage\",\"url\":\"https:\\\/\\\/villa-albertine.org\\\/wp-content\\\/uploads\\\/2023\\\/08\\\/MicrosoftTeams-image20281129.jpg\",\"contentUrl\":\"https:\\\/\\\/villa-albertine.org\\\/wp-content\\\/uploads\\\/2023\\\/08\\\/MicrosoftTeams-image20281129.jpg\",\"width\":1280,\"height\":720},{\"@type\":\"BreadcrumbList\",\"@id\":\"https:\\\/\\\/villa-albertine.org\\\/va\\\/news\\\/94eme-edition-des-oscars-les-nominations-francaises\\\/#breadcrumb\",\"itemListElement\":[{\"@type\":\"ListItem\",\"position\":1,\"name\":\"Home\",\"item\":\"https:\\\/\\\/villa-albertine.org\\\/va\\\/\"},{\"@type\":\"ListItem\",\"position\":2,\"name\":\"French Nominees at the 94th Academy Awards\"}]},{\"@type\":\"WebSite\",\"@id\":\"https:\\\/\\\/villa-albertine.org\\\/va\\\/#website\",\"url\":\"https:\\\/\\\/villa-albertine.org\\\/va\\\/\",\"name\":\"Villa Albertine\",\"description\":\"\",\"potentialAction\":[{\"@type\":\"SearchAction\",\"target\":{\"@type\":\"EntryPoint\",\"urlTemplate\":\"https:\\\/\\\/villa-albertine.org\\\/va\\\/?s={search_term_string}\"},\"query-input\":{\"@type\":\"PropertyValueSpecification\",\"valueRequired\":true,\"valueName\":\"search_term_string\"}}],\"inLanguage\":\"en-US\"}]}<\/script>\n<!-- \/ Yoast SEO plugin. -->","yoast_head_json":{"title":"French Nominees at the 94th Academy Awards - Villa Albertine","robots":{"index":"index","follow":"follow","max-snippet":"max-snippet:-1","max-image-preview":"max-image-preview:large","max-video-preview":"max-video-preview:-1"},"canonical":"https:\/\/villa-albertine.org\/va\/news\/94eme-edition-des-oscars-les-nominations-francaises\/","og_locale":"en_US","og_type":"article","og_title":"French Nominees at the 94th Academy Awards - Villa Albertine","og_description":"Although Alexandre Desplat&#8217;s score for\u00a0The French Dispatch\u2014announced among the shortlisted films on December 21, 2021,\u00a0along with 8 French short films\u2014was not among the nominees selected\u00a0for the Best Original Score category at the Oscars, this season&#8217;s nominations still highlight the fruitful French collaborations between American and European productions.Among the selected films,\u00a0CODA, with its three nominations, is...","og_url":"https:\/\/villa-albertine.org\/va\/news\/94eme-edition-des-oscars-les-nominations-francaises\/","og_site_name":"Villa Albertine","article_modified_time":"2023-08-23T07:31:41+00:00","og_image":[{"width":1280,"height":720,"url":"https:\/\/villa-albertine.org\/wp-content\/uploads\/2023\/08\/MicrosoftTeams-image20281129.jpg","type":"image\/png"}],"twitter_card":"summary_large_image","twitter_misc":{"Est. reading time":"4 minutes"},"schema":{"@context":"https:\/\/schema.org","@graph":[{"@type":"WebPage","@id":"https:\/\/villa-albertine.org\/va\/news\/94eme-edition-des-oscars-les-nominations-francaises\/","url":"https:\/\/villa-albertine.org\/va\/news\/94eme-edition-des-oscars-les-nominations-francaises\/","name":"French Nominees at the 94th Academy Awards - Villa Albertine","isPartOf":{"@id":"https:\/\/villa-albertine.org\/va\/#website"},"primaryImageOfPage":{"@id":"https:\/\/villa-albertine.org\/va\/news\/94eme-edition-des-oscars-les-nominations-francaises\/#primaryimage"},"image":{"@id":"https:\/\/villa-albertine.org\/va\/news\/94eme-edition-des-oscars-les-nominations-francaises\/#primaryimage"},"thumbnailUrl":"https:\/\/villa-albertine.org\/wp-content\/uploads\/2023\/08\/MicrosoftTeams-image20281129.jpg","datePublished":"2022-02-09T01:00:14+00:00","dateModified":"2023-08-23T07:31:41+00:00","breadcrumb":{"@id":"https:\/\/villa-albertine.org\/va\/news\/94eme-edition-des-oscars-les-nominations-francaises\/#breadcrumb"},"inLanguage":"en-US","potentialAction":[{"@type":"ReadAction","target":["https:\/\/villa-albertine.org\/va\/news\/94eme-edition-des-oscars-les-nominations-francaises\/"]}]},{"@type":"ImageObject","inLanguage":"en-US","@id":"https:\/\/villa-albertine.org\/va\/news\/94eme-edition-des-oscars-les-nominations-francaises\/#primaryimage","url":"https:\/\/villa-albertine.org\/wp-content\/uploads\/2023\/08\/MicrosoftTeams-image20281129.jpg","contentUrl":"https:\/\/villa-albertine.org\/wp-content\/uploads\/2023\/08\/MicrosoftTeams-image20281129.jpg","width":1280,"height":720},{"@type":"BreadcrumbList","@id":"https:\/\/villa-albertine.org\/va\/news\/94eme-edition-des-oscars-les-nominations-francaises\/#breadcrumb","itemListElement":[{"@type":"ListItem","position":1,"name":"Home","item":"https:\/\/villa-albertine.org\/va\/"},{"@type":"ListItem","position":2,"name":"French Nominees at the 94th Academy Awards"}]},{"@type":"WebSite","@id":"https:\/\/villa-albertine.org\/va\/#website","url":"https:\/\/villa-albertine.org\/va\/","name":"Villa Albertine","description":"","potentialAction":[{"@type":"SearchAction","target":{"@type":"EntryPoint","urlTemplate":"https:\/\/villa-albertine.org\/va\/?s={search_term_string}"},"query-input":{"@type":"PropertyValueSpecification","valueRequired":true,"valueName":"search_term_string"}}],"inLanguage":"en-US"}]}},"_links":{"self":[{"href":"https:\/\/villa-albertine.org\/va\/wp-json\/wp\/v2\/app_news\/56941","targetHints":{"allow":["GET"]}}],"collection":[{"href":"https:\/\/villa-albertine.org\/va\/wp-json\/wp\/v2\/app_news"}],"about":[{"href":"https:\/\/villa-albertine.org\/va\/wp-json\/wp\/v2\/types\/app_news"}],"wp:featuredmedia":[{"embeddable":true,"href":"https:\/\/villa-albertine.org\/va\/wp-json\/wp\/v2\/media\/56937"}],"wp:attachment":[{"href":"https:\/\/villa-albertine.org\/va\/wp-json\/wp\/v2\/media?parent=56941"}],"wp:term":[{"taxonomy":"app_discipline","embeddable":true,"href":"https:\/\/villa-albertine.org\/va\/wp-json\/wp\/v2\/app_discipline?post=56941"},{"taxonomy":"app_city_tax","embeddable":true,"href":"https:\/\/villa-albertine.org\/va\/wp-json\/wp\/v2\/app_city_tax?post=56941"},{"taxonomy":"app_news_type","embeddable":true,"href":"https:\/\/villa-albertine.org\/va\/wp-json\/wp\/v2\/app_news_type?post=56941"}],"curies":[{"name":"wp","href":"https:\/\/api.w.org\/{rel}","templated":true}]}}