{"id":56907,"date":"2021-11-10T16:29:48","date_gmt":"2021-11-10T16:29:48","guid":{"rendered":"https:\/\/villa-albertine.org\/news\/welcoming-vanina-gere\/"},"modified":"2023-08-23T07:31:25","modified_gmt":"2023-08-23T07:31:25","slug":"welcoming-vanina-gere","status":"publish","type":"app_news","link":"https:\/\/villa-albertine.org\/va\/news\/welcoming-vanina-gere\/","title":{"rendered":"Welcoming Vanina G\u00e9r\u00e9"},"content":{"rendered":"<p>This new grant has been awarded to art historian and critic Vanina G\u00e9r\u00e9 for her research project\u00a0<em>&#8220;Hacking Apparatuses of Control: Contemporary African-American Political Digital Practices (and beyond).&#8221;<\/em><\/p>\n<p>\u00a0<\/p>\n<p>The recipient of the 2021 edition of the Beauford Delaney Research Grant, Vanina\u00a0G\u00e9r\u00e9, will carry out a project entitled\u00a0<em>\u2018Hacking Apparatuses of Control\u2019: Contemporary African-American Political Digital Practices (and beyond)<\/em>.\u00a0\u00a0<\/p>\n<p>For her research,\u00a0G\u00e9r\u00e9\u00a0is looking forward to meeting and discussing with many artists as well as curators and writers. After beginning her research in Summer 2021, she plans to travel to New York, Chicago, Philadelphia, London, Los Angeles, and Berlin, and to conduct her research in collaboration with major institutions like Electronic Arts Intermix, the Whitney Museum, MoMA, the Kadist\u00a0Foundation, MOCA Chicago, the Brooklyn Museum, LACMA, MOCA LA, the School for Poetic Computation, Studio Museum Harlem, Powerplant, the Hammer Museum, and more.\u00a0<\/p>\n<p>Within the context of increased visibility for Black struggles for social justice in the US (#BlackLivesMatter, 2013) and ever-clearer exposure of the myth that computer and digital technologies are\u00a0sociopolitically &#8220;neutral,&#8221; the continuum between historic apparatuses of control and contemporary technologies of surveillance targeting African-Americans\u2014from historic slavery to present-day police violence\u2014has been clearly highlighted by a range of academic and activist works over the past decade.\u00a0\u00a0<\/p>\n<p>The research project aims at providing a view of contemporary practices by African-American and Afro-diasporic artists active in the United States who question computer technologies, software, and\/or hegemonic digital cultures, with race (as well as gender and sexual identity) as a central concern. The majority of the 12 artists selected for this research project use code, software creation, computer programming, 3D animation or virtual reality as part of their multimedia practice; many of them conceive of computer and digital technologies at the intersection with community organization and (h)ac(k)tivism. Though by no means homogeneous, their work is resonant within a coherent network that brings to the fore political art and a critique of the \u201cfarewell to the world\u201d that characterizes the digital age, and they all bring a strong, radical political presence to the current North American and international art scene.\u00a0<\/p>\n<p>A transdisciplinary approach will be brought to the research project, which will rely on software and code studies as well as African-American studies and contemporary art history. A broader perspective will also be brought through dialogue with a number of curators and writers who have been active in the promotion of some of these artists in particular, and of political digital arts in general.\u00a0<\/p>\n<p><u><a href=\"https:\/\/villa-albertine.org\/professionals\/beauford-delaney-grant\">Learn more about the Beauford Delaney grant<\/a><\/u><\/p>\n<p>\u00a0<\/p>\n<p>\u00a0<\/p>\n<p>\u00a0<\/p>\n","protected":false},"featured_media":56905,"menu_order":0,"template":"","app_discipline":[218],"app_city_tax":[217],"app_news_type":[],"class_list":["post-56907","app_news","type-app_news","status-publish","has-post-thumbnail","hentry","app_discipline-visual-arts","app_city_tax-nyc"],"acf":[],"yoast_head":"<!-- This site is optimized with the Yoast SEO plugin v27.3 - https:\/\/yoast.com\/product\/yoast-seo-wordpress\/ -->\n<title>Welcoming Vanina G\u00e9r\u00e9 - Villa Albertine<\/title>\n<meta name=\"robots\" content=\"index, follow, max-snippet:-1, max-image-preview:large, max-video-preview:-1\" \/>\n<link rel=\"canonical\" href=\"https:\/\/villa-albertine.org\/va\/news\/welcoming-vanina-gere\/\" \/>\n<meta property=\"og:locale\" content=\"en_US\" \/>\n<meta property=\"og:type\" content=\"article\" \/>\n<meta property=\"og:title\" content=\"Welcoming Vanina G\u00e9r\u00e9 - Villa Albertine\" \/>\n<meta property=\"og:description\" content=\"This new grant has been awarded to art historian and critic Vanina G\u00e9r\u00e9 for her research project\u00a0&#8220;Hacking Apparatuses of Control: Contemporary African-American Political Digital Practices (and beyond).&#8221; \u00a0 The recipient of the 2021 edition of the Beauford Delaney Research Grant, Vanina\u00a0G\u00e9r\u00e9, will carry out a project entitled\u00a0\u2018Hacking Apparatuses of Control\u2019: Contemporary African-American Political Digital Practices...\" \/>\n<meta property=\"og:url\" content=\"https:\/\/villa-albertine.org\/va\/news\/welcoming-vanina-gere\/\" \/>\n<meta property=\"og:site_name\" content=\"Villa Albertine\" \/>\n<meta property=\"article:modified_time\" content=\"2023-08-23T07:31:25+00:00\" \/>\n<meta property=\"og:image\" content=\"https:\/\/villa-albertine.org\/wp-content\/uploads\/2023\/08\/vanina20gC3A9rC3A9.jpg\" \/>\n\t<meta property=\"og:image:width\" content=\"1392\" \/>\n\t<meta property=\"og:image:height\" content=\"1044\" \/>\n\t<meta property=\"og:image:type\" content=\"image\/jpeg\" \/>\n<meta name=\"twitter:card\" content=\"summary_large_image\" \/>\n<meta name=\"twitter:label1\" content=\"Est. reading time\" \/>\n\t<meta name=\"twitter:data1\" content=\"2 minutes\" \/>\n<script type=\"application\/ld+json\" class=\"yoast-schema-graph\">{\"@context\":\"https:\\\/\\\/schema.org\",\"@graph\":[{\"@type\":\"WebPage\",\"@id\":\"https:\\\/\\\/villa-albertine.org\\\/va\\\/news\\\/welcoming-vanina-gere\\\/\",\"url\":\"https:\\\/\\\/villa-albertine.org\\\/va\\\/news\\\/welcoming-vanina-gere\\\/\",\"name\":\"Welcoming Vanina G\u00e9r\u00e9 - Villa Albertine\",\"isPartOf\":{\"@id\":\"https:\\\/\\\/villa-albertine.org\\\/va\\\/#website\"},\"primaryImageOfPage\":{\"@id\":\"https:\\\/\\\/villa-albertine.org\\\/va\\\/news\\\/welcoming-vanina-gere\\\/#primaryimage\"},\"image\":{\"@id\":\"https:\\\/\\\/villa-albertine.org\\\/va\\\/news\\\/welcoming-vanina-gere\\\/#primaryimage\"},\"thumbnailUrl\":\"https:\\\/\\\/villa-albertine.org\\\/wp-content\\\/uploads\\\/2023\\\/08\\\/vanina20gC3A9rC3A9.jpg\",\"datePublished\":\"2021-11-10T16:29:48+00:00\",\"dateModified\":\"2023-08-23T07:31:25+00:00\",\"breadcrumb\":{\"@id\":\"https:\\\/\\\/villa-albertine.org\\\/va\\\/news\\\/welcoming-vanina-gere\\\/#breadcrumb\"},\"inLanguage\":\"en-US\",\"potentialAction\":[{\"@type\":\"ReadAction\",\"target\":[\"https:\\\/\\\/villa-albertine.org\\\/va\\\/news\\\/welcoming-vanina-gere\\\/\"]}]},{\"@type\":\"ImageObject\",\"inLanguage\":\"en-US\",\"@id\":\"https:\\\/\\\/villa-albertine.org\\\/va\\\/news\\\/welcoming-vanina-gere\\\/#primaryimage\",\"url\":\"https:\\\/\\\/villa-albertine.org\\\/wp-content\\\/uploads\\\/2023\\\/08\\\/vanina20gC3A9rC3A9.jpg\",\"contentUrl\":\"https:\\\/\\\/villa-albertine.org\\\/wp-content\\\/uploads\\\/2023\\\/08\\\/vanina20gC3A9rC3A9.jpg\",\"width\":1392,\"height\":1044},{\"@type\":\"BreadcrumbList\",\"@id\":\"https:\\\/\\\/villa-albertine.org\\\/va\\\/news\\\/welcoming-vanina-gere\\\/#breadcrumb\",\"itemListElement\":[{\"@type\":\"ListItem\",\"position\":1,\"name\":\"Home\",\"item\":\"https:\\\/\\\/villa-albertine.org\\\/va\\\/\"},{\"@type\":\"ListItem\",\"position\":2,\"name\":\"Welcoming Vanina G\u00e9r\u00e9\"}]},{\"@type\":\"WebSite\",\"@id\":\"https:\\\/\\\/villa-albertine.org\\\/va\\\/#website\",\"url\":\"https:\\\/\\\/villa-albertine.org\\\/va\\\/\",\"name\":\"Villa Albertine\",\"description\":\"\",\"potentialAction\":[{\"@type\":\"SearchAction\",\"target\":{\"@type\":\"EntryPoint\",\"urlTemplate\":\"https:\\\/\\\/villa-albertine.org\\\/va\\\/?s={search_term_string}\"},\"query-input\":{\"@type\":\"PropertyValueSpecification\",\"valueRequired\":true,\"valueName\":\"search_term_string\"}}],\"inLanguage\":\"en-US\"}]}<\/script>\n<!-- \/ Yoast SEO plugin. -->","yoast_head_json":{"title":"Welcoming Vanina G\u00e9r\u00e9 - Villa Albertine","robots":{"index":"index","follow":"follow","max-snippet":"max-snippet:-1","max-image-preview":"max-image-preview:large","max-video-preview":"max-video-preview:-1"},"canonical":"https:\/\/villa-albertine.org\/va\/news\/welcoming-vanina-gere\/","og_locale":"en_US","og_type":"article","og_title":"Welcoming Vanina G\u00e9r\u00e9 - Villa Albertine","og_description":"This new grant has been awarded to art historian and critic Vanina G\u00e9r\u00e9 for her research project\u00a0&#8220;Hacking Apparatuses of Control: Contemporary African-American Political Digital Practices (and beyond).&#8221; \u00a0 The recipient of the 2021 edition of the Beauford Delaney Research Grant, Vanina\u00a0G\u00e9r\u00e9, will carry out a project entitled\u00a0\u2018Hacking Apparatuses of Control\u2019: Contemporary African-American Political Digital Practices...","og_url":"https:\/\/villa-albertine.org\/va\/news\/welcoming-vanina-gere\/","og_site_name":"Villa Albertine","article_modified_time":"2023-08-23T07:31:25+00:00","og_image":[{"width":1392,"height":1044,"url":"https:\/\/villa-albertine.org\/wp-content\/uploads\/2023\/08\/vanina20gC3A9rC3A9.jpg","type":"image\/jpeg"}],"twitter_card":"summary_large_image","twitter_misc":{"Est. reading time":"2 minutes"},"schema":{"@context":"https:\/\/schema.org","@graph":[{"@type":"WebPage","@id":"https:\/\/villa-albertine.org\/va\/news\/welcoming-vanina-gere\/","url":"https:\/\/villa-albertine.org\/va\/news\/welcoming-vanina-gere\/","name":"Welcoming Vanina G\u00e9r\u00e9 - Villa Albertine","isPartOf":{"@id":"https:\/\/villa-albertine.org\/va\/#website"},"primaryImageOfPage":{"@id":"https:\/\/villa-albertine.org\/va\/news\/welcoming-vanina-gere\/#primaryimage"},"image":{"@id":"https:\/\/villa-albertine.org\/va\/news\/welcoming-vanina-gere\/#primaryimage"},"thumbnailUrl":"https:\/\/villa-albertine.org\/wp-content\/uploads\/2023\/08\/vanina20gC3A9rC3A9.jpg","datePublished":"2021-11-10T16:29:48+00:00","dateModified":"2023-08-23T07:31:25+00:00","breadcrumb":{"@id":"https:\/\/villa-albertine.org\/va\/news\/welcoming-vanina-gere\/#breadcrumb"},"inLanguage":"en-US","potentialAction":[{"@type":"ReadAction","target":["https:\/\/villa-albertine.org\/va\/news\/welcoming-vanina-gere\/"]}]},{"@type":"ImageObject","inLanguage":"en-US","@id":"https:\/\/villa-albertine.org\/va\/news\/welcoming-vanina-gere\/#primaryimage","url":"https:\/\/villa-albertine.org\/wp-content\/uploads\/2023\/08\/vanina20gC3A9rC3A9.jpg","contentUrl":"https:\/\/villa-albertine.org\/wp-content\/uploads\/2023\/08\/vanina20gC3A9rC3A9.jpg","width":1392,"height":1044},{"@type":"BreadcrumbList","@id":"https:\/\/villa-albertine.org\/va\/news\/welcoming-vanina-gere\/#breadcrumb","itemListElement":[{"@type":"ListItem","position":1,"name":"Home","item":"https:\/\/villa-albertine.org\/va\/"},{"@type":"ListItem","position":2,"name":"Welcoming Vanina G\u00e9r\u00e9"}]},{"@type":"WebSite","@id":"https:\/\/villa-albertine.org\/va\/#website","url":"https:\/\/villa-albertine.org\/va\/","name":"Villa Albertine","description":"","potentialAction":[{"@type":"SearchAction","target":{"@type":"EntryPoint","urlTemplate":"https:\/\/villa-albertine.org\/va\/?s={search_term_string}"},"query-input":{"@type":"PropertyValueSpecification","valueRequired":true,"valueName":"search_term_string"}}],"inLanguage":"en-US"}]}},"_links":{"self":[{"href":"https:\/\/villa-albertine.org\/va\/wp-json\/wp\/v2\/app_news\/56907","targetHints":{"allow":["GET"]}}],"collection":[{"href":"https:\/\/villa-albertine.org\/va\/wp-json\/wp\/v2\/app_news"}],"about":[{"href":"https:\/\/villa-albertine.org\/va\/wp-json\/wp\/v2\/types\/app_news"}],"wp:featuredmedia":[{"embeddable":true,"href":"https:\/\/villa-albertine.org\/va\/wp-json\/wp\/v2\/media\/56905"}],"wp:attachment":[{"href":"https:\/\/villa-albertine.org\/va\/wp-json\/wp\/v2\/media?parent=56907"}],"wp:term":[{"taxonomy":"app_discipline","embeddable":true,"href":"https:\/\/villa-albertine.org\/va\/wp-json\/wp\/v2\/app_discipline?post=56907"},{"taxonomy":"app_city_tax","embeddable":true,"href":"https:\/\/villa-albertine.org\/va\/wp-json\/wp\/v2\/app_city_tax?post=56907"},{"taxonomy":"app_news_type","embeddable":true,"href":"https:\/\/villa-albertine.org\/va\/wp-json\/wp\/v2\/app_news_type?post=56907"}],"curies":[{"name":"wp","href":"https:\/\/api.w.org\/{rel}","templated":true}]}}