{"id":4764448,"date":"2025-07-31T20:30:04","date_gmt":"2025-07-31T20:30:04","guid":{"rendered":"https:\/\/villa-albertine.org\/va\/?post_type=app_news&#038;p=4764448"},"modified":"2025-08-01T22:01:52","modified_gmt":"2025-08-01T22:01:52","slug":"clara-kernreuter","status":"publish","type":"app_news","link":"https:\/\/villa-albertine.org\/va\/news\/clara-kernreuter\/","title":{"rendered":"Clara Kernreuter"},"content":{"rendered":"\n<p>Clara Kernreuter is a craft and product designer based in France. She graduated from the <em>\u00c9cole Nationale Sup\u00e9rieure des Arts D\u00e9coratifs<\/em> (ENSAD) in Paris and studied social and political sciences at <em>Sciences Po<\/em>. She believes that the transition towards more sustainable production and construction systems must be led by design, while being deeply connected to political, socio-economic, and cultural systems.\u00a0<\/p>\n\n\n\n<p>After working in design studios and as an independent designer, she joined<em> <\/em>Atelier LUMA, the research and design program of LUMA Arles, as a designer and project leader. Her work develops on two levels: she has built an expertise in mineral materials such as ceramics, raw earth, and stone, with a particular focus on adapting architectural ceramic production to the diversity of \u201calternative\u201d material sources, those not extracted through conventional quarrying.\u00a0<\/p>\n\n\n\n<p>At the same time, she contributes to the development of bioregional mapping methodologies that aim to represent local dynamics, resources, and actor networks, in order to support projects rooted in their specific context and attentive to social, ecological, and cultural dimensions. In this framework, she is also developing an open-source digital documentation tool to support the designer-researcher community by sharing knowledge and methodologies around bioregional design practices.&nbsp;<\/p>\n\n\n\n<p><a href=\"https:\/\/www.instagram.com\/clarakernreuter\/\">Instagram<\/a><\/p>\n\n\n\n<h3 class=\"wp-block-heading\">Gallery<\/h3>\n\n\n\n<p>Take a look at a selection of Kernreuter&#8217;s work below.<\/p>\n\n\n\n<p><\/p>\n\n\n\n<figure class=\"wp-block-gallery alignwide has-nested-images columns-default is-cropped wp-block-gallery-1 is-layout-flex wp-block-gallery-is-layout-flex\">\n<figure class=\"wp-block-image size-full\"><img loading=\"lazy\" decoding=\"async\" width=\"1707\" height=\"2560\" data-id=\"4764629\" src=\"https:\/\/villa-albertine.org\/wp-content\/uploads\/2025\/07\/230526-LUMA-AL-MELECTRIQUE-\u00a9ADRIANDEWEERDT-29-scaled.jpg\" alt=\"\" class=\"wp-image-4764629\" srcset=\"https:\/\/villa-albertine.org\/wp-content\/uploads\/2025\/07\/230526-LUMA-AL-MELECTRIQUE-\u00a9ADRIANDEWEERDT-29-scaled.jpg 1707w, https:\/\/villa-albertine.org\/wp-content\/uploads\/2025\/07\/230526-LUMA-AL-MELECTRIQUE-\u00a9ADRIANDEWEERDT-29-200x300.jpg 200w, https:\/\/villa-albertine.org\/wp-content\/uploads\/2025\/07\/230526-LUMA-AL-MELECTRIQUE-\u00a9ADRIANDEWEERDT-29-683x1024.jpg 683w, https:\/\/villa-albertine.org\/wp-content\/uploads\/2025\/07\/230526-LUMA-AL-MELECTRIQUE-\u00a9ADRIANDEWEERDT-29-768x1152.jpg 768w, https:\/\/villa-albertine.org\/wp-content\/uploads\/2025\/07\/230526-LUMA-AL-MELECTRIQUE-\u00a9ADRIANDEWEERDT-29-1024x1536.jpg 1024w, https:\/\/villa-albertine.org\/wp-content\/uploads\/2025\/07\/230526-LUMA-AL-MELECTRIQUE-\u00a9ADRIANDEWEERDT-29-1365x2048.jpg 1365w\" sizes=\"auto, (max-width: 1707px) 100vw, 1707px\" \/><figcaption class=\"wp-element-caption\"><p>Clara Kernreuter. LUMA. Al-Melectrique (c) Adrian Deweerdt<\/p><\/figcaption><\/figure>\n\n\n\n<figure class=\"wp-block-image size-large\"><img loading=\"lazy\" decoding=\"async\" width=\"683\" height=\"1024\" data-id=\"4764664\" src=\"https:\/\/villa-albertine.org\/wp-content\/uploads\/2025\/07\/20230415_Atelier-Luma_Milan-Design-_1060Batch-1_\u00a9Joana-Luz-683x1024.jpg\" alt=\"\" class=\"wp-image-4764664\" srcset=\"https:\/\/villa-albertine.org\/wp-content\/uploads\/2025\/07\/20230415_Atelier-Luma_Milan-Design-_1060Batch-1_\u00a9Joana-Luz-683x1024.jpg 683w, https:\/\/villa-albertine.org\/wp-content\/uploads\/2025\/07\/20230415_Atelier-Luma_Milan-Design-_1060Batch-1_\u00a9Joana-Luz-200x300.jpg 200w, https:\/\/villa-albertine.org\/wp-content\/uploads\/2025\/07\/20230415_Atelier-Luma_Milan-Design-_1060Batch-1_\u00a9Joana-Luz-768x1152.jpg 768w, https:\/\/villa-albertine.org\/wp-content\/uploads\/2025\/07\/20230415_Atelier-Luma_Milan-Design-_1060Batch-1_\u00a9Joana-Luz-1024x1536.jpg 1024w, https:\/\/villa-albertine.org\/wp-content\/uploads\/2025\/07\/20230415_Atelier-Luma_Milan-Design-_1060Batch-1_\u00a9Joana-Luz-1366x2048.jpg 1366w, https:\/\/villa-albertine.org\/wp-content\/uploads\/2025\/07\/20230415_Atelier-Luma_Milan-Design-_1060Batch-1_\u00a9Joana-Luz-scaled.jpg 1707w\" sizes=\"auto, (max-width: 683px) 100vw, 683px\" \/><figcaption class=\"wp-element-caption\"><p>Clara Kernreuter. LUMA. Milan Design (c) Joana Luz<\/p><\/figcaption><\/figure>\n<\/figure>\n\n\n\n<p><\/p>\n\n\n\n<figure class=\"wp-block-gallery alignwide has-nested-images columns-default is-cropped wp-block-gallery-2 is-layout-flex wp-block-gallery-is-layout-flex\">\n<figure class=\"wp-block-image size-large\"><img loading=\"lazy\" decoding=\"async\" width=\"683\" height=\"1024\" data-id=\"4764727\" src=\"https:\/\/villa-albertine.org\/wp-content\/uploads\/2025\/07\/250617-LUMA-AL-LINA-reedearth-\u00a9ADRIANDEWEERDT-12-683x1024.jpg\" alt=\"\" class=\"wp-image-4764727\" srcset=\"https:\/\/villa-albertine.org\/wp-content\/uploads\/2025\/07\/250617-LUMA-AL-LINA-reedearth-\u00a9ADRIANDEWEERDT-12-683x1024.jpg 683w, https:\/\/villa-albertine.org\/wp-content\/uploads\/2025\/07\/250617-LUMA-AL-LINA-reedearth-\u00a9ADRIANDEWEERDT-12-200x300.jpg 200w, https:\/\/villa-albertine.org\/wp-content\/uploads\/2025\/07\/250617-LUMA-AL-LINA-reedearth-\u00a9ADRIANDEWEERDT-12-768x1152.jpg 768w, https:\/\/villa-albertine.org\/wp-content\/uploads\/2025\/07\/250617-LUMA-AL-LINA-reedearth-\u00a9ADRIANDEWEERDT-12-1024x1536.jpg 1024w, https:\/\/villa-albertine.org\/wp-content\/uploads\/2025\/07\/250617-LUMA-AL-LINA-reedearth-\u00a9ADRIANDEWEERDT-12-1365x2048.jpg 1365w, https:\/\/villa-albertine.org\/wp-content\/uploads\/2025\/07\/250617-LUMA-AL-LINA-reedearth-\u00a9ADRIANDEWEERDT-12-scaled.jpg 1707w\" sizes=\"auto, (max-width: 683px) 100vw, 683px\" \/><figcaption class=\"wp-element-caption\"><p>Clara Kernreuter. LUMA. Reed + earth (c) Adrian Deweerdt<\/p><\/figcaption><\/figure>\n\n\n\n<figure class=\"wp-block-image size-large\"><img loading=\"lazy\" decoding=\"async\" width=\"683\" height=\"1024\" data-id=\"4764703\" src=\"https:\/\/villa-albertine.org\/wp-content\/uploads\/2025\/07\/250624-LUMA-tiles-\u00a9ADRIANDEWEERDT-12-683x1024.jpg\" alt=\"\" class=\"wp-image-4764703\" srcset=\"https:\/\/villa-albertine.org\/wp-content\/uploads\/2025\/07\/250624-LUMA-tiles-\u00a9ADRIANDEWEERDT-12-683x1024.jpg 683w, https:\/\/villa-albertine.org\/wp-content\/uploads\/2025\/07\/250624-LUMA-tiles-\u00a9ADRIANDEWEERDT-12-200x300.jpg 200w, https:\/\/villa-albertine.org\/wp-content\/uploads\/2025\/07\/250624-LUMA-tiles-\u00a9ADRIANDEWEERDT-12-768x1152.jpg 768w, https:\/\/villa-albertine.org\/wp-content\/uploads\/2025\/07\/250624-LUMA-tiles-\u00a9ADRIANDEWEERDT-12-1024x1536.jpg 1024w, https:\/\/villa-albertine.org\/wp-content\/uploads\/2025\/07\/250624-LUMA-tiles-\u00a9ADRIANDEWEERDT-12.jpg 1280w\" sizes=\"auto, (max-width: 683px) 100vw, 683px\" \/><figcaption class=\"wp-element-caption\"><p>Clara Kernreuter. LUMA. Tiles (c) Adrian Deweerdt<\/p><\/figcaption><\/figure>\n<\/figure>\n\n\n\n<p><\/p>\n","protected":false},"featured_media":4764565,"menu_order":0,"template":"","app_discipline":[232],"app_city_tax":[220],"app_news_type":[],"class_list":["post-4764448","app_news","type-app_news","status-publish","has-post-thumbnail","hentry","app_discipline-craft-design","app_city_tax-la"],"acf":[],"yoast_head":"<!-- This site is optimized with the Yoast SEO plugin v27.3 - https:\/\/yoast.com\/product\/yoast-seo-wordpress\/ -->\n<title>Clara Kernreuter - Villa Albertine<\/title>\n<meta name=\"robots\" content=\"index, follow, max-snippet:-1, max-image-preview:large, max-video-preview:-1\" \/>\n<link rel=\"canonical\" href=\"https:\/\/villa-albertine.org\/va\/news\/clara-kernreuter\/\" \/>\n<meta property=\"og:locale\" content=\"en_US\" \/>\n<meta property=\"og:type\" content=\"article\" \/>\n<meta property=\"og:title\" content=\"Clara Kernreuter - Villa Albertine\" \/>\n<meta property=\"og:description\" content=\"Clara Kernreuter is a craft and product designer based in France. She graduated from the \u00c9cole Nationale Sup\u00e9rieure des Arts D\u00e9coratifs (ENSAD) in Paris and studied social and political sciences at Sciences Po. She believes that the transition towards more sustainable production and construction systems must be led by design, while being deeply connected to...\" \/>\n<meta property=\"og:url\" content=\"https:\/\/villa-albertine.org\/va\/news\/clara-kernreuter\/\" \/>\n<meta property=\"og:site_name\" content=\"Villa Albertine\" \/>\n<meta property=\"article:modified_time\" content=\"2025-08-01T22:01:52+00:00\" \/>\n<meta property=\"og:image\" content=\"https:\/\/villa-albertine.org\/wp-content\/uploads\/2025\/07\/20241009_20241009_Carnaudmagnin_ultralocal_seleclarge33.jpgarnaudmagnin_ultralocal_seleclarge33-scaled-e1752173292955.jpg\" \/>\n\t<meta property=\"og:image:width\" content=\"1707\" \/>\n\t<meta property=\"og:image:height\" content=\"1293\" \/>\n\t<meta property=\"og:image:type\" content=\"image\/jpeg\" \/>\n<meta name=\"twitter:card\" content=\"summary_large_image\" \/>\n<meta name=\"twitter:label1\" content=\"Est. reading time\" \/>\n\t<meta name=\"twitter:data1\" content=\"3 minutes\" \/>\n<script type=\"application\/ld+json\" class=\"yoast-schema-graph\">{\"@context\":\"https:\\\/\\\/schema.org\",\"@graph\":[{\"@type\":\"WebPage\",\"@id\":\"https:\\\/\\\/villa-albertine.org\\\/va\\\/news\\\/clara-kernreuter\\\/\",\"url\":\"https:\\\/\\\/villa-albertine.org\\\/va\\\/news\\\/clara-kernreuter\\\/\",\"name\":\"Clara Kernreuter - Villa Albertine\",\"isPartOf\":{\"@id\":\"https:\\\/\\\/villa-albertine.org\\\/va\\\/#website\"},\"primaryImageOfPage\":{\"@id\":\"https:\\\/\\\/villa-albertine.org\\\/va\\\/news\\\/clara-kernreuter\\\/#primaryimage\"},\"image\":{\"@id\":\"https:\\\/\\\/villa-albertine.org\\\/va\\\/news\\\/clara-kernreuter\\\/#primaryimage\"},\"thumbnailUrl\":\"https:\\\/\\\/villa-albertine.org\\\/wp-content\\\/uploads\\\/2025\\\/07\\\/20241009_20241009_Carnaudmagnin_ultralocal_seleclarge33.jpgarnaudmagnin_ultralocal_seleclarge33-scaled-e1752173292955.jpg\",\"datePublished\":\"2025-07-31T20:30:04+00:00\",\"dateModified\":\"2025-08-01T22:01:52+00:00\",\"breadcrumb\":{\"@id\":\"https:\\\/\\\/villa-albertine.org\\\/va\\\/news\\\/clara-kernreuter\\\/#breadcrumb\"},\"inLanguage\":\"en-US\",\"potentialAction\":[{\"@type\":\"ReadAction\",\"target\":[\"https:\\\/\\\/villa-albertine.org\\\/va\\\/news\\\/clara-kernreuter\\\/\"]}]},{\"@type\":\"ImageObject\",\"inLanguage\":\"en-US\",\"@id\":\"https:\\\/\\\/villa-albertine.org\\\/va\\\/news\\\/clara-kernreuter\\\/#primaryimage\",\"url\":\"https:\\\/\\\/villa-albertine.org\\\/wp-content\\\/uploads\\\/2025\\\/07\\\/20241009_20241009_Carnaudmagnin_ultralocal_seleclarge33.jpgarnaudmagnin_ultralocal_seleclarge33-scaled-e1752173292955.jpg\",\"contentUrl\":\"https:\\\/\\\/villa-albertine.org\\\/wp-content\\\/uploads\\\/2025\\\/07\\\/20241009_20241009_Carnaudmagnin_ultralocal_seleclarge33.jpgarnaudmagnin_ultralocal_seleclarge33-scaled-e1752173292955.jpg\",\"width\":1707,\"height\":1293},{\"@type\":\"BreadcrumbList\",\"@id\":\"https:\\\/\\\/villa-albertine.org\\\/va\\\/news\\\/clara-kernreuter\\\/#breadcrumb\",\"itemListElement\":[{\"@type\":\"ListItem\",\"position\":1,\"name\":\"Home\",\"item\":\"https:\\\/\\\/villa-albertine.org\\\/va\\\/\"},{\"@type\":\"ListItem\",\"position\":2,\"name\":\"Clara Kernreuter\"}]},{\"@type\":\"WebSite\",\"@id\":\"https:\\\/\\\/villa-albertine.org\\\/va\\\/#website\",\"url\":\"https:\\\/\\\/villa-albertine.org\\\/va\\\/\",\"name\":\"Villa Albertine\",\"description\":\"\",\"potentialAction\":[{\"@type\":\"SearchAction\",\"target\":{\"@type\":\"EntryPoint\",\"urlTemplate\":\"https:\\\/\\\/villa-albertine.org\\\/va\\\/?s={search_term_string}\"},\"query-input\":{\"@type\":\"PropertyValueSpecification\",\"valueRequired\":true,\"valueName\":\"search_term_string\"}}],\"inLanguage\":\"en-US\"}]}<\/script>\n<!-- \/ Yoast SEO plugin. -->","yoast_head_json":{"title":"Clara Kernreuter - Villa Albertine","robots":{"index":"index","follow":"follow","max-snippet":"max-snippet:-1","max-image-preview":"max-image-preview:large","max-video-preview":"max-video-preview:-1"},"canonical":"https:\/\/villa-albertine.org\/va\/news\/clara-kernreuter\/","og_locale":"en_US","og_type":"article","og_title":"Clara Kernreuter - Villa Albertine","og_description":"Clara Kernreuter is a craft and product designer based in France. She graduated from the \u00c9cole Nationale Sup\u00e9rieure des Arts D\u00e9coratifs (ENSAD) in Paris and studied social and political sciences at Sciences Po. She believes that the transition towards more sustainable production and construction systems must be led by design, while being deeply connected to...","og_url":"https:\/\/villa-albertine.org\/va\/news\/clara-kernreuter\/","og_site_name":"Villa Albertine","article_modified_time":"2025-08-01T22:01:52+00:00","og_image":[{"width":1707,"height":1293,"url":"https:\/\/villa-albertine.org\/wp-content\/uploads\/2025\/07\/20241009_20241009_Carnaudmagnin_ultralocal_seleclarge33.jpgarnaudmagnin_ultralocal_seleclarge33-scaled-e1752173292955.jpg","type":"image\/jpeg"}],"twitter_card":"summary_large_image","twitter_misc":{"Est. reading time":"3 minutes"},"schema":{"@context":"https:\/\/schema.org","@graph":[{"@type":"WebPage","@id":"https:\/\/villa-albertine.org\/va\/news\/clara-kernreuter\/","url":"https:\/\/villa-albertine.org\/va\/news\/clara-kernreuter\/","name":"Clara Kernreuter - Villa Albertine","isPartOf":{"@id":"https:\/\/villa-albertine.org\/va\/#website"},"primaryImageOfPage":{"@id":"https:\/\/villa-albertine.org\/va\/news\/clara-kernreuter\/#primaryimage"},"image":{"@id":"https:\/\/villa-albertine.org\/va\/news\/clara-kernreuter\/#primaryimage"},"thumbnailUrl":"https:\/\/villa-albertine.org\/wp-content\/uploads\/2025\/07\/20241009_20241009_Carnaudmagnin_ultralocal_seleclarge33.jpgarnaudmagnin_ultralocal_seleclarge33-scaled-e1752173292955.jpg","datePublished":"2025-07-31T20:30:04+00:00","dateModified":"2025-08-01T22:01:52+00:00","breadcrumb":{"@id":"https:\/\/villa-albertine.org\/va\/news\/clara-kernreuter\/#breadcrumb"},"inLanguage":"en-US","potentialAction":[{"@type":"ReadAction","target":["https:\/\/villa-albertine.org\/va\/news\/clara-kernreuter\/"]}]},{"@type":"ImageObject","inLanguage":"en-US","@id":"https:\/\/villa-albertine.org\/va\/news\/clara-kernreuter\/#primaryimage","url":"https:\/\/villa-albertine.org\/wp-content\/uploads\/2025\/07\/20241009_20241009_Carnaudmagnin_ultralocal_seleclarge33.jpgarnaudmagnin_ultralocal_seleclarge33-scaled-e1752173292955.jpg","contentUrl":"https:\/\/villa-albertine.org\/wp-content\/uploads\/2025\/07\/20241009_20241009_Carnaudmagnin_ultralocal_seleclarge33.jpgarnaudmagnin_ultralocal_seleclarge33-scaled-e1752173292955.jpg","width":1707,"height":1293},{"@type":"BreadcrumbList","@id":"https:\/\/villa-albertine.org\/va\/news\/clara-kernreuter\/#breadcrumb","itemListElement":[{"@type":"ListItem","position":1,"name":"Home","item":"https:\/\/villa-albertine.org\/va\/"},{"@type":"ListItem","position":2,"name":"Clara Kernreuter"}]},{"@type":"WebSite","@id":"https:\/\/villa-albertine.org\/va\/#website","url":"https:\/\/villa-albertine.org\/va\/","name":"Villa Albertine","description":"","potentialAction":[{"@type":"SearchAction","target":{"@type":"EntryPoint","urlTemplate":"https:\/\/villa-albertine.org\/va\/?s={search_term_string}"},"query-input":{"@type":"PropertyValueSpecification","valueRequired":true,"valueName":"search_term_string"}}],"inLanguage":"en-US"}]}},"_links":{"self":[{"href":"https:\/\/villa-albertine.org\/va\/wp-json\/wp\/v2\/app_news\/4764448","targetHints":{"allow":["GET"]}}],"collection":[{"href":"https:\/\/villa-albertine.org\/va\/wp-json\/wp\/v2\/app_news"}],"about":[{"href":"https:\/\/villa-albertine.org\/va\/wp-json\/wp\/v2\/types\/app_news"}],"wp:featuredmedia":[{"embeddable":true,"href":"https:\/\/villa-albertine.org\/va\/wp-json\/wp\/v2\/media\/4764565"}],"wp:attachment":[{"href":"https:\/\/villa-albertine.org\/va\/wp-json\/wp\/v2\/media?parent=4764448"}],"wp:term":[{"taxonomy":"app_discipline","embeddable":true,"href":"https:\/\/villa-albertine.org\/va\/wp-json\/wp\/v2\/app_discipline?post=4764448"},{"taxonomy":"app_city_tax","embeddable":true,"href":"https:\/\/villa-albertine.org\/va\/wp-json\/wp\/v2\/app_city_tax?post=4764448"},{"taxonomy":"app_news_type","embeddable":true,"href":"https:\/\/villa-albertine.org\/va\/wp-json\/wp\/v2\/app_news_type?post=4764448"}],"curies":[{"name":"wp","href":"https:\/\/api.w.org\/{rel}","templated":true}]}}