{"id":4760035,"date":"2025-07-31T20:30:44","date_gmt":"2025-07-31T20:30:44","guid":{"rendered":"https:\/\/villa-albertine.org\/va\/?post_type=app_news&#038;p=4760035"},"modified":"2025-08-01T21:54:46","modified_gmt":"2025-08-01T21:54:46","slug":"clemence-althabegoity","status":"publish","type":"app_news","link":"https:\/\/villa-albertine.org\/va\/news\/clemence-althabegoity\/","title":{"rendered":"Cl\u00e9mence Althabego\u00efty"},"content":{"rendered":"\n<p>Cl\u00e9mence Althabego\u00efty is a designer and visual artist based in Paris. She graduated from<br>the Centre for Research Architecture of Goldsmiths (University of London) in 2019, the <em>\u00c9cole<br>Nationale Sup\u00e9rieure des Beaux-Arts de Paris<\/em> in 2018, and the Design Academy Eindhoven<br>in 2016. Her practice is a hybrid between design, art, and science. In collaboration with<br>scientific institutes such as the <em>Mus\u00e9um National d&#8217;Histoire Naturelle<\/em>,<em> Observatoire de Paris<\/em>,<br>and<em> BruitParif<\/em>, she is interested in silence, water, and air, and their interactions with matter.<br>Based on contextual analysis and material research, she designs objects, installations, and<br>scenographies. Her practice seeks to create alternative solutions, raise awareness, and<br>think critically about issues such as rising temperatures, pollution (noise, air, and soil), and<br>water scarcity. By applying the unique properties of materials, each project becomes an<br>opportunity to explore new media and create site-specific works.<\/p>\n\n\n\n<p><a href=\"https:\/\/clemencealthabegoity.fr\/\">Website <\/a>|<a href=\"https:\/\/www.instagram.com\/clemence.althabegoity\/\"> Instagram<\/a><\/p>\n\n\n\n<h3 class=\"wp-block-heading\">Gallery<\/h3>\n\n\n\n<p>Take a look at a selection of Althabego\u00efty&#8217;s work below.<\/p>\n\n\n\n<figure class=\"wp-block-gallery alignwide has-nested-images columns-default is-cropped wp-block-gallery-1 is-layout-flex wp-block-gallery-is-layout-flex\">\n<figure class=\"wp-block-image size-full\"><img loading=\"lazy\" decoding=\"async\" width=\"768\" height=\"1024\" data-id=\"4760675\" src=\"https:\/\/villa-albertine.org\/wp-content\/uploads\/2025\/07\/23_tresser-lombre_althabegoity_romand_HD_credits-francois-lauginie_officielle-1.jpg\" alt=\"\" class=\"wp-image-4760675\" srcset=\"https:\/\/villa-albertine.org\/wp-content\/uploads\/2025\/07\/23_tresser-lombre_althabegoity_romand_HD_credits-francois-lauginie_officielle-1.jpg 768w, https:\/\/villa-albertine.org\/wp-content\/uploads\/2025\/07\/23_tresser-lombre_althabegoity_romand_HD_credits-francois-lauginie_officielle-1-225x300.jpg 225w\" sizes=\"auto, (max-width: 768px) 100vw, 768px\" \/><figcaption class=\"wp-element-caption\"><p>Cl\u00e9mence Althabego\u00efty. <em>Tresser l&#8217;Ombre<\/em> (c) Fran\u00e7ois Lauginie. DRAC Centre-Val de Loire<\/p><\/figcaption><\/figure>\n\n\n\n<figure class=\"wp-block-image size-large\"><img loading=\"lazy\" decoding=\"async\" width=\"768\" height=\"1024\" data-id=\"4760713\" src=\"https:\/\/villa-albertine.org\/wp-content\/uploads\/2025\/07\/Clemence-Althabegoity-et-Catherine-Romand-Laureates-Dialogues-20245-768x1024.jpg\" alt=\"\" class=\"wp-image-4760713\" srcset=\"https:\/\/villa-albertine.org\/wp-content\/uploads\/2025\/07\/Clemence-Althabegoity-et-Catherine-Romand-Laureates-Dialogues-20245-768x1024.jpg 768w, https:\/\/villa-albertine.org\/wp-content\/uploads\/2025\/07\/Clemence-Althabegoity-et-Catherine-Romand-Laureates-Dialogues-20245-225x300.jpg 225w, https:\/\/villa-albertine.org\/wp-content\/uploads\/2025\/07\/Clemence-Althabegoity-et-Catherine-Romand-Laureates-Dialogues-20245-1152x1536.jpg 1152w, https:\/\/villa-albertine.org\/wp-content\/uploads\/2025\/07\/Clemence-Althabegoity-et-Catherine-Romand-Laureates-Dialogues-20245-1536x2048.jpg 1536w, https:\/\/villa-albertine.org\/wp-content\/uploads\/2025\/07\/Clemence-Althabegoity-et-Catherine-Romand-Laureates-Dialogues-20245-scaled.jpg 1920w\" sizes=\"auto, (max-width: 768px) 100vw, 768px\" \/><figcaption class=\"wp-element-caption\"><p>Cl\u00e9mence Althabego\u00efty et Catherine Romand &#8211; Laur\u00e9ates Dialogues 2024 (c) Julie Limont for the Bettencourt Schueller Foundation<\/p><\/figcaption><\/figure>\n<\/figure>\n\n\n\n<p><\/p>\n\n\n\n<figure class=\"wp-block-gallery alignwide has-nested-images columns-default is-cropped wp-block-gallery-2 is-layout-flex wp-block-gallery-is-layout-flex\">\n<figure class=\"wp-block-image size-large\"><img loading=\"lazy\" decoding=\"async\" width=\"682\" height=\"1024\" data-id=\"4760857\" src=\"https:\/\/villa-albertine.org\/wp-content\/uploads\/2025\/07\/20_archive-etheree_credit_josephine-noa-bayle_hd-2-682x1024.png\" alt=\"\" class=\"wp-image-4760857\" srcset=\"https:\/\/villa-albertine.org\/wp-content\/uploads\/2025\/07\/20_archive-etheree_credit_josephine-noa-bayle_hd-2-682x1024.png 682w, https:\/\/villa-albertine.org\/wp-content\/uploads\/2025\/07\/20_archive-etheree_credit_josephine-noa-bayle_hd-2-200x300.png 200w, https:\/\/villa-albertine.org\/wp-content\/uploads\/2025\/07\/20_archive-etheree_credit_josephine-noa-bayle_hd-2-768x1153.png 768w, https:\/\/villa-albertine.org\/wp-content\/uploads\/2025\/07\/20_archive-etheree_credit_josephine-noa-bayle_hd-2-1023x1536.png 1023w, https:\/\/villa-albertine.org\/wp-content\/uploads\/2025\/07\/20_archive-etheree_credit_josephine-noa-bayle_hd-2.png 1080w\" sizes=\"auto, (max-width: 682px) 100vw, 682px\" \/><figcaption class=\"wp-element-caption\"><p>Cl\u00e9mence Althabego\u00efty. <em>Etheree<\/em> (c) Josephine Noa Bayle<\/p><\/figcaption><\/figure>\n\n\n\n<figure class=\"wp-block-image size-large\"><img loading=\"lazy\" decoding=\"async\" width=\"731\" height=\"1024\" data-id=\"4760853\" src=\"https:\/\/villa-albertine.org\/wp-content\/uploads\/2025\/07\/16_clemencealthabegoity_recolterlapluie_hd_credits-ronald-smits_designacademyeindhoven-1-731x1024.jpg\" alt=\"\" class=\"wp-image-4760853\" srcset=\"https:\/\/villa-albertine.org\/wp-content\/uploads\/2025\/07\/16_clemencealthabegoity_recolterlapluie_hd_credits-ronald-smits_designacademyeindhoven-1-731x1024.jpg 731w, https:\/\/villa-albertine.org\/wp-content\/uploads\/2025\/07\/16_clemencealthabegoity_recolterlapluie_hd_credits-ronald-smits_designacademyeindhoven-1-214x300.jpg 214w, https:\/\/villa-albertine.org\/wp-content\/uploads\/2025\/07\/16_clemencealthabegoity_recolterlapluie_hd_credits-ronald-smits_designacademyeindhoven-1-768x1075.jpg 768w, https:\/\/villa-albertine.org\/wp-content\/uploads\/2025\/07\/16_clemencealthabegoity_recolterlapluie_hd_credits-ronald-smits_designacademyeindhoven-1-1097x1536.jpg 1097w, https:\/\/villa-albertine.org\/wp-content\/uploads\/2025\/07\/16_clemencealthabegoity_recolterlapluie_hd_credits-ronald-smits_designacademyeindhoven-1-1463x2048.jpg 1463w, https:\/\/villa-albertine.org\/wp-content\/uploads\/2025\/07\/16_clemencealthabegoity_recolterlapluie_hd_credits-ronald-smits_designacademyeindhoven-1-scaled.jpg 1829w\" sizes=\"auto, (max-width: 731px) 100vw, 731px\" \/><figcaption class=\"wp-element-caption\"><p>Cl\u00e9mence Althabego\u00efty. <em>R\u00e9colter la Pluie<\/em> (c) Ronald Smits. Design Academy Eindhoven<\/p><\/figcaption><\/figure>\n<\/figure>\n","protected":false},"featured_media":4760926,"menu_order":0,"template":"","app_discipline":[232],"app_city_tax":[220],"app_news_type":[],"class_list":["post-4760035","app_news","type-app_news","status-publish","has-post-thumbnail","hentry","app_discipline-craft-design","app_city_tax-la"],"acf":[],"yoast_head":"<!-- This site is optimized with the Yoast SEO plugin v27.3 - https:\/\/yoast.com\/product\/yoast-seo-wordpress\/ -->\n<title>Cl\u00e9mence Althabego\u00efty - Villa Albertine<\/title>\n<meta name=\"robots\" content=\"index, follow, max-snippet:-1, max-image-preview:large, max-video-preview:-1\" \/>\n<link rel=\"canonical\" href=\"https:\/\/villa-albertine.org\/va\/news\/clemence-althabegoity\/\" \/>\n<meta property=\"og:locale\" content=\"en_US\" \/>\n<meta property=\"og:type\" content=\"article\" \/>\n<meta property=\"og:title\" content=\"Cl\u00e9mence Althabego\u00efty - Villa Albertine\" \/>\n<meta property=\"og:description\" content=\"Cl\u00e9mence Althabego\u00efty is a designer and visual artist based in Paris. She graduated fromthe Centre for Research Architecture of Goldsmiths (University of London) in 2019, the \u00c9coleNationale Sup\u00e9rieure des Beaux-Arts de Paris in 2018, and the Design Academy Eindhovenin 2016. Her practice is a hybrid between design, art, and science. In collaboration withscientific institutes such...\" \/>\n<meta property=\"og:url\" content=\"https:\/\/villa-albertine.org\/va\/news\/clemence-althabegoity\/\" \/>\n<meta property=\"og:site_name\" content=\"Villa Albertine\" \/>\n<meta property=\"article:modified_time\" content=\"2025-08-01T21:54:46+00:00\" \/>\n<meta property=\"og:image\" content=\"https:\/\/villa-albertine.org\/wp-content\/uploads\/2025\/07\/Clemence-Althabegoity-et-Catherine-Romand-Laureates-Dialogues-20244-scaled.jpg\" \/>\n\t<meta property=\"og:image:width\" content=\"2560\" \/>\n\t<meta property=\"og:image:height\" content=\"1920\" \/>\n\t<meta property=\"og:image:type\" content=\"image\/jpeg\" \/>\n<meta name=\"twitter:card\" content=\"summary_large_image\" \/>\n<meta name=\"twitter:label1\" content=\"Est. reading time\" \/>\n\t<meta name=\"twitter:data1\" content=\"2 minutes\" \/>\n<script type=\"application\/ld+json\" class=\"yoast-schema-graph\">{\"@context\":\"https:\\\/\\\/schema.org\",\"@graph\":[{\"@type\":\"WebPage\",\"@id\":\"https:\\\/\\\/villa-albertine.org\\\/va\\\/news\\\/clemence-althabegoity\\\/\",\"url\":\"https:\\\/\\\/villa-albertine.org\\\/va\\\/news\\\/clemence-althabegoity\\\/\",\"name\":\"Cl\u00e9mence Althabego\u00efty - Villa Albertine\",\"isPartOf\":{\"@id\":\"https:\\\/\\\/villa-albertine.org\\\/va\\\/#website\"},\"primaryImageOfPage\":{\"@id\":\"https:\\\/\\\/villa-albertine.org\\\/va\\\/news\\\/clemence-althabegoity\\\/#primaryimage\"},\"image\":{\"@id\":\"https:\\\/\\\/villa-albertine.org\\\/va\\\/news\\\/clemence-althabegoity\\\/#primaryimage\"},\"thumbnailUrl\":\"https:\\\/\\\/villa-albertine.org\\\/wp-content\\\/uploads\\\/2025\\\/07\\\/Clemence-Althabegoity-et-Catherine-Romand-Laureates-Dialogues-20244-scaled.jpg\",\"datePublished\":\"2025-07-31T20:30:44+00:00\",\"dateModified\":\"2025-08-01T21:54:46+00:00\",\"breadcrumb\":{\"@id\":\"https:\\\/\\\/villa-albertine.org\\\/va\\\/news\\\/clemence-althabegoity\\\/#breadcrumb\"},\"inLanguage\":\"en-US\",\"potentialAction\":[{\"@type\":\"ReadAction\",\"target\":[\"https:\\\/\\\/villa-albertine.org\\\/va\\\/news\\\/clemence-althabegoity\\\/\"]}]},{\"@type\":\"ImageObject\",\"inLanguage\":\"en-US\",\"@id\":\"https:\\\/\\\/villa-albertine.org\\\/va\\\/news\\\/clemence-althabegoity\\\/#primaryimage\",\"url\":\"https:\\\/\\\/villa-albertine.org\\\/wp-content\\\/uploads\\\/2025\\\/07\\\/Clemence-Althabegoity-et-Catherine-Romand-Laureates-Dialogues-20244-scaled.jpg\",\"contentUrl\":\"https:\\\/\\\/villa-albertine.org\\\/wp-content\\\/uploads\\\/2025\\\/07\\\/Clemence-Althabegoity-et-Catherine-Romand-Laureates-Dialogues-20244-scaled.jpg\",\"width\":2560,\"height\":1920},{\"@type\":\"BreadcrumbList\",\"@id\":\"https:\\\/\\\/villa-albertine.org\\\/va\\\/news\\\/clemence-althabegoity\\\/#breadcrumb\",\"itemListElement\":[{\"@type\":\"ListItem\",\"position\":1,\"name\":\"Home\",\"item\":\"https:\\\/\\\/villa-albertine.org\\\/va\\\/\"},{\"@type\":\"ListItem\",\"position\":2,\"name\":\"Cl\u00e9mence Althabego\u00efty\"}]},{\"@type\":\"WebSite\",\"@id\":\"https:\\\/\\\/villa-albertine.org\\\/va\\\/#website\",\"url\":\"https:\\\/\\\/villa-albertine.org\\\/va\\\/\",\"name\":\"Villa Albertine\",\"description\":\"\",\"potentialAction\":[{\"@type\":\"SearchAction\",\"target\":{\"@type\":\"EntryPoint\",\"urlTemplate\":\"https:\\\/\\\/villa-albertine.org\\\/va\\\/?s={search_term_string}\"},\"query-input\":{\"@type\":\"PropertyValueSpecification\",\"valueRequired\":true,\"valueName\":\"search_term_string\"}}],\"inLanguage\":\"en-US\"}]}<\/script>\n<!-- \/ Yoast SEO plugin. -->","yoast_head_json":{"title":"Cl\u00e9mence Althabego\u00efty - Villa Albertine","robots":{"index":"index","follow":"follow","max-snippet":"max-snippet:-1","max-image-preview":"max-image-preview:large","max-video-preview":"max-video-preview:-1"},"canonical":"https:\/\/villa-albertine.org\/va\/news\/clemence-althabegoity\/","og_locale":"en_US","og_type":"article","og_title":"Cl\u00e9mence Althabego\u00efty - Villa Albertine","og_description":"Cl\u00e9mence Althabego\u00efty is a designer and visual artist based in Paris. She graduated fromthe Centre for Research Architecture of Goldsmiths (University of London) in 2019, the \u00c9coleNationale Sup\u00e9rieure des Beaux-Arts de Paris in 2018, and the Design Academy Eindhovenin 2016. Her practice is a hybrid between design, art, and science. In collaboration withscientific institutes such...","og_url":"https:\/\/villa-albertine.org\/va\/news\/clemence-althabegoity\/","og_site_name":"Villa Albertine","article_modified_time":"2025-08-01T21:54:46+00:00","og_image":[{"width":2560,"height":1920,"url":"https:\/\/villa-albertine.org\/wp-content\/uploads\/2025\/07\/Clemence-Althabegoity-et-Catherine-Romand-Laureates-Dialogues-20244-scaled.jpg","type":"image\/jpeg"}],"twitter_card":"summary_large_image","twitter_misc":{"Est. reading time":"2 minutes"},"schema":{"@context":"https:\/\/schema.org","@graph":[{"@type":"WebPage","@id":"https:\/\/villa-albertine.org\/va\/news\/clemence-althabegoity\/","url":"https:\/\/villa-albertine.org\/va\/news\/clemence-althabegoity\/","name":"Cl\u00e9mence Althabego\u00efty - Villa Albertine","isPartOf":{"@id":"https:\/\/villa-albertine.org\/va\/#website"},"primaryImageOfPage":{"@id":"https:\/\/villa-albertine.org\/va\/news\/clemence-althabegoity\/#primaryimage"},"image":{"@id":"https:\/\/villa-albertine.org\/va\/news\/clemence-althabegoity\/#primaryimage"},"thumbnailUrl":"https:\/\/villa-albertine.org\/wp-content\/uploads\/2025\/07\/Clemence-Althabegoity-et-Catherine-Romand-Laureates-Dialogues-20244-scaled.jpg","datePublished":"2025-07-31T20:30:44+00:00","dateModified":"2025-08-01T21:54:46+00:00","breadcrumb":{"@id":"https:\/\/villa-albertine.org\/va\/news\/clemence-althabegoity\/#breadcrumb"},"inLanguage":"en-US","potentialAction":[{"@type":"ReadAction","target":["https:\/\/villa-albertine.org\/va\/news\/clemence-althabegoity\/"]}]},{"@type":"ImageObject","inLanguage":"en-US","@id":"https:\/\/villa-albertine.org\/va\/news\/clemence-althabegoity\/#primaryimage","url":"https:\/\/villa-albertine.org\/wp-content\/uploads\/2025\/07\/Clemence-Althabegoity-et-Catherine-Romand-Laureates-Dialogues-20244-scaled.jpg","contentUrl":"https:\/\/villa-albertine.org\/wp-content\/uploads\/2025\/07\/Clemence-Althabegoity-et-Catherine-Romand-Laureates-Dialogues-20244-scaled.jpg","width":2560,"height":1920},{"@type":"BreadcrumbList","@id":"https:\/\/villa-albertine.org\/va\/news\/clemence-althabegoity\/#breadcrumb","itemListElement":[{"@type":"ListItem","position":1,"name":"Home","item":"https:\/\/villa-albertine.org\/va\/"},{"@type":"ListItem","position":2,"name":"Cl\u00e9mence Althabego\u00efty"}]},{"@type":"WebSite","@id":"https:\/\/villa-albertine.org\/va\/#website","url":"https:\/\/villa-albertine.org\/va\/","name":"Villa Albertine","description":"","potentialAction":[{"@type":"SearchAction","target":{"@type":"EntryPoint","urlTemplate":"https:\/\/villa-albertine.org\/va\/?s={search_term_string}"},"query-input":{"@type":"PropertyValueSpecification","valueRequired":true,"valueName":"search_term_string"}}],"inLanguage":"en-US"}]}},"_links":{"self":[{"href":"https:\/\/villa-albertine.org\/va\/wp-json\/wp\/v2\/app_news\/4760035","targetHints":{"allow":["GET"]}}],"collection":[{"href":"https:\/\/villa-albertine.org\/va\/wp-json\/wp\/v2\/app_news"}],"about":[{"href":"https:\/\/villa-albertine.org\/va\/wp-json\/wp\/v2\/types\/app_news"}],"wp:featuredmedia":[{"embeddable":true,"href":"https:\/\/villa-albertine.org\/va\/wp-json\/wp\/v2\/media\/4760926"}],"wp:attachment":[{"href":"https:\/\/villa-albertine.org\/va\/wp-json\/wp\/v2\/media?parent=4760035"}],"wp:term":[{"taxonomy":"app_discipline","embeddable":true,"href":"https:\/\/villa-albertine.org\/va\/wp-json\/wp\/v2\/app_discipline?post=4760035"},{"taxonomy":"app_city_tax","embeddable":true,"href":"https:\/\/villa-albertine.org\/va\/wp-json\/wp\/v2\/app_city_tax?post=4760035"},{"taxonomy":"app_news_type","embeddable":true,"href":"https:\/\/villa-albertine.org\/va\/wp-json\/wp\/v2\/app_news_type?post=4760035"}],"curies":[{"name":"wp","href":"https:\/\/api.w.org\/{rel}","templated":true}]}}