{"id":350424,"date":"2023-11-16T19:24:47","date_gmt":"2023-11-16T19:24:47","guid":{"rendered":"https:\/\/villa-albertine.org\/?post_type=app_news&#038;p=350424"},"modified":"2026-01-21T23:09:17","modified_gmt":"2026-01-21T23:09:17","slug":"cineschools-recommendations-of-french-holiday-films-for-young-cinephiles","status":"publish","type":"app_news","link":"https:\/\/villa-albertine.org\/va\/news\/cineschools-recommendations-of-french-holiday-films-for-young-cinephiles\/","title":{"rendered":"Cin\u00e9School\u2019s Recommendations of French Holiday Films for Young Cinephiles"},"content":{"rendered":"\n<p>As the holidays approach, the search for heartwarming French films to delight young audiences and teens begins anew. In a landscape teeming with streaming options in the U.S., finding the perfect cinematic choices can be an overwhelming task. To simplify your selection process, Nathalie Charles, Program Manager of Cin\u00e9School, has curated a handpicked list of French films. Whether you&#8217;re seeking pure entertainment, educational value, or family-friendly options, this list has got you covered. So, what cinematic treasures await this winter break?<\/p>\n\n\n\n<figure class=\"wp-block-image size-full\"><img loading=\"lazy\" decoding=\"async\" width=\"1600\" height=\"900\" src=\"https:\/\/villa-albertine.org\/wp-content\/uploads\/2023\/11\/Le-Grand-Mechant-Renard-et-autres-contes-2-b23b70e5.jpeg\" alt=\"\" class=\"wp-image-937536\" srcset=\"https:\/\/villa-albertine.org\/wp-content\/uploads\/2023\/11\/Le-Grand-Mechant-Renard-et-autres-contes-2-b23b70e5.jpeg 1600w, https:\/\/villa-albertine.org\/wp-content\/uploads\/2023\/11\/Le-Grand-Mechant-Renard-et-autres-contes-2-b23b70e5-300x169.jpeg 300w, https:\/\/villa-albertine.org\/wp-content\/uploads\/2023\/11\/Le-Grand-Mechant-Renard-et-autres-contes-2-b23b70e5-1024x576.jpeg 1024w, https:\/\/villa-albertine.org\/wp-content\/uploads\/2023\/11\/Le-Grand-Mechant-Renard-et-autres-contes-2-b23b70e5-768x432.jpeg 768w, https:\/\/villa-albertine.org\/wp-content\/uploads\/2023\/11\/Le-Grand-Mechant-Renard-et-autres-contes-2-b23b70e5-1536x864.jpeg 1536w\" sizes=\"auto, (max-width: 1600px) 100vw, 1600px\" \/><figcaption class=\"wp-element-caption\"><p><em>Le grand m\u00e9chant renard et autres contes&#8230;<\/em> \u00a9 Gkids<\/p><\/figcaption><\/figure>\n\n\n\n<p><em><strong>The Big Bad Fox and Other Tales<\/strong><\/em>&nbsp;<em><strong>(Le grand m\u00e9chant renard et autres contes&#8230;)<\/strong><\/em><br>By Benjamin Renner &amp; Patrick Imbert,&nbsp;2017, 1h19, France-Belgium, PG, Recommended for ages 4+<\/p>\n\n\n\n<p>The countryside isn&#8217;t always as calm and peaceful as it&#8217;s made out to be, and the animals on this farm are particularly agitated: a fox who mothers a family of chicks, a rabbit who plays the stork, and a duck who wants to be Santa Claus.<\/p>\n\n\n\n<p>Available on&nbsp;<a href=\"https:\/\/tv.apple.com\/us\/movie\/the-big-bad-fox-and-other-tales\/umc.cmc.5aesw14wa3jy0wr0x7etkno4i?playableId=tvs.sbd.9001%3A1514700437\">AppleTV<\/a>&nbsp;|&nbsp;<a href=\"https:\/\/play.google.com\/store\/movies\/details\/The_Big_Bad_Fox_and_Other_Tales?gl=US&amp;hl=en&amp;id=ilfWZ-6UVhg\">GooglePlay<\/a>&nbsp;|&nbsp;<a href=\"https:\/\/www.youtube.com\/watch?v=ilfWZ-6UVhg\">YouTube<\/a>&nbsp;|&nbsp;<a href=\"https:\/\/www.amazon.com\/gp\/video\/detail\/0GI0E3G7F1CBK3DN98AXRII34A\/ref=atv_dl_rdr?tag=justus1ktp-20\">AmazonPrime<\/a>&nbsp;| <a href=\"https:\/\/athome.fandango.com\/content\/browse\/details\/The-Big-Bad-Fox-and-Other-Tales\/1143946\">Fandango<\/a> | <a href=\"https:\/\/www.hoopladigital.com\/title\/12399501\">Hoopla<\/a><\/p>\n\n\n\n<figure class=\"wp-block-image size-large\"><img loading=\"lazy\" decoding=\"async\" width=\"1024\" height=\"512\" src=\"https:\/\/villa-albertine.org\/wp-content\/uploads\/2023\/11\/week-end-family-disney-un-episode-special-noel-festif-et-plein-d-humour-1024x512.jpg\" alt=\"\" class=\"wp-image-350583\" srcset=\"https:\/\/villa-albertine.org\/wp-content\/uploads\/2023\/11\/week-end-family-disney-un-episode-special-noel-festif-et-plein-d-humour-1024x512.jpg 1024w, https:\/\/villa-albertine.org\/wp-content\/uploads\/2023\/11\/week-end-family-disney-un-episode-special-noel-festif-et-plein-d-humour-300x150.jpg 300w, https:\/\/villa-albertine.org\/wp-content\/uploads\/2023\/11\/week-end-family-disney-un-episode-special-noel-festif-et-plein-d-humour-768x384.jpg 768w, https:\/\/villa-albertine.org\/wp-content\/uploads\/2023\/11\/week-end-family-disney-un-episode-special-noel-festif-et-plein-d-humour.jpg 1200w\" sizes=\"auto, (max-width: 1024px) 100vw, 1024px\" \/><figcaption class=\"wp-element-caption\"><p><em><em>Week-End Family: Christmas Special<\/em><\/em> \u00a9 Disney+<\/p><\/figcaption><\/figure>\n\n\n\n<p><em><strong><em>Week-End Family: Christmas Special<\/em><\/strong><\/em> <em><strong>(Week-end Family : Un No\u00ebl gagnant-gagnant)<\/strong><\/em><br>TV Series, 2022, 46 min., France, PG, recommended for ages 10+<\/p>\n\n\n\n<p>For Fred, Christmas is about enjoying good food, presents, and family.  But for Emma, Christmas is about taking care of people in need. She misses her parents and their traditions, so Fred suggests&nbsp;she goes to Canada. Emma asks Fred to join her, but the mothers of his daughters refuse to let them go on such short notice.  Fred says he will go with Emma no matter what, so Vic, Romy, and Clara plot to stop them from leaving! And it\u2019s a good thing they do, as surprise guests will be arriving! &nbsp;<\/p>\n\n\n\n<p>Available on <a href=\"https:\/\/www.disneyplus.com\/movies\/weekend-family-christmas-special\/172Xi7HYxun5\">Disney+<\/a> <br><em>Tip<\/em>: Be sure to click on &#8220;Audio &amp; Subtitles&#8221; and select audio in French.<\/p>\n\n\n\n<figure class=\"wp-block-image size-large\"><img loading=\"lazy\" decoding=\"async\" width=\"1024\" height=\"576\" src=\"https:\/\/villa-albertine.org\/wp-content\/uploads\/2023\/11\/221214-Pere-Frimas_copyright-Les-films-de-lArlequin-scaled-2-1024x576.jpg\" alt=\"\" class=\"wp-image-937635\" srcset=\"https:\/\/villa-albertine.org\/wp-content\/uploads\/2023\/11\/221214-Pere-Frimas_copyright-Les-films-de-lArlequin-scaled-2-1024x576.jpg 1024w, https:\/\/villa-albertine.org\/wp-content\/uploads\/2023\/11\/221214-Pere-Frimas_copyright-Les-films-de-lArlequin-scaled-2-300x169.jpg 300w, https:\/\/villa-albertine.org\/wp-content\/uploads\/2023\/11\/221214-Pere-Frimas_copyright-Les-films-de-lArlequin-scaled-2-768x432.jpg 768w, https:\/\/villa-albertine.org\/wp-content\/uploads\/2023\/11\/221214-Pere-Frimas_copyright-Les-films-de-lArlequin-scaled-2-1536x864.jpg 1536w, https:\/\/villa-albertine.org\/wp-content\/uploads\/2023\/11\/221214-Pere-Frimas_copyright-Les-films-de-lArlequin-scaled-2-2048x1152.jpg 2048w\" sizes=\"auto, (max-width: 1024px) 100vw, 1024px\" \/><figcaption class=\"wp-element-caption\"><p><em>Le P\u00e8re Frimas<\/em> \u00a9 Les Films de l\u2019Arlequin<\/p><\/figcaption><\/figure>\n\n\n\n<p><strong><em>Father Frismas<\/em><\/strong> <strong><em>(Le P\u00e8re Frimas)<\/em><\/strong><br>By Iouri Tcherenkov, 2013, 25 min., France, recommended for ages 9+<\/p>\n\n\n\n<p>At the top of a mountain up high lives Father Frismas. For time immemorial, Father Frismas has always made sure that every corner of the valley receives the perfect amount of snow in winter. But this year, it seems pretty hard to find the right balance.<\/p>\n\n\n\n<p>Available on&nbsp;<a href=\"https:\/\/athome.fandango.com\/content\/browse\/details\/Father-Frismas-Le-P-re-Frimas-\/735283\">Fandango<\/a> and <a href=\"https:\/\/www.tv5mondeplus.com\/en\/jeunesse\/a-partir-de-9-ans\/le-pere-frimas\">TV5MondePlus<\/a><\/p>\n\n\n\n<figure class=\"wp-block-image size-large\"><img loading=\"lazy\" decoding=\"async\" width=\"1024\" height=\"540\" src=\"https:\/\/villa-albertine.org\/wp-content\/uploads\/2023\/11\/\u00a9-2024-\u2013-Arte-France-\u2013-Les-Valseurs-\u2013-Luftkind-Filmverleih-\u2013-Gaoshan-Pictures-\u2013-Le-Bureau_10-1024x540.jpg\" alt=\"\" class=\"wp-image-6904837\" srcset=\"https:\/\/villa-albertine.org\/wp-content\/uploads\/2023\/11\/\u00a9-2024-\u2013-Arte-France-\u2013-Les-Valseurs-\u2013-Luftkind-Filmverleih-\u2013-Gaoshan-Pictures-\u2013-Le-Bureau_10-1024x540.jpg 1024w, https:\/\/villa-albertine.org\/wp-content\/uploads\/2023\/11\/\u00a9-2024-\u2013-Arte-France-\u2013-Les-Valseurs-\u2013-Luftkind-Filmverleih-\u2013-Gaoshan-Pictures-\u2013-Le-Bureau_10-300x158.jpg 300w, https:\/\/villa-albertine.org\/wp-content\/uploads\/2023\/11\/\u00a9-2024-\u2013-Arte-France-\u2013-Les-Valseurs-\u2013-Luftkind-Filmverleih-\u2013-Gaoshan-Pictures-\u2013-Le-Bureau_10-768x405.jpg 768w, https:\/\/villa-albertine.org\/wp-content\/uploads\/2023\/11\/\u00a9-2024-\u2013-Arte-France-\u2013-Les-Valseurs-\u2013-Luftkind-Filmverleih-\u2013-Gaoshan-Pictures-\u2013-Le-Bureau_10-1536x810.jpg 1536w, https:\/\/villa-albertine.org\/wp-content\/uploads\/2023\/11\/\u00a9-2024-\u2013-Arte-France-\u2013-Les-Valseurs-\u2013-Luftkind-Filmverleih-\u2013-Gaoshan-Pictures-\u2013-Le-Bureau_10.jpg 2048w\" sizes=\"auto, (max-width: 1024px) 100vw, 1024px\" \/><figcaption class=\"wp-element-caption\"><p><em>Animal Tales of Christmas Magic <\/em>\u00a9 Arte France \u2013 Les Valseurs \u2013 Luftkind Filmverleih \u2013 Gaoshan Pictures \u2013 Le Bureau<\/p><\/figcaption><\/figure>\n\n\n\n<p><strong><em><em>Animal Tales of Christmas Magic<\/em><\/em><\/strong> <strong><em>(Le Grand No\u00ebl des animaux)<\/em><\/strong><br>By Camille Almeras, Caroline Attia, Ceylan Beyoglu, Haruna Kishi, Olesya Shchukina, Natalia Chernysheva, 2024, 70 min., France, recommended for ages 4+<\/p>\n\n\n\n<p>Enchanting stories unfold in <em>Animal Tales of Christmas Magic<\/em> where festive wonders come to life. Delve into these heartwarming and modern tales as animals embark on spellbinding journeys from France to Japan to the Far North and its northern lights, spreading joy and generosity. Each story is a whimsical adventure filled with charm, laughter, and the beauty of the winter season. Let the poetry captivate your heart and transport you to a world where Christmas magic knows no bounds.<\/p>\n\n\n\n<p>Available on&nbsp;<a href=\"https:\/\/www.kanopy.com\/en\/product\/justwatch-15480643\">Kanopy<\/a>&nbsp;| <a href=\"https:\/\/tv.apple.com\/us\/movie\/animal-tales-of-christmas-magic\/umc.cmc.mzkbd9pf4pkit1wfk30lrbt3?action=play\">AppleTV<\/a> |&nbsp;<a href=\"https:\/\/play.google.com\/store\/movies\/details?id=_wTne-uLdUU.P\">GooglePlay<\/a>&nbsp;|&nbsp;<a href=\"https:\/\/www.youtube.com\/watch?v=HQ94c-AUyp4\">YouTube<\/a>&nbsp;|&nbsp;<a href=\"https:\/\/www.amazon.com\/gp\/video\/detail\/amzn1.dv.gti.a2c1a536-2786-48cd-9927-d1a088f09217?tag=justus1ktp-20&amp;token=ADE07EB7B9E7DB86DEEEF0D5D4FC5F0B5FB44D3F\">AmazonPrime<\/a>&nbsp;| <a href=\"https:\/\/athome.fandango.com\/content\/browse\/details\/Animal-Tales-of-Christmas-Magic-Le-Grand-Nol-des-Animaux\/4610234?cmp=OrganicSearch~Vudu~GoogleWatch\">Fandango<\/a><\/p>\n\n\n\n<figure class=\"wp-block-image size-full\"><img loading=\"lazy\" decoding=\"async\" width=\"950\" height=\"534\" src=\"https:\/\/villa-albertine.org\/wp-content\/uploads\/2024\/11\/Ailo-une-odyssee-en-Laponie-4-edited.jpg\" alt=\"\" class=\"wp-image-936386\" srcset=\"https:\/\/villa-albertine.org\/wp-content\/uploads\/2024\/11\/Ailo-une-odyssee-en-Laponie-4-edited.jpg 950w, https:\/\/villa-albertine.org\/wp-content\/uploads\/2024\/11\/Ailo-une-odyssee-en-Laponie-4-edited-300x169.jpg 300w, https:\/\/villa-albertine.org\/wp-content\/uploads\/2024\/11\/Ailo-une-odyssee-en-Laponie-4-edited-768x432.jpg 768w\" sizes=\"auto, (max-width: 950px) 100vw, 950px\" \/><figcaption class=\"wp-element-caption\"><p><em>A\u00eflo: Une odyss\u00e9e en Laponie<\/em> \u00a9 Screen Media Films<\/p><\/figcaption><\/figure>\n\n\n\n<p><strong><em>A Reindeer&#8217;s Journey (A\u00eflo: Une odyss\u00e9e en Laponie)<\/em><\/strong><br>By&nbsp;Guillaume Maidatchevsky, 2018, 1h26, Finland-France, PG, documentary, recommended for ages 6+<\/p>\n\n\n\n<p>Throughout his journey, the frail and vulnerable newborn reindeer must overcome the ordeals that stand in the way of his first year of life and his first long trek as the herd migrates. Ailo\u2019s awakening to this wild world is a real adventure, deep in the heart of the stunning landscapes of northern Finland, in Lapland. Ailo&#8217;s journey is an uplifting story from a bleak wilderness warmed by a mother\u2019s endless love as she watches over Ailo in his incredible adventures with other creatures of the Arctic.<\/p>\n\n\n\n<p>Available on <a href=\"https:\/\/tubitv.com\/movies\/715915\/a-reindeer-s-journey\">Tubi<\/a> | <a href=\"https:\/\/athome.fandango.com\/content\/browse\/details\/A-Reindeer-s-Journey\/1228355\">Fandango<\/a> | <a href=\"https:\/\/www.amazon.com\/gp\/video\/detail\/amzn1.dv.gti.1cfaee2e-f1b5-4048-92b3-1b5950288aa3\">AmazonPrime<\/a> | <a href=\"https:\/\/tv.apple.com\/us\/movie\/a-reindeers-journey\/umc.cmc.5w3rfql0rine31ttn72cpzgnj\">AppleTV<\/a> | <a href=\"https:\/\/therokuchannel.roku.com\/details\/71f9e445256953709fcbcd03d9d5644b\/ailos-journey?source=bing\">Roku Channel<\/a> | <a href=\"https:\/\/play.xumo.com\/free-movies\/a-reindeer-s-journey\/XM0YBMT6O5CK3Y\">XumoPlay<\/a> | <a href=\"https:\/\/www.fubo.tv\/welcome\/program\/MV013195130000\/a-reindeers-journey\">Fubo<\/a> | <a href=\"https:\/\/watch.sling.com\/1\/program\/d2709d8a169fd396b963a7634c87ef3e\/watch?trackingid=google-feed\">SlingTV<\/a><\/p>\n\n\n\n<figure class=\"wp-block-image size-large\"><img loading=\"lazy\" decoding=\"async\" width=\"1024\" height=\"576\" src=\"https:\/\/villa-albertine.org\/wp-content\/uploads\/2023\/11\/1145088-3840a-1024x576.jpg\" alt=\"\" class=\"wp-image-1046258\" srcset=\"https:\/\/villa-albertine.org\/wp-content\/uploads\/2023\/11\/1145088-3840a-1024x576.jpg 1024w, https:\/\/villa-albertine.org\/wp-content\/uploads\/2023\/11\/1145088-3840a-300x169.jpg 300w, https:\/\/villa-albertine.org\/wp-content\/uploads\/2023\/11\/1145088-3840a-768x432.jpg 768w, https:\/\/villa-albertine.org\/wp-content\/uploads\/2023\/11\/1145088-3840a-1536x864.jpg 1536w, https:\/\/villa-albertine.org\/wp-content\/uploads\/2023\/11\/1145088-3840a-2048x1152.jpg 2048w\" sizes=\"auto, (max-width: 1024px) 100vw, 1024px\" \/><figcaption class=\"wp-element-caption\"><p><em><em><em>Le p\u00e8re No\u00ebl et le magicien<\/em><\/em><\/em> \u00a9 La Fabrique &#8211; France 3 &#8211; FIT Productions <\/p><\/figcaption><\/figure>\n\n\n\n<p><em><strong>Santa&#8217;s Christmas Snooze (Le p\u00e8re No\u00ebl et le magicien)<\/strong><\/em><br>By Henri Heidsieck, 1995, 25 min., France, recommended for ages 7+<\/p>\n\n\n\n<p>In a village of animals, chaos ensues: a magician bear, who is jealous of Santa Claus, has just put him to sleep with a magic powder\u2026.<\/p>\n\n\n\n<p>Available on&nbsp;<a rel=\"noreferrer noopener\" target=\"_blank\" href=\"https:\/\/nam11.safelinks.protection.outlook.com\/?url=https%3A%2F%2Ftubitv.com%2Fmovies%2F376101%2Fsanta-s-christmas-snooze%3Futm_source%3Djustwatch-feed%26tracking%3Djustwatch-feed&amp;data=05%7C02%7Cnathalie.charles%40villa-albertine.org%7Cb6715afc0e0f45dbaa4608dd09baae16%7C2d6ab33a15c04d1eb0363b23ceb26830%7C0%7C0%7C638677419634368566%7CUnknown%7CTWFpbGZsb3d8eyJFbXB0eU1hcGkiOnRydWUsIlYiOiIwLjAuMDAwMCIsIlAiOiJXaW4zMiIsIkFOIjoiTWFpbCIsIldUIjoyfQ%3D%3D%7C0%7C%7C%7C&amp;sdata=lfmaAtnDuDynNiNiYC%2Bfv57mLYeXy6L3gbS1TA8lgRE%3D&amp;reserved=0\">Tubi<\/a>&nbsp;|&nbsp;<a rel=\"noreferrer noopener\" target=\"_blank\" href=\"https:\/\/nam11.safelinks.protection.outlook.com\/?url=https%3A%2F%2Fwww.amazon.com%2Fgp%2Fvideo%2Fdetail%2F0O6ZABG9LZOP2Y1ALSRRMUY43E%2Fref%3Datv_dl_rdr%3Ftag%3Djustusqxg9-20&amp;data=05%7C02%7Cnathalie.charles%40villa-albertine.org%7Cb6715afc0e0f45dbaa4608dd09baae16%7C2d6ab33a15c04d1eb0363b23ceb26830%7C0%7C0%7C638677419634389200%7CUnknown%7CTWFpbGZsb3d8eyJFbXB0eU1hcGkiOnRydWUsIlYiOiIwLjAuMDAwMCIsIlAiOiJXaW4zMiIsIkFOIjoiTWFpbCIsIldUIjoyfQ%3D%3D%7C0%7C%7C%7C&amp;sdata=Wwnh7ei5t9W0x1jMljLjTWNkApJMpAfpz85ZEKu18Rw%3D&amp;reserved=0\">AmazonPrime<\/a>&nbsp;|&nbsp;<a rel=\"noreferrer noopener\" target=\"_blank\" href=\"https:\/\/nam11.safelinks.protection.outlook.com\/?url=https%3A%2F%2Ftv.apple.com%2Fus%2Fmovie%2Fsantas-christmas-snooze%2Fumc.cmc.540xgk8zy31sccnbn2brs9uhz%3FplayableId%3Dtvs.sbd.9001%253A757286997&amp;data=05%7C02%7Cnathalie.charles%40villa-albertine.org%7Cb6715afc0e0f45dbaa4608dd09baae16%7C2d6ab33a15c04d1eb0363b23ceb26830%7C0%7C0%7C638677419634405215%7CUnknown%7CTWFpbGZsb3d8eyJFbXB0eU1hcGkiOnRydWUsIlYiOiIwLjAuMDAwMCIsIlAiOiJXaW4zMiIsIkFOIjoiTWFpbCIsIldUIjoyfQ%3D%3D%7C0%7C%7C%7C&amp;sdata=DEI5Vmkr8PZJBk%2FxsZDZvA6PN6el45ZnRHOnrtVJ%2B2g%3D&amp;reserved=0\">AppleTV<\/a>&nbsp;|&nbsp;<a rel=\"noreferrer noopener\" target=\"_blank\" href=\"https:\/\/nam11.safelinks.protection.outlook.com\/?url=https%3A%2F%2Fwww.youtube.com%2Fwatch%3Fv%3D84VCKRbXsjw&amp;data=05%7C02%7Cnathalie.charles%40villa-albertine.org%7Cb6715afc0e0f45dbaa4608dd09baae16%7C2d6ab33a15c04d1eb0363b23ceb26830%7C0%7C0%7C638677419634421052%7CUnknown%7CTWFpbGZsb3d8eyJFbXB0eU1hcGkiOnRydWUsIlYiOiIwLjAuMDAwMCIsIlAiOiJXaW4zMiIsIkFOIjoiTWFpbCIsIldUIjoyfQ%3D%3D%7C0%7C%7C%7C&amp;sdata=ygygeHxta%2Fssgf2tHhAYms63SJjF9XzOAEAeG24DdSo%3D&amp;reserved=0\">YouTube<\/a>&nbsp;|&nbsp;<a rel=\"noreferrer noopener\" target=\"_blank\" href=\"https:\/\/nam11.safelinks.protection.outlook.com\/?url=https%3A%2F%2Fplay.google.com%2Fstore%2Fmovies%2Fdetails%2FSanta_s_Christmas_Snooze%3Fgl%3DUS%26hl%3Den%26id%3D84VCKRbXsjw&amp;data=05%7C02%7Cnathalie.charles%40villa-albertine.org%7Cb6715afc0e0f45dbaa4608dd09baae16%7C2d6ab33a15c04d1eb0363b23ceb26830%7C0%7C0%7C638677419634436985%7CUnknown%7CTWFpbGZsb3d8eyJFbXB0eU1hcGkiOnRydWUsIlYiOiIwLjAuMDAwMCIsIlAiOiJXaW4zMiIsIkFOIjoiTWFpbCIsIldUIjoyfQ%3D%3D%7C0%7C%7C%7C&amp;sdata=9NDtOiB0WDSueyamsALzTegTibag7ZGvFgf%2Fl79zsPE%3D&amp;reserved=0\">GooglePlay<\/a>&nbsp;|&nbsp;<a rel=\"noreferrer noopener\" target=\"_blank\" href=\"https:\/\/nam11.safelinks.protection.outlook.com\/?url=https%3A%2F%2Fathome.fandango.com%2Fcontent%2Fbrowse%2Fdetails%2FSantas-Christmas-Snooze%2F1145088%3Fcmp%3DOrganicSearch~Vudu~GoogleWatch&amp;data=05%7C02%7Cnathalie.charles%40villa-albertine.org%7Cb6715afc0e0f45dbaa4608dd09baae16%7C2d6ab33a15c04d1eb0363b23ceb26830%7C0%7C0%7C638677419634455797%7CUnknown%7CTWFpbGZsb3d8eyJFbXB0eU1hcGkiOnRydWUsIlYiOiIwLjAuMDAwMCIsIlAiOiJXaW4zMiIsIkFOIjoiTWFpbCIsIldUIjoyfQ%3D%3D%7C0%7C%7C%7C&amp;sdata=O0Olfj0g68KOtYp5S6it1r9YWDHSk9cc3dWcgqIq6kU%3D&amp;reserved=0\">Fandango<\/a><\/p>\n\n\n\n<figure class=\"wp-block-image size-full\"><img loading=\"lazy\" decoding=\"async\" width=\"854\" height=\"480\" src=\"https:\/\/villa-albertine.org\/wp-content\/uploads\/2023\/11\/3b069B.jpg\" alt=\"\" class=\"wp-image-938245\" srcset=\"https:\/\/villa-albertine.org\/wp-content\/uploads\/2023\/11\/3b069B.jpg 854w, https:\/\/villa-albertine.org\/wp-content\/uploads\/2023\/11\/3b069B-300x169.jpg 300w, https:\/\/villa-albertine.org\/wp-content\/uploads\/2023\/11\/3b069B-768x432.jpg 768w\" sizes=\"auto, (max-width: 854px) 100vw, 854px\" \/><figcaption class=\"wp-element-caption\"><p><em><em>Minuscule &#8211; The Yule Log<\/em><\/em> \u00a9 Futurikon<\/p><\/figcaption><\/figure>\n\n\n\n<p><strong><em>Minuscule &#8211; <\/em><\/strong><em><strong>The Yule Log (<\/strong><\/em><em><strong>Buche de No\u00ebl<\/strong><\/em>)<br>By&nbsp;H\u00e9l\u00e8ne Giraud and Thomas Szabo, 2012, 5 min., France, TV-G, recommended for all ages<\/p>\n\n\n\n<p><em>Minuscule<\/em> revolves around the day-to-day existence of insects, who are presented in absurd situations, with a fair amount of philosophical contemplation thrown in.<\/p>\n\n\n\n<p>Available on <a href=\"https:\/\/www.editionsmontparnasse.fr\/video\/3b069B\">Editions Montparnasse website<\/a>.<\/p>\n\n\n\n<p><strong>If you like <em>Minuscule &#8211; The Yule Log (Buche de No\u00ebl), <\/em>you may also enjoy: <\/strong><br><br><em><strong>A Candlelight Christmas (No\u00ebl aux chandelles<\/strong><\/em>), 2 min., available on <a href=\"https:\/\/www.youtube.com\/watch?v=Mntl56t9HyA\">Youtube<\/a>.<\/p>\n\n\n\n<figure class=\"wp-block-image size-large\"><img loading=\"lazy\" decoding=\"async\" width=\"1024\" height=\"576\" src=\"https:\/\/villa-albertine.org\/wp-content\/uploads\/2023\/11\/a-town-called-panic-the-christmas-log-1024x576.jpg\" alt=\"\" class=\"wp-image-350592\" srcset=\"https:\/\/villa-albertine.org\/wp-content\/uploads\/2023\/11\/a-town-called-panic-the-christmas-log-1024x576.jpg 1024w, https:\/\/villa-albertine.org\/wp-content\/uploads\/2023\/11\/a-town-called-panic-the-christmas-log-300x169.jpg 300w, https:\/\/villa-albertine.org\/wp-content\/uploads\/2023\/11\/a-town-called-panic-the-christmas-log-768x432.jpg 768w, https:\/\/villa-albertine.org\/wp-content\/uploads\/2023\/11\/a-town-called-panic-the-christmas-log-1536x864.jpg 1536w, https:\/\/villa-albertine.org\/wp-content\/uploads\/2023\/11\/a-town-called-panic-the-christmas-log.jpg 1920w\" sizes=\"auto, (max-width: 1024px) 100vw, 1024px\" \/><figcaption class=\"wp-element-caption\"><p><em><em><em>A Christmas Panic!<\/em><\/em><\/em><strong> <\/strong>\u00a9 Autour de Minuit Productions<\/p><\/figcaption><\/figure>\n\n\n\n<p><em><strong>A Town Called Panic:&nbsp;A Christmas Panic! (Panique au village : La b\u00fbche de No\u00ebl)<\/strong><\/em><br>By&nbsp;St\u00e9phane Aubier and&nbsp;Vincent Patar, 2013, 26 min., Belgium-France, recommended for ages 10+<\/p>\n\n\n\n<p>The end-of-year celebrations are coming. Christmas: the tree, the dinner, the presents. Indian and Cowboy are expecting their presents eagerly. Overexcited by the impending celebrations, they fight and destroy the Yule Log on which Horse was putting the final touches. Horse is livid and refused any gifts from Santa Claus. How will they win back the favor of Horse and The Old Bearded Man? How will they retrieve their gifts ? For Indian and Cowboy, this is just the beginning of a very long Christmas Eve.<\/p>\n\n\n\n<p>Available on <a href=\"https:\/\/tubitv.com\/movies\/646941\/a-christmas-panic\" target=\"_blank\" rel=\"noopener\">Tubi<\/a> | <a href=\"https:\/\/athome.fandango.com\/content\/browse\/details\/A-Town-Called-Panic-Christmas-Panic\/908890?CMP=NSP_JustWatch~FAH\">Fandango<\/a><\/p>\n\n\n\n<figure class=\"wp-block-image size-large\"><img loading=\"lazy\" decoding=\"async\" width=\"1024\" height=\"576\" src=\"https:\/\/villa-albertine.org\/wp-content\/uploads\/2023\/11\/Lenfant-au-grelot-2-1024x576.jpg\" alt=\"\" class=\"wp-image-350613\" srcset=\"https:\/\/villa-albertine.org\/wp-content\/uploads\/2023\/11\/Lenfant-au-grelot-2-1024x576.jpg 1024w, https:\/\/villa-albertine.org\/wp-content\/uploads\/2023\/11\/Lenfant-au-grelot-2-300x169.jpg 300w, https:\/\/villa-albertine.org\/wp-content\/uploads\/2023\/11\/Lenfant-au-grelot-2-768x432.jpg 768w, https:\/\/villa-albertine.org\/wp-content\/uploads\/2023\/11\/Lenfant-au-grelot-2-1536x864.jpg 1536w, https:\/\/villa-albertine.org\/wp-content\/uploads\/2023\/11\/Lenfant-au-grelot-2.jpg 1772w\" sizes=\"auto, (max-width: 1024px) 100vw, 1024px\" \/><figcaption class=\"wp-element-caption\"><p><em>L&#8217;Enfant au grelot<\/em> \u00a9 Folimage<\/p><\/figcaption><\/figure>\n\n\n\n<p><strong><em>Charlie&#8217;s Christmas (L&#8217;Enfant au grelot)<\/em><\/strong><br>By Jacques-R\u00e9my Girerd, 1998, 26 min., France, recommended for ages 3+<\/p>\n\n\n\n<p>After a snowstorm, an abandoned baby is found by a mailman in the middle of the forest. Clutched in his hand is a curious bell. The child, Charlie, grows up in an orphanage. He often confides in his favorite bell and tries to unravel the mystery of his origins.<\/p>\n\n\n\n<p>Available on&nbsp;<a href=\"https:\/\/vimeo.com\/ondemand\/lenfantaugrelot\">Vimeo on Demand<\/a> (in French, no subtitles)<\/p>\n\n\n\n<figure class=\"wp-block-image size-large\"><img loading=\"lazy\" decoding=\"async\" width=\"1024\" height=\"576\" src=\"https:\/\/villa-albertine.org\/wp-content\/uploads\/2023\/11\/97d48e5fbf11609f71bf29f1ced87da39618f70c69610608059b6533708734c5._SX1080_FMjpg_-1024x576.jpg\" alt=\"\" class=\"wp-image-937495\" srcset=\"https:\/\/villa-albertine.org\/wp-content\/uploads\/2023\/11\/97d48e5fbf11609f71bf29f1ced87da39618f70c69610608059b6533708734c5._SX1080_FMjpg_-1024x576.jpg 1024w, https:\/\/villa-albertine.org\/wp-content\/uploads\/2023\/11\/97d48e5fbf11609f71bf29f1ced87da39618f70c69610608059b6533708734c5._SX1080_FMjpg_-300x169.jpg 300w, https:\/\/villa-albertine.org\/wp-content\/uploads\/2023\/11\/97d48e5fbf11609f71bf29f1ced87da39618f70c69610608059b6533708734c5._SX1080_FMjpg_-768x432.jpg 768w, https:\/\/villa-albertine.org\/wp-content\/uploads\/2023\/11\/97d48e5fbf11609f71bf29f1ced87da39618f70c69610608059b6533708734c5._SX1080_FMjpg_.jpg 1080w\" sizes=\"auto, (max-width: 1024px) 100vw, 1024px\" \/><figcaption class=\"wp-element-caption\"><p><em>Santa &amp; Cie<\/em> \u00a9 Gaumont<\/p><\/figcaption><\/figure>\n\n\n\n<p><strong><em>Christmas &amp; Co (Santa &amp; Cie)<\/em><\/strong><br>By Alain Chabat, 2017, 1h39, France-Belgium, PG, recommended for ages 12+<\/p>\n\n\n\n<p>Santa&#8217;s 92,000 elves all fall ill and collapse&#8230; at the same time&#8230;on Christmas Eve! Who will make the toys for all the kids around the world? He has no choice but to travel to Earth with his trusted reindeer in search of a cure. But once he gets there, Mr. Claus will need some help to save the magic of Christmas&#8230;<\/p>\n\n\n\n<p>Available on&nbsp;<a href=\"https:\/\/athome.fandango.com\/content\/browse\/details\/Christmas-Co-\/1686941\" target=\"_blank\" rel=\"noreferrer noopener\">Fandango<\/a>&nbsp;|&nbsp;<a href=\"https:\/\/www.amazon.com\/gp\/video\/detail\/0R1F88W5NDR4GTEV277LY6E1Z6\/ref=atv_dl_rdr?tag=justus1ktp-20\" target=\"_blank\" rel=\"noopener\">AmazonPrime<\/a> |&nbsp;<a href=\"https:\/\/www.youtube.com\/watch?v=Hd4_M24a3co\" target=\"_blank\" rel=\"noopener\">YouTube<\/a>&nbsp;|&nbsp;<a href=\"https:\/\/play.google.com\/store\/movies\/details\/Christmas_Co?gl=US&amp;hl=en&amp;id=zwygX1e1Xj4.P\" target=\"_blank\" rel=\"noopener\">GooglePlay<\/a>&nbsp;|&nbsp;<a href=\"https:\/\/tv.apple.com\/us\/movie\/christmas--co\/umc.cmc.c1evwr79dd6hthn2qf1hxecg\" target=\"_blank\" rel=\"noopener\">AppleTV<\/a> | <a href=\"https:\/\/www.hoopladigital.com\/title\/13986234\">Hoopla<\/a><\/p>\n\n\n\n<figure class=\"wp-block-image size-large\"><img loading=\"lazy\" decoding=\"async\" width=\"1024\" height=\"576\" src=\"https:\/\/villa-albertine.org\/wp-content\/uploads\/2023\/11\/ERN_DANSE-DU-LAC-1024x576.png\" alt=\"\" class=\"wp-image-6905190\" srcset=\"https:\/\/villa-albertine.org\/wp-content\/uploads\/2023\/11\/ERN_DANSE-DU-LAC-1024x576.png 1024w, https:\/\/villa-albertine.org\/wp-content\/uploads\/2023\/11\/ERN_DANSE-DU-LAC-300x169.png 300w, https:\/\/villa-albertine.org\/wp-content\/uploads\/2023\/11\/ERN_DANSE-DU-LAC-768x432.png 768w, https:\/\/villa-albertine.org\/wp-content\/uploads\/2023\/11\/ERN_DANSE-DU-LAC-1536x864.png 1536w, https:\/\/villa-albertine.org\/wp-content\/uploads\/2023\/11\/ERN_DANSE-DU-LAC.png 1920w\" sizes=\"auto, (max-width: 1024px) 100vw, 1024px\" \/><figcaption class=\"wp-element-caption\"><p><em><em><em>Ernest &amp; Celestine&#8217;s Winter Tale<\/em><\/em>s<\/em> \u00a9 Folivari \/ Melusine Productions \/ So-Nord \/ RTBF (t\u00e9l\u00e9vision belge) \/ Ouftivi<\/p><\/figcaption><\/figure>\n\n\n\n<p><strong><em>Ernest &amp; Celestine&#8217;s Winter Tales (Ernest et C\u00e9lestine en hiver)<\/em><\/strong><br>By Julien Cheng and Jean-Christophe Roger, 2016, 45 min., France<strong>,<\/strong> recommended for ages 4+<\/p>\n\n\n\n<p>Four charming stories capture snow\u2019s magical atmosphere. Ernest, a rather large and marginal bear as well as a street musician and clown, has invited Celestine, a mischievous little mouse, to live with him. In the world of bears befriending a mouse is frowned upon.<\/p>\n\n\n\n<p>Available&nbsp;on <a href=\"https:\/\/www.hoopladigital.com\/title\/17567714\">Hoopla<\/a> | <a href=\"https:\/\/www.kanopy.com\/en\/product\/justwatch-11392043\">Kanopy<\/a><\/p>\n\n\n\n<figure class=\"wp-block-image size-large\"><img loading=\"lazy\" decoding=\"async\" width=\"943\" height=\"530\" src=\"https:\/\/villa-albertine.org\/wp-content\/uploads\/2024\/11\/Fox-and-a-Mouse-03-edited.jpg\" alt=\"\" class=\"wp-image-936111\" srcset=\"https:\/\/villa-albertine.org\/wp-content\/uploads\/2024\/11\/Fox-and-a-Mouse-03-edited.jpg 943w, https:\/\/villa-albertine.org\/wp-content\/uploads\/2024\/11\/Fox-and-a-Mouse-03-edited-300x169.jpg 300w, https:\/\/villa-albertine.org\/wp-content\/uploads\/2024\/11\/Fox-and-a-Mouse-03-edited-768x432.jpg 768w\" sizes=\"auto, (max-width: 943px) 100vw, 943px\" \/><figcaption class=\"wp-element-caption\"><p><em>Le Renard et la souris<\/em> \u00a9 ESMA<\/p><\/figcaption><\/figure>\n\n\n\n<p><strong><em>The Short Story of a Fox and a Mouse (Le Renard et la Souris)<\/em><\/strong><br>By Camille Chaix,&nbsp;Kevin Roger,&nbsp;Hugo Jean,&nbsp;Marie Pillier,&nbsp;Juliette Jourdan, 2015, 6 min., France<strong>,<\/strong> recommended for ages 7+<\/p>\n\n\n\n<p>A lonesome fox hunts a mouse and their relationship will evolve as two owls interfere with the hunt.<\/p>\n\n\n\n<p>Available&nbsp;on <a href=\"https:\/\/www.youtube.com\/watch?v=k6kCwj0Sk4s\">ESMA&#8217;s Youtube Channel<\/a>.<\/p>\n\n\n\n<figure class=\"wp-block-image size-full\"><img loading=\"lazy\" decoding=\"async\" width=\"800\" height=\"450\" src=\"https:\/\/villa-albertine.org\/wp-content\/uploads\/2023\/11\/neige__5.jpg\" alt=\"\" class=\"wp-image-6905965\" srcset=\"https:\/\/villa-albertine.org\/wp-content\/uploads\/2023\/11\/neige__5.jpg 800w, https:\/\/villa-albertine.org\/wp-content\/uploads\/2023\/11\/neige__5-300x169.jpg 300w, https:\/\/villa-albertine.org\/wp-content\/uploads\/2023\/11\/neige__5-768x432.jpg 768w\" sizes=\"auto, (max-width: 800px) 100vw, 800px\" \/><figcaption class=\"wp-element-caption\"><p><em>Snow <\/em>\u00a9 2015 Folimage Studio, Nadasdy, Bayard Jeunesse Animation<\/p><\/figcaption><\/figure>\n\n\n\n<p><strong><em>Snow (Neige)<\/em><\/strong><br>By Antoine Lanciaux and Sophie Roze, 2015, 26 min., France<strong>,<\/strong> recommended for ages 4+<\/p>\n\n\n\n<p>Pearl leaves her parents for the traditional annual school trip just before the summer holiday. But once she\u2019s gone, the small town where her parents live is hit by an incredible snowstorm. Her little brother Simeon then makes an amazing discovery \u2013 an Inuit family has settled on a roundabout. The meeting of the two worlds will spark a wonderful adventure.<\/p>\n\n\n\n<p>Available on\u00a0<a href=\"https:\/\/vimeo.com\/ondemand\/neige\">Vimeo on Demand<\/a> and <a href=\"https:\/\/myfilmfriend.com\/en\/movies\/snow\">MyFilmFriend<\/a> (in French, with English subtitles) <\/p>\n\n\n\n<figure class=\"wp-block-image size-large\"><img loading=\"lazy\" decoding=\"async\" width=\"1024\" height=\"576\" src=\"https:\/\/villa-albertine.org\/wp-content\/uploads\/2023\/11\/21-lhiverdedmondetlucieaff-1200x630-crop-1-q70-1-1024x576.jpg\" alt=\"\" class=\"wp-image-6907345\" srcset=\"https:\/\/villa-albertine.org\/wp-content\/uploads\/2023\/11\/21-lhiverdedmondetlucieaff-1200x630-crop-1-q70-1-1024x576.jpg 1024w, https:\/\/villa-albertine.org\/wp-content\/uploads\/2023\/11\/21-lhiverdedmondetlucieaff-1200x630-crop-1-q70-1-300x169.jpg 300w, https:\/\/villa-albertine.org\/wp-content\/uploads\/2023\/11\/21-lhiverdedmondetlucieaff-1200x630-crop-1-q70-1-768x432.jpg 768w, https:\/\/villa-albertine.org\/wp-content\/uploads\/2023\/11\/21-lhiverdedmondetlucieaff-1200x630-crop-1-q70-1.jpg 1120w\" sizes=\"auto, (max-width: 1024px) 100vw, 1024px\" \/><figcaption class=\"wp-element-caption\"><p><em><em>Edmond and Lucy&#8217;s Wonderful Winter<\/em><\/em> \u00a9 2023 &#8211; MIAM ! animation<\/p><\/figcaption><\/figure>\n\n\n\n<p><strong><em>Edmond and Lucy&#8217;s Wonderful Winter <\/em><\/strong>(<em><strong>L&#8217;hiver d&#8217;Edmond et Lucy<\/strong><\/em>)<br>By Fran\u00e7ois Narboux, 2023, France,<strong> <\/strong>recommended for ages 3+<\/p>\n\n\n\n<p>Edmond, the squirrel, and Lucy, the young bear, live together in a majestic chestnut tree in the heart of the forest. When winter comes, they get ready to confront it&#8230; Between snowball fights and treasure hunts, they are going to have lots to do.<\/p>\n\n\n\n<p>Available on <a href=\"https:\/\/www.tv5mondeplus.com\/en\/jeunesse\/a-partir-de-3-ans\/l-hiver-d-edmond-et-lucy\">TV5MondePlus<\/a>.<\/p>\n\n\n\n<figure class=\"wp-block-image size-large\"><img loading=\"lazy\" decoding=\"async\" width=\"1024\" height=\"576\" src=\"https:\/\/villa-albertine.org\/wp-content\/uploads\/2023\/11\/1ed5bb75-d672-423d-a15c-b927eb419d1f-1024x576.jpg\" alt=\"\" class=\"wp-image-350659\" srcset=\"https:\/\/villa-albertine.org\/wp-content\/uploads\/2023\/11\/1ed5bb75-d672-423d-a15c-b927eb419d1f-1024x576.jpg 1024w, https:\/\/villa-albertine.org\/wp-content\/uploads\/2023\/11\/1ed5bb75-d672-423d-a15c-b927eb419d1f-300x169.jpg 300w, https:\/\/villa-albertine.org\/wp-content\/uploads\/2023\/11\/1ed5bb75-d672-423d-a15c-b927eb419d1f-768x432.jpg 768w, https:\/\/villa-albertine.org\/wp-content\/uploads\/2023\/11\/1ed5bb75-d672-423d-a15c-b927eb419d1f-1536x864.jpg 1536w, https:\/\/villa-albertine.org\/wp-content\/uploads\/2023\/11\/1ed5bb75-d672-423d-a15c-b927eb419d1f-2048x1152.jpg 2048w\" sizes=\"auto, (max-width: 1024px) 100vw, 1024px\" \/><figcaption class=\"wp-element-caption\"><p><em><em>Joyeux No\u00ebl<\/em><\/em> \u00a9 Sony Pictures Classics<\/p><\/figcaption><\/figure>\n\n\n\n<p><strong><em>Joyeux No\u00ebl (Merry Christmas)<\/em><\/strong><br>By Christian Carrion, 2005, 1h11, France-Germany-UK-Belgium, PG-13<strong>, <\/strong>recommended for ages 15+<\/p>\n\n\n\n<p><em>Joyeux No\u00ebl (Merry Christmas)<\/em> tells the real life story of the spontaneous Christmas Eve truce declared by Scottish, French, and German troops in the trenches of World War I. Enemies leave their weapons behind for one night as they band together in brotherhood and forget the brutalities of war. Diane Kr\u00fcger (<em>Troy<\/em>), Daniel Br\u00fchl (<em>Good Bye, Lenin!<\/em>), and Benno F\u00fcrmann (<em>The Princess and the Warrior<\/em>) head a first-rate international cast in a truly powerful, must-see film.<\/p>\n\n\n\n<p>Available on <a href=\"https:\/\/www.amazon.com\/gp\/video\/detail\/0MJAY686DQI3SQ0BH0FX594W64\/ref=atv_dl_rdr?tag=justus1ktp-20\">AmazonPrime<\/a> |&nbsp;<a href=\"https:\/\/www.youtube.com\/watch?v=pC9KyHcbAEM\">YouTube<\/a>&nbsp;|&nbsp;<a href=\"https:\/\/play.google.com\/store\/movies\/details\/Joyeux_Noel_merry_Christmas?gl=US&amp;hl=en&amp;id=pC9KyHcbAEM\">GooglePlay<\/a>&nbsp;|&nbsp;<a href=\"https:\/\/tv.apple.com\/us\/movie\/merry-christmas\/umc.cmc.3d86dxid9qql8bf8q7bk241xi?playableId=tvs.sbd.9001%3A287641944\">AppleTV<\/a>&nbsp;|&nbsp;<a href=\"https:\/\/athome.fandango.com\/content\/browse\/details\/Joyeux-Noel-Merry-Christmas-\/65472\">Fandango<\/a><\/p>\n\n\n\n<figure class=\"wp-block-image size-large\"><img loading=\"lazy\" decoding=\"async\" width=\"1024\" height=\"576\" src=\"https:\/\/villa-albertine.org\/wp-content\/uploads\/2023\/08\/SA_036_CO_034.0048-1024x576.jpg\" alt=\"\" class=\"wp-image-50230\" srcset=\"https:\/\/villa-albertine.org\/wp-content\/uploads\/2023\/08\/SA_036_CO_034.0048-1024x576.jpg 1024w, https:\/\/villa-albertine.org\/wp-content\/uploads\/2023\/08\/SA_036_CO_034.0048-300x169.jpg 300w, https:\/\/villa-albertine.org\/wp-content\/uploads\/2023\/08\/SA_036_CO_034.0048-768x432.jpg 768w, https:\/\/villa-albertine.org\/wp-content\/uploads\/2023\/08\/SA_036_CO_034.0048.jpg 1392w\" sizes=\"auto, (max-width: 1024px) 100vw, 1024px\" \/><figcaption class=\"wp-element-caption\"><p><em><em><em>L&#8217;Apprenti P\u00e8re No\u00ebl<\/em><\/em><\/em> \u00a9 Gaumont<\/p><\/figcaption><\/figure>\n\n\n\n<p><strong><em>Santa&#8217;s Apprentice&nbsp;(L&#8217;Apprenti P\u00e8re No\u00ebl)<\/em><\/strong><br>By Luc Vinciguerra, 2010, 1h11, Australia-France-Ireland, PG<strong>, <\/strong>recommended for ages 6+<\/p>\n\n\n\n<p>Santa doesn&#8217;t want to retire, but rules are rules and he must train someone to replace him. The lucky winner, to be chosen from among millions of children, must be named Nicholas, be an orphan, and have a pure heart.<\/p>\n\n\n\n<p>Available on <a href=\"https:\/\/www.starz.com\/us\/en\/movies\/santas-apprentice-70792\" target=\"_blank\" rel=\"noopener\">Starz<\/a> | <a href=\"https:\/\/www.amazon.com\/gp\/video\/detail\/0RE34V9Z11UKNGBJYZRLSIV9K0\/\" target=\"_blank\" rel=\"noopener\">AmazonPrime<\/a> |&nbsp;<a href=\"https:\/\/www.youtube.com\/watch?v=2YUjjNugEaQ\" target=\"_blank\" rel=\"noopener\">YouTube<\/a>&nbsp;|&nbsp;<a href=\"https:\/\/play.google.com\/store\/movies\/details\/Santa_s_Apprentice?gl=US&amp;hl=en&amp;id=2YUjjNugEaQ\" target=\"_blank\" rel=\"noopener\">GooglePlay<\/a>&nbsp;|&nbsp;<a href=\"https:\/\/tv.apple.com\/us\/movie\/santas-apprentice\/umc.cmc.6y9300ttjo6yr1dyzklwqbfo9?playableId=tvs.sbd.9001%3A1227337176\" target=\"_blank\" rel=\"noopener\">AppleTV<\/a>&nbsp;| <a href=\"https:\/\/athome.fandango.com\/content\/browse\/details\/Santa-s-Apprentice\/826591\">Fandango<\/a><\/p>\n\n\n\n<figure class=\"wp-block-image\"><img loading=\"lazy\" decoding=\"async\" width=\"1920\" height=\"1080\" src=\"https:\/\/villa-albertine.org\/wp-content\/uploads\/2023\/11\/the-magic-snowflake.jpg\" alt=\"\" class=\"wp-image-350500\" srcset=\"https:\/\/villa-albertine.org\/wp-content\/uploads\/2023\/11\/the-magic-snowflake.jpg 1920w, https:\/\/villa-albertine.org\/wp-content\/uploads\/2023\/11\/the-magic-snowflake-300x169.jpg 300w, https:\/\/villa-albertine.org\/wp-content\/uploads\/2023\/11\/the-magic-snowflake-1024x576.jpg 1024w, https:\/\/villa-albertine.org\/wp-content\/uploads\/2023\/11\/the-magic-snowflake-768x432.jpg 768w, https:\/\/villa-albertine.org\/wp-content\/uploads\/2023\/11\/the-magic-snowflake-1536x864.jpg 1536w\" sizes=\"auto, (max-width: 1920px) 100vw, 1920px\" \/><figcaption class=\"wp-element-caption\"><p><em><em><em><em>L&#8217;Apprenti P\u00e8re No\u00ebl et le flocon magique<\/em><\/em><\/em><\/em> \u00a9 Gaumont<\/p><\/figcaption><\/figure>\n\n\n\n<p><em><strong>The Magic Snowflake (L&#8217;Apprenti P\u00e8re No\u00ebl et le flocon magique)<\/strong><\/em><br>By Luc Vinciguerra, 2013, 1h25, France, recommended for ages 6+<\/p>\n\n\n\n<p>If you liked <em>Santa&#8217;s Apprentice<\/em>, you will love the sequel <em>The Magic Snowflake<\/em>. Young Nicolas agrees to do Santa&#8217;s work for one year. But the stress of the job threatens the boy&#8217;s sense of joy&#8211;and Christmas itself.<\/p>\n\n\n\n<p>Available on <a href=\"https:\/\/www.amazon.com\/gp\/video\/detail\/0Q375LYSUC1TNX67PBR74OHHRS\/ref=atv_dl_rdr?tag=justus1ktp-20\">AmazonPrime<\/a> |&nbsp;<a href=\"https:\/\/www.youtube.com\/watch?v=A23wfzULTw8\">YouTube<\/a>&nbsp;|&nbsp;<a href=\"https:\/\/play.google.com\/store\/movies\/details\/The_Magic_Snowflake?gl=US&amp;hl=en&amp;id=A23wfzULTw8\">GooglePlay<\/a>&nbsp;|&nbsp;<a href=\"https:\/\/tv.apple.com\/us\/movie\/magic-snowflake\/umc.cmc.6nu0lljjl0qbstk2tc629yywm?playableId=tvs.sbd.9001%3A1227336770\">AppleTV<\/a>&nbsp;|&nbsp;<a href=\"https:\/\/athome.fandango.com\/content\/browse\/details\/The-Magic-Snowflake\/803370\">Fandango<\/a> | <a href=\"https:\/\/www.hoopladigital.com\/title\/11745050\">Hoopla<\/a> | <a href=\"https:\/\/therokuchannel.roku.com\/details\/716b38be85e650d7bb2cc57f5ae67f73\/the-magic-snowflake\">Roku Channel<\/a> | <a href=\"https:\/\/watch.plex.tv\/watch\/movie\/the-magic-snowflake?utm_content=5d776b477a53e9001e720487&amp;utm_medium=deeplink&amp;utm_source=google-catalog\">PlexTV<\/a><\/p>\n\n\n\n<figure class=\"wp-block-image size-full\"><img loading=\"lazy\" decoding=\"async\" width=\"1000\" height=\"563\" src=\"https:\/\/villa-albertine.org\/wp-content\/uploads\/2023\/08\/le-pere-noel-d-alexandre-coffre-vec-tahar-rahim-victor-cabal_5167525.jpg\" alt=\"\" class=\"wp-image-50232\" srcset=\"https:\/\/villa-albertine.org\/wp-content\/uploads\/2023\/08\/le-pere-noel-d-alexandre-coffre-vec-tahar-rahim-victor-cabal_5167525.jpg 1000w, https:\/\/villa-albertine.org\/wp-content\/uploads\/2023\/08\/le-pere-noel-d-alexandre-coffre-vec-tahar-rahim-victor-cabal_5167525-300x169.jpg 300w, https:\/\/villa-albertine.org\/wp-content\/uploads\/2023\/08\/le-pere-noel-d-alexandre-coffre-vec-tahar-rahim-victor-cabal_5167525-768x432.jpg 768w\" sizes=\"auto, (max-width: 1000px) 100vw, 1000px\" \/><figcaption class=\"wp-element-caption\"><p><em>Le P\u00e8re No\u00ebl<\/em> \u00a9 Mars Distribution<\/p><\/figcaption><\/figure>\n\n\n\n<p><strong><em>Santa Claus (Le P\u00e8re No\u00ebl)<\/em><\/strong><br>By Alexandre Coffre, 2014, 1h20, France-Belgium, recommended for ages 15+<\/p>\n\n\n\n<p>One night, a burglar in a Santa Claus costume is surprised by Antoine, a young boy who believes he is the real Santa Claus. Antoine then follows him, and they embark on an unexpected adventure that will change their lives.<\/p>\n\n\n\n<p>Available on <a href=\"https:\/\/www.amazon.com\/gp\/video\/detail\/0SP1EGWSNOBSF1L8EAMEN48X2W\/ref=atv_dl_rdr?tag=justus1ktp-20\">AmazonPrime<\/a> |&nbsp;<a href=\"https:\/\/www.youtube.com\/watch?v=FyzHSyIRF2I\">YouTube<\/a>&nbsp;|&nbsp;<a href=\"https:\/\/play.google.com\/store\/movies\/details\/Santa_Claus?gl=US&amp;hl=en&amp;id=FyzHSyIRF2I\">GooglePlay<\/a>&nbsp;|&nbsp;<a href=\"https:\/\/tv.apple.com\/us\/movie\/santa-claus\/umc.cmc.3rkez01yz3izpiag5salbdlt2?playableId=tvs.sbd.9001%3A1434908883\">AppleTV<\/a>&nbsp;|&nbsp;<a href=\"https:\/\/athome.fandango.com\/content\/browse\/details\/Santa-Claus\/990335\">Fandango<\/a><\/p>\n\n\n\n<figure class=\"wp-block-image size-large\"><img loading=\"lazy\" decoding=\"async\" width=\"2178\" height=\"1226\" src=\"https:\/\/villa-albertine.org\/wp-content\/uploads\/2025\/12\/intermarche-noel-film-anime-mal-aime-loup-romance-A1-edited.jpg\" alt=\"\" class=\"wp-image-7168154\" srcset=\"https:\/\/villa-albertine.org\/wp-content\/uploads\/2025\/12\/intermarche-noel-film-anime-mal-aime-loup-romance-A1-edited.jpg 2178w, https:\/\/villa-albertine.org\/wp-content\/uploads\/2025\/12\/intermarche-noel-film-anime-mal-aime-loup-romance-A1-edited-300x169.jpg 300w, https:\/\/villa-albertine.org\/wp-content\/uploads\/2025\/12\/intermarche-noel-film-anime-mal-aime-loup-romance-A1-edited-1024x576.jpg 1024w, https:\/\/villa-albertine.org\/wp-content\/uploads\/2025\/12\/intermarche-noel-film-anime-mal-aime-loup-romance-A1-edited-768x432.jpg 768w, https:\/\/villa-albertine.org\/wp-content\/uploads\/2025\/12\/intermarche-noel-film-anime-mal-aime-loup-romance-A1-edited-1536x865.jpg 1536w, https:\/\/villa-albertine.org\/wp-content\/uploads\/2025\/12\/intermarche-noel-film-anime-mal-aime-loup-romance-A1-edited-2048x1153.jpg 2048w\" sizes=\"auto, (max-width: 2178px) 100vw, 2178px\" \/><figcaption class=\"wp-element-caption\"><p>\u00a9 2025 &#8211; Illogic Studios &#8211; Wizz &#8211; Romance Agency<\/p><\/figcaption><\/figure>\n\n\n\n<p><em><strong>\u201cUnloved\u201d<\/strong><\/em>&nbsp;<strong>(<em>Le Mal-Aim\u00e9)<\/em><\/strong><br>Short Film &#8211; Advertising, 2025, 2:30 min., recommended for all ages<\/p>\n\n\n\n<p>Cardinal rule of the holidays: good food makes good friends. This axiom applies to the animals of the forest as well, but the wolf learns this the hard way in this Christmas fairytale.<\/p>\n\n\n\n<p>Available on&nbsp;<a href=\"https:\/\/www.youtube.com\/watch?v=Na9VmMNJvsA\">YouTube<\/a>.<\/p>\n\n\n\n<figure class=\"wp-block-image size-large\"><img loading=\"lazy\" decoding=\"async\" width=\"1024\" height=\"576\" src=\"https:\/\/villa-albertine.org\/wp-content\/uploads\/2023\/11\/MV5BMWZjZWI5NzktZTY4Ny00MjFkLTljZjEtYmZjY2Q2M2I1NWFjXkEyXkFqcGdeQXVyMTEzMTI1Mjk3._V1_-1024x576.jpg\" alt=\"\" class=\"wp-image-350602\" srcset=\"https:\/\/villa-albertine.org\/wp-content\/uploads\/2023\/11\/MV5BMWZjZWI5NzktZTY4Ny00MjFkLTljZjEtYmZjY2Q2M2I1NWFjXkEyXkFqcGdeQXVyMTEzMTI1Mjk3._V1_-1024x576.jpg 1024w, https:\/\/villa-albertine.org\/wp-content\/uploads\/2023\/11\/MV5BMWZjZWI5NzktZTY4Ny00MjFkLTljZjEtYmZjY2Q2M2I1NWFjXkEyXkFqcGdeQXVyMTEzMTI1Mjk3._V1_-300x169.jpg 300w, https:\/\/villa-albertine.org\/wp-content\/uploads\/2023\/11\/MV5BMWZjZWI5NzktZTY4Ny00MjFkLTljZjEtYmZjY2Q2M2I1NWFjXkEyXkFqcGdeQXVyMTEzMTI1Mjk3._V1_-768x432.jpg 768w, https:\/\/villa-albertine.org\/wp-content\/uploads\/2023\/11\/MV5BMWZjZWI5NzktZTY4Ny00MjFkLTljZjEtYmZjY2Q2M2I1NWFjXkEyXkFqcGdeQXVyMTEzMTI1Mjk3._V1_.jpg 1080w\" sizes=\"auto, (max-width: 1024px) 100vw, 1024px\" \/><figcaption class=\"wp-element-caption\"><p><em><em>Pire No\u00ebl<\/em>&nbsp;&#8211;&nbsp;<em>Miraculous<\/em>&nbsp;:&nbsp;<em>Les<\/em>&nbsp;<em>aventures de Ladybug&nbsp;et de<\/em>&nbsp;<em>Chat Noir<\/em><\/em> \u00a9 Netflix<\/p><\/figcaption><\/figure>\n\n\n\n<p><em><strong>A Christmas Special &#8211; Miraculous: Tales of Ladybug &amp; Cat Noir<\/strong><\/em>&nbsp;<strong>(<em>Pire No\u00ebl<\/em>&nbsp;&#8211;&nbsp;<em>Miraculous<\/em>&nbsp;:&nbsp;<em>Les<\/em>&nbsp;<em>aventures de Ladybug&nbsp;et de<\/em>&nbsp;<em>Chat Noir)<\/em><\/strong><br>Animated TV Series, 2016, 21 min., recommended for ages 7+<\/p>\n\n\n\n<p>Parisian teen Marinette transforms herself into superhero Ladybug to find her lonely secret crush Adrien when he runs away from home on Christmas.<\/p>\n\n\n\n<p>Available on&nbsp;<a href=\"https:\/\/www.netflix.com\/title\/80163222\">Netflix<\/a>&nbsp;<br><em>Tip<\/em>: Be sure to click on &#8220;Audio &amp; Subtitles&#8221; and select audio in French.<\/p>\n\n\n\n<figure class=\"wp-block-image size-large\"><img loading=\"lazy\" decoding=\"async\" width=\"1024\" height=\"554\" src=\"https:\/\/villa-albertine.org\/wp-content\/uploads\/2023\/11\/Visuels-Operation-Pere-Noel-4-1024x554.jpg\" alt=\"\" class=\"wp-image-350803\" srcset=\"https:\/\/villa-albertine.org\/wp-content\/uploads\/2023\/11\/Visuels-Operation-Pere-Noel-4-1024x554.jpg 1024w, https:\/\/villa-albertine.org\/wp-content\/uploads\/2023\/11\/Visuels-Operation-Pere-Noel-4-300x162.jpg 300w, https:\/\/villa-albertine.org\/wp-content\/uploads\/2023\/11\/Visuels-Operation-Pere-Noel-4-768x415.jpg 768w, https:\/\/villa-albertine.org\/wp-content\/uploads\/2023\/11\/Visuels-Operation-Pere-Noel-4.jpg 1417w\" sizes=\"auto, (max-width: 1024px) 100vw, 1024px\" \/><figcaption class=\"wp-element-caption\"><p><em>Op\u00e9ration P\u00e8re No\u00ebl<\/em> \u00a9 Folimage<\/p><\/figcaption><\/figure>\n\n\n\n<p><strong><em>Op\u00e9ration P\u00e8re No\u00ebl<\/em><\/strong> <strong><em>(Looking For Santa)<\/em><\/strong> <br>By Marc Robinet, 2021, 26 min., France, recommended for ages 6+<\/p>\n\n\n\n<p>William, a spoiled child living in a big mansion, is used to getting everything he wants from his parents. So this year, he&#8217;s asking for a present\u2026 Santa Claus himself! To satisfy his wish, his father hires a renowned beast hunter. But will William&#8217;s wish put an end to the magic of Christmas, as his young neighbor Alice fears? The two children join forces for an adventure that will become the best Christmas present in the world!<\/p>\n\n\n\n<p>Available on\u00a0<a href=\"https:\/\/vimeo.com\/ondemand\/progoperationperenoel\">Vimeo on Demand<\/a> (in French, no subtitles) and <a href=\"https:\/\/myfilmfriend.com\/en\/movies\/looking-for-santa\">MyFilmFriend<\/a> (In French with English subtitles)<\/p>\n","protected":false},"featured_media":6906103,"menu_order":0,"template":"","app_discipline":[219],"app_city_tax":[235,221,214,223,222,220,216,224,217,225,226],"app_news_type":[],"class_list":["post-350424","app_news","type-app_news","status-publish","has-post-thumbnail","hentry","app_discipline-cinema","app_city_tax-all-cities","app_city_tax-atl","app_city_tax-bos","app_city_tax-chi","app_city_tax-hou","app_city_tax-la","app_city_tax-mia","app_city_tax-nola","app_city_tax-nyc","app_city_tax-sf","app_city_tax-dc"],"acf":[],"yoast_head":"<!-- This site is optimized with the Yoast SEO plugin v27.3 - https:\/\/yoast.com\/product\/yoast-seo-wordpress\/ -->\n<title>Cin\u00e9School\u2019s Recommendations of French Holiday Films for Young Cinephiles - Villa Albertine<\/title>\n<meta name=\"description\" content=\"The holiday season is here! Here\u2019s a selection of French holiday films, series, and short films for young cinephiles.\" \/>\n<meta name=\"robots\" content=\"index, follow, max-snippet:-1, max-image-preview:large, max-video-preview:-1\" \/>\n<link rel=\"canonical\" href=\"https:\/\/villa-albertine.org\/va\/news\/cineschools-recommendations-of-french-holiday-films-for-young-cinephiles\/\" \/>\n<meta property=\"og:locale\" content=\"en_US\" \/>\n<meta property=\"og:type\" content=\"article\" \/>\n<meta property=\"og:title\" content=\"Cin\u00e9School\u2019s Recommendations of French Holiday Films for Young Cinephiles - Villa Albertine\" \/>\n<meta property=\"og:description\" content=\"The holiday season is here! Here\u2019s a selection of French holiday films, series, and short films for young cinephiles.\" \/>\n<meta property=\"og:url\" content=\"https:\/\/villa-albertine.org\/va\/news\/cineschools-recommendations-of-french-holiday-films-for-young-cinephiles\/\" \/>\n<meta property=\"og:site_name\" content=\"Villa Albertine\" \/>\n<meta property=\"article:modified_time\" content=\"2026-01-21T23:09:17+00:00\" \/>\n<meta property=\"og:image\" content=\"https:\/\/villa-albertine.org\/wp-content\/uploads\/2023\/11\/\u00a9-2024-\u2013-Arte-France-\u2013-Les-Valseurs-\u2013-Luftkind-Filmverleih-\u2013-Gaoshan-Pictures-\u2013-Le-Bureau_04-1.jpg\" \/>\n\t<meta property=\"og:image:width\" content=\"1920\" \/>\n\t<meta property=\"og:image:height\" content=\"1012\" \/>\n\t<meta property=\"og:image:type\" content=\"image\/jpeg\" \/>\n<meta name=\"twitter:card\" content=\"summary_large_image\" \/>\n<meta name=\"twitter:image\" content=\"https:\/\/villa-albertine.org\/wp-content\/uploads\/2023\/11\/\u00a9-2024-\u2013-Arte-France-\u2013-Les-Valseurs-\u2013-Luftkind-Filmverleih-\u2013-Gaoshan-Pictures-\u2013-Le-Bureau_04-1.jpg\" \/>\n<meta name=\"twitter:label1\" content=\"Est. reading time\" \/>\n\t<meta name=\"twitter:data1\" content=\"14 minutes\" \/>\n<script type=\"application\/ld+json\" class=\"yoast-schema-graph\">{\"@context\":\"https:\\\/\\\/schema.org\",\"@graph\":[{\"@type\":\"WebPage\",\"@id\":\"https:\\\/\\\/villa-albertine.org\\\/va\\\/news\\\/cineschools-recommendations-of-french-holiday-films-for-young-cinephiles\\\/\",\"url\":\"https:\\\/\\\/villa-albertine.org\\\/va\\\/news\\\/cineschools-recommendations-of-french-holiday-films-for-young-cinephiles\\\/\",\"name\":\"Cin\u00e9School\u2019s Recommendations of French Holiday Films for Young Cinephiles - Villa Albertine\",\"isPartOf\":{\"@id\":\"https:\\\/\\\/villa-albertine.org\\\/va\\\/#website\"},\"primaryImageOfPage\":{\"@id\":\"https:\\\/\\\/villa-albertine.org\\\/va\\\/news\\\/cineschools-recommendations-of-french-holiday-films-for-young-cinephiles\\\/#primaryimage\"},\"image\":{\"@id\":\"https:\\\/\\\/villa-albertine.org\\\/va\\\/news\\\/cineschools-recommendations-of-french-holiday-films-for-young-cinephiles\\\/#primaryimage\"},\"thumbnailUrl\":\"https:\\\/\\\/villa-albertine.org\\\/wp-content\\\/uploads\\\/2023\\\/11\\\/\u00a9-2024-\u2013-Arte-France-\u2013-Les-Valseurs-\u2013-Luftkind-Filmverleih-\u2013-Gaoshan-Pictures-\u2013-Le-Bureau_04-1.jpg\",\"datePublished\":\"2023-11-16T19:24:47+00:00\",\"dateModified\":\"2026-01-21T23:09:17+00:00\",\"description\":\"The holiday season is here! Here\u2019s a selection of French holiday films, series, and short films for young cinephiles.\",\"breadcrumb\":{\"@id\":\"https:\\\/\\\/villa-albertine.org\\\/va\\\/news\\\/cineschools-recommendations-of-french-holiday-films-for-young-cinephiles\\\/#breadcrumb\"},\"inLanguage\":\"en-US\",\"potentialAction\":[{\"@type\":\"ReadAction\",\"target\":[\"https:\\\/\\\/villa-albertine.org\\\/va\\\/news\\\/cineschools-recommendations-of-french-holiday-films-for-young-cinephiles\\\/\"]}]},{\"@type\":\"ImageObject\",\"inLanguage\":\"en-US\",\"@id\":\"https:\\\/\\\/villa-albertine.org\\\/va\\\/news\\\/cineschools-recommendations-of-french-holiday-films-for-young-cinephiles\\\/#primaryimage\",\"url\":\"https:\\\/\\\/villa-albertine.org\\\/wp-content\\\/uploads\\\/2023\\\/11\\\/\u00a9-2024-\u2013-Arte-France-\u2013-Les-Valseurs-\u2013-Luftkind-Filmverleih-\u2013-Gaoshan-Pictures-\u2013-Le-Bureau_04-1.jpg\",\"contentUrl\":\"https:\\\/\\\/villa-albertine.org\\\/wp-content\\\/uploads\\\/2023\\\/11\\\/\u00a9-2024-\u2013-Arte-France-\u2013-Les-Valseurs-\u2013-Luftkind-Filmverleih-\u2013-Gaoshan-Pictures-\u2013-Le-Bureau_04-1.jpg\",\"width\":1920,\"height\":1012,\"caption\":\"\u00a9 2024 \u2013 Arte France \u2013 Les Valseurs \u2013 Luftkind Filmverleih \u2013 Gaoshan Pictures \u2013 Le Bureau\"},{\"@type\":\"BreadcrumbList\",\"@id\":\"https:\\\/\\\/villa-albertine.org\\\/va\\\/news\\\/cineschools-recommendations-of-french-holiday-films-for-young-cinephiles\\\/#breadcrumb\",\"itemListElement\":[{\"@type\":\"ListItem\",\"position\":1,\"name\":\"Home\",\"item\":\"https:\\\/\\\/villa-albertine.org\\\/va\\\/\"},{\"@type\":\"ListItem\",\"position\":2,\"name\":\"Cin\u00e9School\u2019s Recommendations of French Holiday Films for Young Cinephiles\"}]},{\"@type\":\"WebSite\",\"@id\":\"https:\\\/\\\/villa-albertine.org\\\/va\\\/#website\",\"url\":\"https:\\\/\\\/villa-albertine.org\\\/va\\\/\",\"name\":\"Villa Albertine\",\"description\":\"\",\"potentialAction\":[{\"@type\":\"SearchAction\",\"target\":{\"@type\":\"EntryPoint\",\"urlTemplate\":\"https:\\\/\\\/villa-albertine.org\\\/va\\\/?s={search_term_string}\"},\"query-input\":{\"@type\":\"PropertyValueSpecification\",\"valueRequired\":true,\"valueName\":\"search_term_string\"}}],\"inLanguage\":\"en-US\"}]}<\/script>\n<!-- \/ Yoast SEO plugin. -->","yoast_head_json":{"title":"Cin\u00e9School\u2019s Recommendations of French Holiday Films for Young Cinephiles - Villa Albertine","description":"The holiday season is here! Here\u2019s a selection of French holiday films, series, and short films for young cinephiles.","robots":{"index":"index","follow":"follow","max-snippet":"max-snippet:-1","max-image-preview":"max-image-preview:large","max-video-preview":"max-video-preview:-1"},"canonical":"https:\/\/villa-albertine.org\/va\/news\/cineschools-recommendations-of-french-holiday-films-for-young-cinephiles\/","og_locale":"en_US","og_type":"article","og_title":"Cin\u00e9School\u2019s Recommendations of French Holiday Films for Young Cinephiles - Villa Albertine","og_description":"The holiday season is here! Here\u2019s a selection of French holiday films, series, and short films for young cinephiles.","og_url":"https:\/\/villa-albertine.org\/va\/news\/cineschools-recommendations-of-french-holiday-films-for-young-cinephiles\/","og_site_name":"Villa Albertine","article_modified_time":"2026-01-21T23:09:17+00:00","og_image":[{"width":1920,"height":1012,"url":"https:\/\/villa-albertine.org\/wp-content\/uploads\/2023\/11\/\u00a9-2024-\u2013-Arte-France-\u2013-Les-Valseurs-\u2013-Luftkind-Filmverleih-\u2013-Gaoshan-Pictures-\u2013-Le-Bureau_04-1.jpg","type":"image\/jpeg"}],"twitter_card":"summary_large_image","twitter_image":"https:\/\/villa-albertine.org\/wp-content\/uploads\/2023\/11\/\u00a9-2024-\u2013-Arte-France-\u2013-Les-Valseurs-\u2013-Luftkind-Filmverleih-\u2013-Gaoshan-Pictures-\u2013-Le-Bureau_04-1.jpg","twitter_misc":{"Est. reading time":"14 minutes"},"schema":{"@context":"https:\/\/schema.org","@graph":[{"@type":"WebPage","@id":"https:\/\/villa-albertine.org\/va\/news\/cineschools-recommendations-of-french-holiday-films-for-young-cinephiles\/","url":"https:\/\/villa-albertine.org\/va\/news\/cineschools-recommendations-of-french-holiday-films-for-young-cinephiles\/","name":"Cin\u00e9School\u2019s Recommendations of French Holiday Films for Young Cinephiles - Villa Albertine","isPartOf":{"@id":"https:\/\/villa-albertine.org\/va\/#website"},"primaryImageOfPage":{"@id":"https:\/\/villa-albertine.org\/va\/news\/cineschools-recommendations-of-french-holiday-films-for-young-cinephiles\/#primaryimage"},"image":{"@id":"https:\/\/villa-albertine.org\/va\/news\/cineschools-recommendations-of-french-holiday-films-for-young-cinephiles\/#primaryimage"},"thumbnailUrl":"https:\/\/villa-albertine.org\/wp-content\/uploads\/2023\/11\/\u00a9-2024-\u2013-Arte-France-\u2013-Les-Valseurs-\u2013-Luftkind-Filmverleih-\u2013-Gaoshan-Pictures-\u2013-Le-Bureau_04-1.jpg","datePublished":"2023-11-16T19:24:47+00:00","dateModified":"2026-01-21T23:09:17+00:00","description":"The holiday season is here! Here\u2019s a selection of French holiday films, series, and short films for young cinephiles.","breadcrumb":{"@id":"https:\/\/villa-albertine.org\/va\/news\/cineschools-recommendations-of-french-holiday-films-for-young-cinephiles\/#breadcrumb"},"inLanguage":"en-US","potentialAction":[{"@type":"ReadAction","target":["https:\/\/villa-albertine.org\/va\/news\/cineschools-recommendations-of-french-holiday-films-for-young-cinephiles\/"]}]},{"@type":"ImageObject","inLanguage":"en-US","@id":"https:\/\/villa-albertine.org\/va\/news\/cineschools-recommendations-of-french-holiday-films-for-young-cinephiles\/#primaryimage","url":"https:\/\/villa-albertine.org\/wp-content\/uploads\/2023\/11\/\u00a9-2024-\u2013-Arte-France-\u2013-Les-Valseurs-\u2013-Luftkind-Filmverleih-\u2013-Gaoshan-Pictures-\u2013-Le-Bureau_04-1.jpg","contentUrl":"https:\/\/villa-albertine.org\/wp-content\/uploads\/2023\/11\/\u00a9-2024-\u2013-Arte-France-\u2013-Les-Valseurs-\u2013-Luftkind-Filmverleih-\u2013-Gaoshan-Pictures-\u2013-Le-Bureau_04-1.jpg","width":1920,"height":1012,"caption":"\u00a9 2024 \u2013 Arte France \u2013 Les Valseurs \u2013 Luftkind Filmverleih \u2013 Gaoshan Pictures \u2013 Le Bureau"},{"@type":"BreadcrumbList","@id":"https:\/\/villa-albertine.org\/va\/news\/cineschools-recommendations-of-french-holiday-films-for-young-cinephiles\/#breadcrumb","itemListElement":[{"@type":"ListItem","position":1,"name":"Home","item":"https:\/\/villa-albertine.org\/va\/"},{"@type":"ListItem","position":2,"name":"Cin\u00e9School\u2019s Recommendations of French Holiday Films for Young Cinephiles"}]},{"@type":"WebSite","@id":"https:\/\/villa-albertine.org\/va\/#website","url":"https:\/\/villa-albertine.org\/va\/","name":"Villa Albertine","description":"","potentialAction":[{"@type":"SearchAction","target":{"@type":"EntryPoint","urlTemplate":"https:\/\/villa-albertine.org\/va\/?s={search_term_string}"},"query-input":{"@type":"PropertyValueSpecification","valueRequired":true,"valueName":"search_term_string"}}],"inLanguage":"en-US"}]}},"_links":{"self":[{"href":"https:\/\/villa-albertine.org\/va\/wp-json\/wp\/v2\/app_news\/350424","targetHints":{"allow":["GET"]}}],"collection":[{"href":"https:\/\/villa-albertine.org\/va\/wp-json\/wp\/v2\/app_news"}],"about":[{"href":"https:\/\/villa-albertine.org\/va\/wp-json\/wp\/v2\/types\/app_news"}],"wp:featuredmedia":[{"embeddable":true,"href":"https:\/\/villa-albertine.org\/va\/wp-json\/wp\/v2\/media\/6906103"}],"wp:attachment":[{"href":"https:\/\/villa-albertine.org\/va\/wp-json\/wp\/v2\/media?parent=350424"}],"wp:term":[{"taxonomy":"app_discipline","embeddable":true,"href":"https:\/\/villa-albertine.org\/va\/wp-json\/wp\/v2\/app_discipline?post=350424"},{"taxonomy":"app_city_tax","embeddable":true,"href":"https:\/\/villa-albertine.org\/va\/wp-json\/wp\/v2\/app_city_tax?post=350424"},{"taxonomy":"app_news_type","embeddable":true,"href":"https:\/\/villa-albertine.org\/va\/wp-json\/wp\/v2\/app_news_type?post=350424"}],"curies":[{"name":"wp","href":"https:\/\/api.w.org\/{rel}","templated":true}]}}