{"id":2204986,"date":"2025-01-23T20:45:24","date_gmt":"2025-01-23T20:45:24","guid":{"rendered":"https:\/\/villa-albertine.org\/va\/?post_type=app_news&#038;p=2204986"},"modified":"2025-03-20T16:33:28","modified_gmt":"2025-03-20T16:33:28","slug":"the-2025-oscars-nominations-a-landmark-year-for-french-cinema","status":"publish","type":"app_news","link":"https:\/\/villa-albertine.org\/va\/news\/the-2025-oscars-nominations-a-landmark-year-for-french-cinema\/","title":{"rendered":"The 2025 Oscar Nominations: Emilia P\u00e9rez Highlights a Historic Year in French Cinema"},"content":{"rendered":"\n<p>A groundbreaking year for French cinema, <em>Emilia P\u00e9rez<\/em> won a record 13 nominations at the 2025 Oscars in all major categories, beating France&#8217;s previous record in 2012 held by <em>The Artist<\/em> and nearing <em>Titanic<\/em>&#8216;s all-time record of 14 nominations.<\/p>\n\n\n\n<p>Another first in Oscar history: two French filmmakers received nominations in the Best Director category, including Jacques Audiard for <em>Emilia P\u00e9rez<\/em> and Coralie Fargeat for <em>The Substance<\/em> (not a French production). <\/p>\n\n\n\n<p>A celebration of global cinema, four out of the five Best International Feature nominees are French (co)productions, including <em>Emilia P\u00e9rez<\/em> (France), <em>Les Graines du figuier sauvage <\/em>(Germany), <em>Flow <\/em>(Latvia), and <em>Je suis toujours l\u00e0<\/em> (Brazil). <\/p>\n\n\n\n<p>Lastly, French short films made their mark with a total of four nominations in two categories. <\/p>\n\n\n\n<p><strong>Interested in learning more about <em>Emilia P\u00e9rez<\/em>&#8216;s road to the Academy Awards? Read more about the decoration ceremony of the main cast at Villa Albertine in October 2024 <a href=\"https:\/\/villa-albertine.org\/va\/news\/the-cast-of-emilia-perez-awarded-french-decoration-at-villa-albertine\/\">here<\/a>.<\/strong><\/p>\n\n\n\n<p>Take a look at the full list of nominations for French films below!<\/p>\n\n\n\n<p><strong>Best Picture<\/strong><\/p>\n\n\n\n<p><em>Emilia P\u00e9rez<\/em> by Jacques Audiard <br><em>Je suis toujours l\u00e0<\/em> by Walter Salles (minor French co-production)<\/p>\n\n\n\n<p><strong>Best International Feature<\/strong><\/p>\n\n\n\n<p><em>Emilia P\u00e9rez <\/em>by Jacques Audiard<br><em>Je suis toujours l\u00e0<\/em> by Walter Salles (minor French co-production)<br><em>Flow<\/em> by Gints Zilbalodis (minor French co-production)<br><em>Les Graines du figuier sauvage<\/em> by Mohammad Rasoulof (minor French co-production)<\/p>\n\n\n\n<p><strong>Best Director<\/strong><br><em>Jacques Audiard<\/em> for <em>Emilia P\u00e9rez<\/em> <\/p>\n\n\n\n<p><strong>Best Actress<\/strong><br>Karla Sof\u00eda Gasc\u00f3n for <em>Emilia P\u00e9rez<\/em><br>Fernanda Torres for <em>Je suis toujours l\u00e0<\/em> (minor French co-production)<\/p>\n\n\n\n<p><strong>Best Supporting Actress<\/strong><br>Zo\u00e9 Salda\u00f1a for <em>Emilia P\u00e9rez<\/em><\/p>\n\n\n\n<p><strong>Best Original Score<\/strong><br>Cl\u00e9ment Ducol &amp; Camille for <em>Emilia P\u00e9rez<\/em> <\/p>\n\n\n\n<p><strong>Best Cinematography<\/strong><br>Paul Guilhaume for <em>Emilia P\u00e9rez<\/em> <\/p>\n\n\n\n<p><strong>Best Animated Feature Film<\/strong><br><em>Flow<\/em> by Gints Zilbalodis (minority French co-production)<\/p>\n\n\n\n<p><strong>Best Adapted Screenplay<\/strong><br><em>Emilia P\u00e9rez<\/em> by Jacques Audiard<\/p>\n\n\n\n<p><strong>Best Makeup and Hairstyling<\/strong><br><em>Emilia P\u00e9rez<\/em> by Jacques Audiard<\/p>\n\n\n\n<p><strong>Best Documentary Feature Film<\/strong><br><em>Soundtrack to a Coup d&#8217;Etat<\/em> by Johan Grimonprez<\/p>\n\n\n\n<p><strong>Best Original Song<\/strong><br>\u201cEl mal\u201d by Zo\u00e9 Salda\u00f1a (<em>Emilia P\u00e9rez<\/em>)<br>\u201cMi camino\u201d by Selena Gomez (<em>Emilia P\u00e9rez<\/em>)<\/p>\n\n\n\n<p><strong>Best Editing<\/strong><br>Juliette Welfling for <em>Emilia P\u00e9rez<\/em><\/p>\n\n\n\n<p><strong>Best Sound<\/strong><br><em>Emilia P\u00e9rez<\/em> by Jacques Audiard<\/p>\n\n\n\n<p><strong>Best Live Action Short Film<\/strong><br><em>L&#8217;Homme qui ne se taisait pas<\/em> by Neboj\u0161a Slijep\u010devi\u0107 (minor French co-production)<\/p>\n\n\n\n<p><strong>Best Animated Short Film<\/strong><br><em>Beurk ! <\/em>by Lo\u00efc Espuche<br><em>Wander to Wonder<\/em> by Nina Gantz (minor French co-production)<br><em>Beautiful Men<\/em> by Nicolas Keppens (minor French co-production)<\/p>\n","protected":false},"featured_media":2210066,"menu_order":0,"template":"","app_discipline":[219],"app_city_tax":[220],"app_news_type":[],"class_list":["post-2204986","app_news","type-app_news","status-publish","has-post-thumbnail","hentry","app_discipline-cinema","app_city_tax-la"],"acf":[],"yoast_head":"<!-- This site is optimized with the Yoast SEO plugin v27.3 - https:\/\/yoast.com\/product\/yoast-seo-wordpress\/ -->\n<title>The 2025 Oscar Nominations: Emilia P\u00e9rez Highlights a Historic Year in French Cinema - Villa Albertine<\/title>\n<meta name=\"robots\" content=\"index, follow, max-snippet:-1, max-image-preview:large, max-video-preview:-1\" \/>\n<link rel=\"canonical\" href=\"https:\/\/villa-albertine.org\/va\/news\/the-2025-oscars-nominations-a-landmark-year-for-french-cinema\/\" \/>\n<meta property=\"og:locale\" content=\"en_US\" \/>\n<meta property=\"og:type\" content=\"article\" \/>\n<meta property=\"og:title\" content=\"The 2025 Oscar Nominations: Emilia P\u00e9rez Highlights a Historic Year in French Cinema - Villa Albertine\" \/>\n<meta property=\"og:description\" content=\"A groundbreaking year for French cinema, Emilia P\u00e9rez won a record 13 nominations at the 2025 Oscars in all major categories, beating France&#8217;s previous record in 2012 held by The Artist and nearing Titanic&#8216;s all-time record of 14 nominations. Another first in Oscar history: two French filmmakers received nominations in the Best Director category, including...\" \/>\n<meta property=\"og:url\" content=\"https:\/\/villa-albertine.org\/va\/news\/the-2025-oscars-nominations-a-landmark-year-for-french-cinema\/\" \/>\n<meta property=\"og:site_name\" content=\"Villa Albertine\" \/>\n<meta property=\"article:modified_time\" content=\"2025-03-20T16:33:28+00:00\" \/>\n<meta property=\"og:image\" content=\"https:\/\/villa-albertine.org\/wp-content\/uploads\/2025\/01\/ZNA00418-scaled.jpg\" \/>\n\t<meta property=\"og:image:width\" content=\"2560\" \/>\n\t<meta property=\"og:image:height\" content=\"1707\" \/>\n\t<meta property=\"og:image:type\" content=\"image\/jpeg\" \/>\n<meta name=\"twitter:card\" content=\"summary_large_image\" \/>\n<meta name=\"twitter:label1\" content=\"Est. reading time\" \/>\n\t<meta name=\"twitter:data1\" content=\"2 minutes\" \/>\n<script type=\"application\/ld+json\" class=\"yoast-schema-graph\">{\"@context\":\"https:\\\/\\\/schema.org\",\"@graph\":[{\"@type\":\"WebPage\",\"@id\":\"https:\\\/\\\/villa-albertine.org\\\/va\\\/news\\\/the-2025-oscars-nominations-a-landmark-year-for-french-cinema\\\/\",\"url\":\"https:\\\/\\\/villa-albertine.org\\\/va\\\/news\\\/the-2025-oscars-nominations-a-landmark-year-for-french-cinema\\\/\",\"name\":\"The 2025 Oscar Nominations: Emilia P\u00e9rez Highlights a Historic Year in French Cinema - Villa Albertine\",\"isPartOf\":{\"@id\":\"https:\\\/\\\/villa-albertine.org\\\/va\\\/#website\"},\"primaryImageOfPage\":{\"@id\":\"https:\\\/\\\/villa-albertine.org\\\/va\\\/news\\\/the-2025-oscars-nominations-a-landmark-year-for-french-cinema\\\/#primaryimage\"},\"image\":{\"@id\":\"https:\\\/\\\/villa-albertine.org\\\/va\\\/news\\\/the-2025-oscars-nominations-a-landmark-year-for-french-cinema\\\/#primaryimage\"},\"thumbnailUrl\":\"https:\\\/\\\/villa-albertine.org\\\/wp-content\\\/uploads\\\/2025\\\/01\\\/ZNA00418-scaled.jpg\",\"datePublished\":\"2025-01-23T20:45:24+00:00\",\"dateModified\":\"2025-03-20T16:33:28+00:00\",\"breadcrumb\":{\"@id\":\"https:\\\/\\\/villa-albertine.org\\\/va\\\/news\\\/the-2025-oscars-nominations-a-landmark-year-for-french-cinema\\\/#breadcrumb\"},\"inLanguage\":\"en-US\",\"potentialAction\":[{\"@type\":\"ReadAction\",\"target\":[\"https:\\\/\\\/villa-albertine.org\\\/va\\\/news\\\/the-2025-oscars-nominations-a-landmark-year-for-french-cinema\\\/\"]}]},{\"@type\":\"ImageObject\",\"inLanguage\":\"en-US\",\"@id\":\"https:\\\/\\\/villa-albertine.org\\\/va\\\/news\\\/the-2025-oscars-nominations-a-landmark-year-for-french-cinema\\\/#primaryimage\",\"url\":\"https:\\\/\\\/villa-albertine.org\\\/wp-content\\\/uploads\\\/2025\\\/01\\\/ZNA00418-scaled.jpg\",\"contentUrl\":\"https:\\\/\\\/villa-albertine.org\\\/wp-content\\\/uploads\\\/2025\\\/01\\\/ZNA00418-scaled.jpg\",\"width\":2560,\"height\":1707},{\"@type\":\"BreadcrumbList\",\"@id\":\"https:\\\/\\\/villa-albertine.org\\\/va\\\/news\\\/the-2025-oscars-nominations-a-landmark-year-for-french-cinema\\\/#breadcrumb\",\"itemListElement\":[{\"@type\":\"ListItem\",\"position\":1,\"name\":\"Home\",\"item\":\"https:\\\/\\\/villa-albertine.org\\\/va\\\/\"},{\"@type\":\"ListItem\",\"position\":2,\"name\":\"The 2025 Oscar Nominations: Emilia P\u00e9rez Highlights a Historic Year in French Cinema\"}]},{\"@type\":\"WebSite\",\"@id\":\"https:\\\/\\\/villa-albertine.org\\\/va\\\/#website\",\"url\":\"https:\\\/\\\/villa-albertine.org\\\/va\\\/\",\"name\":\"Villa Albertine\",\"description\":\"\",\"potentialAction\":[{\"@type\":\"SearchAction\",\"target\":{\"@type\":\"EntryPoint\",\"urlTemplate\":\"https:\\\/\\\/villa-albertine.org\\\/va\\\/?s={search_term_string}\"},\"query-input\":{\"@type\":\"PropertyValueSpecification\",\"valueRequired\":true,\"valueName\":\"search_term_string\"}}],\"inLanguage\":\"en-US\"}]}<\/script>\n<!-- \/ Yoast SEO plugin. -->","yoast_head_json":{"title":"The 2025 Oscar Nominations: Emilia P\u00e9rez Highlights a Historic Year in French Cinema - Villa Albertine","robots":{"index":"index","follow":"follow","max-snippet":"max-snippet:-1","max-image-preview":"max-image-preview:large","max-video-preview":"max-video-preview:-1"},"canonical":"https:\/\/villa-albertine.org\/va\/news\/the-2025-oscars-nominations-a-landmark-year-for-french-cinema\/","og_locale":"en_US","og_type":"article","og_title":"The 2025 Oscar Nominations: Emilia P\u00e9rez Highlights a Historic Year in French Cinema - Villa Albertine","og_description":"A groundbreaking year for French cinema, Emilia P\u00e9rez won a record 13 nominations at the 2025 Oscars in all major categories, beating France&#8217;s previous record in 2012 held by The Artist and nearing Titanic&#8216;s all-time record of 14 nominations. Another first in Oscar history: two French filmmakers received nominations in the Best Director category, including...","og_url":"https:\/\/villa-albertine.org\/va\/news\/the-2025-oscars-nominations-a-landmark-year-for-french-cinema\/","og_site_name":"Villa Albertine","article_modified_time":"2025-03-20T16:33:28+00:00","og_image":[{"width":2560,"height":1707,"url":"https:\/\/villa-albertine.org\/wp-content\/uploads\/2025\/01\/ZNA00418-scaled.jpg","type":"image\/jpeg"}],"twitter_card":"summary_large_image","twitter_misc":{"Est. reading time":"2 minutes"},"schema":{"@context":"https:\/\/schema.org","@graph":[{"@type":"WebPage","@id":"https:\/\/villa-albertine.org\/va\/news\/the-2025-oscars-nominations-a-landmark-year-for-french-cinema\/","url":"https:\/\/villa-albertine.org\/va\/news\/the-2025-oscars-nominations-a-landmark-year-for-french-cinema\/","name":"The 2025 Oscar Nominations: Emilia P\u00e9rez Highlights a Historic Year in French Cinema - Villa Albertine","isPartOf":{"@id":"https:\/\/villa-albertine.org\/va\/#website"},"primaryImageOfPage":{"@id":"https:\/\/villa-albertine.org\/va\/news\/the-2025-oscars-nominations-a-landmark-year-for-french-cinema\/#primaryimage"},"image":{"@id":"https:\/\/villa-albertine.org\/va\/news\/the-2025-oscars-nominations-a-landmark-year-for-french-cinema\/#primaryimage"},"thumbnailUrl":"https:\/\/villa-albertine.org\/wp-content\/uploads\/2025\/01\/ZNA00418-scaled.jpg","datePublished":"2025-01-23T20:45:24+00:00","dateModified":"2025-03-20T16:33:28+00:00","breadcrumb":{"@id":"https:\/\/villa-albertine.org\/va\/news\/the-2025-oscars-nominations-a-landmark-year-for-french-cinema\/#breadcrumb"},"inLanguage":"en-US","potentialAction":[{"@type":"ReadAction","target":["https:\/\/villa-albertine.org\/va\/news\/the-2025-oscars-nominations-a-landmark-year-for-french-cinema\/"]}]},{"@type":"ImageObject","inLanguage":"en-US","@id":"https:\/\/villa-albertine.org\/va\/news\/the-2025-oscars-nominations-a-landmark-year-for-french-cinema\/#primaryimage","url":"https:\/\/villa-albertine.org\/wp-content\/uploads\/2025\/01\/ZNA00418-scaled.jpg","contentUrl":"https:\/\/villa-albertine.org\/wp-content\/uploads\/2025\/01\/ZNA00418-scaled.jpg","width":2560,"height":1707},{"@type":"BreadcrumbList","@id":"https:\/\/villa-albertine.org\/va\/news\/the-2025-oscars-nominations-a-landmark-year-for-french-cinema\/#breadcrumb","itemListElement":[{"@type":"ListItem","position":1,"name":"Home","item":"https:\/\/villa-albertine.org\/va\/"},{"@type":"ListItem","position":2,"name":"The 2025 Oscar Nominations: Emilia P\u00e9rez Highlights a Historic Year in French Cinema"}]},{"@type":"WebSite","@id":"https:\/\/villa-albertine.org\/va\/#website","url":"https:\/\/villa-albertine.org\/va\/","name":"Villa Albertine","description":"","potentialAction":[{"@type":"SearchAction","target":{"@type":"EntryPoint","urlTemplate":"https:\/\/villa-albertine.org\/va\/?s={search_term_string}"},"query-input":{"@type":"PropertyValueSpecification","valueRequired":true,"valueName":"search_term_string"}}],"inLanguage":"en-US"}]}},"_links":{"self":[{"href":"https:\/\/villa-albertine.org\/va\/wp-json\/wp\/v2\/app_news\/2204986","targetHints":{"allow":["GET"]}}],"collection":[{"href":"https:\/\/villa-albertine.org\/va\/wp-json\/wp\/v2\/app_news"}],"about":[{"href":"https:\/\/villa-albertine.org\/va\/wp-json\/wp\/v2\/types\/app_news"}],"wp:featuredmedia":[{"embeddable":true,"href":"https:\/\/villa-albertine.org\/va\/wp-json\/wp\/v2\/media\/2210066"}],"wp:attachment":[{"href":"https:\/\/villa-albertine.org\/va\/wp-json\/wp\/v2\/media?parent=2204986"}],"wp:term":[{"taxonomy":"app_discipline","embeddable":true,"href":"https:\/\/villa-albertine.org\/va\/wp-json\/wp\/v2\/app_discipline?post=2204986"},{"taxonomy":"app_city_tax","embeddable":true,"href":"https:\/\/villa-albertine.org\/va\/wp-json\/wp\/v2\/app_city_tax?post=2204986"},{"taxonomy":"app_news_type","embeddable":true,"href":"https:\/\/villa-albertine.org\/va\/wp-json\/wp\/v2\/app_news_type?post=2204986"}],"curies":[{"name":"wp","href":"https:\/\/api.w.org\/{rel}","templated":true}]}}