{"id":63730,"date":"2023-01-31T21:31:37","date_gmt":"2023-01-31T21:31:37","guid":{"rendered":"https:\/\/villa-albertine.org\/the-villa\/sounds-of-ny-2023\/"},"modified":"2023-08-23T08:09:50","modified_gmt":"2023-08-23T08:09:50","slug":"sounds-of-ny-2023","status":"publish","type":"post","link":"https:\/\/villa-albertine.org\/va\/fr\/uncategorized\/sounds-of-ny-2023\/","title":{"rendered":"Sept autrices\/auteurs fran\u00e7ais de podcasts\u202fs\u00e9lectionn\u00e9s pour\u202fSounds\u202fof New York\u202f2023"},"content":{"rendered":"<p><strong>New York, le 1er f\u00e9vrier 2023 \u2014\u00a0<\/strong>La Villa Albertine a annonc\u00e9 aujourd&rsquo;hui les noms des sept auteurs et autrices de\u202fpodcasts s\u00e9lectionn\u00e9s\u202fpour\u202f<em>Sounds of New York<\/em>, un programme qui\u202fvise \u00e0 accompagner le d\u00e9veloppement de podcasts fran\u00e7ais \u00e0 haut potentiel international.\u202fLes laur\u00e9ats pourront s\u2019immerger au c\u0153ur de la fabrique du podcast am\u00e9ricain, \u00e0 la rencontre d\u2019une vibrante communaut\u00e9 de m\u00e9dias, de studios et de cr\u00e9ateurs ind\u00e9pendants.\u202f\u202f<\/p>\n\n<p lang=\"EN-US\" xml:lang=\"EN-US\" xml:lang=\"EN-US\">Ce programme de la Villa Albertine et de la Fondation Face est soutenu par Spotify, Radio France, Radio France internationale (RFI), la Soci\u00e9t\u00e9 des Auteurs et Compositeurs Dramatiques (SACD), l&rsquo;Institut fran\u00e7ais (Paris), l\u2019Institut\u00a0national de l&rsquo;audiovisuel (INA), et Paradiso Media.\u00a0<\/p>\n\n<p lang=\"EN-US\" xml:lang=\"EN-US\" xml:lang=\"EN-US\"><strong>Le programme se d\u00e9roulera \u00e0 New York du 17 au 21 avril\u00a02023<\/strong>.\u202f Au cours de cette semaine, les participants assisteront \u00e0\u202fun\u202fprogramme de\u202fmasterclasses \u00e9labor\u00e9 en association avec la filiale am\u00e9ricaine de Paradiso M\u00e9dia sur des sujets aussi vari\u00e9s que les adaptations, l\u2019\u00e9criture de s\u00e9ries audio de fiction ou le marketing.\u00a0Il est pr\u00e9vu des\u202fvisites de studios, et\u202fdes rencontres avec des acteurs\u202fcl\u00e9s\u202fde l\u2019industrie new-yorkaise.\u202f\u00a0<\/p>\n\n<p lang=\"EN-US\" xml:lang=\"EN-US\" xml:lang=\"EN-US\">L\u2019appel \u00e0 candidatures pour l\u2019\u00e9dition 2023 de Sounds of New York \u00e9tait ouvert du 20 octobre au 15 d\u00e9cembre 2022. Les participants ont \u00e9t\u00e9 s\u00e9lectionn\u00e9s par un jury compos\u00e9 de : Claire Hazan (Spotify), Erwann Gaucher (Radio France), Ludovic Dunod (RFI), Sophie Bocquillon (SACD), Mariane Cosserat (Institut fran\u00e7ais), Zo\u00e9 Macheret \u00a0(INA) et Lorenzo Benedetti (Paradiso Media).\u00a0<\/p>\n\n<p lang=\"EN-US\" xml:lang=\"EN-US\" xml:lang=\"EN-US\">Une pr\u00e9sentation du programme est organis\u00e9e dans le cadre du festival Longueur d\u2019Ondes (Brest) le Jeudi 2 f\u00e9vrier \u00e0 la Maison de l\u2019Internationale de 16h\u00a0\u00e0 17h\u00a0avec Aladine Zaiane, laur\u00e9at Sounds of New York\u00a0en 2022. \u00a0<\/p>\n\n<p lang=\"EN-US\" xml:lang=\"EN-US\" xml:lang=\"EN-US\">Le jury a s\u00e9lectionn\u00e9 sept auteurs, autrices repr\u00e9sentants la diversit\u00e9 des \u00e9critures (fiction, docu-fiction, documentaires) de podcasts en France.<\/p>\n\n<h3 lang=\"EN-US\" xml:lang=\"EN-US\" xml:lang=\"EN-US\">Les participants \u00e0 la deuxi\u00e8me \u00e9dition de Sounds of New York sont :\u00a0<\/h3>\n\n<p lang=\"EN-US\" xml:lang=\"EN-US\" xml:lang=\"EN-US\"><strong>Caroline Gillet \u00a0<\/strong><\/p>\n\n<p lang=\"EN-US\" xml:lang=\"EN-US\" xml:lang=\"EN-US\">Caroline Gillet est une journaliste et productrice de radio belge install\u00e9e en France. Elle travaille sur les questions de soci\u00e9t\u00e9, d\u2019intime, de transmission entre g\u00e9n\u00e9rations et cultures pour la radio, les podcasts, les \u00e9crans et la sc\u00e8ne.\u00a0Elle est la r\u00e9alisatrice de plusieurs s\u00e9ries\u00a0documentaires \u00ab\u00a0Inside Kaboul\u00a0\u00bb diffus\u00e9e sur France Inter, \u00ab\u00a0Foule Continentale\u00a0\u00bb, le\u00a0\u00ab\u00a0Tea Time Club\u00a0\u00bb, la s\u00e9rie\u00a0\u00ab\u00a0\u00c0\u00a0ton \u00e2ge\u00a0\u00bb\u00a0sur France 4. Elle\u00a0a collabor\u00e9 avec Actes Sud sur le podcast \u201cTransfert\u201d et \u201cEntre\u201d de Slate et\u00a0r\u00e9alis\u00e9 un film,\u00a0\u00ab\u00a0Les m\u00e8res int\u00e9rieures\u00a0\u00bb,\u00a0pour France 3 sur le choix ou non d&rsquo;avoir des enfants. Enfin, elle enseigne le reportage radio \u00e0 l&rsquo;Universit\u00e9\u00a0de Louvain. \u00a0<\/p>\n<figure class=\"wp-block-image size-full\">\n\t<img loading=\"lazy\" decoding=\"async\" width=\"1146\" height=\"1056\" src=\"https:\/\/villa-albertine.org\/wp-content\/uploads\/2023\/08\/Caroline20.png\" class=\"attachment-full size-full\" alt=\"\" srcset=\"https:\/\/villa-albertine.org\/wp-content\/uploads\/2023\/08\/Caroline20.png 1146w, https:\/\/villa-albertine.org\/wp-content\/uploads\/2023\/08\/Caroline20-300x276.png 300w, https:\/\/villa-albertine.org\/wp-content\/uploads\/2023\/08\/Caroline20-1024x944.png 1024w, https:\/\/villa-albertine.org\/wp-content\/uploads\/2023\/08\/Caroline20-768x708.png 768w\" sizes=\"auto, (max-width: 1146px) 100vw, 1146px\" \/>\n\t<\/figure>\n<p lang=\"EN-US\" xml:lang=\"EN-US\" xml:lang=\"EN-US\"><strong>Vincent Hazard\u00a0\u00a0<\/strong><\/p>\n\n<p lang=\"EN-US\" xml:lang=\"EN-US\" xml:lang=\"EN-US\">Apr\u00e8s avoir men\u00e9 une carri\u00e8re de sound designer au cin\u00e9ma en France et en Grande-Bretagne (aupr\u00e8s notamment de r\u00e9alisateurs aussi divers que Costa-Gavras, Stephen Frears ou Luc Besson), Vincent Hazard devient auteur et r\u00e9alisateur Tv et radio apr\u00e8s un passage \u00e0 l\u2019atelier sc\u00e9nario de la F\u00e9mis. Il \u00e9crit notamment pour \u201cAffaires sensibles\u201d, \u00a0et se distingue par des s\u00e9ries comme \u201cPanda la voix du Djihad\u201d ou encore \u201c22 millions\u201d, sur l&rsquo;affaire Bygmalion).\u00a0 Il est laur\u00e9at du Prix fiction radio de la SACD en 2022.\u00a0<\/p>\n<figure class=\"wp-block-image size-full\">\n\t<img loading=\"lazy\" decoding=\"async\" width=\"424\" height=\"424\" src=\"https:\/\/villa-albertine.org\/wp-content\/uploads\/2023\/08\/Vincent20Hazard.png\" class=\"attachment-full size-full\" alt=\"\" srcset=\"https:\/\/villa-albertine.org\/wp-content\/uploads\/2023\/08\/Vincent20Hazard.png 424w, https:\/\/villa-albertine.org\/wp-content\/uploads\/2023\/08\/Vincent20Hazard-300x300.png 300w, https:\/\/villa-albertine.org\/wp-content\/uploads\/2023\/08\/Vincent20Hazard-150x150.png 150w\" sizes=\"auto, (max-width: 424px) 100vw, 424px\" \/>\n\t<\/figure>\n<p lang=\"EN-US\" xml:lang=\"EN-US\" xml:lang=\"EN-US\"><strong>Jules Kensley\u00a0<\/strong><\/p>\n\n<p lang=\"EN-US\" xml:lang=\"EN-US\" xml:lang=\"EN-US\">Ancien \u00e9tudiant \u00e0 la Cin\u00e9Fabrique, Jules Kensley\u00a0 est un passionn\u00e9 d\u2019\u00e9criture sous\u00a0toutes ses formes. Il est laur\u00e9at de la bourse Beaumarchais-SACD dans la cat\u00e9gorie fiction sonore pour \u00a0\u00bb Bloc noir\u00a0\u00ab\u00a0. Il est s\u00e9lectionn\u00e9 \u00e0 l&rsquo;appel \u00e0 projet Paper To Film x Audible dans la cat\u00e9gorie Fiction sonore historique. Il l\u2018est aussi au Festival l&rsquo;Ecrit \u00e0 l&rsquo;Ecran, Valence Sc\u00e9nario, Tomorrow&rsquo;s Stories, New Images, l&rsquo;INA, Series Mania Forum. Il finalise actuellement le montage du pilote d&rsquo;une s\u00e9rie audio fantastique appel\u00e9e \u00ab\u00a0Bloc Noir\u00a0\u00bb et travaille sur deux s\u00e9ries horrifiques audio pour la plateforme BLYND du Studio Anatole.<\/p>\n<figure class=\"wp-block-image size-full\">\n\t<img loading=\"lazy\" decoding=\"async\" width=\"418\" height=\"418\" src=\"https:\/\/villa-albertine.org\/wp-content\/uploads\/2023\/08\/Jules20Kensley.png\" class=\"attachment-full size-full\" alt=\"\" srcset=\"https:\/\/villa-albertine.org\/wp-content\/uploads\/2023\/08\/Jules20Kensley.png 418w, https:\/\/villa-albertine.org\/wp-content\/uploads\/2023\/08\/Jules20Kensley-300x300.png 300w, https:\/\/villa-albertine.org\/wp-content\/uploads\/2023\/08\/Jules20Kensley-150x150.png 150w\" sizes=\"auto, (max-width: 418px) 100vw, 418px\" \/>\n\t<\/figure>\n<p lang=\"EN-US\" xml:lang=\"EN-US\" xml:lang=\"EN-US\"><strong>Sarah Lou Lepers\u00a0\u00a0<\/strong><\/p>\n\n<p lang=\"EN-US\" xml:lang=\"EN-US\" xml:lang=\"EN-US\">Journaliste et reporter dans plusieurs r\u00e9dactions fran\u00e7aises, Sarah Lou Lepers est autrice et r\u00e9alisatrice de podcasts.\u00a0Sa premi\u00e8re oeuvre \u201cDaddy Roland\u201d est diffus\u00e9e par Arte Radio. Elle r\u00e9alise plusieurs \u00e9pisodes du podcast \u201cTransfert\u201d (Slate) avec l\u2019\u00e9quipe de Charlotte Pudlowski.\u00a0 Elle collabore avec Louie Media en r\u00e9alisant certains \u00e9pisodes du podcast \u201c\u00c9motions\u201d. Elle est nomin\u00e9e en 2021 dans la cat\u00e9gorie Documentaire du Paris Podcast Festival pour \u201cElo\u00efse Improvise\u201d, un s\u00e9rie en 7 \u00e9pisodes produite par\u00a0Elephant Doc. Elle accompagne l\u2019Agence France Presse dans le d\u00e9veloppement de podcasts narratifs, en concevant des podcasts \u00e0 la crois\u00e9e des news et du documentaire : \u201cSur le Fil\u201d, \u201cLe Poison de Poutine\u201d et \u201cTurbulences\u201d. Elle intervient dans des ateliers d\u2019\u00e9ducation aux m\u00e9dias en milieu scolaire et carc\u00e9ral.\u00a0<\/p>\n<figure class=\"wp-block-image size-full\">\n\t<img loading=\"lazy\" decoding=\"async\" width=\"894\" height=\"896\" src=\"https:\/\/villa-albertine.org\/wp-content\/uploads\/2023\/08\/Sarah20Lou20Lepers202.png\" class=\"attachment-full size-full\" alt=\"\" srcset=\"https:\/\/villa-albertine.org\/wp-content\/uploads\/2023\/08\/Sarah20Lou20Lepers202.png 894w, https:\/\/villa-albertine.org\/wp-content\/uploads\/2023\/08\/Sarah20Lou20Lepers202-300x300.png 300w, https:\/\/villa-albertine.org\/wp-content\/uploads\/2023\/08\/Sarah20Lou20Lepers202-150x150.png 150w, https:\/\/villa-albertine.org\/wp-content\/uploads\/2023\/08\/Sarah20Lou20Lepers202-768x770.png 768w\" sizes=\"auto, (max-width: 894px) 100vw, 894px\" \/>\n\t<\/figure>\n<p lang=\"EN-US\" xml:lang=\"EN-US\" xml:lang=\"EN-US\"><strong>Romain Masson\u00a0<\/strong><\/p>\n\n<p lang=\"EN-US\" xml:lang=\"EN-US\" xml:lang=\"EN-US\">Depuis plus de 20 ans, Romain Masson travaille en France et \u00e0 l&rsquo;\u00e9tranger, pour des structures publiques, priv\u00e9es et des ONG, successivement comme r\u00e9alisateur et journaliste (Canal Plus, Arte, M\u00e9decins du Monde), attach\u00e9 audiovisuel \u00e0 Beyrouth, Varsovie et Dakar (minist\u00e8re fran\u00e7ais de l&rsquo;Europe et des Affaires \u00e9trang\u00e8res) et producteur de contenu audio (Radio France, ONG RAES, Making Waves). Il est un collaborateur r\u00e9gulier de Radio France sur les antennes du groupe en tant que charg\u00e9 de r\u00e9alisation et producteur-d\u00e9l\u00e9gu\u00e9 de documentaires (France Culture, France Inter, France Info, France Musique, FIP). Il a contribu\u00e9 \u00e0 la cr\u00e9ation de Making Waves, une structure fran\u00e7aise \u00e9tablie en Seine Saint-Denis, cr\u00e9\u00e9e pour favoriser, par la radio et le podcast, l\u2019\u00e9closion d\u2019espaces de dialogue, de transmission, d\u2019expression et de cr\u00e9ation.\u00a0<\/p>\n<figure class=\"wp-block-image size-full\">\n\t<img loading=\"lazy\" decoding=\"async\" width=\"878\" height=\"878\" src=\"https:\/\/villa-albertine.org\/wp-content\/uploads\/2023\/08\/Romain20Masson202.png\" class=\"attachment-full size-full\" alt=\"\" srcset=\"https:\/\/villa-albertine.org\/wp-content\/uploads\/2023\/08\/Romain20Masson202.png 878w, https:\/\/villa-albertine.org\/wp-content\/uploads\/2023\/08\/Romain20Masson202-300x300.png 300w, https:\/\/villa-albertine.org\/wp-content\/uploads\/2023\/08\/Romain20Masson202-150x150.png 150w, https:\/\/villa-albertine.org\/wp-content\/uploads\/2023\/08\/Romain20Masson202-768x768.png 768w\" sizes=\"auto, (max-width: 878px) 100vw, 878px\" \/>\n\t<\/figure>\n<p lang=\"EN-US\" xml:lang=\"EN-US\" xml:lang=\"EN-US\"><strong>Marie-Yemta Moussanang\u00a0\u00a0<\/strong><\/p>\n\n<p lang=\"EN-US\" xml:lang=\"EN-US\" xml:lang=\"EN-US\">Marie-Yemta Moussanang est une chercheuse ind\u00e9pendante et entrepreneuse franco- tchadienne.\u00a0Elle r\u00e9alise le podcast \u201cAfrotopiques\u201d qui documente les m\u00e9tamorphoses de la question de l\u2019\u00e9mancipation depuis la perspective des Sud. Dipl\u00f4m\u00e9e en sciences politiques, en philosophie contemporaine et dans les industries cr\u00e9atives, elle travaille entre Paris, Dakar, N\u2019Djamena et Bamako. Elle d\u00e9veloppe RADIOBOUGOU, une \u00ab\u00a0Maison d&rsquo;\u00e9dition d&rsquo;Oralit\u00e9s\u00a0\u00bb bas\u00e9e au Sahel, pour accompagner l&rsquo;\u00e9mergence d&rsquo;un \u00e9cosyst\u00e8me de production de podcasts natifs en Afrique subsaharienne, et promouvoir la circulation des savoirs \u00e9mancipateurs.\u00a0Elle enseigne \u00e0 Sciences Po Paris.\u00a0<\/p>\n<figure class=\"wp-block-image size-full\">\n\t<img loading=\"lazy\" decoding=\"async\" width=\"1100\" height=\"1100\" src=\"https:\/\/villa-albertine.org\/wp-content\/uploads\/2023\/08\/Marie20Yemta202.jpg\" class=\"attachment-full size-full\" alt=\"\" srcset=\"https:\/\/villa-albertine.org\/wp-content\/uploads\/2023\/08\/Marie20Yemta202.jpg 1100w, https:\/\/villa-albertine.org\/wp-content\/uploads\/2023\/08\/Marie20Yemta202-300x300.jpg 300w, https:\/\/villa-albertine.org\/wp-content\/uploads\/2023\/08\/Marie20Yemta202-1024x1024.jpg 1024w, https:\/\/villa-albertine.org\/wp-content\/uploads\/2023\/08\/Marie20Yemta202-150x150.jpg 150w, https:\/\/villa-albertine.org\/wp-content\/uploads\/2023\/08\/Marie20Yemta202-768x768.jpg 768w\" sizes=\"auto, (max-width: 1100px) 100vw, 1100px\" \/>\n\t<\/figure>\n<p lang=\"EN-US\" xml:lang=\"EN-US\" xml:lang=\"EN-US\"><strong>Claire Richard\u00a0\u00a0<\/strong><\/p>\n\n<p lang=\"EN-US\" xml:lang=\"EN-US\" xml:lang=\"EN-US\">Claire Richard est autrice de fictions et non-fictions, notamment en radio.\u00a0 Elle r\u00e9alise des documentaires courts pour Arte Radio (\u00ab\u00a0Soumission Impossible\u00a0\u00bb, \u00ab\u00a0les mauvais r\u00eaves\u00a0\u00bb) et\u00a0 des fictions : \u00ab\u00a0Cent Fa\u00e7ons de Dispara\u00eetre\u00a0\u00bb, \u00ab\u00a0Les Chemins de d\u00e9sir\u00a0\u00bb, \u00ab\u00a0Le T\u00e9l\u00e9graphe C\u00e9leste\u00a0\u00bb, pour Arte Radio et France Culture. Elle a re\u00e7u de nombreux prix, nationaux et internationaux : Prix Nouveau Talent SACD 2017, Prix Europa 2019, Prix Italia 2019, Prix de la fiction SACD au Paris Podcast Festival 2019, Prix de l&rsquo;\u00e9criture radiophonique 2020 de la SGDL. Elle \u00e9crit des livres : \u00ab\u00a0Des Mains heureuses\u00a0\u00bb, un essai po\u00e9tique sur le continent invisible du toucher publi\u00e9 mi-janvier aux \u00e9ditions du Seuil.<\/p>\n<figure class=\"wp-block-image size-full\">\n\t<img loading=\"lazy\" decoding=\"async\" width=\"872\" height=\"872\" src=\"https:\/\/villa-albertine.org\/wp-content\/uploads\/2023\/08\/Claire20Richard202.png\" class=\"attachment-full size-full\" alt=\"\" srcset=\"https:\/\/villa-albertine.org\/wp-content\/uploads\/2023\/08\/Claire20Richard202.png 872w, https:\/\/villa-albertine.org\/wp-content\/uploads\/2023\/08\/Claire20Richard202-300x300.png 300w, https:\/\/villa-albertine.org\/wp-content\/uploads\/2023\/08\/Claire20Richard202-150x150.png 150w, https:\/\/villa-albertine.org\/wp-content\/uploads\/2023\/08\/Claire20Richard202-768x768.png 768w\" sizes=\"auto, (max-width: 872px) 100vw, 872px\" \/>\n\t<\/figure>\n\n<figure class=\"wp-block-image size-full alignleft\">\n\t<img loading=\"lazy\" decoding=\"async\" width=\"1392\" height=\"951\" src=\"https:\/\/villa-albertine.org\/wp-content\/uploads\/2023\/08\/SNY20logos202023_0.png\" class=\"attachment-full size-full\" alt=\"\" srcset=\"https:\/\/villa-albertine.org\/wp-content\/uploads\/2023\/08\/SNY20logos202023_0.png 1392w, https:\/\/villa-albertine.org\/wp-content\/uploads\/2023\/08\/SNY20logos202023_0-300x205.png 300w, https:\/\/villa-albertine.org\/wp-content\/uploads\/2023\/08\/SNY20logos202023_0-1024x700.png 1024w, https:\/\/villa-albertine.org\/wp-content\/uploads\/2023\/08\/SNY20logos202023_0-768x525.png 768w\" sizes=\"auto, (max-width: 1392px) 100vw, 1392px\" \/>\n\t<\/figure>\n","protected":false},"excerpt":{"rendered":"<p>New York, le 1er f\u00e9vrier 2023 \u2014\u00a0La Villa Albertine a annonc\u00e9 aujourd&rsquo;hui les noms des sept auteurs et autrices de\u202fpodcasts s\u00e9lectionn\u00e9s\u202fpour\u202fSounds of New York, un programme qui\u202fvise \u00e0 accompagner le d\u00e9veloppement de podcasts fran\u00e7ais \u00e0 haut potentiel international.\u202fLes laur\u00e9ats pourront s\u2019immerger au c\u0153ur de la fabrique du podcast am\u00e9ricain, \u00e0 la rencontre d\u2019une vibrante communaut\u00e9&#8230;<\/p>\n","protected":false},"author":0,"featured_media":63728,"comment_status":"open","ping_status":"open","sticky":false,"template":"","format":"standard","meta":{"_acf_changed":false,"footnotes":""},"categories":[1],"tags":[],"app_discipline":[261],"app_city_tax":[264],"class_list":["post-63730","post","type-post","status-publish","format-standard","has-post-thumbnail","hentry","category-uncategorized","app_discipline-creation-numerique-fr","app_city_tax-nyc-fr"],"acf":[],"yoast_head":"<!-- This site is optimized with the Yoast SEO plugin v27.3 - https:\/\/yoast.com\/product\/yoast-seo-wordpress\/ -->\n<title>Sept autrices\/auteurs fran\u00e7ais de podcasts\u202fs\u00e9lectionn\u00e9s pour\u202fSounds\u202fof New York\u202f2023 - Villa Albertine<\/title>\n<meta name=\"robots\" content=\"index, follow, max-snippet:-1, max-image-preview:large, max-video-preview:-1\" \/>\n<link rel=\"canonical\" href=\"https:\/\/villa-albertine.org\/va\/fr\/uncategorized\/sounds-of-ny-2023\/\" \/>\n<meta property=\"og:locale\" content=\"fr_FR\" \/>\n<meta property=\"og:type\" content=\"article\" \/>\n<meta property=\"og:title\" content=\"Sept autrices\/auteurs fran\u00e7ais de podcasts\u202fs\u00e9lectionn\u00e9s pour\u202fSounds\u202fof New York\u202f2023 - Villa Albertine\" \/>\n<meta property=\"og:description\" content=\"New York, le 1er f\u00e9vrier 2023 \u2014\u00a0La Villa Albertine a annonc\u00e9 aujourd&rsquo;hui les noms des sept auteurs et autrices de\u202fpodcasts s\u00e9lectionn\u00e9s\u202fpour\u202fSounds of New York, un programme qui\u202fvise \u00e0 accompagner le d\u00e9veloppement de podcasts fran\u00e7ais \u00e0 haut potentiel international.\u202fLes laur\u00e9ats pourront s\u2019immerger au c\u0153ur de la fabrique du podcast am\u00e9ricain, \u00e0 la rencontre d\u2019une vibrante communaut\u00e9...\" \/>\n<meta property=\"og:url\" content=\"https:\/\/villa-albertine.org\/va\/fr\/uncategorized\/sounds-of-ny-2023\/\" \/>\n<meta property=\"og:site_name\" content=\"Villa Albertine\" \/>\n<meta property=\"article:published_time\" content=\"2023-01-31T21:31:37+00:00\" \/>\n<meta property=\"article:modified_time\" content=\"2023-08-23T08:09:50+00:00\" \/>\n<meta property=\"og:image\" content=\"https:\/\/villa-albertine.org\/wp-content\/uploads\/2023\/08\/MicrosoftTeams-image2028129-1.png\" \/>\n\t<meta property=\"og:image:width\" content=\"1392\" \/>\n\t<meta property=\"og:image:height\" content=\"783\" \/>\n\t<meta property=\"og:image:type\" content=\"image\/png\" \/>\n<meta name=\"twitter:card\" content=\"summary_large_image\" \/>\n<meta name=\"twitter:label1\" content=\"Dur\u00e9e de lecture estim\u00e9e\" \/>\n\t<meta name=\"twitter:data1\" content=\"6 minutes\" \/>\n<script type=\"application\/ld+json\" class=\"yoast-schema-graph\">{\"@context\":\"https:\\\/\\\/schema.org\",\"@graph\":[{\"@type\":\"Article\",\"@id\":\"https:\\\/\\\/villa-albertine.org\\\/va\\\/fr\\\/uncategorized\\\/sounds-of-ny-2023\\\/#article\",\"isPartOf\":{\"@id\":\"https:\\\/\\\/villa-albertine.org\\\/va\\\/fr\\\/uncategorized\\\/sounds-of-ny-2023\\\/\"},\"author\":{\"name\":\"\",\"@id\":\"\"},\"headline\":\"Sept autrices\\\/auteurs fran\u00e7ais de podcasts\u202fs\u00e9lectionn\u00e9s pour\u202fSounds\u202fof New York\u202f2023\",\"datePublished\":\"2023-01-31T21:31:37+00:00\",\"dateModified\":\"2023-08-23T08:09:50+00:00\",\"mainEntityOfPage\":{\"@id\":\"https:\\\/\\\/villa-albertine.org\\\/va\\\/fr\\\/uncategorized\\\/sounds-of-ny-2023\\\/\"},\"wordCount\":1159,\"commentCount\":0,\"image\":{\"@id\":\"https:\\\/\\\/villa-albertine.org\\\/va\\\/fr\\\/uncategorized\\\/sounds-of-ny-2023\\\/#primaryimage\"},\"thumbnailUrl\":\"https:\\\/\\\/villa-albertine.org\\\/wp-content\\\/uploads\\\/2023\\\/08\\\/MicrosoftTeams-image2028129-1.png\",\"articleSection\":[\"Uncategorized\"],\"inLanguage\":\"fr-FR\"},{\"@type\":\"WebPage\",\"@id\":\"https:\\\/\\\/villa-albertine.org\\\/va\\\/fr\\\/uncategorized\\\/sounds-of-ny-2023\\\/\",\"url\":\"https:\\\/\\\/villa-albertine.org\\\/va\\\/fr\\\/uncategorized\\\/sounds-of-ny-2023\\\/\",\"name\":\"Sept autrices\\\/auteurs fran\u00e7ais de podcasts\u202fs\u00e9lectionn\u00e9s pour\u202fSounds\u202fof New York\u202f2023 - Villa Albertine\",\"isPartOf\":{\"@id\":\"https:\\\/\\\/villa-albertine.org\\\/va\\\/fr\\\/#website\"},\"primaryImageOfPage\":{\"@id\":\"https:\\\/\\\/villa-albertine.org\\\/va\\\/fr\\\/uncategorized\\\/sounds-of-ny-2023\\\/#primaryimage\"},\"image\":{\"@id\":\"https:\\\/\\\/villa-albertine.org\\\/va\\\/fr\\\/uncategorized\\\/sounds-of-ny-2023\\\/#primaryimage\"},\"thumbnailUrl\":\"https:\\\/\\\/villa-albertine.org\\\/wp-content\\\/uploads\\\/2023\\\/08\\\/MicrosoftTeams-image2028129-1.png\",\"datePublished\":\"2023-01-31T21:31:37+00:00\",\"dateModified\":\"2023-08-23T08:09:50+00:00\",\"author\":{\"@id\":\"\"},\"breadcrumb\":{\"@id\":\"https:\\\/\\\/villa-albertine.org\\\/va\\\/fr\\\/uncategorized\\\/sounds-of-ny-2023\\\/#breadcrumb\"},\"inLanguage\":\"fr-FR\",\"potentialAction\":[{\"@type\":\"ReadAction\",\"target\":[\"https:\\\/\\\/villa-albertine.org\\\/va\\\/fr\\\/uncategorized\\\/sounds-of-ny-2023\\\/\"]}]},{\"@type\":\"ImageObject\",\"inLanguage\":\"fr-FR\",\"@id\":\"https:\\\/\\\/villa-albertine.org\\\/va\\\/fr\\\/uncategorized\\\/sounds-of-ny-2023\\\/#primaryimage\",\"url\":\"https:\\\/\\\/villa-albertine.org\\\/wp-content\\\/uploads\\\/2023\\\/08\\\/MicrosoftTeams-image2028129-1.png\",\"contentUrl\":\"https:\\\/\\\/villa-albertine.org\\\/wp-content\\\/uploads\\\/2023\\\/08\\\/MicrosoftTeams-image2028129-1.png\",\"width\":1392,\"height\":783},{\"@type\":\"BreadcrumbList\",\"@id\":\"https:\\\/\\\/villa-albertine.org\\\/va\\\/fr\\\/uncategorized\\\/sounds-of-ny-2023\\\/#breadcrumb\",\"itemListElement\":[{\"@type\":\"ListItem\",\"position\":1,\"name\":\"Home\",\"item\":\"https:\\\/\\\/villa-albertine.org\\\/va\\\/fr\\\/home\\\/\"},{\"@type\":\"ListItem\",\"position\":2,\"name\":\"Sept autrices\\\/auteurs fran\u00e7ais de podcasts\u202fs\u00e9lectionn\u00e9s pour\u202fSounds\u202fof New York\u202f2023\"}]},{\"@type\":\"WebSite\",\"@id\":\"https:\\\/\\\/villa-albertine.org\\\/va\\\/fr\\\/#website\",\"url\":\"https:\\\/\\\/villa-albertine.org\\\/va\\\/fr\\\/\",\"name\":\"Villa Albertine\",\"description\":\"\",\"potentialAction\":[{\"@type\":\"SearchAction\",\"target\":{\"@type\":\"EntryPoint\",\"urlTemplate\":\"https:\\\/\\\/villa-albertine.org\\\/va\\\/fr\\\/?s={search_term_string}\"},\"query-input\":{\"@type\":\"PropertyValueSpecification\",\"valueRequired\":true,\"valueName\":\"search_term_string\"}}],\"inLanguage\":\"fr-FR\"}]}<\/script>\n<!-- \/ Yoast SEO plugin. -->","yoast_head_json":{"title":"Sept autrices\/auteurs fran\u00e7ais de podcasts\u202fs\u00e9lectionn\u00e9s pour\u202fSounds\u202fof New York\u202f2023 - Villa Albertine","robots":{"index":"index","follow":"follow","max-snippet":"max-snippet:-1","max-image-preview":"max-image-preview:large","max-video-preview":"max-video-preview:-1"},"canonical":"https:\/\/villa-albertine.org\/va\/fr\/uncategorized\/sounds-of-ny-2023\/","og_locale":"fr_FR","og_type":"article","og_title":"Sept autrices\/auteurs fran\u00e7ais de podcasts\u202fs\u00e9lectionn\u00e9s pour\u202fSounds\u202fof New York\u202f2023 - Villa Albertine","og_description":"New York, le 1er f\u00e9vrier 2023 \u2014\u00a0La Villa Albertine a annonc\u00e9 aujourd&rsquo;hui les noms des sept auteurs et autrices de\u202fpodcasts s\u00e9lectionn\u00e9s\u202fpour\u202fSounds of New York, un programme qui\u202fvise \u00e0 accompagner le d\u00e9veloppement de podcasts fran\u00e7ais \u00e0 haut potentiel international.\u202fLes laur\u00e9ats pourront s\u2019immerger au c\u0153ur de la fabrique du podcast am\u00e9ricain, \u00e0 la rencontre d\u2019une vibrante communaut\u00e9...","og_url":"https:\/\/villa-albertine.org\/va\/fr\/uncategorized\/sounds-of-ny-2023\/","og_site_name":"Villa Albertine","article_published_time":"2023-01-31T21:31:37+00:00","article_modified_time":"2023-08-23T08:09:50+00:00","og_image":[{"width":1392,"height":783,"url":"https:\/\/villa-albertine.org\/wp-content\/uploads\/2023\/08\/MicrosoftTeams-image2028129-1.png","type":"image\/png"}],"twitter_card":"summary_large_image","twitter_misc":{"Dur\u00e9e de lecture estim\u00e9e":"6 minutes"},"schema":{"@context":"https:\/\/schema.org","@graph":[{"@type":"Article","@id":"https:\/\/villa-albertine.org\/va\/fr\/uncategorized\/sounds-of-ny-2023\/#article","isPartOf":{"@id":"https:\/\/villa-albertine.org\/va\/fr\/uncategorized\/sounds-of-ny-2023\/"},"author":{"name":"","@id":""},"headline":"Sept autrices\/auteurs fran\u00e7ais de podcasts\u202fs\u00e9lectionn\u00e9s pour\u202fSounds\u202fof New York\u202f2023","datePublished":"2023-01-31T21:31:37+00:00","dateModified":"2023-08-23T08:09:50+00:00","mainEntityOfPage":{"@id":"https:\/\/villa-albertine.org\/va\/fr\/uncategorized\/sounds-of-ny-2023\/"},"wordCount":1159,"commentCount":0,"image":{"@id":"https:\/\/villa-albertine.org\/va\/fr\/uncategorized\/sounds-of-ny-2023\/#primaryimage"},"thumbnailUrl":"https:\/\/villa-albertine.org\/wp-content\/uploads\/2023\/08\/MicrosoftTeams-image2028129-1.png","articleSection":["Uncategorized"],"inLanguage":"fr-FR"},{"@type":"WebPage","@id":"https:\/\/villa-albertine.org\/va\/fr\/uncategorized\/sounds-of-ny-2023\/","url":"https:\/\/villa-albertine.org\/va\/fr\/uncategorized\/sounds-of-ny-2023\/","name":"Sept autrices\/auteurs fran\u00e7ais de podcasts\u202fs\u00e9lectionn\u00e9s pour\u202fSounds\u202fof New York\u202f2023 - Villa Albertine","isPartOf":{"@id":"https:\/\/villa-albertine.org\/va\/fr\/#website"},"primaryImageOfPage":{"@id":"https:\/\/villa-albertine.org\/va\/fr\/uncategorized\/sounds-of-ny-2023\/#primaryimage"},"image":{"@id":"https:\/\/villa-albertine.org\/va\/fr\/uncategorized\/sounds-of-ny-2023\/#primaryimage"},"thumbnailUrl":"https:\/\/villa-albertine.org\/wp-content\/uploads\/2023\/08\/MicrosoftTeams-image2028129-1.png","datePublished":"2023-01-31T21:31:37+00:00","dateModified":"2023-08-23T08:09:50+00:00","author":{"@id":""},"breadcrumb":{"@id":"https:\/\/villa-albertine.org\/va\/fr\/uncategorized\/sounds-of-ny-2023\/#breadcrumb"},"inLanguage":"fr-FR","potentialAction":[{"@type":"ReadAction","target":["https:\/\/villa-albertine.org\/va\/fr\/uncategorized\/sounds-of-ny-2023\/"]}]},{"@type":"ImageObject","inLanguage":"fr-FR","@id":"https:\/\/villa-albertine.org\/va\/fr\/uncategorized\/sounds-of-ny-2023\/#primaryimage","url":"https:\/\/villa-albertine.org\/wp-content\/uploads\/2023\/08\/MicrosoftTeams-image2028129-1.png","contentUrl":"https:\/\/villa-albertine.org\/wp-content\/uploads\/2023\/08\/MicrosoftTeams-image2028129-1.png","width":1392,"height":783},{"@type":"BreadcrumbList","@id":"https:\/\/villa-albertine.org\/va\/fr\/uncategorized\/sounds-of-ny-2023\/#breadcrumb","itemListElement":[{"@type":"ListItem","position":1,"name":"Home","item":"https:\/\/villa-albertine.org\/va\/fr\/home\/"},{"@type":"ListItem","position":2,"name":"Sept autrices\/auteurs fran\u00e7ais de podcasts\u202fs\u00e9lectionn\u00e9s pour\u202fSounds\u202fof New York\u202f2023"}]},{"@type":"WebSite","@id":"https:\/\/villa-albertine.org\/va\/fr\/#website","url":"https:\/\/villa-albertine.org\/va\/fr\/","name":"Villa Albertine","description":"","potentialAction":[{"@type":"SearchAction","target":{"@type":"EntryPoint","urlTemplate":"https:\/\/villa-albertine.org\/va\/fr\/?s={search_term_string}"},"query-input":{"@type":"PropertyValueSpecification","valueRequired":true,"valueName":"search_term_string"}}],"inLanguage":"fr-FR"}]}},"_links":{"self":[{"href":"https:\/\/villa-albertine.org\/va\/fr\/wp-json\/wp\/v2\/posts\/63730","targetHints":{"allow":["GET"]}}],"collection":[{"href":"https:\/\/villa-albertine.org\/va\/fr\/wp-json\/wp\/v2\/posts"}],"about":[{"href":"https:\/\/villa-albertine.org\/va\/fr\/wp-json\/wp\/v2\/types\/post"}],"replies":[{"embeddable":true,"href":"https:\/\/villa-albertine.org\/va\/fr\/wp-json\/wp\/v2\/comments?post=63730"}],"version-history":[{"count":1,"href":"https:\/\/villa-albertine.org\/va\/fr\/wp-json\/wp\/v2\/posts\/63730\/revisions"}],"predecessor-version":[{"id":64113,"href":"https:\/\/villa-albertine.org\/va\/fr\/wp-json\/wp\/v2\/posts\/63730\/revisions\/64113"}],"wp:featuredmedia":[{"embeddable":true,"href":"https:\/\/villa-albertine.org\/va\/fr\/wp-json\/wp\/v2\/media\/63728"}],"wp:attachment":[{"href":"https:\/\/villa-albertine.org\/va\/fr\/wp-json\/wp\/v2\/media?parent=63730"}],"wp:term":[{"taxonomy":"category","embeddable":true,"href":"https:\/\/villa-albertine.org\/va\/fr\/wp-json\/wp\/v2\/categories?post=63730"},{"taxonomy":"post_tag","embeddable":true,"href":"https:\/\/villa-albertine.org\/va\/fr\/wp-json\/wp\/v2\/tags?post=63730"},{"taxonomy":"app_discipline","embeddable":true,"href":"https:\/\/villa-albertine.org\/va\/fr\/wp-json\/wp\/v2\/app_discipline?post=63730"},{"taxonomy":"app_city_tax","embeddable":true,"href":"https:\/\/villa-albertine.org\/va\/fr\/wp-json\/wp\/v2\/app_city_tax?post=63730"}],"curies":[{"name":"wp","href":"https:\/\/api.w.org\/{rel}","templated":true}]}}