{"id":63706,"date":"2021-12-14T14:13:10","date_gmt":"2021-12-14T14:13:10","guid":{"rendered":"https:\/\/villa-albertine.org\/the-villa\/sept-autricesauteurs-francais-de-podcasts-selectionnes-pour-sounds-new-york\/"},"modified":"2023-08-23T08:10:54","modified_gmt":"2023-08-23T08:10:54","slug":"sept-autricesauteurs-francais-de-podcasts-selectionnes-pour-sounds-new-york","status":"publish","type":"post","link":"https:\/\/villa-albertine.org\/va\/fr\/uncategorized\/sept-autricesauteurs-francais-de-podcasts-selectionnes-pour-sounds-new-york\/","title":{"rendered":"Sept autrices\/auteurs fran\u00e7ais de podcasts s\u00e9lectionn\u00e9s pour Sounds of New York"},"content":{"rendered":"<p>La Villa Albertine a annonc\u00e9 aujourd&rsquo;hui les noms des sept auteurs et autrices de\u00a0podcasts s\u00e9lectionn\u00e9s\u00a0pour\u00a0<a href=\"https:\/\/villa-albertine.org\/fr\/the-villa\/sounds-new-york\"><em>Sounds of New York<\/em><\/a>, un programme qui\u00a0vise \u00e0 accompagner le d\u00e9veloppement de podcasts fran\u00e7ais \u00e0 haut potentiel international.\u00a0Les laur\u00e9ats pourront s\u2019immerger au c\u0153ur de la fabrique du podcast am\u00e9ricain, \u00e0 la rencontre d\u2019une vibrante communaut\u00e9 de m\u00e9dias, de studios et de cr\u00e9ateurs ind\u00e9pendants.\u00a0\u00a0<\/p>\n<p>Ce programme in\u00e9dit de la Villa Albertine est soutenu par Spotify, Radio France, la Soci\u00e9t\u00e9 des Auteurs et Compositeurs Dramatiques (SACD), l&rsquo;Institut national de l&rsquo;audiovisuel (INA), et Paradiso Media.<\/p>\n<p><strong>Le programme se d\u00e9roulera \u00e0 New York du 8 au 15 mai 2022.\u00a0 <\/strong>Au cours de cette semaine, les participants assisteront \u00e0\u00a0un\u00a0programme de\u00a0masterclasses,\u00a0de\u00a0visites, et\u00a0rencontreront les acteurs\u00a0cl\u00e9s\u00a0de l\u2019industrie new-yorkaise.\u00a0<\/p>\n<p><strong>Les sept participants \u00e0 la saison inaugurale de <em>Sounds of New York<\/em> sont :<\/strong><\/p>\n<p><strong>Camille Juzeau,<\/strong> autrice et r\u00e9alisatrice de documentaires pour la radio et le podcast. Elle a collabore avec France Inter, (La T\u00eate au carr\u00e9 et Le temps d\u2019un bivouac), France Culture (A voix nue, Toute une vie, Les pieds sur terre), Arte Radio et Paradiso, des institutions comme la Ville de Paris. Elle est la cr\u00e9atrice du podcast \u00e0 succ\u00e8s les Baladeurs (The Others) et d&rsquo; une s\u00e9rie documentaire mensuelle L\u2019Insomniaque sur Arte Radio.<\/p>\n<p><strong>Claire\u00a0J\u00e9hanno,\u00a0<\/strong>autrice,\u00a0cr\u00e9atrice de\u00a0<em>PILE<\/em>,\u00a0un\u00a0podcast litt\u00e9raire\u00a0de plus\u00a0de 60 \u00e9pisodes. Elle a d\u00e9velopp\u00e9\u00a0une s\u00e9rie de podcasts sp\u00e9cialis\u00e9s jeunesse comme <em>Les\u00a0courriers de Mlle Ursule<\/em>,\u00a0et travaille sur une s\u00e9rie audio pour les ados. Avec son podcast <em>F, chronique d&rsquo;un f\u00e9minisme ordinaire<\/em>, Claire J\u00e9hanno a fait partie des six laur\u00e9ats de l&rsquo;appel \u00e0 projets INALAB 2019.<\/p>\n<p><strong>Iris\u00a0Ouedraogo,<\/strong>\u00a0journaliste\u00a0et r\u00e9alisatrice de podcasts,\u00a0notamment\u00a0\u201cTravail de bleu\u201d\u00a0qui donne la parole aux jeunes\u00a0sur Spotify. Elle a\u00a0aussi\u00a0cr\u00e9\u00e9 et r\u00e9alis\u00e9 le podcast du service\u00a0CheckNews\u00a0\u00e0 Lib\u00e9ration, et collabore au podcast de Brut.\u00a0<\/p>\n<p><strong>Axelle Jah\u00a0Njik\u00e9<\/strong>, autrice afrop\u00e9enne,\u00a0podcasteuse\u00a0et\u00a0militante f\u00e9ministe, elle con\u00e7oit et d\u00e9veloppe des contenus \u00e9ditoriaux consacr\u00e9s \u00e0 la diversit\u00e9 de la parole des femmes dans l\u2019espace public urbain. Elle a notamment cr\u00e9\u00e9 et produit\u00a0le podcast\u00a0<em>Me\u00a0my\u00a0sexe and I<\/em>,\u00a0ainsi qu\u2019\u00e9crit la s\u00e9rie audio\u00a0<em>La\u00a0fille sur le canap\u00e9<\/em>.<\/p>\n<p><strong>Emmanuel Suarez,\u00a0<\/strong>auteur et com\u00e9dien qui se consacre \u00e0 la fiction radiophonique et au podcast, notamment avec\u00a0<em>La Division,\u00a0<\/em>produit par France Culture en 2020, et<em>\u00a0L&rsquo;Incroyable exp\u00e9dition de Corentin Tr\u00e9guier au Congo<\/em>\u00a0laur\u00e9at du Fonds Podcasts Originaux SACD \/ France Culture. Il\u00a0a re\u00e7u\u00a0le Prix SACD\u00a0Radio 2021.\u00a0<\/p>\n<p><strong>Thibaud Delavigne,<\/strong>\u00a0auteur et fondateur de l\u2019Officine,\u00a0studio\u00a0de production de podcasts. Il a\u00a0produit notamment\u00a0<em>Le rapport Brazza\u00a0&#8211;\u00a0Un secret de famille, un scandale d\u2019Etat<\/em>, une fiction-documentaire en cinq \u00e9pisodes\u00a0co-produite par Spotify.\u00a0\u00a0\u00a0<\/p>\n<p><strong>Aladine\u00a0Zaiane,<\/strong>\u00a0auteur\u00a0et r\u00e9alisateur de documentaires\u00a0qui se d\u00e9crit comme \u201cun chasseur d\u2019histoires\u201d, il a int\u00e9gr\u00e9 la r\u00e9daction de l&rsquo;\u00e9mission\u00a0<em>Les Pieds sur Terre<\/em>\u00a0de France Culture\u00a0et a\u00a0collabor\u00e9 au podcast\u00a0<em>D\u00e9fense de filmer<\/em>\u00a0de Brut\u00a0co-produit par\u00a0Spotify.\u00a0\u00a0<\/p>\n<p>\u00a0<\/p>\n<p>Les participants ont \u00e9t\u00e9 s\u00e9lectionn\u00e9s par un jury de professionnels fran\u00e7ais du podcast : Claire Hazan (Spotify), Erwan Gaucher (Radio France), Sophie Bocquillon (SACD), Antoine Bayet (INA) et Lorenzo Benedetti (Paradiso Media).<\/p>\n","protected":false},"excerpt":{"rendered":"<p>La Villa Albertine a annonc\u00e9 aujourd&rsquo;hui les noms des sept auteurs et autrices de\u00a0podcasts s\u00e9lectionn\u00e9s\u00a0pour\u00a0Sounds of New York, un programme qui\u00a0vise \u00e0 accompagner le d\u00e9veloppement de podcasts fran\u00e7ais \u00e0 haut potentiel international.\u00a0Les laur\u00e9ats pourront s\u2019immerger au c\u0153ur de la fabrique du podcast am\u00e9ricain, \u00e0 la rencontre d\u2019une vibrante communaut\u00e9 de m\u00e9dias, de studios et de&#8230;<\/p>\n","protected":false},"author":0,"featured_media":60757,"comment_status":"open","ping_status":"open","sticky":false,"template":"","format":"standard","meta":{"_acf_changed":false,"footnotes":""},"categories":[1],"tags":[],"app_discipline":[261],"app_city_tax":[264],"class_list":["post-63706","post","type-post","status-publish","format-standard","has-post-thumbnail","hentry","category-uncategorized","app_discipline-creation-numerique-fr","app_city_tax-nyc-fr"],"acf":[],"yoast_head":"<!-- This site is optimized with the Yoast SEO plugin v27.3 - https:\/\/yoast.com\/product\/yoast-seo-wordpress\/ -->\n<title>Sept autrices\/auteurs fran\u00e7ais de podcasts s\u00e9lectionn\u00e9s pour Sounds of New York - Villa Albertine<\/title>\n<meta name=\"robots\" content=\"index, follow, max-snippet:-1, max-image-preview:large, max-video-preview:-1\" \/>\n<link rel=\"canonical\" href=\"https:\/\/villa-albertine.org\/va\/fr\/uncategorized\/sept-autricesauteurs-francais-de-podcasts-selectionnes-pour-sounds-new-york\/\" \/>\n<meta property=\"og:locale\" content=\"fr_FR\" \/>\n<meta property=\"og:type\" content=\"article\" \/>\n<meta property=\"og:title\" content=\"Sept autrices\/auteurs fran\u00e7ais de podcasts s\u00e9lectionn\u00e9s pour Sounds of New York - Villa Albertine\" \/>\n<meta property=\"og:description\" content=\"La Villa Albertine a annonc\u00e9 aujourd&rsquo;hui les noms des sept auteurs et autrices de\u00a0podcasts s\u00e9lectionn\u00e9s\u00a0pour\u00a0Sounds of New York, un programme qui\u00a0vise \u00e0 accompagner le d\u00e9veloppement de podcasts fran\u00e7ais \u00e0 haut potentiel international.\u00a0Les laur\u00e9ats pourront s\u2019immerger au c\u0153ur de la fabrique du podcast am\u00e9ricain, \u00e0 la rencontre d\u2019une vibrante communaut\u00e9 de m\u00e9dias, de studios et de...\" \/>\n<meta property=\"og:url\" content=\"https:\/\/villa-albertine.org\/va\/fr\/uncategorized\/sept-autricesauteurs-francais-de-podcasts-selectionnes-pour-sounds-new-york\/\" \/>\n<meta property=\"og:site_name\" content=\"Villa Albertine\" \/>\n<meta property=\"article:published_time\" content=\"2021-12-14T14:13:10+00:00\" \/>\n<meta property=\"article:modified_time\" content=\"2023-08-23T08:10:54+00:00\" \/>\n<meta property=\"og:image\" content=\"https:\/\/villa-albertine.org\/wp-content\/uploads\/2023\/08\/Capture20dE28099eCC81cran202022-02-1520aCC802017.30.26.png\" \/>\n\t<meta property=\"og:image:width\" content=\"1392\" \/>\n\t<meta property=\"og:image:height\" content=\"1008\" \/>\n\t<meta property=\"og:image:type\" content=\"image\/png\" \/>\n<meta name=\"twitter:card\" content=\"summary_large_image\" \/>\n<meta name=\"twitter:label1\" content=\"Dur\u00e9e de lecture estim\u00e9e\" \/>\n\t<meta name=\"twitter:data1\" content=\"3 minutes\" \/>\n<script type=\"application\/ld+json\" class=\"yoast-schema-graph\">{\"@context\":\"https:\\\/\\\/schema.org\",\"@graph\":[{\"@type\":\"Article\",\"@id\":\"https:\\\/\\\/villa-albertine.org\\\/va\\\/fr\\\/uncategorized\\\/sept-autricesauteurs-francais-de-podcasts-selectionnes-pour-sounds-new-york\\\/#article\",\"isPartOf\":{\"@id\":\"https:\\\/\\\/villa-albertine.org\\\/va\\\/fr\\\/uncategorized\\\/sept-autricesauteurs-francais-de-podcasts-selectionnes-pour-sounds-new-york\\\/\"},\"author\":{\"name\":\"\",\"@id\":\"\"},\"headline\":\"Sept autrices\\\/auteurs fran\u00e7ais de podcasts s\u00e9lectionn\u00e9s pour Sounds of New York\",\"datePublished\":\"2021-12-14T14:13:10+00:00\",\"dateModified\":\"2023-08-23T08:10:54+00:00\",\"mainEntityOfPage\":{\"@id\":\"https:\\\/\\\/villa-albertine.org\\\/va\\\/fr\\\/uncategorized\\\/sept-autricesauteurs-francais-de-podcasts-selectionnes-pour-sounds-new-york\\\/\"},\"wordCount\":585,\"commentCount\":0,\"image\":{\"@id\":\"https:\\\/\\\/villa-albertine.org\\\/va\\\/fr\\\/uncategorized\\\/sept-autricesauteurs-francais-de-podcasts-selectionnes-pour-sounds-new-york\\\/#primaryimage\"},\"thumbnailUrl\":\"https:\\\/\\\/villa-albertine.org\\\/wp-content\\\/uploads\\\/2023\\\/08\\\/Capture20dE28099eCC81cran202022-02-1520aCC802017.30.26.png\",\"articleSection\":[\"Uncategorized\"],\"inLanguage\":\"fr-FR\"},{\"@type\":\"WebPage\",\"@id\":\"https:\\\/\\\/villa-albertine.org\\\/va\\\/fr\\\/uncategorized\\\/sept-autricesauteurs-francais-de-podcasts-selectionnes-pour-sounds-new-york\\\/\",\"url\":\"https:\\\/\\\/villa-albertine.org\\\/va\\\/fr\\\/uncategorized\\\/sept-autricesauteurs-francais-de-podcasts-selectionnes-pour-sounds-new-york\\\/\",\"name\":\"Sept autrices\\\/auteurs fran\u00e7ais de podcasts s\u00e9lectionn\u00e9s pour Sounds of New York - Villa Albertine\",\"isPartOf\":{\"@id\":\"https:\\\/\\\/villa-albertine.org\\\/va\\\/fr\\\/#website\"},\"primaryImageOfPage\":{\"@id\":\"https:\\\/\\\/villa-albertine.org\\\/va\\\/fr\\\/uncategorized\\\/sept-autricesauteurs-francais-de-podcasts-selectionnes-pour-sounds-new-york\\\/#primaryimage\"},\"image\":{\"@id\":\"https:\\\/\\\/villa-albertine.org\\\/va\\\/fr\\\/uncategorized\\\/sept-autricesauteurs-francais-de-podcasts-selectionnes-pour-sounds-new-york\\\/#primaryimage\"},\"thumbnailUrl\":\"https:\\\/\\\/villa-albertine.org\\\/wp-content\\\/uploads\\\/2023\\\/08\\\/Capture20dE28099eCC81cran202022-02-1520aCC802017.30.26.png\",\"datePublished\":\"2021-12-14T14:13:10+00:00\",\"dateModified\":\"2023-08-23T08:10:54+00:00\",\"author\":{\"@id\":\"\"},\"breadcrumb\":{\"@id\":\"https:\\\/\\\/villa-albertine.org\\\/va\\\/fr\\\/uncategorized\\\/sept-autricesauteurs-francais-de-podcasts-selectionnes-pour-sounds-new-york\\\/#breadcrumb\"},\"inLanguage\":\"fr-FR\",\"potentialAction\":[{\"@type\":\"ReadAction\",\"target\":[\"https:\\\/\\\/villa-albertine.org\\\/va\\\/fr\\\/uncategorized\\\/sept-autricesauteurs-francais-de-podcasts-selectionnes-pour-sounds-new-york\\\/\"]}]},{\"@type\":\"ImageObject\",\"inLanguage\":\"fr-FR\",\"@id\":\"https:\\\/\\\/villa-albertine.org\\\/va\\\/fr\\\/uncategorized\\\/sept-autricesauteurs-francais-de-podcasts-selectionnes-pour-sounds-new-york\\\/#primaryimage\",\"url\":\"https:\\\/\\\/villa-albertine.org\\\/wp-content\\\/uploads\\\/2023\\\/08\\\/Capture20dE28099eCC81cran202022-02-1520aCC802017.30.26.png\",\"contentUrl\":\"https:\\\/\\\/villa-albertine.org\\\/wp-content\\\/uploads\\\/2023\\\/08\\\/Capture20dE28099eCC81cran202022-02-1520aCC802017.30.26.png\",\"width\":1392,\"height\":1008},{\"@type\":\"BreadcrumbList\",\"@id\":\"https:\\\/\\\/villa-albertine.org\\\/va\\\/fr\\\/uncategorized\\\/sept-autricesauteurs-francais-de-podcasts-selectionnes-pour-sounds-new-york\\\/#breadcrumb\",\"itemListElement\":[{\"@type\":\"ListItem\",\"position\":1,\"name\":\"Home\",\"item\":\"https:\\\/\\\/villa-albertine.org\\\/va\\\/fr\\\/home\\\/\"},{\"@type\":\"ListItem\",\"position\":2,\"name\":\"Sept autrices\\\/auteurs fran\u00e7ais de podcasts s\u00e9lectionn\u00e9s pour Sounds of New York\"}]},{\"@type\":\"WebSite\",\"@id\":\"https:\\\/\\\/villa-albertine.org\\\/va\\\/fr\\\/#website\",\"url\":\"https:\\\/\\\/villa-albertine.org\\\/va\\\/fr\\\/\",\"name\":\"Villa Albertine\",\"description\":\"\",\"potentialAction\":[{\"@type\":\"SearchAction\",\"target\":{\"@type\":\"EntryPoint\",\"urlTemplate\":\"https:\\\/\\\/villa-albertine.org\\\/va\\\/fr\\\/?s={search_term_string}\"},\"query-input\":{\"@type\":\"PropertyValueSpecification\",\"valueRequired\":true,\"valueName\":\"search_term_string\"}}],\"inLanguage\":\"fr-FR\"}]}<\/script>\n<!-- \/ Yoast SEO plugin. -->","yoast_head_json":{"title":"Sept autrices\/auteurs fran\u00e7ais de podcasts s\u00e9lectionn\u00e9s pour Sounds of New York - Villa Albertine","robots":{"index":"index","follow":"follow","max-snippet":"max-snippet:-1","max-image-preview":"max-image-preview:large","max-video-preview":"max-video-preview:-1"},"canonical":"https:\/\/villa-albertine.org\/va\/fr\/uncategorized\/sept-autricesauteurs-francais-de-podcasts-selectionnes-pour-sounds-new-york\/","og_locale":"fr_FR","og_type":"article","og_title":"Sept autrices\/auteurs fran\u00e7ais de podcasts s\u00e9lectionn\u00e9s pour Sounds of New York - Villa Albertine","og_description":"La Villa Albertine a annonc\u00e9 aujourd&rsquo;hui les noms des sept auteurs et autrices de\u00a0podcasts s\u00e9lectionn\u00e9s\u00a0pour\u00a0Sounds of New York, un programme qui\u00a0vise \u00e0 accompagner le d\u00e9veloppement de podcasts fran\u00e7ais \u00e0 haut potentiel international.\u00a0Les laur\u00e9ats pourront s\u2019immerger au c\u0153ur de la fabrique du podcast am\u00e9ricain, \u00e0 la rencontre d\u2019une vibrante communaut\u00e9 de m\u00e9dias, de studios et de...","og_url":"https:\/\/villa-albertine.org\/va\/fr\/uncategorized\/sept-autricesauteurs-francais-de-podcasts-selectionnes-pour-sounds-new-york\/","og_site_name":"Villa Albertine","article_published_time":"2021-12-14T14:13:10+00:00","article_modified_time":"2023-08-23T08:10:54+00:00","og_image":[{"width":1392,"height":1008,"url":"https:\/\/villa-albertine.org\/wp-content\/uploads\/2023\/08\/Capture20dE28099eCC81cran202022-02-1520aCC802017.30.26.png","type":"image\/png"}],"twitter_card":"summary_large_image","twitter_misc":{"Dur\u00e9e de lecture estim\u00e9e":"3 minutes"},"schema":{"@context":"https:\/\/schema.org","@graph":[{"@type":"Article","@id":"https:\/\/villa-albertine.org\/va\/fr\/uncategorized\/sept-autricesauteurs-francais-de-podcasts-selectionnes-pour-sounds-new-york\/#article","isPartOf":{"@id":"https:\/\/villa-albertine.org\/va\/fr\/uncategorized\/sept-autricesauteurs-francais-de-podcasts-selectionnes-pour-sounds-new-york\/"},"author":{"name":"","@id":""},"headline":"Sept autrices\/auteurs fran\u00e7ais de podcasts s\u00e9lectionn\u00e9s pour Sounds of New York","datePublished":"2021-12-14T14:13:10+00:00","dateModified":"2023-08-23T08:10:54+00:00","mainEntityOfPage":{"@id":"https:\/\/villa-albertine.org\/va\/fr\/uncategorized\/sept-autricesauteurs-francais-de-podcasts-selectionnes-pour-sounds-new-york\/"},"wordCount":585,"commentCount":0,"image":{"@id":"https:\/\/villa-albertine.org\/va\/fr\/uncategorized\/sept-autricesauteurs-francais-de-podcasts-selectionnes-pour-sounds-new-york\/#primaryimage"},"thumbnailUrl":"https:\/\/villa-albertine.org\/wp-content\/uploads\/2023\/08\/Capture20dE28099eCC81cran202022-02-1520aCC802017.30.26.png","articleSection":["Uncategorized"],"inLanguage":"fr-FR"},{"@type":"WebPage","@id":"https:\/\/villa-albertine.org\/va\/fr\/uncategorized\/sept-autricesauteurs-francais-de-podcasts-selectionnes-pour-sounds-new-york\/","url":"https:\/\/villa-albertine.org\/va\/fr\/uncategorized\/sept-autricesauteurs-francais-de-podcasts-selectionnes-pour-sounds-new-york\/","name":"Sept autrices\/auteurs fran\u00e7ais de podcasts s\u00e9lectionn\u00e9s pour Sounds of New York - Villa Albertine","isPartOf":{"@id":"https:\/\/villa-albertine.org\/va\/fr\/#website"},"primaryImageOfPage":{"@id":"https:\/\/villa-albertine.org\/va\/fr\/uncategorized\/sept-autricesauteurs-francais-de-podcasts-selectionnes-pour-sounds-new-york\/#primaryimage"},"image":{"@id":"https:\/\/villa-albertine.org\/va\/fr\/uncategorized\/sept-autricesauteurs-francais-de-podcasts-selectionnes-pour-sounds-new-york\/#primaryimage"},"thumbnailUrl":"https:\/\/villa-albertine.org\/wp-content\/uploads\/2023\/08\/Capture20dE28099eCC81cran202022-02-1520aCC802017.30.26.png","datePublished":"2021-12-14T14:13:10+00:00","dateModified":"2023-08-23T08:10:54+00:00","author":{"@id":""},"breadcrumb":{"@id":"https:\/\/villa-albertine.org\/va\/fr\/uncategorized\/sept-autricesauteurs-francais-de-podcasts-selectionnes-pour-sounds-new-york\/#breadcrumb"},"inLanguage":"fr-FR","potentialAction":[{"@type":"ReadAction","target":["https:\/\/villa-albertine.org\/va\/fr\/uncategorized\/sept-autricesauteurs-francais-de-podcasts-selectionnes-pour-sounds-new-york\/"]}]},{"@type":"ImageObject","inLanguage":"fr-FR","@id":"https:\/\/villa-albertine.org\/va\/fr\/uncategorized\/sept-autricesauteurs-francais-de-podcasts-selectionnes-pour-sounds-new-york\/#primaryimage","url":"https:\/\/villa-albertine.org\/wp-content\/uploads\/2023\/08\/Capture20dE28099eCC81cran202022-02-1520aCC802017.30.26.png","contentUrl":"https:\/\/villa-albertine.org\/wp-content\/uploads\/2023\/08\/Capture20dE28099eCC81cran202022-02-1520aCC802017.30.26.png","width":1392,"height":1008},{"@type":"BreadcrumbList","@id":"https:\/\/villa-albertine.org\/va\/fr\/uncategorized\/sept-autricesauteurs-francais-de-podcasts-selectionnes-pour-sounds-new-york\/#breadcrumb","itemListElement":[{"@type":"ListItem","position":1,"name":"Home","item":"https:\/\/villa-albertine.org\/va\/fr\/home\/"},{"@type":"ListItem","position":2,"name":"Sept autrices\/auteurs fran\u00e7ais de podcasts s\u00e9lectionn\u00e9s pour Sounds of New York"}]},{"@type":"WebSite","@id":"https:\/\/villa-albertine.org\/va\/fr\/#website","url":"https:\/\/villa-albertine.org\/va\/fr\/","name":"Villa Albertine","description":"","potentialAction":[{"@type":"SearchAction","target":{"@type":"EntryPoint","urlTemplate":"https:\/\/villa-albertine.org\/va\/fr\/?s={search_term_string}"},"query-input":{"@type":"PropertyValueSpecification","valueRequired":true,"valueName":"search_term_string"}}],"inLanguage":"fr-FR"}]}},"_links":{"self":[{"href":"https:\/\/villa-albertine.org\/va\/fr\/wp-json\/wp\/v2\/posts\/63706","targetHints":{"allow":["GET"]}}],"collection":[{"href":"https:\/\/villa-albertine.org\/va\/fr\/wp-json\/wp\/v2\/posts"}],"about":[{"href":"https:\/\/villa-albertine.org\/va\/fr\/wp-json\/wp\/v2\/types\/post"}],"replies":[{"embeddable":true,"href":"https:\/\/villa-albertine.org\/va\/fr\/wp-json\/wp\/v2\/comments?post=63706"}],"version-history":[{"count":1,"href":"https:\/\/villa-albertine.org\/va\/fr\/wp-json\/wp\/v2\/posts\/63706\/revisions"}],"predecessor-version":[{"id":64091,"href":"https:\/\/villa-albertine.org\/va\/fr\/wp-json\/wp\/v2\/posts\/63706\/revisions\/64091"}],"wp:featuredmedia":[{"embeddable":true,"href":"https:\/\/villa-albertine.org\/va\/fr\/wp-json\/wp\/v2\/media\/60757"}],"wp:attachment":[{"href":"https:\/\/villa-albertine.org\/va\/fr\/wp-json\/wp\/v2\/media?parent=63706"}],"wp:term":[{"taxonomy":"category","embeddable":true,"href":"https:\/\/villa-albertine.org\/va\/fr\/wp-json\/wp\/v2\/categories?post=63706"},{"taxonomy":"post_tag","embeddable":true,"href":"https:\/\/villa-albertine.org\/va\/fr\/wp-json\/wp\/v2\/tags?post=63706"},{"taxonomy":"app_discipline","embeddable":true,"href":"https:\/\/villa-albertine.org\/va\/fr\/wp-json\/wp\/v2\/app_discipline?post=63706"},{"taxonomy":"app_city_tax","embeddable":true,"href":"https:\/\/villa-albertine.org\/va\/fr\/wp-json\/wp\/v2\/app_city_tax?post=63706"}],"curies":[{"name":"wp","href":"https:\/\/api.w.org\/{rel}","templated":true}]}}