{"id":63699,"date":"2021-09-23T14:28:26","date_gmt":"2021-09-23T14:28:26","guid":{"rendered":"https:\/\/villa-albertine.org\/the-villa\/la-fondation-bettencourt-schueller-mecene-fondateur-de-la-villa-albertine-pour-les-residences\/"},"modified":"2023-08-23T08:08:47","modified_gmt":"2023-08-23T08:08:47","slug":"la-fondation-bettencourt-schueller-mecene-fondateur-de-la-villa-albertine-pour-les-residences","status":"publish","type":"post","link":"https:\/\/villa-albertine.org\/va\/fr\/uncategorized\/la-fondation-bettencourt-schueller-mecene-fondateur-de-la-villa-albertine-pour-les-residences\/","title":{"rendered":"La Fondation Bettencourt Schueller, m\u00e9c\u00e8ne fondateur de la Villa Albertine pour les r\u00e9sidences m\u00e9tiers d\u2019art et design"},"content":{"rendered":"<p>D\u00e8s le mois de novembre 2021, la Villa Albertine, 4\u00e8me Villa de la France \u00e0 l\u2019\u00e9tranger, se d\u00e9ploiera dans dix villes des \u00c9tats-Unis et accueillera 80 r\u00e9sidents pour sa saison inaugurale, jusqu\u2019en d\u00e9cembre 2022.<\/p>\n\n<p>Cette institution renouvelle le concept de r\u00e9sidence avec une vision contemporaine qui int\u00e8gre les sp\u00e9cificit\u00e9s du pays, au-del\u00e0 du mod\u00e8le d\u2019une seule villa dans une seule ville, et affiche la volont\u00e9 de cr\u00e9er une nouvelle communaut\u00e9 au service des arts et des id\u00e9es. Un projet innovant et adapt\u00e9 aux besoins des cr\u00e9ateurs \u00e0 travers la mise en r\u00e9seau de r\u00e9sidences sur mesure.<\/p>\n\n<p>Dans le cadre de la Villa, une attention est port\u00e9e \u00e0 l\u2019acc\u00e8s au march\u00e9 am\u00e9ricain pour les artistes et les artisans d\u2019art ; dans une d\u00e9marche qui prolonge celle de la Fondation Bettencourt Schueller, engag\u00e9e depuis plus de 20 ans en faveur des m\u00e9tiers d\u2019art.<\/p>\n\n<p>La Fondation a ainsi choisi d\u2019accompagner la Villa Albertine jusqu\u2019en 2026 en soutenant les r\u00e9sidences m\u00e9tiers d\u2019art et design. Ce partenariat ambitieux participe au rayonnement du secteur \u00e0 l\u2019international en renfor\u00e7ant tr\u00e8s concr\u00e8tement la visibilit\u00e9 de la cr\u00e9ation et de l\u2019excellence fran\u00e7aise aux \u00c9tats-Unis. Il s\u2019agit par ailleurs de multiplier les synergies\u00a0\u2013 culturelles, cr\u00e9atives et \u00e9conomiques \u2013 en tissant des liens avec les grandes \u00e9coles et institutions du pays, et en permettant aux artisans d\u2019art de rencontrer les grands acteurs du march\u00e9 am\u00e9ricain, l\u2019un des plus influents au monde.<\/p>\n\n<p>\u00a0<\/p>\n\n<p><strong>Trois premiers r\u00e9sidents m\u00e9tiers d\u2019art et design<\/strong><\/p>\n<figure class=\"wp-block-image size-full alignleft\">\n\t<img loading=\"lazy\" decoding=\"async\" width=\"1170\" height=\"936\" src=\"https:\/\/villa-albertine.org\/wp-content\/uploads\/2023\/08\/Steven20Leprize.jpg\" class=\"attachment-full size-full\" alt=\"\" srcset=\"https:\/\/villa-albertine.org\/wp-content\/uploads\/2023\/08\/Steven20Leprize.jpg 1170w, https:\/\/villa-albertine.org\/wp-content\/uploads\/2023\/08\/Steven20Leprize-300x240.jpg 300w, https:\/\/villa-albertine.org\/wp-content\/uploads\/2023\/08\/Steven20Leprize-1024x819.jpg 1024w, https:\/\/villa-albertine.org\/wp-content\/uploads\/2023\/08\/Steven20Leprize-768x614.jpg 768w\" sizes=\"auto, (max-width: 1170px) 100vw, 1170px\" \/>\n\t\t\t<figcaption>\n\t\t\t<p>Thierry Caron<\/p>\n\t\t<\/figcaption>\n\t<\/figure>\n<p><strong>Steven\u00a0Lepriz\u00e9<\/strong>\u00a0<\/p>\n\n<p>Artisan Inventeur\u00a0<\/p>\n\n<p>En r\u00e9sidence \u00e0\u00a0New York\u00a0<\/p>\n\n<p>Partenaires\u202f:\u00a0Fondation Bettencourt\u00a0Schueller,\u00a0WantedDesign<\/p>\n\n<p>Steven\u00a0Lepriz\u00e9\u00a0est \u00e9b\u00e9niste cr\u00e9ateur, initi\u00e9 tr\u00e8s jeune \u00e0 de nombreuses techniques de fabrication puis form\u00e9 \u00e0 l\u2019\u00e9cole\u00a0Boulle\u00a0o\u00f9 il enseigne depuis 2011.\u00a0En 2009, il a fond\u00e9 ARCA \u00e9b\u00e9nisterie, un atelier reconnu pour\u00a0ses innovations autour du bois\u00a0et de nombreux autres mat\u00e9riaux et innovations. Dans cette dynamique, il\u00a0est\u00a0notamment\u00a0reconnu pour le d\u00e9veloppement d\u2019une technologie de bois\u00a0\u00e9lastique, le\u00a0WooWood, pour laquelle il a\u00a0\u00e9t\u00e9 laur\u00e9at Talents d\u2019exception du Prix Liliane Bettencourt pour l\u2019intelligence de la main<strong>\u00ae<\/strong>, en\u00a02017.\u00a0\u00a0Entre tradition, innovation et curiosit\u00e9 son\u00a0projet am\u00e9ricain aspire \u00e0 \u00e9tendre sa pratique et faire conna\u00eetre\u00a0ce savoir-faire\u00a0aupr\u00e8s des ateliers, fabricants, galeristes et chercheurs sp\u00e9cialis\u00e9s.\u00a0En r\u00e9sidence \u00e0 Brooklyn,\u00a0\u00e0 Industry City,\u00a0il travaillera sur dessins et maquettes,\u00a0mais surtout\u00a0veut\u00a0s\u2019inscrire au c\u0153ur de la cr\u00e9ation du design et des m\u00e9tiers d\u2019art et ainsi trouver des d\u00e9bouch\u00e9s nouveaux \u00e0 ces inventions.<\/p>\n\n<p>\u00a0<\/p>\n<figure class=\"wp-block-image size-full alignleft\">\n\t<img loading=\"lazy\" decoding=\"async\" width=\"1392\" height=\"928\" src=\"https:\/\/villa-albertine.org\/wp-content\/uploads\/2023\/08\/RB_Villa20Albertine20portrait-20credit20Noemie20Pilo-1.jpg\" class=\"attachment-full size-full\" alt=\"\" srcset=\"https:\/\/villa-albertine.org\/wp-content\/uploads\/2023\/08\/RB_Villa20Albertine20portrait-20credit20Noemie20Pilo-1.jpg 1392w, https:\/\/villa-albertine.org\/wp-content\/uploads\/2023\/08\/RB_Villa20Albertine20portrait-20credit20Noemie20Pilo-1-300x200.jpg 300w, https:\/\/villa-albertine.org\/wp-content\/uploads\/2023\/08\/RB_Villa20Albertine20portrait-20credit20Noemie20Pilo-1-1024x683.jpg 1024w, https:\/\/villa-albertine.org\/wp-content\/uploads\/2023\/08\/RB_Villa20Albertine20portrait-20credit20Noemie20Pilo-1-768x512.jpg 768w\" sizes=\"auto, (max-width: 1392px) 100vw, 1392px\" \/>\n\t\t\t<figcaption>\n\t\t\t<p>No\u00e9mie Pilo<\/p>\n\t\t<\/figcaption>\n\t<\/figure>\n<p><strong>Robin Bourgeois<\/strong><\/p>\n\n<p>Designer industriel et mobilier<\/p>\n\n<p>En r\u00e9sidence \u00e0 New York<\/p>\n\n<p>Partenaires\u00a0: Fondation Bettencourt Schueller, \u00c9cole des Arts D\u00e9coratifs, WantedDesign<\/p>\n\n<p>Designer industriel et mobilier\u00a0bas\u00e9 \u00e0 Paris, Robin Bourgeois\u00a0est laur\u00e9at du 1er prix du Concours Cinna\u00a0&#8211; R\u00e9v\u00e9lateur de Talents.\u00a0Il s&rsquo;int\u00e9resse aux objets du quotidien et aux artefacts du pass\u00e9, dont les usages et les formes parfois caduques l&rsquo;inspirent\u00a0non pour exhumer des formes oubli\u00e9es, mais plut\u00f4t pour les r\u00e9engager dans notre \u00e9poque.\u00a0Le projet prend pour point de d\u00e9part l&rsquo;histoire de Sunset Park, o\u00f9 est implant\u00e9\u00a0Industry\u00a0City, et entend r\u00e9fl\u00e9chir \u00e0 des objets issus de cette exploration. Il s&rsquo;agit entre autres de r\u00e9examiner les liens entre les habitants, l&rsquo;histoire et la culture du lieu. \u00c0 partir de ces recherches et de ces \u00e9changes, Robin Bourgeois d\u00e9sire concevoir des objets qui pourront s&rsquo;appuyer sur des \u00e9l\u00e9ments oubli\u00e9s de la culture locale, et\/ou mettre en lumi\u00e8re certains aspects de la vie quotidienne de Sunset Park.\u00a0<\/p>\n\n<p>\u00a0<\/p>\n<figure class=\"wp-block-image size-full alignleft\">\n\t<img loading=\"lazy\" decoding=\"async\" width=\"1079\" height=\"1692\" src=\"https:\/\/villa-albertine.org\/wp-content\/uploads\/2023\/08\/Dimitry20Hlinka20C2A9Nicolas20Brulez_0.jpg\" class=\"attachment-full size-full\" alt=\"\" srcset=\"https:\/\/villa-albertine.org\/wp-content\/uploads\/2023\/08\/Dimitry20Hlinka20C2A9Nicolas20Brulez_0.jpg 1079w, https:\/\/villa-albertine.org\/wp-content\/uploads\/2023\/08\/Dimitry20Hlinka20C2A9Nicolas20Brulez_0-191x300.jpg 191w, https:\/\/villa-albertine.org\/wp-content\/uploads\/2023\/08\/Dimitry20Hlinka20C2A9Nicolas20Brulez_0-653x1024.jpg 653w, https:\/\/villa-albertine.org\/wp-content\/uploads\/2023\/08\/Dimitry20Hlinka20C2A9Nicolas20Brulez_0-768x1204.jpg 768w, https:\/\/villa-albertine.org\/wp-content\/uploads\/2023\/08\/Dimitry20Hlinka20C2A9Nicolas20Brulez_0-980x1536.jpg 980w\" sizes=\"auto, (max-width: 1079px) 100vw, 1079px\" \/>\n\t\t\t<figcaption>\n\t\t\t<p>Nicolas Brulez<\/p>\n\t\t<\/figcaption>\n\t<\/figure>\n<p><strong>Dimitry Hlinka <\/strong><\/p>\n\n<p>Designer<\/p>\n\n<p>En r\u00e9sidence \u00e0 Miami<\/p>\n\n<p>Partenaires\u00a0: Fondation Bettencourt Schueller, Mobilier National<\/p>\n\n<p>Dimitry Hlinka a \u00e9tudi\u00e9 l\u2019\u00e9b\u00e9nisterie ainsi que la marqueterie avant d\u2019int\u00e9grer une formation en design. Il a re\u00e7u le Prix Liliane Bettencourt pour l&rsquo;intelligence de la main<strong>\u00ae<\/strong> en 2020, dans la cat\u00e9gorie \u00ab Dialogues \u00bb, pour une \u0153uvre cr\u00e9\u00e9e en collaboration avec l\u2019artisan Nicolas Pinon. Sa r\u00e9sidence \u00e0 Miami s\u2019orientera autour du recyclage et de l\u2019\u00e9co- conception, \u00e0 travers l\u2019\u00e9tude du vivant. Dimitry Hlinka s\u2019int\u00e9ressera plus sp\u00e9cifiquement \u00e0 la graine comme symbole des enjeux climatiques et alimentaires : comment son mode de culture t\u00e9moigne de nos modes de vie ? L\u2019identification de mati\u00e8res premi\u00e8res et des interviews avec des acteurs locaux permettront de nourrir une phase de tests et de prototypage.<\/p>\n\n<p>\u00a0<\/p>\n\n<p><strong>La Villa Albertine et le m\u00e9c\u00e9nat de la Fondation Bettencourt Schueller quelques en chiffres<\/strong><\/p>\n\n<ul><li>30 accompagnements m\u00e9tiers d\u2019art et design sur 5 ans<\/li>\n\t<li>2 r\u00e9sidences rebonds par an, en lien avec la Villa Kujoyama et d\u2019autres Villas<\/li>\n\t<li>788\u00a0800 \u20ac de soutien de 2021 \u00e0 2026<\/li>\n<\/ul>","protected":false},"excerpt":{"rendered":"<p>D\u00e8s le mois de novembre 2021, la Villa Albertine, 4\u00e8me Villa de la France \u00e0 l\u2019\u00e9tranger, se d\u00e9ploiera dans dix villes des \u00c9tats-Unis et accueillera 80 r\u00e9sidents pour sa saison inaugurale, jusqu\u2019en d\u00e9cembre 2022. Cette institution renouvelle le concept de r\u00e9sidence avec une vision contemporaine qui int\u00e8gre les sp\u00e9cificit\u00e9s du pays, au-del\u00e0 du mod\u00e8le d\u2019une&#8230;<\/p>\n","protected":false},"author":0,"featured_media":63697,"comment_status":"open","ping_status":"open","sticky":false,"template":"","format":"standard","meta":{"_acf_changed":false,"footnotes":""},"categories":[1],"tags":[],"app_discipline":[279],"app_city_tax":[262,264],"class_list":["post-63699","post","type-post","status-publish","format-standard","has-post-thumbnail","hentry","category-uncategorized","app_discipline-design-metiers-dart-fr","app_city_tax-mia-fr","app_city_tax-nyc-fr"],"acf":[],"yoast_head":"<!-- This site is optimized with the Yoast SEO plugin v27.3 - https:\/\/yoast.com\/product\/yoast-seo-wordpress\/ -->\n<title>La Fondation Bettencourt Schueller, m\u00e9c\u00e8ne fondateur de la Villa Albertine pour les r\u00e9sidences m\u00e9tiers d\u2019art et design - Villa Albertine<\/title>\n<meta name=\"robots\" content=\"index, follow, max-snippet:-1, max-image-preview:large, max-video-preview:-1\" \/>\n<link rel=\"canonical\" href=\"https:\/\/villa-albertine.org\/va\/fr\/uncategorized\/la-fondation-bettencourt-schueller-mecene-fondateur-de-la-villa-albertine-pour-les-residences\/\" \/>\n<meta property=\"og:locale\" content=\"fr_FR\" \/>\n<meta property=\"og:type\" content=\"article\" \/>\n<meta property=\"og:title\" content=\"La Fondation Bettencourt Schueller, m\u00e9c\u00e8ne fondateur de la Villa Albertine pour les r\u00e9sidences m\u00e9tiers d\u2019art et design - Villa Albertine\" \/>\n<meta property=\"og:description\" content=\"D\u00e8s le mois de novembre 2021, la Villa Albertine, 4\u00e8me Villa de la France \u00e0 l\u2019\u00e9tranger, se d\u00e9ploiera dans dix villes des \u00c9tats-Unis et accueillera 80 r\u00e9sidents pour sa saison inaugurale, jusqu\u2019en d\u00e9cembre 2022. Cette institution renouvelle le concept de r\u00e9sidence avec une vision contemporaine qui int\u00e8gre les sp\u00e9cificit\u00e9s du pays, au-del\u00e0 du mod\u00e8le d\u2019une...\" \/>\n<meta property=\"og:url\" content=\"https:\/\/villa-albertine.org\/va\/fr\/uncategorized\/la-fondation-bettencourt-schueller-mecene-fondateur-de-la-villa-albertine-pour-les-residences\/\" \/>\n<meta property=\"og:site_name\" content=\"Villa Albertine\" \/>\n<meta property=\"article:published_time\" content=\"2021-09-23T14:28:26+00:00\" \/>\n<meta property=\"article:modified_time\" content=\"2023-08-23T08:08:47+00:00\" \/>\n<meta property=\"og:image\" content=\"https:\/\/villa-albertine.org\/wp-content\/uploads\/2023\/08\/Albertine20-John20Bartelstone2028129-1.jpg\" \/>\n\t<meta property=\"og:image:width\" content=\"780\" \/>\n\t<meta property=\"og:image:height\" content=\"905\" \/>\n\t<meta property=\"og:image:type\" content=\"image\/jpeg\" \/>\n<meta name=\"twitter:card\" content=\"summary_large_image\" \/>\n<meta name=\"twitter:label1\" content=\"Dur\u00e9e de lecture estim\u00e9e\" \/>\n\t<meta name=\"twitter:data1\" content=\"4 minutes\" \/>\n<script type=\"application\/ld+json\" class=\"yoast-schema-graph\">{\"@context\":\"https:\\\/\\\/schema.org\",\"@graph\":[{\"@type\":\"Article\",\"@id\":\"https:\\\/\\\/villa-albertine.org\\\/va\\\/fr\\\/uncategorized\\\/la-fondation-bettencourt-schueller-mecene-fondateur-de-la-villa-albertine-pour-les-residences\\\/#article\",\"isPartOf\":{\"@id\":\"https:\\\/\\\/villa-albertine.org\\\/va\\\/fr\\\/uncategorized\\\/la-fondation-bettencourt-schueller-mecene-fondateur-de-la-villa-albertine-pour-les-residences\\\/\"},\"author\":{\"name\":\"\",\"@id\":\"\"},\"headline\":\"La Fondation Bettencourt Schueller, m\u00e9c\u00e8ne fondateur de la Villa Albertine pour les r\u00e9sidences m\u00e9tiers d\u2019art et design\",\"datePublished\":\"2021-09-23T14:28:26+00:00\",\"dateModified\":\"2023-08-23T08:08:47+00:00\",\"mainEntityOfPage\":{\"@id\":\"https:\\\/\\\/villa-albertine.org\\\/va\\\/fr\\\/uncategorized\\\/la-fondation-bettencourt-schueller-mecene-fondateur-de-la-villa-albertine-pour-les-residences\\\/\"},\"wordCount\":825,\"commentCount\":0,\"image\":{\"@id\":\"https:\\\/\\\/villa-albertine.org\\\/va\\\/fr\\\/uncategorized\\\/la-fondation-bettencourt-schueller-mecene-fondateur-de-la-villa-albertine-pour-les-residences\\\/#primaryimage\"},\"thumbnailUrl\":\"https:\\\/\\\/villa-albertine.org\\\/wp-content\\\/uploads\\\/2023\\\/08\\\/Albertine20-John20Bartelstone2028129-1.jpg\",\"articleSection\":[\"Uncategorized\"],\"inLanguage\":\"fr-FR\"},{\"@type\":\"WebPage\",\"@id\":\"https:\\\/\\\/villa-albertine.org\\\/va\\\/fr\\\/uncategorized\\\/la-fondation-bettencourt-schueller-mecene-fondateur-de-la-villa-albertine-pour-les-residences\\\/\",\"url\":\"https:\\\/\\\/villa-albertine.org\\\/va\\\/fr\\\/uncategorized\\\/la-fondation-bettencourt-schueller-mecene-fondateur-de-la-villa-albertine-pour-les-residences\\\/\",\"name\":\"La Fondation Bettencourt Schueller, m\u00e9c\u00e8ne fondateur de la Villa Albertine pour les r\u00e9sidences m\u00e9tiers d\u2019art et design - Villa Albertine\",\"isPartOf\":{\"@id\":\"https:\\\/\\\/villa-albertine.org\\\/va\\\/fr\\\/#website\"},\"primaryImageOfPage\":{\"@id\":\"https:\\\/\\\/villa-albertine.org\\\/va\\\/fr\\\/uncategorized\\\/la-fondation-bettencourt-schueller-mecene-fondateur-de-la-villa-albertine-pour-les-residences\\\/#primaryimage\"},\"image\":{\"@id\":\"https:\\\/\\\/villa-albertine.org\\\/va\\\/fr\\\/uncategorized\\\/la-fondation-bettencourt-schueller-mecene-fondateur-de-la-villa-albertine-pour-les-residences\\\/#primaryimage\"},\"thumbnailUrl\":\"https:\\\/\\\/villa-albertine.org\\\/wp-content\\\/uploads\\\/2023\\\/08\\\/Albertine20-John20Bartelstone2028129-1.jpg\",\"datePublished\":\"2021-09-23T14:28:26+00:00\",\"dateModified\":\"2023-08-23T08:08:47+00:00\",\"author\":{\"@id\":\"\"},\"breadcrumb\":{\"@id\":\"https:\\\/\\\/villa-albertine.org\\\/va\\\/fr\\\/uncategorized\\\/la-fondation-bettencourt-schueller-mecene-fondateur-de-la-villa-albertine-pour-les-residences\\\/#breadcrumb\"},\"inLanguage\":\"fr-FR\",\"potentialAction\":[{\"@type\":\"ReadAction\",\"target\":[\"https:\\\/\\\/villa-albertine.org\\\/va\\\/fr\\\/uncategorized\\\/la-fondation-bettencourt-schueller-mecene-fondateur-de-la-villa-albertine-pour-les-residences\\\/\"]}]},{\"@type\":\"ImageObject\",\"inLanguage\":\"fr-FR\",\"@id\":\"https:\\\/\\\/villa-albertine.org\\\/va\\\/fr\\\/uncategorized\\\/la-fondation-bettencourt-schueller-mecene-fondateur-de-la-villa-albertine-pour-les-residences\\\/#primaryimage\",\"url\":\"https:\\\/\\\/villa-albertine.org\\\/wp-content\\\/uploads\\\/2023\\\/08\\\/Albertine20-John20Bartelstone2028129-1.jpg\",\"contentUrl\":\"https:\\\/\\\/villa-albertine.org\\\/wp-content\\\/uploads\\\/2023\\\/08\\\/Albertine20-John20Bartelstone2028129-1.jpg\",\"width\":780,\"height\":905},{\"@type\":\"BreadcrumbList\",\"@id\":\"https:\\\/\\\/villa-albertine.org\\\/va\\\/fr\\\/uncategorized\\\/la-fondation-bettencourt-schueller-mecene-fondateur-de-la-villa-albertine-pour-les-residences\\\/#breadcrumb\",\"itemListElement\":[{\"@type\":\"ListItem\",\"position\":1,\"name\":\"Home\",\"item\":\"https:\\\/\\\/villa-albertine.org\\\/va\\\/fr\\\/home\\\/\"},{\"@type\":\"ListItem\",\"position\":2,\"name\":\"La Fondation Bettencourt Schueller, m\u00e9c\u00e8ne fondateur de la Villa Albertine pour les r\u00e9sidences m\u00e9tiers d\u2019art et design\"}]},{\"@type\":\"WebSite\",\"@id\":\"https:\\\/\\\/villa-albertine.org\\\/va\\\/fr\\\/#website\",\"url\":\"https:\\\/\\\/villa-albertine.org\\\/va\\\/fr\\\/\",\"name\":\"Villa Albertine\",\"description\":\"\",\"potentialAction\":[{\"@type\":\"SearchAction\",\"target\":{\"@type\":\"EntryPoint\",\"urlTemplate\":\"https:\\\/\\\/villa-albertine.org\\\/va\\\/fr\\\/?s={search_term_string}\"},\"query-input\":{\"@type\":\"PropertyValueSpecification\",\"valueRequired\":true,\"valueName\":\"search_term_string\"}}],\"inLanguage\":\"fr-FR\"}]}<\/script>\n<!-- \/ Yoast SEO plugin. -->","yoast_head_json":{"title":"La Fondation Bettencourt Schueller, m\u00e9c\u00e8ne fondateur de la Villa Albertine pour les r\u00e9sidences m\u00e9tiers d\u2019art et design - Villa Albertine","robots":{"index":"index","follow":"follow","max-snippet":"max-snippet:-1","max-image-preview":"max-image-preview:large","max-video-preview":"max-video-preview:-1"},"canonical":"https:\/\/villa-albertine.org\/va\/fr\/uncategorized\/la-fondation-bettencourt-schueller-mecene-fondateur-de-la-villa-albertine-pour-les-residences\/","og_locale":"fr_FR","og_type":"article","og_title":"La Fondation Bettencourt Schueller, m\u00e9c\u00e8ne fondateur de la Villa Albertine pour les r\u00e9sidences m\u00e9tiers d\u2019art et design - Villa Albertine","og_description":"D\u00e8s le mois de novembre 2021, la Villa Albertine, 4\u00e8me Villa de la France \u00e0 l\u2019\u00e9tranger, se d\u00e9ploiera dans dix villes des \u00c9tats-Unis et accueillera 80 r\u00e9sidents pour sa saison inaugurale, jusqu\u2019en d\u00e9cembre 2022. Cette institution renouvelle le concept de r\u00e9sidence avec une vision contemporaine qui int\u00e8gre les sp\u00e9cificit\u00e9s du pays, au-del\u00e0 du mod\u00e8le d\u2019une...","og_url":"https:\/\/villa-albertine.org\/va\/fr\/uncategorized\/la-fondation-bettencourt-schueller-mecene-fondateur-de-la-villa-albertine-pour-les-residences\/","og_site_name":"Villa Albertine","article_published_time":"2021-09-23T14:28:26+00:00","article_modified_time":"2023-08-23T08:08:47+00:00","og_image":[{"width":780,"height":905,"url":"https:\/\/villa-albertine.org\/wp-content\/uploads\/2023\/08\/Albertine20-John20Bartelstone2028129-1.jpg","type":"image\/jpeg"}],"twitter_card":"summary_large_image","twitter_misc":{"Dur\u00e9e de lecture estim\u00e9e":"4 minutes"},"schema":{"@context":"https:\/\/schema.org","@graph":[{"@type":"Article","@id":"https:\/\/villa-albertine.org\/va\/fr\/uncategorized\/la-fondation-bettencourt-schueller-mecene-fondateur-de-la-villa-albertine-pour-les-residences\/#article","isPartOf":{"@id":"https:\/\/villa-albertine.org\/va\/fr\/uncategorized\/la-fondation-bettencourt-schueller-mecene-fondateur-de-la-villa-albertine-pour-les-residences\/"},"author":{"name":"","@id":""},"headline":"La Fondation Bettencourt Schueller, m\u00e9c\u00e8ne fondateur de la Villa Albertine pour les r\u00e9sidences m\u00e9tiers d\u2019art et design","datePublished":"2021-09-23T14:28:26+00:00","dateModified":"2023-08-23T08:08:47+00:00","mainEntityOfPage":{"@id":"https:\/\/villa-albertine.org\/va\/fr\/uncategorized\/la-fondation-bettencourt-schueller-mecene-fondateur-de-la-villa-albertine-pour-les-residences\/"},"wordCount":825,"commentCount":0,"image":{"@id":"https:\/\/villa-albertine.org\/va\/fr\/uncategorized\/la-fondation-bettencourt-schueller-mecene-fondateur-de-la-villa-albertine-pour-les-residences\/#primaryimage"},"thumbnailUrl":"https:\/\/villa-albertine.org\/wp-content\/uploads\/2023\/08\/Albertine20-John20Bartelstone2028129-1.jpg","articleSection":["Uncategorized"],"inLanguage":"fr-FR"},{"@type":"WebPage","@id":"https:\/\/villa-albertine.org\/va\/fr\/uncategorized\/la-fondation-bettencourt-schueller-mecene-fondateur-de-la-villa-albertine-pour-les-residences\/","url":"https:\/\/villa-albertine.org\/va\/fr\/uncategorized\/la-fondation-bettencourt-schueller-mecene-fondateur-de-la-villa-albertine-pour-les-residences\/","name":"La Fondation Bettencourt Schueller, m\u00e9c\u00e8ne fondateur de la Villa Albertine pour les r\u00e9sidences m\u00e9tiers d\u2019art et design - Villa Albertine","isPartOf":{"@id":"https:\/\/villa-albertine.org\/va\/fr\/#website"},"primaryImageOfPage":{"@id":"https:\/\/villa-albertine.org\/va\/fr\/uncategorized\/la-fondation-bettencourt-schueller-mecene-fondateur-de-la-villa-albertine-pour-les-residences\/#primaryimage"},"image":{"@id":"https:\/\/villa-albertine.org\/va\/fr\/uncategorized\/la-fondation-bettencourt-schueller-mecene-fondateur-de-la-villa-albertine-pour-les-residences\/#primaryimage"},"thumbnailUrl":"https:\/\/villa-albertine.org\/wp-content\/uploads\/2023\/08\/Albertine20-John20Bartelstone2028129-1.jpg","datePublished":"2021-09-23T14:28:26+00:00","dateModified":"2023-08-23T08:08:47+00:00","author":{"@id":""},"breadcrumb":{"@id":"https:\/\/villa-albertine.org\/va\/fr\/uncategorized\/la-fondation-bettencourt-schueller-mecene-fondateur-de-la-villa-albertine-pour-les-residences\/#breadcrumb"},"inLanguage":"fr-FR","potentialAction":[{"@type":"ReadAction","target":["https:\/\/villa-albertine.org\/va\/fr\/uncategorized\/la-fondation-bettencourt-schueller-mecene-fondateur-de-la-villa-albertine-pour-les-residences\/"]}]},{"@type":"ImageObject","inLanguage":"fr-FR","@id":"https:\/\/villa-albertine.org\/va\/fr\/uncategorized\/la-fondation-bettencourt-schueller-mecene-fondateur-de-la-villa-albertine-pour-les-residences\/#primaryimage","url":"https:\/\/villa-albertine.org\/wp-content\/uploads\/2023\/08\/Albertine20-John20Bartelstone2028129-1.jpg","contentUrl":"https:\/\/villa-albertine.org\/wp-content\/uploads\/2023\/08\/Albertine20-John20Bartelstone2028129-1.jpg","width":780,"height":905},{"@type":"BreadcrumbList","@id":"https:\/\/villa-albertine.org\/va\/fr\/uncategorized\/la-fondation-bettencourt-schueller-mecene-fondateur-de-la-villa-albertine-pour-les-residences\/#breadcrumb","itemListElement":[{"@type":"ListItem","position":1,"name":"Home","item":"https:\/\/villa-albertine.org\/va\/fr\/home\/"},{"@type":"ListItem","position":2,"name":"La Fondation Bettencourt Schueller, m\u00e9c\u00e8ne fondateur de la Villa Albertine pour les r\u00e9sidences m\u00e9tiers d\u2019art et design"}]},{"@type":"WebSite","@id":"https:\/\/villa-albertine.org\/va\/fr\/#website","url":"https:\/\/villa-albertine.org\/va\/fr\/","name":"Villa Albertine","description":"","potentialAction":[{"@type":"SearchAction","target":{"@type":"EntryPoint","urlTemplate":"https:\/\/villa-albertine.org\/va\/fr\/?s={search_term_string}"},"query-input":{"@type":"PropertyValueSpecification","valueRequired":true,"valueName":"search_term_string"}}],"inLanguage":"fr-FR"}]}},"_links":{"self":[{"href":"https:\/\/villa-albertine.org\/va\/fr\/wp-json\/wp\/v2\/posts\/63699","targetHints":{"allow":["GET"]}}],"collection":[{"href":"https:\/\/villa-albertine.org\/va\/fr\/wp-json\/wp\/v2\/posts"}],"about":[{"href":"https:\/\/villa-albertine.org\/va\/fr\/wp-json\/wp\/v2\/types\/post"}],"replies":[{"embeddable":true,"href":"https:\/\/villa-albertine.org\/va\/fr\/wp-json\/wp\/v2\/comments?post=63699"}],"version-history":[{"count":1,"href":"https:\/\/villa-albertine.org\/va\/fr\/wp-json\/wp\/v2\/posts\/63699\/revisions"}],"predecessor-version":[{"id":64048,"href":"https:\/\/villa-albertine.org\/va\/fr\/wp-json\/wp\/v2\/posts\/63699\/revisions\/64048"}],"wp:featuredmedia":[{"embeddable":true,"href":"https:\/\/villa-albertine.org\/va\/fr\/wp-json\/wp\/v2\/media\/63697"}],"wp:attachment":[{"href":"https:\/\/villa-albertine.org\/va\/fr\/wp-json\/wp\/v2\/media?parent=63699"}],"wp:term":[{"taxonomy":"category","embeddable":true,"href":"https:\/\/villa-albertine.org\/va\/fr\/wp-json\/wp\/v2\/categories?post=63699"},{"taxonomy":"post_tag","embeddable":true,"href":"https:\/\/villa-albertine.org\/va\/fr\/wp-json\/wp\/v2\/tags?post=63699"},{"taxonomy":"app_discipline","embeddable":true,"href":"https:\/\/villa-albertine.org\/va\/fr\/wp-json\/wp\/v2\/app_discipline?post=63699"},{"taxonomy":"app_city_tax","embeddable":true,"href":"https:\/\/villa-albertine.org\/va\/fr\/wp-json\/wp\/v2\/app_city_tax?post=63699"}],"curies":[{"name":"wp","href":"https:\/\/api.w.org\/{rel}","templated":true}]}}