{"id":4269842,"date":"2025-06-10T21:58:49","date_gmt":"2025-06-10T21:58:49","guid":{"rendered":"https:\/\/villa-albertine.org\/va\/?p=4269842"},"modified":"2025-07-09T15:42:42","modified_gmt":"2025-07-09T15:42:42","slug":"la-villa-albertine-annonce-les-laureats-de-la-5e-saison-de-ses-residences-dexploration-aux-etats-unis","status":"publish","type":"post","link":"https:\/\/villa-albertine.org\/va\/fr\/press-release-fr\/la-villa-albertine-annonce-les-laureats-de-la-5e-saison-de-ses-residences-dexploration-aux-etats-unis\/","title":{"rendered":"La Villa Albertine annonce les laur\u00e9ats de la 5e saison de ses r\u00e9sidences d&rsquo;exploration aux Etats-Unis\u00a0"},"content":{"rendered":"\n<p><strong>New York, le 11 juin 2025<\/strong> \u2013 Depuis le lancement de son programme de r\u00e9sidences en 2021, la Villa Albertine a offert \u00e0 plus de 300 cr\u00e9ateurs l\u2019opportunit\u00e9 de mener un s\u00e9jour de recherche et d\u2019exploration aux \u00c9tats-Unis. D\u00e8s 2023, elle a franchi une nouvelle \u00e9tape en accompagnant le passage de ces exp\u00e9riences de recherche \u00e0 des r\u00e9alisations concr\u00e8tes, au moyen d\u2019un dispositif post-r\u00e9sidences qui a soutenu 65 initiatives \u00e0 ce jour. \u00ab Nous sommes fiers de marquer la cinqui\u00e8me saison de notre programme de r\u00e9sidences, qui a &nbsp;permis \u00e0 plus de 300 artistes de d\u00e9velopper de nombreux projets aux \u00c9tats-Unis \u00bb, a d\u00e9clar\u00e9 <strong>Mohamed Bouabdallah<\/strong>, Conseiller culturel de l\u2019Ambassade de France aux \u00c9tats-Unis et Directeur de Villa Albertine. \u00ab Nos r\u00e9sidents repoussent les fronti\u00e8res de leur art en s\u2019inspirant de leur exp\u00e9rience en Am\u00e9rique. &nbsp;Leur travail t\u00e9moigne de la vitalit\u00e9 et de la pertinence de notre mission : renforcer les liens entre les \u00c9tats-Unis et la France. \u00bb Les r\u00e9sidences ont ainsi donn\u00e9 lieu \u00e0 de nombreuses cr\u00e9ations et collaborations franco-am\u00e9ricaines sous forme de livres, films, objets d\u2019art, \u0153uvres immersives, ou encore de tourn\u00e9es permettant de renforcer la pr\u00e9sence artistique fran\u00e7aise aux \u00c9tats-Unis et de tisser des liens durables entre nos soci\u00e9t\u00e9s. &nbsp;<\/p>\n\n\n\n<p>L\u2019appel g\u00e9n\u00e9ral \u00e0 candidatures 2026 \u00e9tait accompagn\u00e9 de trois appels th\u00e9matiques, chacun dot\u00e9 de son propre jury de s\u00e9lection. Un nouvel appel <em>Arts in the Age of AI<\/em> a \u00e9t\u00e9 annonc\u00e9 par la ministre de la Culture Rachida Dati lors du Sommet pour l\u2019action sur l\u2019intelligence artificielle \u00e0 Paris gr\u00e2ce au soutien de la m\u00e9c\u00e8ne et entrepreneure num\u00e9rique franco-am\u00e9ricaine Fidji Simo. Quatre r\u00e9sidences IA sont pr\u00e9vues en 2026 et quatre en 2027 afin d\u2019offrir un accompagnement sp\u00e9cifique \u00e0 l\u2019exploration cr\u00e9ative de ces technologies \u00e9mergentes. Cinq artisans d\u2019art et designers b\u00e9n\u00e9ficient du soutien de la Fondation Bettencourt Schueller, dont trois ont \u00e9t\u00e9 s\u00e9lectionn\u00e9s en collaboration avec les cofondatrices de WantedDesign \u00e0 New York. Trois r\u00e9sidences d\u00e9di\u00e9es \u00e0 la musique classique sont propos\u00e9es en partenariat avec la Philharmonie de Paris et gr\u00e2ce au soutien de Fondation d\u2019entreprise Soci\u00e9t\u00e9 G\u00e9n\u00e9rale, permettant d\u2019accompagner musiciens et compositeurs, professionnels du secteur de la musique classique et cheffes d\u2019orchestre pour des r\u00e9sidences susceptibles de nourrir leur inspiration, leur r\u00e9seau et leur rayonnement. Enfin, outre ces appels \u00e0 candidatures, certains r\u00e9sidents seront s\u00e9lectionn\u00e9s dans le cadre d\u2019initiatives et de partenariats sp\u00e9ciaux. A titre d\u2019exemple, les laur\u00e9ats du Prix Recanati-Kaplan et du Prix Sarr b\u00e9n\u00e9ficieront chacun d\u2019une r\u00e9sidence \u00e0 la Villa Albertine. &nbsp;<\/p>\n\n\n\n<p>En 2026, la Villa Albertine accueillera ainsi une soixantaine d\u2019artistes, chercheurs et professionnels de la culture issus de 10 disciplines dans plus de 30 villes am\u00e9ricaines. Pens\u00e9s pour entrer en r\u00e9sonance avec les territoires explor\u00e9s, leurs projets en proposeront chacun une approche originale.&nbsp;&nbsp;<\/p>\n\n\n\n<p><strong>Au cours d\u2019une ann\u00e9e qui marquera les 250 ans de l\u2019amiti\u00e9 franco-am\u00e9ricaine, les r\u00e9sidents revisiteront les imaginaires de la relation transatlantique.<\/strong> \u00c0 Washington, DC, le conservateur de mus\u00e9e Vincent Bouat-Ferlier mettra en lumi\u00e8re le r\u00f4le de La Fayette dans la diffusion des id\u00e9aux qui fondent cette relation. \u00c0 New York, le duo de street artists Lek &amp; Sowat m\u00e8neront une enqu\u00eate visuelle sur les racines transatlantiques du graffiti, croisant h\u00e9ritage new-yorkais et avant-gardes europ\u00e9ennes. Sur les traces de Malcolm X, le com\u00e9dien Adama Diop interrogera la rencontre entre Afrique, Europe et Etats-Unis, en m\u00ealant th\u00e9\u00e2tre, po\u00e9sie et musique.&nbsp;<\/p>\n\n\n\n<p><strong>Un nouveau cycle de r\u00e9sidences explorera les liens entre art, innovation et intelligence artificielle. <\/strong>\u00c0 Los Angeles, l&rsquo;artiste visuel Louis-Paul Caron d\u00e9veloppera <em>Pacific Palisades<\/em>, une installation immersive con\u00e7ue comme un outil de m\u00e9moire apr\u00e8s les incendies qui ont frapp\u00e9 la r\u00e9gion. \u00c0 San Francisco, le duo avant-gardiste Holly Herndon et Mat Dryhurst r\u00e9fl\u00e9chira \u00e0 des mod\u00e8les d\u2019IA \u00e9thiques et collaboratifs, au service des artistes. \u00c0 New York, la photographe Hanako Murakami s&rsquo;int\u00e9ressera aux technologies d\u2019<em>eye-tracking<\/em> qui r\u00e9inventent le geste photographique en transformant celui qui regarde en acteur de l\u2019\u0153uvre.&nbsp;<\/p>\n\n\n\n<p><strong>Ancr\u00e9s dans les enjeux contemporains, les projets porteront un regard artistique sur les biens communs pour c\u00e9l\u00e9brer le pouvoir de la cr\u00e9ation comme outil de lien, de transmission et d\u2019invention collective. <\/strong>\u00c0 La Nouvelle-Orl\u00e9ans, Laurel Parker collaborera avec les communaut\u00e9s locales pour imaginer des alternatives durables au plastique lors des grandes c\u00e9l\u00e9brations de Mardi Gras.&nbsp; \u00c0 Houston, l&rsquo;artiste visuel Samir Laghouati-Rashwan explorera la notion de lenteur, en s\u2019inspirant des cultures populaires pour questionner notre rapport au temps et \u00e0 la ville. \u00c0 Baltimore, la r\u00e9alisatrice Sabrina Bouarour documentera l\u2019engagement de la jeunesse pour l\u2019agriculture urbaine, cr\u00e9ant des laboratoires d\u2019avenir o\u00f9 s\u2019inventent d\u2019autres fa\u00e7ons de nourrir et d\u2019habiter le territoire. \u00c0 Chicago, Violaine Barrois et Suraia Abud m\u00e8neront une exploration sensible de la m\u00e9moire culinaire pour r\u00e9imaginer des gestes et savoirs partag\u00e9s entre cultures.&nbsp;&nbsp;<\/p>\n\n\n\n<p><em>La Villa Albertine est un \u00e9tablissement de l\u2019Ambassade de France aux Etats-Unis et du minist\u00e8re de l&rsquo;Europe et des Affaires \u00e9trang\u00e8res. Son programme de r\u00e9sidences b\u00e9n\u00e9ficie du soutien du minist\u00e8re de l\u2019Europe et des Affaires Etrang\u00e8res, du minist\u00e8re de la Culture et de l&rsquo;Institut fran\u00e7ais. \u00a0<\/em><\/p>\n\n\n\n<p><em>La Villa Albertine et la Fondation Albertine remercient chaleureusement la Fondation<strong>\u202f<\/strong>d\u2019Entreprise\u202fSoci\u00e9t\u00e9 G\u00e9n\u00e9rale pour son soutien en tant que partenaire principal\u202fdes r\u00e9sidences, ainsi que\u202fnos partenaires fid\u00e8les comme\u202fla Fondation Bettencourt Schueller, la Fondation Recanati-Kaplan, Ardian, AXA, la Fondation ENGIE, le Fonds Florence Gould pour les \u00e9changes litt\u00e9raires,\u202fFidji Simo,\u202fl\u2019Acad\u00e9mie des Beaux-Arts, AWARE, l\u2019ADIAF, Marfret et le Fonds de dotation Banque Transatlantique.\u202f\u00a0<\/em><\/p>\n\n\n\n<p><\/p>\n\n\n\n<h3 class=\"wp-block-heading\">Les r\u00e9sidents 2026 de la Villa Albertine<\/h3>\n\n\n\n<p><strong>Architecture<\/strong><br>&#8211; &nbsp;Delphine LEWANDOWSKI \u2013 Boston (Massachusetts) et New York (New York)<br>&#8211;  C\u00f4me ROLIN \u2013 Marfa (Texas)&nbsp;<\/p>\n\n\n\n<p><strong>Arts et Intelligence artificielle<\/strong><br>&#8211; Louis-Paul CARON \u2013 Los Angeles (Californie)&nbsp;<br>&#8211; Lou FAUROUX \u2013 Los Angeles (Californie)&nbsp;et Las Vegas (Nevada)<br>&#8211; Hanako MURAKAMI \u2013 New York (New York)&nbsp;<br>&#8211; Olivain PORRY \u2013 La Nouvelle-Orl\u00e9ans (Louisiane)<\/p>\n\n\n\n<p><strong>Arts de la sc\u00e8ne&nbsp;<\/strong><br>&#8211; Adama DIOP \u2013 New York (New York)<br>&#8211; L\u00e9o L\u00c9RUS \u2013 New York (New York)<br>&#8211; L\u00e9onard MATTON \u2013 Boston (Massachusetts)<br>&#8211; Khoudia TOURE \u2013 Chicago (Illinois)&nbsp;<\/p>\n\n\n\n<p><strong>Arts visuels&nbsp;<\/strong><br>&#8211; Violaine BARROIS &amp; Suraia ABUD \u2013 Dearborn (Michigan)&nbsp;<br>&#8211; Abdelkader BENCHAMMA \u2013 New York (New York)&nbsp;<br>&#8211; Delphine &amp; Elodie CHEVALME \u2013 Houston (Texas)&nbsp;<br>&#8211; Lalita CLOZEL et Ariane MOHSENI-SADJADI \u2013 Trenton (Missouri)&nbsp;<br>&#8211; Cl\u00e9mence GBONON \u2013 Chicago (Illinois)&nbsp;<br>&#8211; Samir LAGHOUATI-RASHWAN \u2013 Houston (Texas)&nbsp;<br>&#8211; LEK &amp; SOWAT \u2013 New York (New York)&nbsp;<br>&#8211; Esther &amp; Johanna MIRABEL \u2013 Miami (Floride)&nbsp;<br>&#8211; Alexis PESKINE \u2013 Atlanta (G\u00e9orgie), Dunbar Creek (G\u00e9orgie), Caroline du Nord, Caroline du Sud&nbsp;<br>&#8211; Emilie PITOISET \u2013 Los Angeles (Californie)<br>&#8211; C\u00e9drine SCHEIDIG \u2013 Miami, Belle Glade, Pahokee, et les Everglades (Floride)&nbsp;<br>&#8211; Armelle TULUNDA \u2013 Savannah (G\u00e9orgie)<\/p>\n\n\n\n<p><strong>Cin\u00e9ma<\/strong>&nbsp;<br>&#8211; Sabrina BOUAROUR \u2013 Washington, DC et Baltimore (Maryland)&nbsp;<br>&#8211; Louise CAILLIEZ &amp; Guillaume LORIN \u2013 Fairbanks (Alaska)&nbsp;<br>&#8211; Caroline DEODAT \u2013 Saint Louis (Missouri) et Chicago (Illinois)&nbsp;<br>&#8211; Isma\u00ebl JOFFROY CHANDOUTIS \u2013 Jacksonville (Floride)&nbsp;<br>&#8211; Camille JUZA \u2013 Los Angeles (Californie)&nbsp;<br>&#8211; Hind MEDDEB \u2013 New York (New York)<br>&#8211; Simon MOUTA\u00cfROU \u2013 La Nouvelle-Orl\u00e9ans (Louisiane)&nbsp;&nbsp;<\/p>\n\n\n\n<p><strong>Litt\u00e9rature&nbsp;&nbsp;<\/strong><br>&#8211; H\u00e9l\u00e8ne COUTARD \u2013 New York (New York)&nbsp;<br>&#8211; Sandra JACKSON-OPOKU \u2013 Chicago (Illinois), Mt. Carmel, Old Mines, St. Louis (Missouri), La Nouvelle-Orl\u00e9ans (Louisiane) et Baton Rouge (Louisiane)&nbsp;<br>&#8211; Ana MENDOZA ALDANA \u2013 La Nouvelle-Orl\u00e9ans (Louisiane)&nbsp;<br>&#8211; Jean-Baptiste PHOU \u2013 San Francisco (Californie)<br>&#8211; Enrico PINTO \u2013 Las Vegas (Nevada)&nbsp;<br>&#8211; Rose VIDAL \u2013 Chicago (Illinois), New York (New York) et San Francisco (Californie)&nbsp;<\/p>\n\n\n\n<p><strong>M\u00e9tiers d\u2019art et design&nbsp;<\/strong><br>&#8211; C\u00e9line BACHELOT \u2013 Boston (Massachusetts)&nbsp;<br>&#8211; Yassine BEN ABDALLAH \u2013 Los Angeles (Californie) et New York (New York)&nbsp;<br>&#8211; Antonin ODIN \u2013 New York (New York)&nbsp;&nbsp;<br>&#8211; Laurel PARKER \u2013 La Nouvelle-Orl\u00e9ans et Baton Rouge (Louisiane)&nbsp;<br>&#8211; Sophia TAILLET \u2013 New York (New York)&nbsp;<br>&#8211; Juliette TELLIER \u2013 New York (New York)&nbsp;<\/p>\n\n\n\n<p><strong>Mus\u00e9es et Patrimoine<\/strong><br>&#8211; Vincent BOUAT-FERLIER \u2013 Washington, DC&nbsp;<br>&#8211; Claire HOUMARD \u2013 Quinhagak (Alaska)&nbsp;<br>&#8211; Cl\u00e9ment THIBAULT \u2013 Washington, DC&nbsp;<\/p>\n\n\n\n<p><strong>Musique&nbsp;<\/strong><br>&#8211; Eric BLAZE \u2013 New York (New York) et San Francisco (Californie)<br>&#8211; Blanche LAFUENTE \u2013 Atlanta (G\u00e9orgie)&nbsp;&nbsp;<\/p>\n\n\n\n<p><strong>y compris Musique Classique<\/strong><br>&#8211; Benjamin ALUNNI \u2013 New York (New York)&nbsp;<br>&#8211; Bar AVNI \u2013 Boston (Massachusetts), Chicago (Illinois), Cleveland (Ohio), Los Angeles (Californie) et Denver (Colorado)&nbsp;<br>&#8211; Katarina LIVLJANIC \u2013 New York (New York)&nbsp;<\/p>\n\n\n\n<p><strong>Nouveaux m\u00e9dias<\/strong><br>&#8211; Holly HERNDON &amp; Mat DRYHURST \u2013 San Francisco (Californie)&nbsp;<br>&#8211; Beatrice LARTIGUE \u2013 Boston (Massachusetts)<\/p>\n\n\n\n<p><\/p>\n","protected":false},"excerpt":{"rendered":"<p>New York, le 11 juin 2025 \u2013 Depuis le lancement de son programme de r\u00e9sidences en 2021, la Villa Albertine a offert \u00e0 plus de 300 cr\u00e9ateurs l\u2019opportunit\u00e9 de mener un s\u00e9jour de recherche et d\u2019exploration aux \u00c9tats-Unis. D\u00e8s 2023, elle a franchi une nouvelle \u00e9tape en accompagnant le passage de ces exp\u00e9riences de recherche&#8230;<\/p>\n","protected":false},"author":8,"featured_media":4267916,"comment_status":"closed","ping_status":"closed","sticky":false,"template":"","format":"standard","meta":{"_acf_changed":false,"footnotes":""},"categories":[472],"tags":[],"app_discipline":[277,275,265,266,261,279,558,263,280,281,559],"app_city_tax":[276],"class_list":["post-4269842","post","type-post","status-publish","format-standard","has-post-thumbnail","hentry","category-press-release-fr","app_discipline-architecture-fr","app_discipline-arts-de-la-scene-fr","app_discipline-arts-visuels-fr","app_discipline-cinema-fr","app_discipline-creation-numerique-fr","app_discipline-design-metiers-dart-fr","app_discipline-fiction-fr","app_discipline-litterature-fr","app_discipline-musees-fr","app_discipline-musique-fr","app_discipline-non-fiction-fr","app_city_tax-toutes-les-villes-fr"],"acf":[],"yoast_head":"<!-- This site is optimized with the Yoast SEO plugin v27.3 - https:\/\/yoast.com\/product\/yoast-seo-wordpress\/ -->\n<title>La Villa Albertine annonce les laur\u00e9ats de la 5e saison de ses r\u00e9sidences d&#039;exploration aux Etats-Unis\u00a0 - Villa Albertine<\/title>\n<meta name=\"robots\" content=\"noindex, nofollow\" \/>\n<meta property=\"og:locale\" content=\"fr_FR\" \/>\n<meta property=\"og:type\" content=\"article\" \/>\n<meta property=\"og:title\" content=\"La Villa Albertine annonce les laur\u00e9ats de la 5e saison de ses r\u00e9sidences d&#039;exploration aux Etats-Unis\u00a0 - Villa Albertine\" \/>\n<meta property=\"og:description\" content=\"New York, le 11 juin 2025 \u2013 Depuis le lancement de son programme de r\u00e9sidences en 2021, la Villa Albertine a offert \u00e0 plus de 300 cr\u00e9ateurs l\u2019opportunit\u00e9 de mener un s\u00e9jour de recherche et d\u2019exploration aux \u00c9tats-Unis. D\u00e8s 2023, elle a franchi une nouvelle \u00e9tape en accompagnant le passage de ces exp\u00e9riences de recherche...\" \/>\n<meta property=\"og:url\" content=\"https:\/\/villa-albertine.org\/va\/fr\/press-release-fr\/la-villa-albertine-annonce-les-laureats-de-la-5e-saison-de-ses-residences-dexploration-aux-etats-unis\/\" \/>\n<meta property=\"og:site_name\" content=\"Villa Albertine\" \/>\n<meta property=\"article:published_time\" content=\"2025-06-10T21:58:49+00:00\" \/>\n<meta property=\"article:modified_time\" content=\"2025-07-09T15:42:42+00:00\" \/>\n<meta property=\"og:image\" content=\"https:\/\/villa-albertine.org\/wp-content\/uploads\/2025\/06\/VA25_SEASON5_ANNONCEMENT_WEB_FR-e1749651546363.jpg\" \/>\n\t<meta property=\"og:image:width\" content=\"1416\" \/>\n\t<meta property=\"og:image:height\" content=\"900\" \/>\n\t<meta property=\"og:image:type\" content=\"image\/jpeg\" \/>\n<meta name=\"author\" content=\"Communications\" \/>\n<meta name=\"twitter:card\" content=\"summary_large_image\" \/>\n<meta name=\"twitter:label1\" content=\"\u00c9crit par\" \/>\n\t<meta name=\"twitter:data1\" content=\"Communications\" \/>\n\t<meta name=\"twitter:label2\" content=\"Dur\u00e9e de lecture estim\u00e9e\" \/>\n\t<meta name=\"twitter:data2\" content=\"6 minutes\" \/>\n<script type=\"application\/ld+json\" class=\"yoast-schema-graph\">{\"@context\":\"https:\\\/\\\/schema.org\",\"@graph\":[{\"@type\":\"Article\",\"@id\":\"https:\\\/\\\/villa-albertine.org\\\/va\\\/fr\\\/press-release-fr\\\/la-villa-albertine-annonce-les-laureats-de-la-5e-saison-de-ses-residences-dexploration-aux-etats-unis\\\/#article\",\"isPartOf\":{\"@id\":\"https:\\\/\\\/villa-albertine.org\\\/va\\\/fr\\\/press-release-fr\\\/la-villa-albertine-annonce-les-laureats-de-la-5e-saison-de-ses-residences-dexploration-aux-etats-unis\\\/\"},\"author\":{\"name\":\"Communications\",\"@id\":\"https:\\\/\\\/villa-albertine.org\\\/va\\\/fr\\\/#\\\/schema\\\/person\\\/5a4e80dc6ac373c4f09623acf010fa23\"},\"headline\":\"La Villa Albertine annonce les laur\u00e9ats de la 5e saison de ses r\u00e9sidences d&rsquo;exploration aux Etats-Unis\u00a0\",\"datePublished\":\"2025-06-10T21:58:49+00:00\",\"dateModified\":\"2025-07-09T15:42:42+00:00\",\"mainEntityOfPage\":{\"@id\":\"https:\\\/\\\/villa-albertine.org\\\/va\\\/fr\\\/press-release-fr\\\/la-villa-albertine-annonce-les-laureats-de-la-5e-saison-de-ses-residences-dexploration-aux-etats-unis\\\/\"},\"wordCount\":1530,\"image\":{\"@id\":\"https:\\\/\\\/villa-albertine.org\\\/va\\\/fr\\\/press-release-fr\\\/la-villa-albertine-annonce-les-laureats-de-la-5e-saison-de-ses-residences-dexploration-aux-etats-unis\\\/#primaryimage\"},\"thumbnailUrl\":\"https:\\\/\\\/villa-albertine.org\\\/wp-content\\\/uploads\\\/2025\\\/06\\\/VA25_SEASON5_ANNONCEMENT_WEB_FR-e1749651546363.jpg\",\"articleSection\":[\"Press Release\"],\"inLanguage\":\"fr-FR\"},{\"@type\":\"WebPage\",\"@id\":\"https:\\\/\\\/villa-albertine.org\\\/va\\\/fr\\\/press-release-fr\\\/la-villa-albertine-annonce-les-laureats-de-la-5e-saison-de-ses-residences-dexploration-aux-etats-unis\\\/\",\"url\":\"https:\\\/\\\/villa-albertine.org\\\/va\\\/fr\\\/press-release-fr\\\/la-villa-albertine-annonce-les-laureats-de-la-5e-saison-de-ses-residences-dexploration-aux-etats-unis\\\/\",\"name\":\"La Villa Albertine annonce les laur\u00e9ats de la 5e saison de ses r\u00e9sidences d'exploration aux Etats-Unis\u00a0 - Villa Albertine\",\"isPartOf\":{\"@id\":\"https:\\\/\\\/villa-albertine.org\\\/va\\\/fr\\\/#website\"},\"primaryImageOfPage\":{\"@id\":\"https:\\\/\\\/villa-albertine.org\\\/va\\\/fr\\\/press-release-fr\\\/la-villa-albertine-annonce-les-laureats-de-la-5e-saison-de-ses-residences-dexploration-aux-etats-unis\\\/#primaryimage\"},\"image\":{\"@id\":\"https:\\\/\\\/villa-albertine.org\\\/va\\\/fr\\\/press-release-fr\\\/la-villa-albertine-annonce-les-laureats-de-la-5e-saison-de-ses-residences-dexploration-aux-etats-unis\\\/#primaryimage\"},\"thumbnailUrl\":\"https:\\\/\\\/villa-albertine.org\\\/wp-content\\\/uploads\\\/2025\\\/06\\\/VA25_SEASON5_ANNONCEMENT_WEB_FR-e1749651546363.jpg\",\"datePublished\":\"2025-06-10T21:58:49+00:00\",\"dateModified\":\"2025-07-09T15:42:42+00:00\",\"author\":{\"@id\":\"https:\\\/\\\/villa-albertine.org\\\/va\\\/fr\\\/#\\\/schema\\\/person\\\/5a4e80dc6ac373c4f09623acf010fa23\"},\"breadcrumb\":{\"@id\":\"https:\\\/\\\/villa-albertine.org\\\/va\\\/fr\\\/press-release-fr\\\/la-villa-albertine-annonce-les-laureats-de-la-5e-saison-de-ses-residences-dexploration-aux-etats-unis\\\/#breadcrumb\"},\"inLanguage\":\"fr-FR\",\"potentialAction\":[{\"@type\":\"ReadAction\",\"target\":[\"https:\\\/\\\/villa-albertine.org\\\/va\\\/fr\\\/press-release-fr\\\/la-villa-albertine-annonce-les-laureats-de-la-5e-saison-de-ses-residences-dexploration-aux-etats-unis\\\/\"]}]},{\"@type\":\"ImageObject\",\"inLanguage\":\"fr-FR\",\"@id\":\"https:\\\/\\\/villa-albertine.org\\\/va\\\/fr\\\/press-release-fr\\\/la-villa-albertine-annonce-les-laureats-de-la-5e-saison-de-ses-residences-dexploration-aux-etats-unis\\\/#primaryimage\",\"url\":\"https:\\\/\\\/villa-albertine.org\\\/wp-content\\\/uploads\\\/2025\\\/06\\\/VA25_SEASON5_ANNONCEMENT_WEB_FR-e1749651546363.jpg\",\"contentUrl\":\"https:\\\/\\\/villa-albertine.org\\\/wp-content\\\/uploads\\\/2025\\\/06\\\/VA25_SEASON5_ANNONCEMENT_WEB_FR-e1749651546363.jpg\",\"width\":1416,\"height\":900},{\"@type\":\"BreadcrumbList\",\"@id\":\"https:\\\/\\\/villa-albertine.org\\\/va\\\/fr\\\/press-release-fr\\\/la-villa-albertine-annonce-les-laureats-de-la-5e-saison-de-ses-residences-dexploration-aux-etats-unis\\\/#breadcrumb\",\"itemListElement\":[{\"@type\":\"ListItem\",\"position\":1,\"name\":\"Home\",\"item\":\"https:\\\/\\\/villa-albertine.org\\\/va\\\/fr\\\/home\\\/\"},{\"@type\":\"ListItem\",\"position\":2,\"name\":\"La Villa Albertine annonce les laur\u00e9ats de la 5e saison de ses r\u00e9sidences d&#8217;exploration aux Etats-Unis\u00a0\"}]},{\"@type\":\"WebSite\",\"@id\":\"https:\\\/\\\/villa-albertine.org\\\/va\\\/fr\\\/#website\",\"url\":\"https:\\\/\\\/villa-albertine.org\\\/va\\\/fr\\\/\",\"name\":\"Villa Albertine\",\"description\":\"\",\"potentialAction\":[{\"@type\":\"SearchAction\",\"target\":{\"@type\":\"EntryPoint\",\"urlTemplate\":\"https:\\\/\\\/villa-albertine.org\\\/va\\\/fr\\\/?s={search_term_string}\"},\"query-input\":{\"@type\":\"PropertyValueSpecification\",\"valueRequired\":true,\"valueName\":\"search_term_string\"}}],\"inLanguage\":\"fr-FR\"},{\"@type\":\"Person\",\"@id\":\"https:\\\/\\\/villa-albertine.org\\\/va\\\/fr\\\/#\\\/schema\\\/person\\\/5a4e80dc6ac373c4f09623acf010fa23\",\"name\":\"Communications\",\"image\":{\"@type\":\"ImageObject\",\"inLanguage\":\"fr-FR\",\"@id\":\"https:\\\/\\\/secure.gravatar.com\\\/avatar\\\/f78b49539f98cbcc4aeb0d8a47c934122fbe79c9ba09820429b7145a2c325d04?s=96&d=mm&r=g\",\"url\":\"https:\\\/\\\/secure.gravatar.com\\\/avatar\\\/f78b49539f98cbcc4aeb0d8a47c934122fbe79c9ba09820429b7145a2c325d04?s=96&d=mm&r=g\",\"contentUrl\":\"https:\\\/\\\/secure.gravatar.com\\\/avatar\\\/f78b49539f98cbcc4aeb0d8a47c934122fbe79c9ba09820429b7145a2c325d04?s=96&d=mm&r=g\",\"caption\":\"Communications\"},\"url\":\"https:\\\/\\\/villa-albertine.org\\\/va\\\/fr\\\/author\\\/communications\\\/\"}]}<\/script>\n<!-- \/ Yoast SEO plugin. -->","yoast_head_json":{"title":"La Villa Albertine annonce les laur\u00e9ats de la 5e saison de ses r\u00e9sidences d'exploration aux Etats-Unis\u00a0 - Villa Albertine","robots":{"index":"noindex","follow":"nofollow"},"og_locale":"fr_FR","og_type":"article","og_title":"La Villa Albertine annonce les laur\u00e9ats de la 5e saison de ses r\u00e9sidences d'exploration aux Etats-Unis\u00a0 - Villa Albertine","og_description":"New York, le 11 juin 2025 \u2013 Depuis le lancement de son programme de r\u00e9sidences en 2021, la Villa Albertine a offert \u00e0 plus de 300 cr\u00e9ateurs l\u2019opportunit\u00e9 de mener un s\u00e9jour de recherche et d\u2019exploration aux \u00c9tats-Unis. D\u00e8s 2023, elle a franchi une nouvelle \u00e9tape en accompagnant le passage de ces exp\u00e9riences de recherche...","og_url":"https:\/\/villa-albertine.org\/va\/fr\/press-release-fr\/la-villa-albertine-annonce-les-laureats-de-la-5e-saison-de-ses-residences-dexploration-aux-etats-unis\/","og_site_name":"Villa Albertine","article_published_time":"2025-06-10T21:58:49+00:00","article_modified_time":"2025-07-09T15:42:42+00:00","og_image":[{"width":1416,"height":900,"url":"https:\/\/villa-albertine.org\/wp-content\/uploads\/2025\/06\/VA25_SEASON5_ANNONCEMENT_WEB_FR-e1749651546363.jpg","type":"image\/jpeg"}],"author":"Communications","twitter_card":"summary_large_image","twitter_misc":{"\u00c9crit par":"Communications","Dur\u00e9e de lecture estim\u00e9e":"6 minutes"},"schema":{"@context":"https:\/\/schema.org","@graph":[{"@type":"Article","@id":"https:\/\/villa-albertine.org\/va\/fr\/press-release-fr\/la-villa-albertine-annonce-les-laureats-de-la-5e-saison-de-ses-residences-dexploration-aux-etats-unis\/#article","isPartOf":{"@id":"https:\/\/villa-albertine.org\/va\/fr\/press-release-fr\/la-villa-albertine-annonce-les-laureats-de-la-5e-saison-de-ses-residences-dexploration-aux-etats-unis\/"},"author":{"name":"Communications","@id":"https:\/\/villa-albertine.org\/va\/fr\/#\/schema\/person\/5a4e80dc6ac373c4f09623acf010fa23"},"headline":"La Villa Albertine annonce les laur\u00e9ats de la 5e saison de ses r\u00e9sidences d&rsquo;exploration aux Etats-Unis\u00a0","datePublished":"2025-06-10T21:58:49+00:00","dateModified":"2025-07-09T15:42:42+00:00","mainEntityOfPage":{"@id":"https:\/\/villa-albertine.org\/va\/fr\/press-release-fr\/la-villa-albertine-annonce-les-laureats-de-la-5e-saison-de-ses-residences-dexploration-aux-etats-unis\/"},"wordCount":1530,"image":{"@id":"https:\/\/villa-albertine.org\/va\/fr\/press-release-fr\/la-villa-albertine-annonce-les-laureats-de-la-5e-saison-de-ses-residences-dexploration-aux-etats-unis\/#primaryimage"},"thumbnailUrl":"https:\/\/villa-albertine.org\/wp-content\/uploads\/2025\/06\/VA25_SEASON5_ANNONCEMENT_WEB_FR-e1749651546363.jpg","articleSection":["Press Release"],"inLanguage":"fr-FR"},{"@type":"WebPage","@id":"https:\/\/villa-albertine.org\/va\/fr\/press-release-fr\/la-villa-albertine-annonce-les-laureats-de-la-5e-saison-de-ses-residences-dexploration-aux-etats-unis\/","url":"https:\/\/villa-albertine.org\/va\/fr\/press-release-fr\/la-villa-albertine-annonce-les-laureats-de-la-5e-saison-de-ses-residences-dexploration-aux-etats-unis\/","name":"La Villa Albertine annonce les laur\u00e9ats de la 5e saison de ses r\u00e9sidences d'exploration aux Etats-Unis\u00a0 - Villa Albertine","isPartOf":{"@id":"https:\/\/villa-albertine.org\/va\/fr\/#website"},"primaryImageOfPage":{"@id":"https:\/\/villa-albertine.org\/va\/fr\/press-release-fr\/la-villa-albertine-annonce-les-laureats-de-la-5e-saison-de-ses-residences-dexploration-aux-etats-unis\/#primaryimage"},"image":{"@id":"https:\/\/villa-albertine.org\/va\/fr\/press-release-fr\/la-villa-albertine-annonce-les-laureats-de-la-5e-saison-de-ses-residences-dexploration-aux-etats-unis\/#primaryimage"},"thumbnailUrl":"https:\/\/villa-albertine.org\/wp-content\/uploads\/2025\/06\/VA25_SEASON5_ANNONCEMENT_WEB_FR-e1749651546363.jpg","datePublished":"2025-06-10T21:58:49+00:00","dateModified":"2025-07-09T15:42:42+00:00","author":{"@id":"https:\/\/villa-albertine.org\/va\/fr\/#\/schema\/person\/5a4e80dc6ac373c4f09623acf010fa23"},"breadcrumb":{"@id":"https:\/\/villa-albertine.org\/va\/fr\/press-release-fr\/la-villa-albertine-annonce-les-laureats-de-la-5e-saison-de-ses-residences-dexploration-aux-etats-unis\/#breadcrumb"},"inLanguage":"fr-FR","potentialAction":[{"@type":"ReadAction","target":["https:\/\/villa-albertine.org\/va\/fr\/press-release-fr\/la-villa-albertine-annonce-les-laureats-de-la-5e-saison-de-ses-residences-dexploration-aux-etats-unis\/"]}]},{"@type":"ImageObject","inLanguage":"fr-FR","@id":"https:\/\/villa-albertine.org\/va\/fr\/press-release-fr\/la-villa-albertine-annonce-les-laureats-de-la-5e-saison-de-ses-residences-dexploration-aux-etats-unis\/#primaryimage","url":"https:\/\/villa-albertine.org\/wp-content\/uploads\/2025\/06\/VA25_SEASON5_ANNONCEMENT_WEB_FR-e1749651546363.jpg","contentUrl":"https:\/\/villa-albertine.org\/wp-content\/uploads\/2025\/06\/VA25_SEASON5_ANNONCEMENT_WEB_FR-e1749651546363.jpg","width":1416,"height":900},{"@type":"BreadcrumbList","@id":"https:\/\/villa-albertine.org\/va\/fr\/press-release-fr\/la-villa-albertine-annonce-les-laureats-de-la-5e-saison-de-ses-residences-dexploration-aux-etats-unis\/#breadcrumb","itemListElement":[{"@type":"ListItem","position":1,"name":"Home","item":"https:\/\/villa-albertine.org\/va\/fr\/home\/"},{"@type":"ListItem","position":2,"name":"La Villa Albertine annonce les laur\u00e9ats de la 5e saison de ses r\u00e9sidences d&#8217;exploration aux Etats-Unis\u00a0"}]},{"@type":"WebSite","@id":"https:\/\/villa-albertine.org\/va\/fr\/#website","url":"https:\/\/villa-albertine.org\/va\/fr\/","name":"Villa Albertine","description":"","potentialAction":[{"@type":"SearchAction","target":{"@type":"EntryPoint","urlTemplate":"https:\/\/villa-albertine.org\/va\/fr\/?s={search_term_string}"},"query-input":{"@type":"PropertyValueSpecification","valueRequired":true,"valueName":"search_term_string"}}],"inLanguage":"fr-FR"},{"@type":"Person","@id":"https:\/\/villa-albertine.org\/va\/fr\/#\/schema\/person\/5a4e80dc6ac373c4f09623acf010fa23","name":"Communications","image":{"@type":"ImageObject","inLanguage":"fr-FR","@id":"https:\/\/secure.gravatar.com\/avatar\/f78b49539f98cbcc4aeb0d8a47c934122fbe79c9ba09820429b7145a2c325d04?s=96&d=mm&r=g","url":"https:\/\/secure.gravatar.com\/avatar\/f78b49539f98cbcc4aeb0d8a47c934122fbe79c9ba09820429b7145a2c325d04?s=96&d=mm&r=g","contentUrl":"https:\/\/secure.gravatar.com\/avatar\/f78b49539f98cbcc4aeb0d8a47c934122fbe79c9ba09820429b7145a2c325d04?s=96&d=mm&r=g","caption":"Communications"},"url":"https:\/\/villa-albertine.org\/va\/fr\/author\/communications\/"}]}},"_links":{"self":[{"href":"https:\/\/villa-albertine.org\/va\/fr\/wp-json\/wp\/v2\/posts\/4269842","targetHints":{"allow":["GET"]}}],"collection":[{"href":"https:\/\/villa-albertine.org\/va\/fr\/wp-json\/wp\/v2\/posts"}],"about":[{"href":"https:\/\/villa-albertine.org\/va\/fr\/wp-json\/wp\/v2\/types\/post"}],"author":[{"embeddable":true,"href":"https:\/\/villa-albertine.org\/va\/fr\/wp-json\/wp\/v2\/users\/8"}],"replies":[{"embeddable":true,"href":"https:\/\/villa-albertine.org\/va\/fr\/wp-json\/wp\/v2\/comments?post=4269842"}],"version-history":[{"count":13,"href":"https:\/\/villa-albertine.org\/va\/fr\/wp-json\/wp\/v2\/posts\/4269842\/revisions"}],"predecessor-version":[{"id":4405922,"href":"https:\/\/villa-albertine.org\/va\/fr\/wp-json\/wp\/v2\/posts\/4269842\/revisions\/4405922"}],"wp:featuredmedia":[{"embeddable":true,"href":"https:\/\/villa-albertine.org\/va\/fr\/wp-json\/wp\/v2\/media\/4267916"}],"wp:attachment":[{"href":"https:\/\/villa-albertine.org\/va\/fr\/wp-json\/wp\/v2\/media?parent=4269842"}],"wp:term":[{"taxonomy":"category","embeddable":true,"href":"https:\/\/villa-albertine.org\/va\/fr\/wp-json\/wp\/v2\/categories?post=4269842"},{"taxonomy":"post_tag","embeddable":true,"href":"https:\/\/villa-albertine.org\/va\/fr\/wp-json\/wp\/v2\/tags?post=4269842"},{"taxonomy":"app_discipline","embeddable":true,"href":"https:\/\/villa-albertine.org\/va\/fr\/wp-json\/wp\/v2\/app_discipline?post=4269842"},{"taxonomy":"app_city_tax","embeddable":true,"href":"https:\/\/villa-albertine.org\/va\/fr\/wp-json\/wp\/v2\/app_city_tax?post=4269842"}],"curies":[{"name":"wp","href":"https:\/\/api.w.org\/{rel}","templated":true}]}}