{"id":298402,"date":"2023-09-28T22:10:26","date_gmt":"2023-09-28T22:10:26","guid":{"rendered":"https:\/\/villa-albertine.org\/?post_type=app_villa_article&#038;p=298402"},"modified":"2023-10-24T18:32:54","modified_gmt":"2023-10-24T18:32:54","slug":"the-atlantic-pacific-artists-line","status":"publish","type":"app_villa_article","link":"https:\/\/villa-albertine.org\/va\/fr\/posts\/the-atlantic-pacific-artists-line\/","title":{"rendered":"The Atlantic-Pacific Artists Line"},"content":{"rendered":"\n<h4 class=\"wp-block-heading\"><strong><u>La Villa Albertine s\u2019associe \u00e0 l\u2019armateur fran\u00e7ais <a href=\"https:\/\/www.marfret.fr\/\">MARFRET <\/a>et au <a href=\"https:\/\/www.musee-marine.fr\/\">Mus\u00e9e national de la Marine<\/a> pour ouvrir une ligne maritime d\u00e9di\u00e9e aux artistes et \u00e9crivains entre l&rsquo;Hexagone, les \u00c9tats-Unis et les territoires fran\u00e7ais du Pacifique.<\/u><\/strong><\/h4>\n\n\n\n<p>Depuis sa cr\u00e9ation \u00e0 l\u2019automne 2021, la Villa Albertine a propos\u00e9 un nouveau concept de r\u00e9sidences qui a d\u00e9j\u00e0 permis \u00e0 pr\u00e8s de 180 cr\u00e9ateurs, penseurs et professionnels de la culture d\u2019effectuer un ou plusieurs s\u00e9jours d\u2019exploration sur mesure, sur l\u2019ensemble du territoire des \u00c9tats-Unis (dans une cinquantaine de villes \u00e0 cette date), pour nourrir une r\u00e9flexion artistique ou intellectuelle originale aux prises avec la soci\u00e9t\u00e9 am\u00e9ricaine et les grands enjeux contemporains.<\/p>\n\n\n\n<p>En 2023, la Villa Albertine poursuit cette r\u00e9flexion sur les formats de mobilit\u00e9 artistique et s\u2019associe \u00e0 MARFRET, compagnie fran\u00e7aise de transport maritime de fret, et au Mus\u00e9e national de la Marine, pour activer une ligne maritime d\u00e9di\u00e9e aux artistes et \u00e9crivains \u00e0 travers l\u2019Atlantique et le Pacifique. \u00c0 l&rsquo;aller, l&rsquo;Atlantic-Pacific Artists Line connecte Le Havre \u00e0 Papeete et Noum\u00e9a via les \u00c9tats-Unis (New York), la Jama\u00efque (Kingston) et le canal de Panama en cinq semaines ; au retour, Papeete et Noum\u00e9a seront reli\u00e9s au Havre via l\u2019Australie, la Nouvelle-Z\u00e9lande, le Panama, les \u00c9tats-Unis (Philadelphie) et les ports du Nord de l\u2019Europe, en sept semaines. Divers regards cr\u00e9atifs auront la possibilit\u00e9 d&rsquo;observer le monde contemporain depuis la passerelle d\u2019un porte-conteneurs, le MARIUS.<\/p>\n\n\n\n<figure class=\"wp-block-image size-large is-resized\"><img loading=\"lazy\" decoding=\"async\" width=\"1024\" height=\"480\" src=\"https:\/\/villa-albertine.org\/wp-content\/uploads\/2023\/09\/MicrosoftTeams-image-16-2-1024x480.jpg\" alt=\"Ligne Atlantique-Pacifique. MARFRET.\" class=\"wp-image-309681\" style=\"width:840px;height:394px\" srcset=\"https:\/\/villa-albertine.org\/wp-content\/uploads\/2023\/09\/MicrosoftTeams-image-16-2-1024x480.jpg 1024w, https:\/\/villa-albertine.org\/wp-content\/uploads\/2023\/09\/MicrosoftTeams-image-16-2-300x141.jpg 300w, https:\/\/villa-albertine.org\/wp-content\/uploads\/2023\/09\/MicrosoftTeams-image-16-2-768x360.jpg 768w, https:\/\/villa-albertine.org\/wp-content\/uploads\/2023\/09\/MicrosoftTeams-image-16-2.jpg 1060w\" sizes=\"auto, (max-width: 1024px) 100vw, 1024px\" \/><\/figure>\n\n\n\n<p><\/p>\n\n\n\n<p>Pour une premi\u00e8re p\u00e9riode de 12 mois, au fil de quatre rotations compl\u00e8tes \u00e0 travers l\u2019Atlantique et le Pacifique, le MARIUS, porte-conteneurs de 195 m\u00e8tres, pourra accueillir en permanence un \u00e9crivain ou un artiste au sein de son \u00e9quipage. Ce r\u00e9sident embarqu\u00e9 pourra naviguer sur tout ou partie de la ligne desservie par le navire, selon les besoins de son projet de r\u00e9sidence.<\/p>\n\n\n\n<p>En plus de b\u00e9n\u00e9ficier \u00e0 des r\u00e9sidents de la Villa Albertine, en partance pour \u2013 ou revenant de \u2013 leur r\u00e9sidence aux \u00c9tats-Unis, et \u00e0 des artistes invit\u00e9s \u00e0 r\u00e9aliser un projet sur commande, la ligne artistique Atlantique-Pacifique est d\u00e9sormais ouverte \u00e0 tous les cr\u00e9ateurs via l\u2019appel \u00e0 candidatures ci-dessous. Cette r\u00e9sidence embarqu\u00e9e s\u2019adresse autant \u00e0 des cr\u00e9ateurs de l&rsquo;Hexagone, \u00e0 des cr\u00e9ateurs bas\u00e9s dans les territoires fran\u00e7ais du Pacifique (Nouvelle-Cal\u00e9donie et Polyn\u00e9sie fran\u00e7aise), qu\u2019\u00e0 des cr\u00e9ateurs bas\u00e9s aux \u00c9tats-Unis et d\u00e9sireux de voyager \u00e0 travers l\u2019Atlantique ou le Pacifique.<\/p>\n\n\n\n<p>Active depuis le 15 ao\u00fbt 2023, la ligne a d\u00e9j\u00e0 permis \u00e0 deux premiers r\u00e9sidents d&#8217;embarquer dans le cadre d\u2019une carte blanche pour <em>States<\/em>, la revue de la Villa Albertine (prochain num\u00e9ro \u00e0 para\u00eetre en d\u00e9cembre 2023)&nbsp;:<\/p>\n\n\n\n<ul class=\"wp-block-list\">\n<li>Pierre Buttin, <a href=\"http:\/\/www.pierrebuttin.com\/\">illustrateur<\/a> fran\u00e7ais bas\u00e9 \u00e0 Londres, collaborateur r\u00e9gulier du New York Times et du New Yorker, a embarqu\u00e9 au Havre le 15 ao\u00fbt, \u00e0 destination de New York.<\/li>\n\n\n\n<li>Arno Bertina, auteur d\u2019une vingtaine d\u2019ouvrages, romans, essais biographiques, livres jeunesse ou de photographie, a embarqu\u00e9 \u00e0 Savannah le 25 ao\u00fbt dernier pour rejoindre Papeete au terme d\u2019une navigation de 3 semaines \u00e0 travers la Cara\u00efbe, le canal de Panama et le Pacifique.<\/li>\n<\/ul>\n\n\n\n<figure class=\"wp-block-image alignnone size-large is-resized wp-image-304776\"><img loading=\"lazy\" decoding=\"async\" width=\"1024\" height=\"711\" src=\"https:\/\/villa-albertine.org\/wp-content\/uploads\/2023\/09\/Visuel-Pierre-Buttin-2-1024x711.jpg\" alt=\"\" class=\"wp-image-309949\" style=\"width:980px;height:678px\" srcset=\"https:\/\/villa-albertine.org\/wp-content\/uploads\/2023\/09\/Visuel-Pierre-Buttin-2-1024x711.jpg 1024w, https:\/\/villa-albertine.org\/wp-content\/uploads\/2023\/09\/Visuel-Pierre-Buttin-2-300x208.jpg 300w, https:\/\/villa-albertine.org\/wp-content\/uploads\/2023\/09\/Visuel-Pierre-Buttin-2-768x534.jpg 768w, https:\/\/villa-albertine.org\/wp-content\/uploads\/2023\/09\/Visuel-Pierre-Buttin-2.jpg 1392w\" sizes=\"auto, (max-width: 1024px) 100vw, 1024px\" \/><figcaption class=\"wp-element-caption\"><p>Pierre Buttin, 2023<\/p><\/figcaption><\/figure>\n\n\n\n<p>En 2025, la France accueillera \u00e0 Nice la Conf\u00e9rence des Nations Unies sur l&rsquo;oc\u00e9an ; 2025 sera plus largement l\u2019ann\u00e9e des oc\u00e9ans, qui donnera lieu \u00e0 une s\u00e9rie d\u2019initiatives de sensibilisation men\u00e9es partout en France. Dans cette perspective, l\u2019<em>Atlantic-Pacific Artists Line<\/em> veut contribuer \u00e0 rendre visible et sensible l&rsquo;omnipr\u00e9sence des oc\u00e9ans dans notre vie quotidienne, tout en cr\u00e9ant de nouveaux liens entre l&rsquo;Hexagone, les territoires fran\u00e7ais du Pacifique et les \u00c9tats-Unis.<\/p>\n\n\n\n<p>La direction op\u00e9rationnelle de <em>l\u2019Atlantic-Pacific Artists Line<\/em> est assur\u00e9e par MARFRET ; sa direction artistique est assur\u00e9e par la Villa Albertine.<\/p>\n\n\n\n<p><\/p>\n\n\n\n<h4 class=\"wp-block-heading\"><u><strong>Appel \u00e0 candidatures pour un embarquement en 2024<\/strong><\/u><\/h4>\n\n\n\n<p>La Villa Albertine lance un appel \u00e0 candidatures, ouvert jusqu\u2019au 31 octobre 2023, \u00e0 destination de cr\u00e9ateurs (toutes disciplines) d\u00e9sireux d\u2019effectuer une r\u00e9sidence d\u2019exploration en int\u00e9grant l\u2019\u00e9quipage du MARIUS entre le 1er janvier et le 1er septembre 2024.<\/p>\n\n\n\n<p>L\u2019objectif de cette r\u00e9sidence est de s\u2019immerger dans l\u2019univers du MARIUS et des navigations trans-oc\u00e9aniques, pour porter un regard r\u00e9flexif et cr\u00e9atif original sur le monde contemporain vu depuis la passerelle d\u2019un porte-conteneurs. Cette immersion peut durer plusieurs jours ou plusieurs semaines ; elle devra se caler sur le plan de navigation du MARIUS. L\u2019embarquement proprement dit sera pr\u00e9c\u00e9d\u00e9 de 2 \u00e0 3 jours d\u2019immersion au sein d&rsquo;une agence de MARFRET pour approcher l\u2019univers du transport maritime dans sa globalit\u00e9. Les candidats sont invit\u00e9s \u00e0 faire conna\u00eetre leurs pr\u00e9f\u00e9rences en termes de dates \/ lieux d\u2019embarquement et de d\u00e9barquement, mais aussi \u00e0 indiquer s\u2019ils ont une flexibilit\u00e9 au cas o\u00f9 seul un autre segment de la ligne pourrait leur \u00eatre propos\u00e9.<\/p>\n\n\n\n<p>NB. Cette r\u00e9sidence pr\u00e9sente des contraintes particuli\u00e8res, qui sont d\u00e9taill\u00e9es plus bas.<\/p>\n\n\n\n<p>Les candidats devront pr\u00e9senter un dossier de candidature comprenant les \u00e9l\u00e9ments suivants :<\/p>\n\n\n\n<ul class=\"wp-block-list\">\n<li><strong>(A) \u00ab Fiche d\u2019information Candidat \u00bb compl\u00e9t\u00e9e<\/strong>. Elle est \u00e0 t\u00e9l\u00e9charger via <a href=\"https:\/\/frenchcultural.sharepoint.com\/:b:\/s\/VILLAALBERTINE\/Eb2IeASgRi5NqpJK_Ur8iUQBSUIYD9MIqod4RXNpn28VNw?e=6gzlMQ\">ce lien<\/a> ;<\/li>\n\n\n\n<li><strong>(B) Dossier de pr\u00e9sentation du parcours du candidat et de son travail<\/strong> en format PDF, de moins de 10 pages et de 8 Mo maximum (ex. CV et pr\u00e9sentation d\u2019un nombre limit\u00e9 de projets r\u00e9alis\u00e9s). Ce document permettra d\u2019appr\u00e9cier le parcours et le travail du candidat et justifiera de la pratique professionnelle de son activit\u00e9 dans les champs de la cr\u00e9ation artistique et intellectuelle.<\/li>\n\n\n\n<li><strong>(C) Texte de pr\u00e9sentation du projet de r\u00e9sidence embarqu\u00e9e <\/strong>en format PDF, de moins de 3 pages. Le projet peut proposer une recherche artistique nouvelle ou prolonger une recherche d\u00e9j\u00e0 en cours. Il devra pleinement s\u2019inscrire dans le format de la r\u00e9sidence et proposer une r\u00e9flexion cr\u00e9ative sur l\u2019univers du transport maritime et de la vie embarqu\u00e9e, l&rsquo;univers du transport maritime et les relations entre la France et les Etats-Unis. Une forme, simple le cas \u00e9ch\u00e9ant, de restitution doit \u00eatre propos\u00e9e.<\/li>\n\n\n\n<li><strong>(D) Justification de l\u2019aptitude du candidat \u00e0 embarquer pour une r\u00e9sidence \u00e0 bord du MARIUS,<\/strong> au format pdf et d\u2019une page maximum. Le candidat explicitera les raisons pour lesquelles il s\u2019estime pr\u00eat \u00e0 accomplir une r\u00e9sidence \u00e0 bord du MARIUS, qui demande notamment d\u2019\u00eatre en excellente sant\u00e9 (pas de m\u00e9decin \u00e0 bord pendant les travers\u00e9es, n\u00e9cessit\u00e9 de monter plusieurs \u00e9tages plusieurs fois par jour), d\u2019avoir de bonnes dispositions relationnelles (isolement vis-\u00e0-vis du monde ext\u00e9rieur, environnement social restreint et codifi\u00e9). Il est pr\u00e9f\u00e9rable d\u2019avoir d\u00e9j\u00e0 eu une exp\u00e9rience en mer (certaines travers\u00e9es peuvent \u00eatre agit\u00e9es, notamment durant la p\u00e9riode hivernale).<\/li>\n\n\n\n<li><strong>(E) Le\/les segments de navigation envisag\u00e9(s), <\/strong>en compl\u00e9tant la fiche disponible <em><a href=\"https:\/\/frenchcultural.sharepoint.com\/:b:\/s\/VILLAALBERTINE\/EbZGJRg0WD5CnDnLgeOAM1EBbfGU4ep8iClVi4afQR-7nw?e=U5dr0m\">ici<\/a><\/em>.<\/li>\n\n\n\n<li><strong>(F) Vid\u00e9o de 3 minutes dans laquelle le candidat s\u2019exprime en anglais (langue de communication \u00e0 bord du MARIUS).<\/strong> Le lien vid\u00e9o doit \u00eatre indiqu\u00e9 sur un document PDF. Le candidat est invit\u00e9 \u00e0 se pr\u00e9senter, \u00e0 \u00e9voquer son projet, sans lire un texte pr\u00e9par\u00e9. La vid\u00e9o est \u00e0 d\u00e9poser sur une plateforme telle que YouTube ou Vimeo, en mode \u00ab non r\u00e9f\u00e9renc\u00e9e \u00bb (\u00ab unlisted \u00bb) pour qu\u2019elle soit accessible seulement aux personnes qui disposent du lien de visionnage. Si votre vid\u00e9o est prot\u00e9g\u00e9e par un mot de passe, merci de nous le communiquer en l\u2019indiquant \u00e9galement sur le document PDF d\u00e9di\u00e9.<\/li>\n<\/ul>\n\n\n\n<p><\/p>\n\n\n\n<p><strong><u>Crit\u00e8res de s\u00e9lection<\/u><\/strong><\/p>\n\n\n\n<p>Les crit\u00e8res d\u2019appr\u00e9ciation d\u2019une candidature sont :<\/p>\n\n\n\n<ul class=\"wp-block-list\">\n<li>La qualit\u00e9 du parcours du candidat, appr\u00e9ci\u00e9e sur la base de son document de pr\u00e9sentation (B) ;<\/li>\n\n\n\n<li>La qualit\u00e9 du projet, appr\u00e9ci\u00e9 sur la base de son document descriptif (C) : le projet est clair et les axes artistiques, culturels, intellectuels qu\u2019il d\u00e9veloppe sont pertinents ; le projet propose une r\u00e9flexion en lien avec les enjeux maritimes et les liens transatlantiques ; les possibilit\u00e9s de restitution \u00e0 l\u2019issue de la r\u00e9sidence sont \u00e0 la mesure du projet ;<\/li>\n\n\n\n<li>La faisabilit\u00e9 du projet, \u00e9valu\u00e9e notamment sur la base des documents et renseignements (A), (D), (E) et (F).<\/li>\n<\/ul>\n\n\n\n<p>Le candidat devra \u00eatre \u00e2g\u00e9 de plus de 21 ans avant la date de d\u00e9part envisag\u00e9e en r\u00e9sidence.<br>Seules les candidatures individuelles sont accept\u00e9es, en raison des contraintes d\u2019espace \u00e0 bord. Pour les m\u00eames raisons pratiques, cette r\u00e9sidence ne peut pas int\u00e9grer d\u2019accompagnateurs, par exemple de membres de sa famille, de collaborateurs ou de partenaires professionnels.<\/p>\n\n\n\n<p>Les candidatures sont \u00e0 transmettre d\u2019ici le 31 octobre, 23h59 heure de Paris (UTC+1), \u00e0 l\u2019adresse suivante :<\/p>\n\n\n\n<p><strong>candidatures@villa-albertine.org<\/strong><\/p>\n\n\n\n<p><\/p>\n\n\n\n<h4 class=\"wp-block-heading\"><strong><u>Accompagnement par la Villa Albertine et Marfret<\/u><\/strong><\/h4>\n\n\n\n<p>Conjointement, la Villa Albertine et Marfret contribuent \u00e0 la prise en charge des frais aff\u00e9rents \u00e0 la r\u00e9sidence, \u00e0 savoir :<\/p>\n\n\n\n<ul class=\"wp-block-list\">\n<li>Le s\u00e9jour portuaire. Un s\u00e9jour de deux \u00e0 trois jours est organis\u00e9 pour le r\u00e9sident dans une des agences portuaires de MARFRET, pour d\u00e9couvrir le quotidien, les m\u00e9tiers et la logistique des ports. Sont pris en charge les transports, le logement et les repas du r\u00e9sident.<\/li>\n\n\n\n<li>Le s\u00e9jour \u00e0 bord : le co\u00fbt de la vie \u00e0 bord (cabine individuelle avec salle de bain priv\u00e9e, repas, pr\u00eat de tenues adapt\u00e9es) est couvert.<\/li>\n\n\n\n<li>L\u2019assurance sant\u00e9, responsabilit\u00e9 civile et rapatriement.<\/li>\n\n\n\n<li>Les transports qui pr\u00e9c\u00e8dent et suivent imm\u00e9diatement la r\u00e9sidence embarqu\u00e9e.<br>Sont pris en charge \u00e0 ce titre :\n<ul class=\"wp-block-list\">\n<li>Les voyages int\u00e9rieurs jusqu\u2019aux ports si n\u00e9cessaire ;<\/li>\n\n\n\n<li>Le&nbsp;logement \u00e0 l\u2019arriv\u00e9e et\/ou au d\u00e9part, en fonction du segment de navigation concern\u00e9, pour une dur\u00e9e de 3 \u00e0 7 jours maximum ;<\/li>\n\n\n\n<li>Une allocation journali\u00e8re pendant le s\u00e9jour sur le territoire des \u00c9tats-Unis, permettant de couvrir les frais du quotidien sur le territoire concern\u00e9 (repas, frais t\u00e9l\u00e9phoniques et bancaires, etc.), ainsi que les frais de visa ;<\/li>\n\n\n\n<li>Les voyages internationaux additionnels \u00e0 la travers\u00e9e maritime \u00e0 bord du MARIUS.<\/li>\n<\/ul>\n<\/li>\n<\/ul>\n\n\n\n<p>\u00c0 titre d\u2019exemple, pour un r\u00e9sident qui effectuerait une r\u00e9sidence embarqu\u00e9e entre le Havre et New York, seraient pris en charge son transport depuis son lieu de vie habituel jusqu\u2019au port du Havre ; son logement et ses repas au Havre dans le cadre d\u2019un s\u00e9jour portuaire de deux \u00e0 trois jours, en pr\u00e9paration de sa r\u00e9sidence ; son s\u00e9jour \u00e0 bord du MARIUS d\u00e8s l\u2019embarquement au Havre ; son s\u00e9jour \u00e0 New York pour quelques jours \u00e0 son arriv\u00e9e ; son transport retour vers son lieu de vie habituel.<\/p>\n\n\n\n<p>Ni la Villa Albertine, ni Marfret ne&nbsp;pourront s\u2019engager&nbsp;\u00e0 couvrir d\u2019autres d\u00e9penses que les frais de d\u00e9placement et de s\u00e9jour mentionn\u00e9s ci-dessus.<\/p>\n\n\n\n<p>Pour tout d\u00e9barquement, le r\u00e9sident doit se conformer aux obligations douani\u00e8res propres \u00e0 chaque pays.<\/p>\n\n\n\n<p>IMPORTANT : dans le cas d\u2019un d\u00e9barquement aux \u00c9tats-Unis, un ESTA (<em>Electronic System For Travel Authorization<\/em>) ne suffit pas. Le r\u00e9sident devra effectuer lui-m\u00eame les d\u00e9marches n\u00e9cessaires \u00e0 l\u2019obtention d\u2019un visa B1 ou B1\/B2. La Villa Albertine fournira les documents justificatifs n\u00e9cessaires \u00e0 la compl\u00e9tude du dossier de demande de visa. Dans le cas d\u2019un embarquement depuis les \u00c9tats-Unis, un ESTA peut en revanche suffir.<\/p>\n\n\n\n<p><\/p>\n\n\n\n<h4 class=\"wp-block-heading\"><strong><u>Conditions de s\u00e9jour \u00e0 bord du MARIUS :<\/u><\/strong><\/h4>\n\n\n\n<p><strong>Cabine : <\/strong>le r\u00e9sident sera log\u00e9 \u00e0 bord dans une cabine individuelle confortable, avec une salle de bain privative.<\/p>\n\n\n\n<p><strong>\u00c9quipement \u00e9lectrique de la cabine : <\/strong>la cabine est \u00e9quip\u00e9e de prises fran\u00e7aises, ainsi que d\u2019une prise rasoir dans la salle de bain. Elle est \u00e9quip\u00e9e d\u2019une lampe de chevet murale, d\u2019une lampe de bureau et d\u2019un r\u00e9frig\u00e9rateur.<\/p>\n\n\n\n<p><strong>Repas : <\/strong>les repas du r\u00e9sident sont assur\u00e9s. Certains repas peuvent \u00eatre pris avec le capitaine, en particulier le petit-d\u00e9jeuner et le d\u00eener.<\/p>\n\n\n\n<p><strong>Achats : <\/strong>il est recommand\u00e9 au r\u00e9sident de se munir de dollars en liquide, pour le paiement de biens \u00e0 bord, notamment en-cas (chips, chocolat, etc.), boissons (vin, bi\u00e8re), cigarettes et recharges internet.<\/p>\n\n\n\n<p><strong>Internet : <\/strong>le r\u00e9sident peut avoir gracieusement acc\u00e8s \u00e0 une liaison internet \u00e0 bord, \u00e0 l\u2019exception de quelques portions limit\u00e9es de la rotation du MARIUS. Il convient de noter que le d\u00e9bit est limit\u00e9 et ne permet que l&rsquo;envoi et la r\u00e9ception de textes, \u00e0 l&rsquo;exclusion des images.<\/p>\n\n\n\n<p><strong>V\u00eatements et chaussures : <\/strong>une buanderie gratuite est disponible \u00e0 bord. Pour toutes les sorties sur le pont, le r\u00e9sident doit s\u2019\u00e9quiper d\u2019une combinaison et de chaussures de s\u00e9curit\u00e9, qui seront pr\u00eat\u00e9es. A l\u2019int\u00e9rieur, le port de chaussures de s\u00e9curit\u00e9 n\u2019est pas indispensable, mais le port de chaussures ferm\u00e9es reste n\u00e9cessaire en dehors de la cabine.<\/p>\n\n\n\n<p><strong>Mal de mer :<\/strong> les conditions de navigation sont \u00e9volutives, et peuvent donner lieu \u00e0 des moments de perturbation. Par pr\u00e9caution, pr\u00e9voir des pastilles contre le mal de mer.<\/p>\n\n\n\n<p><strong>Bruit : <\/strong>par pr\u00e9caution, pr\u00e9voir des bouchons d\u2019oreille en cas de sensibilit\u00e9 aux bruits (moteur, vent, oc\u00e9an, bruits de la coque, ventilation, etc.). L\u2019univers sonore du MARIUS et de l\u2019oc\u00e9an autour favorise toutefois un sommeil paisible et profond, d\u2019apr\u00e8s les retours des premiers r\u00e9sidents.<\/p>\n\n\n\n<p><\/p>\n\n\n\n<p><strong><strong><u>FAQ<\/u><\/strong><\/strong><\/p>\n\n\n\n<p><strong>Puis-je postuler \u00e0 l\u2019appel si je suis de nationalit\u00e9 canadienne ?<\/strong><br>Seuls les citoyens ou r\u00e9sidents fran\u00e7ais ou am\u00e9ricains peuvent postuler \u00e0 l\u2019appel.<\/p>\n\n\n\n<p><strong>Je souhaite choisir un cr\u00e9neau de navigation apr\u00e8s juillet 2024, o\u00f9 puis-je trouver ces cr\u00e9neaux ?<\/strong><br>Le planning de navigation du Marius n\u2019est pas certain apr\u00e8s cette date. Les dates indiqu\u00e9es apr\u00e8s juillet 2024 sont indicatives et sont susceptibles d\u2019\u00eatre ajust\u00e9es.<\/p>\n\n\n\n<p><strong>Je remarque sur le site de MARFRET que le MARIUS effectue des segments de navigation qui ne sont pas indiqu\u00e9s dans le formulaire. Puis-je postuler sur ces segments ?<\/strong><br>Les segments de navigation qui ne figurent pas dans le formulaire ne sont pas ouverts dans le cadre de cet appel \u00e0 candidatures.<\/p>\n\n\n\n<p><strong>De qui le jury de s\u00e9lection est-il compos\u00e9, et quand se tiendra-t-il ?<\/strong><br>Le jury sera compos\u00e9 d\u2019un.e repr\u00e9sentant.e de chaque institution partenaire (Villa Albertine, MARFRET, Mus\u00e9e national de la Marine). La date de r\u00e9union du jury n\u2019a pas \u00e9t\u00e9 arr\u00eat\u00e9e \u00e0 ce stade.<\/p>\n\n\n\n<p><\/p>\n\n\n\n<p><\/p>\n\n\n\n<p>***<\/p>\n","protected":false},"featured_media":309301,"menu_order":0,"template":"","class_list":["post-298402","app_villa_article","type-app_villa_article","status-publish","has-post-thumbnail","hentry"],"acf":[],"yoast_head":"<!-- This site is optimized with the Yoast SEO plugin v27.3 - https:\/\/yoast.com\/product\/yoast-seo-wordpress\/ -->\n<title>The Atlantic-Pacific Artists Line - Villa Albertine<\/title>\n<meta name=\"robots\" content=\"index, follow, max-snippet:-1, max-image-preview:large, max-video-preview:-1\" \/>\n<link rel=\"canonical\" href=\"https:\/\/villa-albertine.org\/va\/fr\/posts\/the-atlantic-pacific-artists-line\/\" \/>\n<meta property=\"og:locale\" content=\"fr_FR\" \/>\n<meta property=\"og:type\" content=\"article\" \/>\n<meta property=\"og:title\" content=\"The Atlantic-Pacific Artists Line - Villa Albertine\" \/>\n<meta property=\"og:description\" content=\"La Villa Albertine s\u2019associe \u00e0 l\u2019armateur fran\u00e7ais MARFRET et au Mus\u00e9e national de la Marine pour ouvrir une ligne maritime d\u00e9di\u00e9e aux artistes et \u00e9crivains entre l&rsquo;Hexagone, les \u00c9tats-Unis et les territoires fran\u00e7ais du Pacifique. Depuis sa cr\u00e9ation \u00e0 l\u2019automne 2021, la Villa Albertine a propos\u00e9 un nouveau concept de r\u00e9sidences qui a d\u00e9j\u00e0 permis...\" \/>\n<meta property=\"og:url\" content=\"https:\/\/villa-albertine.org\/va\/fr\/posts\/the-atlantic-pacific-artists-line\/\" \/>\n<meta property=\"og:site_name\" content=\"Villa Albertine\" \/>\n<meta property=\"article:modified_time\" content=\"2023-10-24T18:32:54+00:00\" \/>\n<meta property=\"og:image\" content=\"https:\/\/villa-albertine.org\/wp-content\/uploads\/2023\/09\/marius.png\" \/>\n\t<meta property=\"og:image:width\" content=\"1392\" \/>\n\t<meta property=\"og:image:height\" content=\"843\" \/>\n\t<meta property=\"og:image:type\" content=\"image\/png\" \/>\n<meta name=\"twitter:card\" content=\"summary_large_image\" \/>\n<meta name=\"twitter:label1\" content=\"Dur\u00e9e de lecture estim\u00e9e\" \/>\n\t<meta name=\"twitter:data1\" content=\"12 minutes\" \/>\n<script type=\"application\/ld+json\" class=\"yoast-schema-graph\">{\"@context\":\"https:\\\/\\\/schema.org\",\"@graph\":[{\"@type\":\"WebPage\",\"@id\":\"https:\\\/\\\/villa-albertine.org\\\/va\\\/fr\\\/posts\\\/the-atlantic-pacific-artists-line\\\/\",\"url\":\"https:\\\/\\\/villa-albertine.org\\\/va\\\/fr\\\/posts\\\/the-atlantic-pacific-artists-line\\\/\",\"name\":\"The Atlantic-Pacific Artists Line - Villa Albertine\",\"isPartOf\":{\"@id\":\"https:\\\/\\\/villa-albertine.org\\\/va\\\/fr\\\/#website\"},\"primaryImageOfPage\":{\"@id\":\"https:\\\/\\\/villa-albertine.org\\\/va\\\/fr\\\/posts\\\/the-atlantic-pacific-artists-line\\\/#primaryimage\"},\"image\":{\"@id\":\"https:\\\/\\\/villa-albertine.org\\\/va\\\/fr\\\/posts\\\/the-atlantic-pacific-artists-line\\\/#primaryimage\"},\"thumbnailUrl\":\"https:\\\/\\\/villa-albertine.org\\\/wp-content\\\/uploads\\\/2023\\\/09\\\/marius.png\",\"datePublished\":\"2023-09-28T22:10:26+00:00\",\"dateModified\":\"2023-10-24T18:32:54+00:00\",\"breadcrumb\":{\"@id\":\"https:\\\/\\\/villa-albertine.org\\\/va\\\/fr\\\/posts\\\/the-atlantic-pacific-artists-line\\\/#breadcrumb\"},\"inLanguage\":\"fr-FR\",\"potentialAction\":[{\"@type\":\"ReadAction\",\"target\":[\"https:\\\/\\\/villa-albertine.org\\\/va\\\/fr\\\/posts\\\/the-atlantic-pacific-artists-line\\\/\"]}]},{\"@type\":\"ImageObject\",\"inLanguage\":\"fr-FR\",\"@id\":\"https:\\\/\\\/villa-albertine.org\\\/va\\\/fr\\\/posts\\\/the-atlantic-pacific-artists-line\\\/#primaryimage\",\"url\":\"https:\\\/\\\/villa-albertine.org\\\/wp-content\\\/uploads\\\/2023\\\/09\\\/marius.png\",\"contentUrl\":\"https:\\\/\\\/villa-albertine.org\\\/wp-content\\\/uploads\\\/2023\\\/09\\\/marius.png\",\"width\":1392,\"height\":843},{\"@type\":\"BreadcrumbList\",\"@id\":\"https:\\\/\\\/villa-albertine.org\\\/va\\\/fr\\\/posts\\\/the-atlantic-pacific-artists-line\\\/#breadcrumb\",\"itemListElement\":[{\"@type\":\"ListItem\",\"position\":1,\"name\":\"Home\",\"item\":\"https:\\\/\\\/villa-albertine.org\\\/va\\\/fr\\\/home\\\/\"},{\"@type\":\"ListItem\",\"position\":2,\"name\":\"The Atlantic-Pacific Artists Line\"}]},{\"@type\":\"WebSite\",\"@id\":\"https:\\\/\\\/villa-albertine.org\\\/va\\\/fr\\\/#website\",\"url\":\"https:\\\/\\\/villa-albertine.org\\\/va\\\/fr\\\/\",\"name\":\"Villa Albertine\",\"description\":\"\",\"potentialAction\":[{\"@type\":\"SearchAction\",\"target\":{\"@type\":\"EntryPoint\",\"urlTemplate\":\"https:\\\/\\\/villa-albertine.org\\\/va\\\/fr\\\/?s={search_term_string}\"},\"query-input\":{\"@type\":\"PropertyValueSpecification\",\"valueRequired\":true,\"valueName\":\"search_term_string\"}}],\"inLanguage\":\"fr-FR\"}]}<\/script>\n<!-- \/ Yoast SEO plugin. -->","yoast_head_json":{"title":"The Atlantic-Pacific Artists Line - Villa Albertine","robots":{"index":"index","follow":"follow","max-snippet":"max-snippet:-1","max-image-preview":"max-image-preview:large","max-video-preview":"max-video-preview:-1"},"canonical":"https:\/\/villa-albertine.org\/va\/fr\/posts\/the-atlantic-pacific-artists-line\/","og_locale":"fr_FR","og_type":"article","og_title":"The Atlantic-Pacific Artists Line - Villa Albertine","og_description":"La Villa Albertine s\u2019associe \u00e0 l\u2019armateur fran\u00e7ais MARFRET et au Mus\u00e9e national de la Marine pour ouvrir une ligne maritime d\u00e9di\u00e9e aux artistes et \u00e9crivains entre l&rsquo;Hexagone, les \u00c9tats-Unis et les territoires fran\u00e7ais du Pacifique. Depuis sa cr\u00e9ation \u00e0 l\u2019automne 2021, la Villa Albertine a propos\u00e9 un nouveau concept de r\u00e9sidences qui a d\u00e9j\u00e0 permis...","og_url":"https:\/\/villa-albertine.org\/va\/fr\/posts\/the-atlantic-pacific-artists-line\/","og_site_name":"Villa Albertine","article_modified_time":"2023-10-24T18:32:54+00:00","og_image":[{"width":1392,"height":843,"url":"https:\/\/villa-albertine.org\/wp-content\/uploads\/2023\/09\/marius.png","type":"image\/png"}],"twitter_card":"summary_large_image","twitter_misc":{"Dur\u00e9e de lecture estim\u00e9e":"12 minutes"},"schema":{"@context":"https:\/\/schema.org","@graph":[{"@type":"WebPage","@id":"https:\/\/villa-albertine.org\/va\/fr\/posts\/the-atlantic-pacific-artists-line\/","url":"https:\/\/villa-albertine.org\/va\/fr\/posts\/the-atlantic-pacific-artists-line\/","name":"The Atlantic-Pacific Artists Line - Villa Albertine","isPartOf":{"@id":"https:\/\/villa-albertine.org\/va\/fr\/#website"},"primaryImageOfPage":{"@id":"https:\/\/villa-albertine.org\/va\/fr\/posts\/the-atlantic-pacific-artists-line\/#primaryimage"},"image":{"@id":"https:\/\/villa-albertine.org\/va\/fr\/posts\/the-atlantic-pacific-artists-line\/#primaryimage"},"thumbnailUrl":"https:\/\/villa-albertine.org\/wp-content\/uploads\/2023\/09\/marius.png","datePublished":"2023-09-28T22:10:26+00:00","dateModified":"2023-10-24T18:32:54+00:00","breadcrumb":{"@id":"https:\/\/villa-albertine.org\/va\/fr\/posts\/the-atlantic-pacific-artists-line\/#breadcrumb"},"inLanguage":"fr-FR","potentialAction":[{"@type":"ReadAction","target":["https:\/\/villa-albertine.org\/va\/fr\/posts\/the-atlantic-pacific-artists-line\/"]}]},{"@type":"ImageObject","inLanguage":"fr-FR","@id":"https:\/\/villa-albertine.org\/va\/fr\/posts\/the-atlantic-pacific-artists-line\/#primaryimage","url":"https:\/\/villa-albertine.org\/wp-content\/uploads\/2023\/09\/marius.png","contentUrl":"https:\/\/villa-albertine.org\/wp-content\/uploads\/2023\/09\/marius.png","width":1392,"height":843},{"@type":"BreadcrumbList","@id":"https:\/\/villa-albertine.org\/va\/fr\/posts\/the-atlantic-pacific-artists-line\/#breadcrumb","itemListElement":[{"@type":"ListItem","position":1,"name":"Home","item":"https:\/\/villa-albertine.org\/va\/fr\/home\/"},{"@type":"ListItem","position":2,"name":"The Atlantic-Pacific Artists Line"}]},{"@type":"WebSite","@id":"https:\/\/villa-albertine.org\/va\/fr\/#website","url":"https:\/\/villa-albertine.org\/va\/fr\/","name":"Villa Albertine","description":"","potentialAction":[{"@type":"SearchAction","target":{"@type":"EntryPoint","urlTemplate":"https:\/\/villa-albertine.org\/va\/fr\/?s={search_term_string}"},"query-input":{"@type":"PropertyValueSpecification","valueRequired":true,"valueName":"search_term_string"}}],"inLanguage":"fr-FR"}]}},"_links":{"self":[{"href":"https:\/\/villa-albertine.org\/va\/fr\/wp-json\/wp\/v2\/app_villa_article\/298402","targetHints":{"allow":["GET"]}}],"collection":[{"href":"https:\/\/villa-albertine.org\/va\/fr\/wp-json\/wp\/v2\/app_villa_article"}],"about":[{"href":"https:\/\/villa-albertine.org\/va\/fr\/wp-json\/wp\/v2\/types\/app_villa_article"}],"wp:featuredmedia":[{"embeddable":true,"href":"https:\/\/villa-albertine.org\/va\/fr\/wp-json\/wp\/v2\/media\/309301"}],"wp:attachment":[{"href":"https:\/\/villa-albertine.org\/va\/fr\/wp-json\/wp\/v2\/media?parent=298402"}],"curies":[{"name":"wp","href":"https:\/\/api.w.org\/{rel}","templated":true}]}}