{"id":63160,"date":"2023-06-01T14:00:53","date_gmt":"2023-06-01T14:00:53","guid":{"rendered":"https:\/\/villa-albertine.org\/news\/projets-laureats-appel-post-residences-0\/"},"modified":"2023-12-06T03:19:13","modified_gmt":"2023-12-06T03:19:13","slug":"projets-laureats-appel-post-residences-0","status":"publish","type":"app_news","link":"https:\/\/villa-albertine.org\/va\/fr\/news\/projets-laureats-appel-post-residences-0\/","title":{"rendered":"Les projets laur\u00e9ats de l\u2019appel post-r\u00e9sidences 2021-2022 sont annonc\u00e9s !"},"content":{"rendered":"<p><span class=\"ui-provider eo bic bid bie bif big bih bii bij bik bil bim bin bio bip biq bir bis bit biu biv biw bix biy biz bja bjb bjc bjd bje bjf bjg bjh bji bjj\" dir=\"ltr\">Le jury \u00e9tait compos\u00e9 de repr\u00e9sentants des partenaires de l\u2019appel : Judith Roze, directrice adjointe de la Villa Albertine, Chlo\u00e9 Fricout, responsable du p\u00f4le r\u00e9sidence de l\u2019Institut Fran\u00e7ais \u00e0 Paris, et Jean-Marc Bustamante, membre de l\u2019Acad\u00e9mie des beaux-arts Institut de France en section peinture. 34 projets ont \u00e9t\u00e9 d\u00e9pos\u00e9s et 21 ont \u00e9t\u00e9 retenus, certains prenant la forme de restitution th\u00e9\u00e2trale, \u00e9crite ou cin\u00e9matographique, la production d\u2019un podcast, d\u2019une exposition ou d\u2019un documentaire.\u00a0\u00a0<\/span><\/p>\n<p>Trois types de bourses ont \u00e9t\u00e9 propos\u00e9es pour\u202f:<\/p>\n<ul>\n<li>une restitution de la r\u00e9sidence<\/li>\n<li>la mobilit\u00e9 du r\u00e9sident aux \u00c9tats-Unis<\/li>\n<li>la mobilit\u00e9 d\u2019un professionnel am\u00e9ricain en France.<\/li>\n<\/ul>\n<p>Ces bourses seront attribu\u00e9es \u00e0 des structures fran\u00e7aises ou am\u00e9ricaines au profit d\u2019un projet men\u00e9 par un r\u00e9sident venu aux \u00c9tats-Unis en 2021 ou 2022. Les projets seront r\u00e9alis\u00e9s d\u2019ici fin 2024.<\/p>\n<p>Le jury \u00e9tait compos\u00e9 de repr\u00e9sentants des partenaires de l\u2019appel : Judith Roze, directrice adjointe de la Villa Albertine, Chlo\u00e9 Fricout, responsable du p\u00f4le r\u00e9sidence de l\u2019Institut Fran\u00e7ais, et Jean-Marc Bustamante, membre de l\u2019Acad\u00e9mie des beaux-arts Institut de France en section peinture. 34 projets ont \u00e9t\u00e9 d\u00e9pos\u00e9s et 21 ont \u00e9t\u00e9 retenus, certains prenant la forme de restitution th\u00e9\u00e2trale, \u00e9crite ou cin\u00e9matographique, la production d\u2019un podcast, d\u2019une exposition ou d\u2019un documentaire.<\/p>\n<p lang=\"FR-FR\" xml:lang=\"FR-FR\"><a href=\"https:\/\/nam11.safelinks.protection.outlook.com\/?url=https%3A%2F%2Fvilla-albertine.org%2Ffr%2Fresidents%2Faude-emilie-judaique-chloe-jarry&amp;data=05%7C01%7Crose.petit%40villa-albertine.org%7C9f0d48f4e92244c25b3008db56523bc0%7C2d6ab33a15c04d1eb0363b23ceb26830%7C0%7C0%7C638198683429830679%7CUnknown%7CTWFpbGZsb3d8eyJWIjoiMC4wLjAwMDAiLCJQIjoiV2luMzIiLCJBTiI6Ik1haWwiLCJXVCI6Mn0%3D%7C3000%7C%7C%7C&amp;sdata=ibK6V37x%2F56jOW5sUIIjW4S0QafRGF4oX7cvqS05h0w%3D&amp;reserved=0\">Anne-Laure Amilhat\u00a0Szary<\/a>\u00a0et le Centre d\u00b4\u00e9tudes mexicaines et centram\u00e9ricaines (CEMCA) : Aide \u00e0 Exploring Borders\/ Explorando Fronteras, exposition sur les fronti\u00e8res qui pr\u00e9sentera notamment des artistes \u00e9tatsuniens.<\/p>\n<p lang=\"FR-FR\" xml:lang=\"FR-FR\"><a href=\"https:\/\/villa-albertine.org\/fr\/residents\/andres-baron\">Andr\u00e8s Baron<\/a> et Ecstatic-Static : R\u00e9alisation de Gyre&rsquo;s\u00a0Galax, une vid\u00e9o \u00e0 propos de trois explorateurs dans un territoire inconnu. Ce microcosme tragi-comique r\u00e9fl\u00e9chit au pouvoir du langage dans une soci\u00e9t\u00e9 obs\u00e9d\u00e9e par la d\u00e9couverte et explore des voies relationnelles \u00e0 travers le r\u00eave et l\u2019hallucination.<\/p>\n<p><a href=\"https:\/\/villa-albertine.org\/fr\/residents\/nacera-belaza\">Nacera Belaza<\/a>, sa compagnie et Association Jazz \u00c2me : Aide \u00e0 la production d&rsquo;une performance dans\u00e9e inspir\u00e9e de sa r\u00e9sidence itin\u00e9rante aux \u00c9tats-Unis.<\/p>\n<p><a href=\"https:\/\/villa-albertine.org\/fr\/residents\/arlene-berceliot-courtin\">Arl\u00e8ne Berceliot-Courtin<\/a> et JRP|Editions: Publication monographique bilingue incluant une collection in\u00e9dite\u00a0de textes, essais et statements de Yvonne Rainer, compl\u00e9t\u00e9 par des conversations, une s\u00e9rie d&rsquo;entretiens\u00a0et un travail collaboratif et\/ou individuel de traduction.<\/p>\n<p lang=\"FR-FR\" xml:lang=\"FR-FR\"><a href=\"https:\/\/nam11.safelinks.protection.outlook.com\/?url=https%3A%2F%2Fvilla-albertine.org%2Ffr%2Fresidents%2Fbismuth-lea&amp;data=05%7C01%7Crose.petit%40villa-albertine.org%7Cbbd109edb6a248eefc1308db56a9c7d1%7C2d6ab33a15c04d1eb0363b23ceb26830%7C0%7C0%7C638199059443101127%7CUnknown%7CTWFpbGZsb3d8eyJWIjoiMC4wLjAwMDAiLCJQIjoiV2luMzIiLCJBTiI6Ik1haWwiLCJXVCI6Mn0%3D%7C3000%7C%7C%7C&amp;sdata=aVZ7x78gbn8OLm982Gy5m4wnl64bje0UbWhhMumKuqM%3D&amp;reserved=0\">L\u00e9a\u00a0Bismuth\u00a0<\/a>\u00a0et\u00a0Les \u00c9ditions Actes Sud (Coll.\u00a0Mondes Sauvages\u00a0&#8211; dirig\u00e9e par St\u00e9phane Durand) : \u00c9criture et publication d\u2019un livre\u00a0sur\u00a0l\u2019imaginaire spatial, en un r\u00e9cit philosophique, \u00e0 la rencontre de r\u00e9f\u00e9rences artistiques.<\/p>\n<p><a href=\"https:\/\/villa-albertine.org\/fr\/residents\/patrick-boucheron\">Patrick Boucheron<\/a> et Th\u00e9\u00e2tre national de Bretagne : \u00c9criture d&rsquo;un livre sur la question am\u00e9ricaine de la hantise \u00e9pid\u00e9mique \u00e0 partir de ses recherches sur la peste et proposition d\u2019une restitution th\u00e9\u00e2trale au moment de la restitution du livre.<\/p>\n<p><a href=\"https:\/\/villa-albertine.org\/fr\/residents\/jennifer-buyck\">Jennifer Buyck<\/a> et Universit\u00e9 Gustave Eiffel : Pr\u00e9sentation de deux films\u00a0dans le cadre de la biennale d\u2019architecture de Chicago &#8211; l\u2019un sur les rivi\u00e8res de Chicago, l\u2019autre sur le delta du Mississippi.<\/p>\n<p><a href=\"https:\/\/villa-albertine.org\/fr\/residents\/aya-cissoko\">Aya Cissoko<\/a> et Les films Hatari : Retour \u00e0 La Nouvelle-Orl\u00e9ans pour un tournage documentaire lors de mardi gras sur les corps des individus et des danseurs.<\/p>\n<p><a href=\"https:\/\/villa-albertine.org\/fr\/residents\/esse-dabla-attikpo\">Esse Dabla-Attikpo<\/a> et This No Be Art : Retour \u00e0 Atlanta pour la pr\u00e9sentation de son exposition autour des repr\u00e9sentations des masculinit\u00e9s noires, notamment autour du mod\u00e8le des artistes de hip-hop noirs.<\/p>\n<p><a href=\"https:\/\/villa-albertine.org\/fr\/residents\/chayma-drira\">Chayma Drira<\/a> et Les Ateliers M\u00e9dicis : Cr\u00e9ation de podcasts \u00e0 partir d&rsquo;interviews r\u00e9alis\u00e9es \u00e0 Chicago au sujet des lieux de m\u00e9moire, des forces vives engag\u00e9es dans la soci\u00e9t\u00e9 civile de la ville, et du concept de tiers lieu.<\/p>\n<p><a href=\"https:\/\/villa-albertine.org\/fr\/residents\/sivan-eldar\">Sivan Eldar<\/a> et la Fondation Camargo : Invitation de deux musiciens am\u00e9ricains pour d\u00e9velopper son projet d\u2019op\u00e9ra, Nine Jewelled Deer, d\u00e9but\u00e9 lors de sa r\u00e9sidence. La fin du laboratoire sera marqu\u00e9e par une restitution publique. La cr\u00e9ation mondiale de l&rsquo;op\u00e9ra est pr\u00e9vue au Festival d&rsquo;Aix-en-Provence en 2025.<\/p>\n<p><a href=\"https:\/\/villa-albertine.org\/fr\/residents\/nicolas-floch\">Nicolas Floc&rsquo;h<\/a> et la Fondation Camargo : Exposition des premi\u00e8res images de son itin\u00e9rance le long du Mississippi au Kennedy Center for Performing Arts \u00e0 Washington DC.<\/p>\n<p><a href=\"https:\/\/villa-albertine.org\/fr\/residents\/sasha-j-blondeau-francois-chaignaud-helene-giannecchini\">H\u00e9l\u00e8ne Giannecchini, Sasha J. Blondeau<\/a> et Galerie Marcelle Alix : Publication de la premi\u00e8re monographie de la photographe Donna Gottschalk accompagn\u00e9e de textes de personnalit\u00e9s majeures des queer et gender studies aux \u00c9tats-Unis.<\/p>\n<p lang=\"FR-FR\" xml:lang=\"FR-FR\"><a href=\"https:\/\/villa-albertine.org\/fr\/residents\/collectif-grau\">Susanne Eliasson, Anthony Jammes et GRAU<\/a>\u00a0architectes urbanistes\u00a0: Poursuite des recherches \u00e0 Chicago sur la grille urbaine de la ville (\u00ab Grid \u00bb) et sa condition de M\u00e9tropole Jardin. Les premi\u00e8res recherches seront expos\u00e9es courant automne 2023 \u00e0 Chicago.<\/p>\n<p lang=\"FR-FR\" xml:lang=\"FR-FR\"><a href=\"https:\/\/villa-albertine.org\/fr\/residents\/laura-henno\">Laura Henno<\/a> et Galerie Nathalie Obadia : Poursuite de son projet photographique autour de Slab City en Californie pour achever un chapitre centr\u00e9 sur une personne rencontr\u00e9e sur place, nouveau \u00ab\u202fslaber\u202f\u00bb prot\u00e9g\u00e9 par les habitants de longue date de cette \u00e9trange\u202fville du d\u00e9sert.<\/p>\n<p><a href=\"https:\/\/villa-albertine.org\/fr\/residents\/aude-emilie-judaique-chloe-jarry\">Aude-Emilie Juda\u00efque<\/a> et Lucid Realities : Retour en Californie pour effectuer un second temps de recherche sur les particularit\u00e9s territoriales de cet \u00e9tat, notamment les enjeux frontaliers auxquels il fait face.<\/p>\n<p><a href=\"https:\/\/villa-albertine.org\/fr\/residents\/fatoumata-kebe\">Fatoumata KEBE<\/a> et Association Eph\u00e9m\u00e9rides : Organisation de conf\u00e9rences pour le grand public et une formation pour professeurs des \u00e9coles sur les m\u00e9thodes d\u2019enseignement des connaissances li\u00e9es \u00e0 la Lune.<\/p>\n<p><a href=\"https:\/\/villa-albertine.org\/fr\/residents\/simone-lagrand\">Simone Lagrand<\/a> et SeizeM\u00e8tresCarr\u00e9s : Retour \u00e0 Miami pour effectuer des rencontres compl\u00e9mentaires avec des sp\u00e9cialistes des zones humides et mieux comprendre les imaginaires qui entourent la mangrove.<\/p>\n<p><a href=\"https:\/\/villa-albertine.org\/fr\/residents\/steven-leprize\">Steven Lepriz\u00e9<\/a> et ARCA \u00e9b\u00e9nisterie : Rencontre de galeries et d\u2019architectes et participation au salon Wanted Design pour finaliser une collection en 3D afin de la soumettre \u00e0 Invisible Collection.<\/p>\n<p><a href=\"https:\/\/villa-albertine.org\/fr\/residents\/fanny-liatard-jeremy-trouilh\">Fanny Liatard et J\u00e9r\u00e9my Trouilh<\/a> et June Films : Retour aux \u00c9tats-Unis pour compl\u00e9ter l&rsquo;\u00e9criture de leur prochain film et pr\u00e9voir sa production.<\/p>\n<p><a href=\"https:\/\/villa-albertine.org\/fr\/residents\/missla-libsekal\">Missla Libsekal<\/a> : S\u00e9jour de recherche dans des institutions \u00e0 New York et \u00e0 Washington sur la mani\u00e8re dont le jardin comme espace culturel aide \u00e0 lutter contre les pr\u00e9jug\u00e9s existant \u00e0 l\u2019encontre des personnes noires.<\/p>\n<p lang=\"FR-FR\" xml:lang=\"FR-FR\"><a href=\"https:\/\/nam11.safelinks.protection.outlook.com\/?url=https%3A%2F%2Fvilla-albertine.org%2Ffr%2Fresidents%2Floo-hui-phang-joseph-danvers&amp;data=05%7C01%7Crose.petit%40villa-albertine.org%7C740ba4d6de854d2f205908db585521e8%7C2d6ab33a15c04d1eb0363b23ceb26830%7C0%7C0%7C638200894911770095%7CUnknown%7CTWFpbGZsb3d8eyJWIjoiMC4wLjAwMDAiLCJQIjoiV2luMzIiLCJBTiI6Ik1haWwiLCJXVCI6Mn0%3D%7C3000%7C%7C%7C&amp;sdata=y37%2FSzwEHWila1aUG6r%2F50wHdB5zoqRgYWtBYgxBZ4s%3D&amp;reserved=0\">Loo Hui\u00a0Phang, Joseph D&rsquo;Anvers<\/a>\u00a0et\u00a0Doppelg\u00e4nger\u00a0: R\u00e9alisation d\u2019un\u00a0podcast inspir\u00e9\u00a0par les\u00a0rencontres et les r\u00e9cits recueillis\u00a0\u00e0 La Nouvelle-Orl\u00e9ans, d\u00e9ployant diff\u00e9rentes strates de la relation intime, historique, \u00e9conomique, identitaire, entre la ville, ses habitants et l&rsquo;eau qui les environne.<\/p>\n<p><a href=\"https:\/\/villa-albertine.org\/fr\/residents\/mathieu-pradat\">Mathieu Pradat<\/a> et La Prairie production : \u00c9criture et d\u00e9veloppement de \u00ab The Grid \u00bb, un jeu multi-joueurs o\u00f9 il est soit possible de s&rsquo;affronter pour empi\u00e9ter sur le territoire des autres joueurs, soit de collaborer pour se r\u00e9partir l&rsquo;espace public.<\/p>\n<p><a href=\"https:\/\/villa-albertine.org\/fr\/residents\/roque-rivas\">Roque Rivas<\/a> et Certain Measures : Production de l\u2019installation \u00ab Liquid Structure \u00bb m\u00ealant son, lumi\u00e8re, eau et architecture pour r\u00e9v\u00e9ler la complexit\u00e9 des syst\u00e8mes au sein desquels nous vivons.<\/p>\n","protected":false},"featured_media":63158,"menu_order":0,"template":"","app_discipline":[277,275,265,283,278,266,261,279,263,282,284],"app_city_tax":[268,269,271,270,272,267,262,264,273,276,274],"app_news_type":[],"class_list":["post-63160","app_news","type-app_news","status-publish","has-post-thumbnail","hentry","app_discipline-architecture-fr","app_discipline-arts-de-la-scene-fr","app_discipline-arts-visuels-fr","app_discipline-audiovisuel-fr","app_discipline-bande-dessinee-fr","app_discipline-cinema-fr","app_discipline-creation-numerique-fr","app_discipline-design-metiers-dart-fr","app_discipline-litterature-fr","app_discipline-sciences-humaines-et-sociales-fr","app_discipline-toutes-disciplines-fr","app_city_tax-atl-fr","app_city_tax-bos-fr","app_city_tax-chi-fr","app_city_tax-hou-fr","app_city_tax-nola-fr","app_city_tax-la-fr","app_city_tax-mia-fr","app_city_tax-nyc-fr","app_city_tax-sf-fr","app_city_tax-toutes-les-villes-fr","app_city_tax-dc-fr"],"acf":[],"yoast_head":"<!-- This site is optimized with the Yoast SEO plugin v27.3 - https:\/\/yoast.com\/product\/yoast-seo-wordpress\/ -->\n<title>Les projets laur\u00e9ats de l\u2019appel post-r\u00e9sidences 2021-2022 sont annonc\u00e9s ! - Villa Albertine<\/title>\n<meta name=\"robots\" content=\"index, follow, max-snippet:-1, max-image-preview:large, max-video-preview:-1\" \/>\n<link rel=\"canonical\" href=\"https:\/\/villa-albertine.org\/va\/fr\/news\/projets-laureats-appel-post-residences-0\/\" \/>\n<meta property=\"og:locale\" content=\"fr_FR\" \/>\n<meta property=\"og:type\" content=\"article\" \/>\n<meta property=\"og:title\" content=\"Les projets laur\u00e9ats de l\u2019appel post-r\u00e9sidences 2021-2022 sont annonc\u00e9s ! - Villa Albertine\" \/>\n<meta property=\"og:description\" content=\"Le jury \u00e9tait compos\u00e9 de repr\u00e9sentants des partenaires de l\u2019appel : Judith Roze, directrice adjointe de la Villa Albertine, Chlo\u00e9 Fricout, responsable du p\u00f4le r\u00e9sidence de l\u2019Institut Fran\u00e7ais \u00e0 Paris, et Jean-Marc Bustamante, membre de l\u2019Acad\u00e9mie des beaux-arts Institut de France en section peinture. 34 projets ont \u00e9t\u00e9 d\u00e9pos\u00e9s et 21 ont \u00e9t\u00e9 retenus, certains...\" \/>\n<meta property=\"og:url\" content=\"https:\/\/villa-albertine.org\/va\/fr\/news\/projets-laureats-appel-post-residences-0\/\" \/>\n<meta property=\"og:site_name\" content=\"Villa Albertine\" \/>\n<meta property=\"article:modified_time\" content=\"2023-12-06T03:19:13+00:00\" \/>\n<meta property=\"og:image\" content=\"https:\/\/villa-albertine.org\/wp-content\/uploads\/2023\/08\/5fde4e01-1f69-4ff1-8360-1e73b198b45e.jpg\" \/>\n\t<meta property=\"og:image:width\" content=\"1024\" \/>\n\t<meta property=\"og:image:height\" content=\"700\" \/>\n\t<meta property=\"og:image:type\" content=\"image\/jpeg\" \/>\n<meta name=\"twitter:card\" content=\"summary_large_image\" \/>\n<meta name=\"twitter:label1\" content=\"Dur\u00e9e de lecture estim\u00e9e\" \/>\n\t<meta name=\"twitter:data1\" content=\"6 minutes\" \/>\n<script type=\"application\/ld+json\" class=\"yoast-schema-graph\">{\"@context\":\"https:\\\/\\\/schema.org\",\"@graph\":[{\"@type\":\"WebPage\",\"@id\":\"https:\\\/\\\/villa-albertine.org\\\/va\\\/fr\\\/news\\\/projets-laureats-appel-post-residences-0\\\/\",\"url\":\"https:\\\/\\\/villa-albertine.org\\\/va\\\/fr\\\/news\\\/projets-laureats-appel-post-residences-0\\\/\",\"name\":\"Les projets laur\u00e9ats de l\u2019appel post-r\u00e9sidences 2021-2022 sont annonc\u00e9s ! - Villa Albertine\",\"isPartOf\":{\"@id\":\"https:\\\/\\\/villa-albertine.org\\\/va\\\/fr\\\/#website\"},\"primaryImageOfPage\":{\"@id\":\"https:\\\/\\\/villa-albertine.org\\\/va\\\/fr\\\/news\\\/projets-laureats-appel-post-residences-0\\\/#primaryimage\"},\"image\":{\"@id\":\"https:\\\/\\\/villa-albertine.org\\\/va\\\/fr\\\/news\\\/projets-laureats-appel-post-residences-0\\\/#primaryimage\"},\"thumbnailUrl\":\"https:\\\/\\\/villa-albertine.org\\\/wp-content\\\/uploads\\\/2023\\\/08\\\/5fde4e01-1f69-4ff1-8360-1e73b198b45e.jpg\",\"datePublished\":\"2023-06-01T14:00:53+00:00\",\"dateModified\":\"2023-12-06T03:19:13+00:00\",\"breadcrumb\":{\"@id\":\"https:\\\/\\\/villa-albertine.org\\\/va\\\/fr\\\/news\\\/projets-laureats-appel-post-residences-0\\\/#breadcrumb\"},\"inLanguage\":\"fr-FR\",\"potentialAction\":[{\"@type\":\"ReadAction\",\"target\":[\"https:\\\/\\\/villa-albertine.org\\\/va\\\/fr\\\/news\\\/projets-laureats-appel-post-residences-0\\\/\"]}]},{\"@type\":\"ImageObject\",\"inLanguage\":\"fr-FR\",\"@id\":\"https:\\\/\\\/villa-albertine.org\\\/va\\\/fr\\\/news\\\/projets-laureats-appel-post-residences-0\\\/#primaryimage\",\"url\":\"https:\\\/\\\/villa-albertine.org\\\/wp-content\\\/uploads\\\/2023\\\/08\\\/5fde4e01-1f69-4ff1-8360-1e73b198b45e.jpg\",\"contentUrl\":\"https:\\\/\\\/villa-albertine.org\\\/wp-content\\\/uploads\\\/2023\\\/08\\\/5fde4e01-1f69-4ff1-8360-1e73b198b45e.jpg\",\"width\":1024,\"height\":700},{\"@type\":\"BreadcrumbList\",\"@id\":\"https:\\\/\\\/villa-albertine.org\\\/va\\\/fr\\\/news\\\/projets-laureats-appel-post-residences-0\\\/#breadcrumb\",\"itemListElement\":[{\"@type\":\"ListItem\",\"position\":1,\"name\":\"Home\",\"item\":\"https:\\\/\\\/villa-albertine.org\\\/va\\\/fr\\\/home\\\/\"},{\"@type\":\"ListItem\",\"position\":2,\"name\":\"Les projets laur\u00e9ats de l\u2019appel post-r\u00e9sidences 2021-2022 sont annonc\u00e9s !\"}]},{\"@type\":\"WebSite\",\"@id\":\"https:\\\/\\\/villa-albertine.org\\\/va\\\/fr\\\/#website\",\"url\":\"https:\\\/\\\/villa-albertine.org\\\/va\\\/fr\\\/\",\"name\":\"Villa Albertine\",\"description\":\"\",\"potentialAction\":[{\"@type\":\"SearchAction\",\"target\":{\"@type\":\"EntryPoint\",\"urlTemplate\":\"https:\\\/\\\/villa-albertine.org\\\/va\\\/fr\\\/?s={search_term_string}\"},\"query-input\":{\"@type\":\"PropertyValueSpecification\",\"valueRequired\":true,\"valueName\":\"search_term_string\"}}],\"inLanguage\":\"fr-FR\"}]}<\/script>\n<!-- \/ Yoast SEO plugin. -->","yoast_head_json":{"title":"Les projets laur\u00e9ats de l\u2019appel post-r\u00e9sidences 2021-2022 sont annonc\u00e9s ! - Villa Albertine","robots":{"index":"index","follow":"follow","max-snippet":"max-snippet:-1","max-image-preview":"max-image-preview:large","max-video-preview":"max-video-preview:-1"},"canonical":"https:\/\/villa-albertine.org\/va\/fr\/news\/projets-laureats-appel-post-residences-0\/","og_locale":"fr_FR","og_type":"article","og_title":"Les projets laur\u00e9ats de l\u2019appel post-r\u00e9sidences 2021-2022 sont annonc\u00e9s ! - Villa Albertine","og_description":"Le jury \u00e9tait compos\u00e9 de repr\u00e9sentants des partenaires de l\u2019appel : Judith Roze, directrice adjointe de la Villa Albertine, Chlo\u00e9 Fricout, responsable du p\u00f4le r\u00e9sidence de l\u2019Institut Fran\u00e7ais \u00e0 Paris, et Jean-Marc Bustamante, membre de l\u2019Acad\u00e9mie des beaux-arts Institut de France en section peinture. 34 projets ont \u00e9t\u00e9 d\u00e9pos\u00e9s et 21 ont \u00e9t\u00e9 retenus, certains...","og_url":"https:\/\/villa-albertine.org\/va\/fr\/news\/projets-laureats-appel-post-residences-0\/","og_site_name":"Villa Albertine","article_modified_time":"2023-12-06T03:19:13+00:00","og_image":[{"width":1024,"height":700,"url":"https:\/\/villa-albertine.org\/wp-content\/uploads\/2023\/08\/5fde4e01-1f69-4ff1-8360-1e73b198b45e.jpg","type":"image\/jpeg"}],"twitter_card":"summary_large_image","twitter_misc":{"Dur\u00e9e de lecture estim\u00e9e":"6 minutes"},"schema":{"@context":"https:\/\/schema.org","@graph":[{"@type":"WebPage","@id":"https:\/\/villa-albertine.org\/va\/fr\/news\/projets-laureats-appel-post-residences-0\/","url":"https:\/\/villa-albertine.org\/va\/fr\/news\/projets-laureats-appel-post-residences-0\/","name":"Les projets laur\u00e9ats de l\u2019appel post-r\u00e9sidences 2021-2022 sont annonc\u00e9s ! - Villa Albertine","isPartOf":{"@id":"https:\/\/villa-albertine.org\/va\/fr\/#website"},"primaryImageOfPage":{"@id":"https:\/\/villa-albertine.org\/va\/fr\/news\/projets-laureats-appel-post-residences-0\/#primaryimage"},"image":{"@id":"https:\/\/villa-albertine.org\/va\/fr\/news\/projets-laureats-appel-post-residences-0\/#primaryimage"},"thumbnailUrl":"https:\/\/villa-albertine.org\/wp-content\/uploads\/2023\/08\/5fde4e01-1f69-4ff1-8360-1e73b198b45e.jpg","datePublished":"2023-06-01T14:00:53+00:00","dateModified":"2023-12-06T03:19:13+00:00","breadcrumb":{"@id":"https:\/\/villa-albertine.org\/va\/fr\/news\/projets-laureats-appel-post-residences-0\/#breadcrumb"},"inLanguage":"fr-FR","potentialAction":[{"@type":"ReadAction","target":["https:\/\/villa-albertine.org\/va\/fr\/news\/projets-laureats-appel-post-residences-0\/"]}]},{"@type":"ImageObject","inLanguage":"fr-FR","@id":"https:\/\/villa-albertine.org\/va\/fr\/news\/projets-laureats-appel-post-residences-0\/#primaryimage","url":"https:\/\/villa-albertine.org\/wp-content\/uploads\/2023\/08\/5fde4e01-1f69-4ff1-8360-1e73b198b45e.jpg","contentUrl":"https:\/\/villa-albertine.org\/wp-content\/uploads\/2023\/08\/5fde4e01-1f69-4ff1-8360-1e73b198b45e.jpg","width":1024,"height":700},{"@type":"BreadcrumbList","@id":"https:\/\/villa-albertine.org\/va\/fr\/news\/projets-laureats-appel-post-residences-0\/#breadcrumb","itemListElement":[{"@type":"ListItem","position":1,"name":"Home","item":"https:\/\/villa-albertine.org\/va\/fr\/home\/"},{"@type":"ListItem","position":2,"name":"Les projets laur\u00e9ats de l\u2019appel post-r\u00e9sidences 2021-2022 sont annonc\u00e9s !"}]},{"@type":"WebSite","@id":"https:\/\/villa-albertine.org\/va\/fr\/#website","url":"https:\/\/villa-albertine.org\/va\/fr\/","name":"Villa Albertine","description":"","potentialAction":[{"@type":"SearchAction","target":{"@type":"EntryPoint","urlTemplate":"https:\/\/villa-albertine.org\/va\/fr\/?s={search_term_string}"},"query-input":{"@type":"PropertyValueSpecification","valueRequired":true,"valueName":"search_term_string"}}],"inLanguage":"fr-FR"}]}},"_links":{"self":[{"href":"https:\/\/villa-albertine.org\/va\/fr\/wp-json\/wp\/v2\/app_news\/63160","targetHints":{"allow":["GET"]}}],"collection":[{"href":"https:\/\/villa-albertine.org\/va\/fr\/wp-json\/wp\/v2\/app_news"}],"about":[{"href":"https:\/\/villa-albertine.org\/va\/fr\/wp-json\/wp\/v2\/types\/app_news"}],"wp:featuredmedia":[{"embeddable":true,"href":"https:\/\/villa-albertine.org\/va\/fr\/wp-json\/wp\/v2\/media\/63158"}],"wp:attachment":[{"href":"https:\/\/villa-albertine.org\/va\/fr\/wp-json\/wp\/v2\/media?parent=63160"}],"wp:term":[{"taxonomy":"app_discipline","embeddable":true,"href":"https:\/\/villa-albertine.org\/va\/fr\/wp-json\/wp\/v2\/app_discipline?post=63160"},{"taxonomy":"app_city_tax","embeddable":true,"href":"https:\/\/villa-albertine.org\/va\/fr\/wp-json\/wp\/v2\/app_city_tax?post=63160"},{"taxonomy":"app_news_type","embeddable":true,"href":"https:\/\/villa-albertine.org\/va\/fr\/wp-json\/wp\/v2\/app_news_type?post=63160"}],"curies":[{"name":"wp","href":"https:\/\/api.w.org\/{rel}","templated":true}]}}