{"id":63129,"date":"2022-04-28T19:28:00","date_gmt":"2022-04-28T19:28:00","guid":{"rendered":"https:\/\/villa-albertine.org\/news\/villa-albertine-selection-committee-boston-2\/"},"modified":"2023-08-23T08:10:23","modified_gmt":"2023-08-23T08:10:23","slug":"villa-albertine-selection-committee-boston","status":"publish","type":"app_news","link":"https:\/\/villa-albertine.org\/va\/fr\/news\/villa-albertine-selection-committee-boston\/","title":{"rendered":"Les experts du jury \u00e0 Boston"},"content":{"rendered":"<p><strong>Pieranna Cavalchini\u00a0\u00a0\u00a0\u00a0<\/strong><\/p>\n<p>Conservatrice des collections d\u2019art contemporain du Mus\u00e9e Isabella Stewart Gardner<\/p>\n<p>Pieranna Cavalchini est conservatrice des collections d\u2019art contemporain du Mus\u00e9e Isabella Stewart Gardner. Elle supervise \u00e9galement les r\u00e9sidences d\u2019artistes du mus\u00e9e, qui a d\u00e9j\u00e0 accueilli 35 cr\u00e9ateurs visuels au cours de son mandat. Elle \u00e9tait auparavant conseill\u00e8re des Rencontres internationales de Rome et coordinatrice des <em>concerti di mezzogiorno<\/em> du Festival des deux mondes, \u00e0 Spol\u00e8te.<\/p>\n<p><strong>David Howse<\/strong><\/p>\n<p>Vice-Pr\u00e9sident du D\u00e9partement des arts et Directeur g\u00e9n\u00e9ral \u00e0 Emerson College<\/p>\n<p>Conf\u00e9rencier reconnu, activiste culturel et personnalit\u00e9 du monde associatif dans le secteur des arts et de la culture depuis plus d\u2019une d\u00e9cennie, David C. Howse fait partie des 100 personnes les plus influentes de Boston. En tant que directeur g\u00e9n\u00e9ral adjoint du Bureau des arts de l\u2019Emerson College et directeur g\u00e9n\u00e9ral d\u2019ArtsEmerson, il est le responsable administratif et financier et le directeur de la programmation de plusieurs lieux culturels dans le quartier des th\u00e9\u00e2tres du centre-ville de Boston.<\/p>\n<p>\u00a0<\/p>\n<p><strong>Tod Machover\u00a0<\/strong><\/p>\n<p>Professeur de musique et des m\u00e9dias au MIT Media Lab<\/p>\n<p>Tod Machover, qui s\u2019est fait conna\u00eetre par des op\u00e9ras radicalement innovants, explore des nouvelles technologies appliqu\u00e9es \u00e0 la musique. Il est l\u2019inventeur d\u2019Hyperinstruments et d\u2019Hyperscore, qui am\u00e9liorent les performances et la cr\u00e9ativit\u00e9, et \u00e9tudie les techniques musicales susceptibles de favoriser le bien-\u00eatre personnel et de gu\u00e9rir les maladies. Ses compositions ont \u00e9t\u00e9 interpr\u00e9t\u00e9es par de grands artistes dans le monde entier. Il est professeur de musique et des m\u00e9dias au MIT Media Lab.<\/p>\n<p><strong>Sarah Wolozin<\/strong><\/p>\n<p>Directrice du MIT Open Documentary Lab<\/p>\n<p>Sarah Wolozin est directrice du MIT Open Documentary Lab. Au cours de sa carri\u00e8re, elle a travaill\u00e9 sur la narration et les technologies \u00e9mergentes pour rendre l\u2019information et les nouvelles technologies plus accessibles et pour pr\u00e9senter des th\u00e9matiques diff\u00e9rentes ou in\u00e9dites. Elle est fondatrice et directrice \u00e9ditoriale de Docubase, cofondatrice et membre du comit\u00e9 \u00e9ditorial d\u2019Immerse, et cofondatrice du Co-Creation Studio. Elle est l\u2019une des organisatrices de conf\u00e9rences semestrielles sur des sujets en liens avec le documentaire et les nouveaux m\u00e9dias.<\/p>\n","protected":false},"featured_media":57004,"menu_order":0,"template":"","app_discipline":[277,275,265,283,278,266,261,279,263,280,281,282,284],"app_city_tax":[269],"app_news_type":[],"class_list":["post-63129","app_news","type-app_news","status-publish","has-post-thumbnail","hentry","app_discipline-architecture-fr","app_discipline-arts-de-la-scene-fr","app_discipline-arts-visuels-fr","app_discipline-audiovisuel-fr","app_discipline-bande-dessinee-fr","app_discipline-cinema-fr","app_discipline-creation-numerique-fr","app_discipline-design-metiers-dart-fr","app_discipline-litterature-fr","app_discipline-musees-fr","app_discipline-musique-fr","app_discipline-sciences-humaines-et-sociales-fr","app_discipline-toutes-disciplines-fr","app_city_tax-bos-fr"],"acf":[],"yoast_head":"<!-- This site is optimized with the Yoast SEO plugin v27.3 - https:\/\/yoast.com\/product\/yoast-seo-wordpress\/ -->\n<title>Les experts du jury \u00e0 Boston - Villa Albertine<\/title>\n<meta name=\"robots\" content=\"index, follow, max-snippet:-1, max-image-preview:large, max-video-preview:-1\" \/>\n<link rel=\"canonical\" href=\"https:\/\/villa-albertine.org\/va\/fr\/news\/villa-albertine-selection-committee-boston\/\" \/>\n<meta property=\"og:locale\" content=\"fr_FR\" \/>\n<meta property=\"og:type\" content=\"article\" \/>\n<meta property=\"og:title\" content=\"Les experts du jury \u00e0 Boston - Villa Albertine\" \/>\n<meta property=\"og:description\" content=\"Pieranna Cavalchini\u00a0\u00a0\u00a0\u00a0 Conservatrice des collections d\u2019art contemporain du Mus\u00e9e Isabella Stewart Gardner Pieranna Cavalchini est conservatrice des collections d\u2019art contemporain du Mus\u00e9e Isabella Stewart Gardner. Elle supervise \u00e9galement les r\u00e9sidences d\u2019artistes du mus\u00e9e, qui a d\u00e9j\u00e0 accueilli 35 cr\u00e9ateurs visuels au cours de son mandat. Elle \u00e9tait auparavant conseill\u00e8re des Rencontres internationales de Rome et...\" \/>\n<meta property=\"og:url\" content=\"https:\/\/villa-albertine.org\/va\/fr\/news\/villa-albertine-selection-committee-boston\/\" \/>\n<meta property=\"og:site_name\" content=\"Villa Albertine\" \/>\n<meta property=\"article:modified_time\" content=\"2023-08-23T08:10:23+00:00\" \/>\n<meta property=\"og:image\" content=\"https:\/\/villa-albertine.org\/wp-content\/uploads\/2023\/08\/BOSTON20COMMITTEE20test4.png\" \/>\n\t<meta property=\"og:image:width\" content=\"1246\" \/>\n\t<meta property=\"og:image:height\" content=\"572\" \/>\n\t<meta property=\"og:image:type\" content=\"image\/png\" \/>\n<meta name=\"twitter:card\" content=\"summary_large_image\" \/>\n<meta name=\"twitter:label1\" content=\"Dur\u00e9e de lecture estim\u00e9e\" \/>\n\t<meta name=\"twitter:data1\" content=\"2 minutes\" \/>\n<script type=\"application\/ld+json\" class=\"yoast-schema-graph\">{\"@context\":\"https:\\\/\\\/schema.org\",\"@graph\":[{\"@type\":\"WebPage\",\"@id\":\"https:\\\/\\\/villa-albertine.org\\\/va\\\/fr\\\/news\\\/villa-albertine-selection-committee-boston\\\/\",\"url\":\"https:\\\/\\\/villa-albertine.org\\\/va\\\/fr\\\/news\\\/villa-albertine-selection-committee-boston\\\/\",\"name\":\"Les experts du jury \u00e0 Boston - Villa Albertine\",\"isPartOf\":{\"@id\":\"https:\\\/\\\/villa-albertine.org\\\/va\\\/fr\\\/#website\"},\"primaryImageOfPage\":{\"@id\":\"https:\\\/\\\/villa-albertine.org\\\/va\\\/fr\\\/news\\\/villa-albertine-selection-committee-boston\\\/#primaryimage\"},\"image\":{\"@id\":\"https:\\\/\\\/villa-albertine.org\\\/va\\\/fr\\\/news\\\/villa-albertine-selection-committee-boston\\\/#primaryimage\"},\"thumbnailUrl\":\"https:\\\/\\\/villa-albertine.org\\\/wp-content\\\/uploads\\\/2023\\\/08\\\/BOSTON20COMMITTEE20test4.png\",\"datePublished\":\"2022-04-28T19:28:00+00:00\",\"dateModified\":\"2023-08-23T08:10:23+00:00\",\"breadcrumb\":{\"@id\":\"https:\\\/\\\/villa-albertine.org\\\/va\\\/fr\\\/news\\\/villa-albertine-selection-committee-boston\\\/#breadcrumb\"},\"inLanguage\":\"fr-FR\",\"potentialAction\":[{\"@type\":\"ReadAction\",\"target\":[\"https:\\\/\\\/villa-albertine.org\\\/va\\\/fr\\\/news\\\/villa-albertine-selection-committee-boston\\\/\"]}]},{\"@type\":\"ImageObject\",\"inLanguage\":\"fr-FR\",\"@id\":\"https:\\\/\\\/villa-albertine.org\\\/va\\\/fr\\\/news\\\/villa-albertine-selection-committee-boston\\\/#primaryimage\",\"url\":\"https:\\\/\\\/villa-albertine.org\\\/wp-content\\\/uploads\\\/2023\\\/08\\\/BOSTON20COMMITTEE20test4.png\",\"contentUrl\":\"https:\\\/\\\/villa-albertine.org\\\/wp-content\\\/uploads\\\/2023\\\/08\\\/BOSTON20COMMITTEE20test4.png\",\"width\":1246,\"height\":572},{\"@type\":\"BreadcrumbList\",\"@id\":\"https:\\\/\\\/villa-albertine.org\\\/va\\\/fr\\\/news\\\/villa-albertine-selection-committee-boston\\\/#breadcrumb\",\"itemListElement\":[{\"@type\":\"ListItem\",\"position\":1,\"name\":\"Home\",\"item\":\"https:\\\/\\\/villa-albertine.org\\\/va\\\/fr\\\/home\\\/\"},{\"@type\":\"ListItem\",\"position\":2,\"name\":\"Les experts du jury \u00e0 Boston\"}]},{\"@type\":\"WebSite\",\"@id\":\"https:\\\/\\\/villa-albertine.org\\\/va\\\/fr\\\/#website\",\"url\":\"https:\\\/\\\/villa-albertine.org\\\/va\\\/fr\\\/\",\"name\":\"Villa Albertine\",\"description\":\"\",\"potentialAction\":[{\"@type\":\"SearchAction\",\"target\":{\"@type\":\"EntryPoint\",\"urlTemplate\":\"https:\\\/\\\/villa-albertine.org\\\/va\\\/fr\\\/?s={search_term_string}\"},\"query-input\":{\"@type\":\"PropertyValueSpecification\",\"valueRequired\":true,\"valueName\":\"search_term_string\"}}],\"inLanguage\":\"fr-FR\"}]}<\/script>\n<!-- \/ Yoast SEO plugin. -->","yoast_head_json":{"title":"Les experts du jury \u00e0 Boston - Villa Albertine","robots":{"index":"index","follow":"follow","max-snippet":"max-snippet:-1","max-image-preview":"max-image-preview:large","max-video-preview":"max-video-preview:-1"},"canonical":"https:\/\/villa-albertine.org\/va\/fr\/news\/villa-albertine-selection-committee-boston\/","og_locale":"fr_FR","og_type":"article","og_title":"Les experts du jury \u00e0 Boston - Villa Albertine","og_description":"Pieranna Cavalchini\u00a0\u00a0\u00a0\u00a0 Conservatrice des collections d\u2019art contemporain du Mus\u00e9e Isabella Stewart Gardner Pieranna Cavalchini est conservatrice des collections d\u2019art contemporain du Mus\u00e9e Isabella Stewart Gardner. Elle supervise \u00e9galement les r\u00e9sidences d\u2019artistes du mus\u00e9e, qui a d\u00e9j\u00e0 accueilli 35 cr\u00e9ateurs visuels au cours de son mandat. Elle \u00e9tait auparavant conseill\u00e8re des Rencontres internationales de Rome et...","og_url":"https:\/\/villa-albertine.org\/va\/fr\/news\/villa-albertine-selection-committee-boston\/","og_site_name":"Villa Albertine","article_modified_time":"2023-08-23T08:10:23+00:00","og_image":[{"width":1246,"height":572,"url":"https:\/\/villa-albertine.org\/wp-content\/uploads\/2023\/08\/BOSTON20COMMITTEE20test4.png","type":"image\/png"}],"twitter_card":"summary_large_image","twitter_misc":{"Dur\u00e9e de lecture estim\u00e9e":"2 minutes"},"schema":{"@context":"https:\/\/schema.org","@graph":[{"@type":"WebPage","@id":"https:\/\/villa-albertine.org\/va\/fr\/news\/villa-albertine-selection-committee-boston\/","url":"https:\/\/villa-albertine.org\/va\/fr\/news\/villa-albertine-selection-committee-boston\/","name":"Les experts du jury \u00e0 Boston - Villa Albertine","isPartOf":{"@id":"https:\/\/villa-albertine.org\/va\/fr\/#website"},"primaryImageOfPage":{"@id":"https:\/\/villa-albertine.org\/va\/fr\/news\/villa-albertine-selection-committee-boston\/#primaryimage"},"image":{"@id":"https:\/\/villa-albertine.org\/va\/fr\/news\/villa-albertine-selection-committee-boston\/#primaryimage"},"thumbnailUrl":"https:\/\/villa-albertine.org\/wp-content\/uploads\/2023\/08\/BOSTON20COMMITTEE20test4.png","datePublished":"2022-04-28T19:28:00+00:00","dateModified":"2023-08-23T08:10:23+00:00","breadcrumb":{"@id":"https:\/\/villa-albertine.org\/va\/fr\/news\/villa-albertine-selection-committee-boston\/#breadcrumb"},"inLanguage":"fr-FR","potentialAction":[{"@type":"ReadAction","target":["https:\/\/villa-albertine.org\/va\/fr\/news\/villa-albertine-selection-committee-boston\/"]}]},{"@type":"ImageObject","inLanguage":"fr-FR","@id":"https:\/\/villa-albertine.org\/va\/fr\/news\/villa-albertine-selection-committee-boston\/#primaryimage","url":"https:\/\/villa-albertine.org\/wp-content\/uploads\/2023\/08\/BOSTON20COMMITTEE20test4.png","contentUrl":"https:\/\/villa-albertine.org\/wp-content\/uploads\/2023\/08\/BOSTON20COMMITTEE20test4.png","width":1246,"height":572},{"@type":"BreadcrumbList","@id":"https:\/\/villa-albertine.org\/va\/fr\/news\/villa-albertine-selection-committee-boston\/#breadcrumb","itemListElement":[{"@type":"ListItem","position":1,"name":"Home","item":"https:\/\/villa-albertine.org\/va\/fr\/home\/"},{"@type":"ListItem","position":2,"name":"Les experts du jury \u00e0 Boston"}]},{"@type":"WebSite","@id":"https:\/\/villa-albertine.org\/va\/fr\/#website","url":"https:\/\/villa-albertine.org\/va\/fr\/","name":"Villa Albertine","description":"","potentialAction":[{"@type":"SearchAction","target":{"@type":"EntryPoint","urlTemplate":"https:\/\/villa-albertine.org\/va\/fr\/?s={search_term_string}"},"query-input":{"@type":"PropertyValueSpecification","valueRequired":true,"valueName":"search_term_string"}}],"inLanguage":"fr-FR"}]}},"_links":{"self":[{"href":"https:\/\/villa-albertine.org\/va\/fr\/wp-json\/wp\/v2\/app_news\/63129","targetHints":{"allow":["GET"]}}],"collection":[{"href":"https:\/\/villa-albertine.org\/va\/fr\/wp-json\/wp\/v2\/app_news"}],"about":[{"href":"https:\/\/villa-albertine.org\/va\/fr\/wp-json\/wp\/v2\/types\/app_news"}],"wp:featuredmedia":[{"embeddable":true,"href":"https:\/\/villa-albertine.org\/va\/fr\/wp-json\/wp\/v2\/media\/57004"}],"wp:attachment":[{"href":"https:\/\/villa-albertine.org\/va\/fr\/wp-json\/wp\/v2\/media?parent=63129"}],"wp:term":[{"taxonomy":"app_discipline","embeddable":true,"href":"https:\/\/villa-albertine.org\/va\/fr\/wp-json\/wp\/v2\/app_discipline?post=63129"},{"taxonomy":"app_city_tax","embeddable":true,"href":"https:\/\/villa-albertine.org\/va\/fr\/wp-json\/wp\/v2\/app_city_tax?post=63129"},{"taxonomy":"app_news_type","embeddable":true,"href":"https:\/\/villa-albertine.org\/va\/fr\/wp-json\/wp\/v2\/app_news_type?post=63129"}],"curies":[{"name":"wp","href":"https:\/\/api.w.org\/{rel}","templated":true}]}}