{"id":63123,"date":"2021-12-23T19:33:43","date_gmt":"2021-12-23T19:33:43","guid":{"rendered":"https:\/\/villa-albertine.org\/news\/les-recommandations-de-janvier-dalbertine-cinematheque-pour-les-jeunes-cinephiles\/"},"modified":"2023-08-23T08:10:22","modified_gmt":"2023-08-23T08:10:22","slug":"les-recommandations-de-janvier-dalbertine-cinematheque-pour-les-jeunes-cinephiles","status":"publish","type":"app_news","link":"https:\/\/villa-albertine.org\/va\/fr\/news\/les-recommandations-de-janvier-dalbertine-cinematheque-pour-les-jeunes-cinephiles\/","title":{"rendered":"Les recommandations de janvier d&rsquo;Albertine Cin\u00e9math\u00e8que pour les jeunes cin\u00e9philes"},"content":{"rendered":"\n<figure class=\"wp-block-image size-full\">\n\t<img loading=\"lazy\" decoding=\"async\" width=\"1280\" height=\"720\" src=\"https:\/\/villa-albertine.org\/wp-content\/uploads\/2023\/08\/MV5BYTEzYzYyNDEtMmZkYy00NzQwLTkyZmQtOTJhN2Q4OGI5ZjczXkEyXkFqcGdeQXVyMjIwNjIxNjc40._V1_.jpg\" class=\"attachment-full size-full\" alt=\"\" srcset=\"https:\/\/villa-albertine.org\/wp-content\/uploads\/2023\/08\/MV5BYTEzYzYyNDEtMmZkYy00NzQwLTkyZmQtOTJhN2Q4OGI5ZjczXkEyXkFqcGdeQXVyMjIwNjIxNjc40._V1_.jpg 1280w, https:\/\/villa-albertine.org\/wp-content\/uploads\/2023\/08\/MV5BYTEzYzYyNDEtMmZkYy00NzQwLTkyZmQtOTJhN2Q4OGI5ZjczXkEyXkFqcGdeQXVyMjIwNjIxNjc40._V1_-300x169.jpg 300w, https:\/\/villa-albertine.org\/wp-content\/uploads\/2023\/08\/MV5BYTEzYzYyNDEtMmZkYy00NzQwLTkyZmQtOTJhN2Q4OGI5ZjczXkEyXkFqcGdeQXVyMjIwNjIxNjc40._V1_-1024x576.jpg 1024w, https:\/\/villa-albertine.org\/wp-content\/uploads\/2023\/08\/MV5BYTEzYzYyNDEtMmZkYy00NzQwLTkyZmQtOTJhN2Q4OGI5ZjczXkEyXkFqcGdeQXVyMjIwNjIxNjc40._V1_-768x432.jpg 768w\" sizes=\"auto, (max-width: 1280px) 100vw, 1280px\" \/>\n\t\t\t<figcaption>\n\t\t\t<p>The Melies Mystery (HBO Max)<\/p>\n\t\t<\/figcaption>\n\t<\/figure>\n<p><em><strong>Le Myst\u00e8re\u00a0M\u00e9li\u00e8s<\/strong><\/em><br \/>\nDe Serge Bromberg et Eric Lange<br \/>\n2021, 58 min., TV-PG \/ A partir de 11 ans<\/p>\n\n<p>Georges M\u00e9li\u00e8s, l\u2019inventeur des effets sp\u00e9ciaux, tourna plus de 500 films extraordinaires entre 1896 et 1913. En 1923, ruin\u00e9, il les br\u00fbla et ses r\u00eaves enchant\u00e9s partirent en fum\u00e9e. Entre archives internationales et d\u00e9couverte de n\u00e9gatifs, l\u2019enqu\u00eate nous am\u00e8ne \u00e0 revoir ses films dans leur beaut\u00e9 initiale.<\/p>\n\n<p>Disponible sur\u00a0<a href=\"https:\/\/www.hbomax.com\/feature\/urn:hbo:feature:GYHn4SgXuXZfDHAEAAADM\">HBO Max<\/a>.<\/p>\n<figure class=\"wp-block-image size-full\">\n\t<img loading=\"lazy\" decoding=\"async\" width=\"1392\" height=\"783\" src=\"https:\/\/villa-albertine.org\/wp-content\/uploads\/2023\/08\/MV5BNDkwNTE4NDYtYjA4MS00NmZjLThmMDQtYzFlOWU2OTVhMWE4XkEyXkFqcGdeQXVyMTIzODI3OTI5._V1_.jpg\" class=\"attachment-full size-full\" alt=\"\" srcset=\"https:\/\/villa-albertine.org\/wp-content\/uploads\/2023\/08\/MV5BNDkwNTE4NDYtYjA4MS00NmZjLThmMDQtYzFlOWU2OTVhMWE4XkEyXkFqcGdeQXVyMTIzODI3OTI5._V1_.jpg 1392w, https:\/\/villa-albertine.org\/wp-content\/uploads\/2023\/08\/MV5BNDkwNTE4NDYtYjA4MS00NmZjLThmMDQtYzFlOWU2OTVhMWE4XkEyXkFqcGdeQXVyMTIzODI3OTI5._V1_-300x169.jpg 300w, https:\/\/villa-albertine.org\/wp-content\/uploads\/2023\/08\/MV5BNDkwNTE4NDYtYjA4MS00NmZjLThmMDQtYzFlOWU2OTVhMWE4XkEyXkFqcGdeQXVyMTIzODI3OTI5._V1_-1024x576.jpg 1024w, https:\/\/villa-albertine.org\/wp-content\/uploads\/2023\/08\/MV5BNDkwNTE4NDYtYjA4MS00NmZjLThmMDQtYzFlOWU2OTVhMWE4XkEyXkFqcGdeQXVyMTIzODI3OTI5._V1_-768x432.jpg 768w\" sizes=\"auto, (max-width: 1392px) 100vw, 1392px\" \/>\n\t\t\t<figcaption>\n\t\t\t<p>Gigantosaurus (Cyber Group Studios)<\/p>\n\t\t<\/figcaption>\n\t<\/figure>\n<p><em><strong>Gigantosaurus<\/strong><\/em><br \/>\nS\u00e9rie t\u00e9l\u00e9vis\u00e9e anim\u00e9e \/\u00a0A partir de 5 ans<br \/><br \/>\nQuatre jeunes dinosaures explorent une pr\u00e9histoire riche en myst\u00e8res. Mazu la curieuse, Tiny l&rsquo;espi\u00e8gle, Bill le timide et Rocky l&rsquo;intr\u00e9pide se mettent en t\u00eate de percer les secrets du plus grand et du plus terrible des dinosaures, le gigantosaure.<\/p>\n\n<p>Disponible sur\u00a0<a href=\"https:\/\/www.disneyplus.com\/series\/gigantosaurus\/OPaJw6MUS5ST\">Disney+<\/a>\u00a0| <a href=\"https:\/\/www.netflix.com\/title\/80223368\">Netflix<\/a> (#<em>astuce\u00a0<\/em>: cliquer sur \u00ab\u00a0Audio &amp; Subtitles\u00a0\u00bb et s\u00e9lectionner l&rsquo;audio en langue fran\u00e7aise !)<\/p>\n<figure class=\"wp-block-image size-full\">\n\t<img loading=\"lazy\" decoding=\"async\" width=\"1023\" height=\"553\" src=\"https:\/\/villa-albertine.org\/wp-content\/uploads\/2023\/08\/maestro.jpg\" class=\"attachment-full size-full\" alt=\"\" srcset=\"https:\/\/villa-albertine.org\/wp-content\/uploads\/2023\/08\/maestro.jpg 1023w, https:\/\/villa-albertine.org\/wp-content\/uploads\/2023\/08\/maestro-300x162.jpg 300w, https:\/\/villa-albertine.org\/wp-content\/uploads\/2023\/08\/maestro-768x415.jpg 768w\" sizes=\"auto, (max-width: 1023px) 100vw, 1023px\" \/>\n\t\t\t<figcaption>\n\t\t\t<p>Maestro (Collectif Illogic)<\/p>\n\t\t<\/figcaption>\n\t<\/figure>\n<p><strong><em>Maestro<\/em><\/strong><br \/>\nDu collectrif Illogic,\u00a02019, 2min., France \/ A partir de 3 ans<\/p>\n\n<p>Au milieu d\u2019une for\u00eat, une troupe d\u2019animaux sauvages se lance dans un op\u00e9ra nocturne men\u00e9 par un \u00e9cureuil.<\/p>\n\n<p>Disponible sur\u00a0<a href=\"https:\/\/vimeo.com\/359281775\">Vimeo<\/a><br \/>\nRetrouvez <a href=\"https:\/\/vimeo.com\/359237346\">ici<\/a> la vid\u00e9o du\u00a0making-of du film.<\/p>\n<figure class=\"wp-block-image size-full\">\n\t<img loading=\"lazy\" decoding=\"async\" width=\"1050\" height=\"700\" src=\"https:\/\/villa-albertine.org\/wp-content\/uploads\/2023\/08\/sur-le-chemin-vignette-1050x700-01.jpg\" class=\"attachment-full size-full\" alt=\"\" srcset=\"https:\/\/villa-albertine.org\/wp-content\/uploads\/2023\/08\/sur-le-chemin-vignette-1050x700-01.jpg 1050w, https:\/\/villa-albertine.org\/wp-content\/uploads\/2023\/08\/sur-le-chemin-vignette-1050x700-01-300x200.jpg 300w, https:\/\/villa-albertine.org\/wp-content\/uploads\/2023\/08\/sur-le-chemin-vignette-1050x700-01-1024x683.jpg 1024w, https:\/\/villa-albertine.org\/wp-content\/uploads\/2023\/08\/sur-le-chemin-vignette-1050x700-01-768x512.jpg 768w\" sizes=\"auto, (max-width: 1050px) 100vw, 1050px\" \/>\n\t\t\t<figcaption>\n\t\t\t<p>On the Way to School<\/p>\n\t\t<\/figcaption>\n\t<\/figure>\n<p><strong><em>Sur le chemin de l\u2019\u00e9cole<\/em><\/strong><br \/>\nDe Pascal Plisson, 2015, 1h17,\u00a0PG \/ A partir de 8 ans<\/p>\n\n<p>Jackson, Zahira, Samuel et Carlos, quatre enfants, vivent l&rsquo;un au Kenya, l&rsquo;autre au Maroc, les autres enfin en Inde et en Patagonie. Tous les quatre, m\u00eame s&rsquo;ils ne se connaissent pas, sont pr\u00eats \u00e0 relever tous les d\u00e9fis pour aller \u00e0 l&rsquo;\u00e9cole, esp\u00e9rant que l&rsquo;\u00e9ducation leur permettra d&rsquo;\u00e9chapper \u00e0 leur\u00a0destin\u00e9e.\u00a0<\/p>\n\n<p>Disponible sur\u00a0<a href=\"https:\/\/www.hoopladigital.com\/title\/11359364\">Hoopla<\/a>\u00a0|\u00a0<a href=\"https:\/\/www.kanopy.com\/product\/way-school\">Kanopy<\/a>\u00a0|\u00a0<a href=\"https:\/\/www.sundancenow.com\/films\/watch\/on-the-way-to-school\/3acdcc5b6d4f0d37?utm_source=affiliate&amp;utm_medium=cj&amp;utm_campaign=brand&amp;Publisher_Name=FlexOffers.com%2C+LLC&amp;utm_content=8485977&amp;utm_term=12776993&amp;cjevent=877aa265642f11ec83ce00ba0a82b820&amp;cjdata=MXxOfDB8WXww\">SundanceNow<\/a>\u00a0|\u00a0<a href=\"https:\/\/www.amazon.com\/gp\/video\/detail\/0I1DKR9M4932B7NUS6SEWQJBVI\/ref=atv_dl_rdr?tag=justus1ktp-20\">Amazon Video<\/a>\u00a0|\u00a0<a href=\"https:\/\/www.youtube.com\/watch?v=vZsEvLaua4w\">YouTube<\/a>\u00a0|\u00a0<a href=\"https:\/\/play.google.com\/store\/movies\/details\/On_the_Way_to_School?gl=us&amp;hl=en&amp;id=vZsEvLaua4w\">Google Play<\/a>\u00a0|\u00a0<a href=\"https:\/\/www.vudu.com\/content\/movies\/details\/On-the-Way-to-School-Sur-le-chemin-de-lecole\/645665?cj=--8484082--5014360-_-Deep+Link+Text+Link&amp;cjevent=8c3715eb642f11ec833a1deb0a82b821&amp;cjid=cj_14516778_8484082_ec7dbd69adb949138ae58aab51a26d80&amp;cjdata=MXxOfDB8WXww\">Vudu<\/a>\u00a0|\u00a0<a href=\"https:\/\/tv.apple.com\/us\/movie\/on-the-way-to-school\/umc.cmc.6izdzq00xgir8uhbz7h7qfkpl?playableId=tvs.sbd.9001%3A1238470930\">iTunes<\/a> | <a href=\"https:\/\/www.microsoft.com\/en-us\/p\/on-the-way-to-school\/8d6kgwxp73r1?activetab=pivot%3aoverviewtab\">Microsoft<\/a><\/p>","protected":false},"featured_media":56982,"menu_order":0,"template":"","app_discipline":[266],"app_city_tax":[268,269,271,270,272,267,262,264,273,274],"app_news_type":[],"class_list":["post-63123","app_news","type-app_news","status-publish","has-post-thumbnail","hentry","app_discipline-cinema-fr","app_city_tax-atl-fr","app_city_tax-bos-fr","app_city_tax-chi-fr","app_city_tax-hou-fr","app_city_tax-nola-fr","app_city_tax-la-fr","app_city_tax-mia-fr","app_city_tax-nyc-fr","app_city_tax-sf-fr","app_city_tax-dc-fr"],"acf":[],"yoast_head":"<!-- This site is optimized with the Yoast SEO plugin v27.3 - https:\/\/yoast.com\/product\/yoast-seo-wordpress\/ -->\n<title>Les recommandations de janvier d&#039;Albertine Cin\u00e9math\u00e8que pour les jeunes cin\u00e9philes - Villa Albertine<\/title>\n<meta name=\"robots\" content=\"index, follow, max-snippet:-1, max-image-preview:large, max-video-preview:-1\" \/>\n<link rel=\"canonical\" href=\"https:\/\/villa-albertine.org\/va\/fr\/news\/les-recommandations-de-janvier-dalbertine-cinematheque-pour-les-jeunes-cinephiles\/\" \/>\n<meta property=\"og:locale\" content=\"fr_FR\" \/>\n<meta property=\"og:type\" content=\"article\" \/>\n<meta property=\"og:title\" content=\"Les recommandations de janvier d&#039;Albertine Cin\u00e9math\u00e8que pour les jeunes cin\u00e9philes - Villa Albertine\" \/>\n<meta property=\"og:description\" content=\"Le Myst\u00e8re\u00a0M\u00e9li\u00e8s De Serge Bromberg et Eric Lange 2021, 58 min., TV-PG \/ A partir de 11 ans Georges M\u00e9li\u00e8s, l\u2019inventeur des effets sp\u00e9ciaux, tourna plus de 500 films extraordinaires entre 1896 et 1913. En 1923, ruin\u00e9, il les br\u00fbla et ses r\u00eaves enchant\u00e9s partirent en fum\u00e9e. Entre archives internationales et d\u00e9couverte de n\u00e9gatifs, l\u2019enqu\u00eate...\" \/>\n<meta property=\"og:url\" content=\"https:\/\/villa-albertine.org\/va\/fr\/news\/les-recommandations-de-janvier-dalbertine-cinematheque-pour-les-jeunes-cinephiles\/\" \/>\n<meta property=\"og:site_name\" content=\"Villa Albertine\" \/>\n<meta property=\"article:modified_time\" content=\"2023-08-23T08:10:22+00:00\" \/>\n<meta property=\"og:image\" content=\"https:\/\/villa-albertine.org\/wp-content\/uploads\/2023\/08\/sur-le-chemin-de-l-ecole-le-film-hommage-au-courage-des-enfants.jpeg\" \/>\n\t<meta property=\"og:image:width\" content=\"850\" \/>\n\t<meta property=\"og:image:height\" content=\"478\" \/>\n\t<meta property=\"og:image:type\" content=\"image\/jpeg\" \/>\n<meta name=\"twitter:card\" content=\"summary_large_image\" \/>\n<meta name=\"twitter:label1\" content=\"Dur\u00e9e de lecture estim\u00e9e\" \/>\n\t<meta name=\"twitter:data1\" content=\"1 minute\" \/>\n<script type=\"application\/ld+json\" class=\"yoast-schema-graph\">{\"@context\":\"https:\\\/\\\/schema.org\",\"@graph\":[{\"@type\":\"WebPage\",\"@id\":\"https:\\\/\\\/villa-albertine.org\\\/va\\\/fr\\\/news\\\/les-recommandations-de-janvier-dalbertine-cinematheque-pour-les-jeunes-cinephiles\\\/\",\"url\":\"https:\\\/\\\/villa-albertine.org\\\/va\\\/fr\\\/news\\\/les-recommandations-de-janvier-dalbertine-cinematheque-pour-les-jeunes-cinephiles\\\/\",\"name\":\"Les recommandations de janvier d'Albertine Cin\u00e9math\u00e8que pour les jeunes cin\u00e9philes - Villa Albertine\",\"isPartOf\":{\"@id\":\"https:\\\/\\\/villa-albertine.org\\\/va\\\/fr\\\/#website\"},\"primaryImageOfPage\":{\"@id\":\"https:\\\/\\\/villa-albertine.org\\\/va\\\/fr\\\/news\\\/les-recommandations-de-janvier-dalbertine-cinematheque-pour-les-jeunes-cinephiles\\\/#primaryimage\"},\"image\":{\"@id\":\"https:\\\/\\\/villa-albertine.org\\\/va\\\/fr\\\/news\\\/les-recommandations-de-janvier-dalbertine-cinematheque-pour-les-jeunes-cinephiles\\\/#primaryimage\"},\"thumbnailUrl\":\"https:\\\/\\\/villa-albertine.org\\\/wp-content\\\/uploads\\\/2023\\\/08\\\/sur-le-chemin-de-l-ecole-le-film-hommage-au-courage-des-enfants.jpeg\",\"datePublished\":\"2021-12-23T19:33:43+00:00\",\"dateModified\":\"2023-08-23T08:10:22+00:00\",\"breadcrumb\":{\"@id\":\"https:\\\/\\\/villa-albertine.org\\\/va\\\/fr\\\/news\\\/les-recommandations-de-janvier-dalbertine-cinematheque-pour-les-jeunes-cinephiles\\\/#breadcrumb\"},\"inLanguage\":\"fr-FR\",\"potentialAction\":[{\"@type\":\"ReadAction\",\"target\":[\"https:\\\/\\\/villa-albertine.org\\\/va\\\/fr\\\/news\\\/les-recommandations-de-janvier-dalbertine-cinematheque-pour-les-jeunes-cinephiles\\\/\"]}]},{\"@type\":\"ImageObject\",\"inLanguage\":\"fr-FR\",\"@id\":\"https:\\\/\\\/villa-albertine.org\\\/va\\\/fr\\\/news\\\/les-recommandations-de-janvier-dalbertine-cinematheque-pour-les-jeunes-cinephiles\\\/#primaryimage\",\"url\":\"https:\\\/\\\/villa-albertine.org\\\/wp-content\\\/uploads\\\/2023\\\/08\\\/sur-le-chemin-de-l-ecole-le-film-hommage-au-courage-des-enfants.jpeg\",\"contentUrl\":\"https:\\\/\\\/villa-albertine.org\\\/wp-content\\\/uploads\\\/2023\\\/08\\\/sur-le-chemin-de-l-ecole-le-film-hommage-au-courage-des-enfants.jpeg\",\"width\":850,\"height\":478},{\"@type\":\"BreadcrumbList\",\"@id\":\"https:\\\/\\\/villa-albertine.org\\\/va\\\/fr\\\/news\\\/les-recommandations-de-janvier-dalbertine-cinematheque-pour-les-jeunes-cinephiles\\\/#breadcrumb\",\"itemListElement\":[{\"@type\":\"ListItem\",\"position\":1,\"name\":\"Home\",\"item\":\"https:\\\/\\\/villa-albertine.org\\\/va\\\/fr\\\/home\\\/\"},{\"@type\":\"ListItem\",\"position\":2,\"name\":\"Les recommandations de janvier d&rsquo;Albertine Cin\u00e9math\u00e8que pour les jeunes cin\u00e9philes\"}]},{\"@type\":\"WebSite\",\"@id\":\"https:\\\/\\\/villa-albertine.org\\\/va\\\/fr\\\/#website\",\"url\":\"https:\\\/\\\/villa-albertine.org\\\/va\\\/fr\\\/\",\"name\":\"Villa Albertine\",\"description\":\"\",\"potentialAction\":[{\"@type\":\"SearchAction\",\"target\":{\"@type\":\"EntryPoint\",\"urlTemplate\":\"https:\\\/\\\/villa-albertine.org\\\/va\\\/fr\\\/?s={search_term_string}\"},\"query-input\":{\"@type\":\"PropertyValueSpecification\",\"valueRequired\":true,\"valueName\":\"search_term_string\"}}],\"inLanguage\":\"fr-FR\"}]}<\/script>\n<!-- \/ Yoast SEO plugin. -->","yoast_head_json":{"title":"Les recommandations de janvier d'Albertine Cin\u00e9math\u00e8que pour les jeunes cin\u00e9philes - Villa Albertine","robots":{"index":"index","follow":"follow","max-snippet":"max-snippet:-1","max-image-preview":"max-image-preview:large","max-video-preview":"max-video-preview:-1"},"canonical":"https:\/\/villa-albertine.org\/va\/fr\/news\/les-recommandations-de-janvier-dalbertine-cinematheque-pour-les-jeunes-cinephiles\/","og_locale":"fr_FR","og_type":"article","og_title":"Les recommandations de janvier d'Albertine Cin\u00e9math\u00e8que pour les jeunes cin\u00e9philes - Villa Albertine","og_description":"Le Myst\u00e8re\u00a0M\u00e9li\u00e8s De Serge Bromberg et Eric Lange 2021, 58 min., TV-PG \/ A partir de 11 ans Georges M\u00e9li\u00e8s, l\u2019inventeur des effets sp\u00e9ciaux, tourna plus de 500 films extraordinaires entre 1896 et 1913. En 1923, ruin\u00e9, il les br\u00fbla et ses r\u00eaves enchant\u00e9s partirent en fum\u00e9e. Entre archives internationales et d\u00e9couverte de n\u00e9gatifs, l\u2019enqu\u00eate...","og_url":"https:\/\/villa-albertine.org\/va\/fr\/news\/les-recommandations-de-janvier-dalbertine-cinematheque-pour-les-jeunes-cinephiles\/","og_site_name":"Villa Albertine","article_modified_time":"2023-08-23T08:10:22+00:00","og_image":[{"width":850,"height":478,"url":"https:\/\/villa-albertine.org\/wp-content\/uploads\/2023\/08\/sur-le-chemin-de-l-ecole-le-film-hommage-au-courage-des-enfants.jpeg","type":"image\/jpeg"}],"twitter_card":"summary_large_image","twitter_misc":{"Dur\u00e9e de lecture estim\u00e9e":"1 minute"},"schema":{"@context":"https:\/\/schema.org","@graph":[{"@type":"WebPage","@id":"https:\/\/villa-albertine.org\/va\/fr\/news\/les-recommandations-de-janvier-dalbertine-cinematheque-pour-les-jeunes-cinephiles\/","url":"https:\/\/villa-albertine.org\/va\/fr\/news\/les-recommandations-de-janvier-dalbertine-cinematheque-pour-les-jeunes-cinephiles\/","name":"Les recommandations de janvier d'Albertine Cin\u00e9math\u00e8que pour les jeunes cin\u00e9philes - Villa Albertine","isPartOf":{"@id":"https:\/\/villa-albertine.org\/va\/fr\/#website"},"primaryImageOfPage":{"@id":"https:\/\/villa-albertine.org\/va\/fr\/news\/les-recommandations-de-janvier-dalbertine-cinematheque-pour-les-jeunes-cinephiles\/#primaryimage"},"image":{"@id":"https:\/\/villa-albertine.org\/va\/fr\/news\/les-recommandations-de-janvier-dalbertine-cinematheque-pour-les-jeunes-cinephiles\/#primaryimage"},"thumbnailUrl":"https:\/\/villa-albertine.org\/wp-content\/uploads\/2023\/08\/sur-le-chemin-de-l-ecole-le-film-hommage-au-courage-des-enfants.jpeg","datePublished":"2021-12-23T19:33:43+00:00","dateModified":"2023-08-23T08:10:22+00:00","breadcrumb":{"@id":"https:\/\/villa-albertine.org\/va\/fr\/news\/les-recommandations-de-janvier-dalbertine-cinematheque-pour-les-jeunes-cinephiles\/#breadcrumb"},"inLanguage":"fr-FR","potentialAction":[{"@type":"ReadAction","target":["https:\/\/villa-albertine.org\/va\/fr\/news\/les-recommandations-de-janvier-dalbertine-cinematheque-pour-les-jeunes-cinephiles\/"]}]},{"@type":"ImageObject","inLanguage":"fr-FR","@id":"https:\/\/villa-albertine.org\/va\/fr\/news\/les-recommandations-de-janvier-dalbertine-cinematheque-pour-les-jeunes-cinephiles\/#primaryimage","url":"https:\/\/villa-albertine.org\/wp-content\/uploads\/2023\/08\/sur-le-chemin-de-l-ecole-le-film-hommage-au-courage-des-enfants.jpeg","contentUrl":"https:\/\/villa-albertine.org\/wp-content\/uploads\/2023\/08\/sur-le-chemin-de-l-ecole-le-film-hommage-au-courage-des-enfants.jpeg","width":850,"height":478},{"@type":"BreadcrumbList","@id":"https:\/\/villa-albertine.org\/va\/fr\/news\/les-recommandations-de-janvier-dalbertine-cinematheque-pour-les-jeunes-cinephiles\/#breadcrumb","itemListElement":[{"@type":"ListItem","position":1,"name":"Home","item":"https:\/\/villa-albertine.org\/va\/fr\/home\/"},{"@type":"ListItem","position":2,"name":"Les recommandations de janvier d&rsquo;Albertine Cin\u00e9math\u00e8que pour les jeunes cin\u00e9philes"}]},{"@type":"WebSite","@id":"https:\/\/villa-albertine.org\/va\/fr\/#website","url":"https:\/\/villa-albertine.org\/va\/fr\/","name":"Villa Albertine","description":"","potentialAction":[{"@type":"SearchAction","target":{"@type":"EntryPoint","urlTemplate":"https:\/\/villa-albertine.org\/va\/fr\/?s={search_term_string}"},"query-input":{"@type":"PropertyValueSpecification","valueRequired":true,"valueName":"search_term_string"}}],"inLanguage":"fr-FR"}]}},"_links":{"self":[{"href":"https:\/\/villa-albertine.org\/va\/fr\/wp-json\/wp\/v2\/app_news\/63123","targetHints":{"allow":["GET"]}}],"collection":[{"href":"https:\/\/villa-albertine.org\/va\/fr\/wp-json\/wp\/v2\/app_news"}],"about":[{"href":"https:\/\/villa-albertine.org\/va\/fr\/wp-json\/wp\/v2\/types\/app_news"}],"wp:featuredmedia":[{"embeddable":true,"href":"https:\/\/villa-albertine.org\/va\/fr\/wp-json\/wp\/v2\/media\/56982"}],"wp:attachment":[{"href":"https:\/\/villa-albertine.org\/va\/fr\/wp-json\/wp\/v2\/media?parent=63123"}],"wp:term":[{"taxonomy":"app_discipline","embeddable":true,"href":"https:\/\/villa-albertine.org\/va\/fr\/wp-json\/wp\/v2\/app_discipline?post=63123"},{"taxonomy":"app_city_tax","embeddable":true,"href":"https:\/\/villa-albertine.org\/va\/fr\/wp-json\/wp\/v2\/app_city_tax?post=63123"},{"taxonomy":"app_news_type","embeddable":true,"href":"https:\/\/villa-albertine.org\/va\/fr\/wp-json\/wp\/v2\/app_news_type?post=63123"}],"curies":[{"name":"wp","href":"https:\/\/api.w.org\/{rel}","templated":true}]}}