{"id":63118,"date":"2022-03-07T22:50:58","date_gmt":"2022-03-07T22:50:58","guid":{"rendered":"https:\/\/villa-albertine.org\/news\/flee-wins-top-honor-ida-awards-2\/"},"modified":"2023-08-23T08:10:22","modified_gmt":"2023-08-23T08:10:22","slug":"flee-wins-top-honor-ida-awards","status":"publish","type":"app_news","link":"https:\/\/villa-albertine.org\/va\/fr\/news\/flee-wins-top-honor-ida-awards\/","title":{"rendered":"Flee remporte la plus haute distinction aux IDA Awards"},"content":{"rendered":"<p>Battant neuf autres candidats au prix du meilleur long m\u00e9trage, <em>Flee, <\/em>l\u2019histoire anim\u00e9e d\u2019un jeune afghan homosexuel qui a fui son pays natal pour vivre en Occident, a remport\u00e9 la plus haute r\u00e9compense de la soir\u00e9e.<\/p>\n<p>Le r\u00e9alisateur Jonas Poher Rasmussen, qui a d\u2019abord rencontr\u00e9 le sujet de son film Amin Nawabi quand il \u00e9tait adolescent au Danemark, a accept\u00e9 le premier prix de la soir\u00e9e.<\/p>\n<blockquote>\n<p>\u00ab Tout d\u2019abord, je tiens \u00e0 remercier Amin, le sujet du film, pour votre g\u00e9n\u00e9rosit\u00e9 et votre courage de partager cette histoire avec moi, \u00bb a d\u00e9clar\u00e9 Rasmussen. \u00ab Je veux aussi profiter de l\u2019occasion pour dire que la situation en Afghanistan en ce moment est vraiment mauvaise. C\u2019est l\u2019hiver, il y a une p\u00e9nurie de nourriture ainsi que d\u2019autres biens de premi\u00e8re n\u00e9cessit\u00e9, et ces gens sont dans une situation tr\u00e8s vuln\u00e9rable. Alors, s\u2019il vous pla\u00eet, souvenez-vous du peuple afghan et s\u2019il vous pla\u00eet, aidez-nous de toutes les mani\u00e8res possibles. \u00bb<\/p>\n<\/blockquote>\n<p>Pendant ce temps, <em>Summer of Soul <\/em>a gagn\u00e9 le prix du meilleur documentaire musical, du meilleur montage, et du prix de la r\u00e9alisation pour Ahmir \u00ab Questlove \u00bb Thompson.\u00a0<\/p>\n<p><em>Flee <\/em>et <em>Summer of Soul <\/em>s\u2019affronteront \u00e0 nouveau le 27 mars aux Oscars, nomin\u00e9s avec <em>Ascension, Attica, <\/em>et <em>Writing with Fire.<\/em><\/p>\n<p>FLEE (Danemark, France, Norv\u00e8ge) \/ NEON, Participant<\/p>\n<p>R\u00e9alisateur: Jonas Poher Rasmussen, Producteurs: Monica Hellstr\u00f6m, Signe Byrge S\u00f8rensen, and Charlotte De La Gournerie\u00a0<\/p>\n<p>FLEE est l\u2019histoire vraie du besoin d\u2019un homme de se confronter \u00e0 son pass\u00e9 afin d\u2019avoir vraiment un avenir. Amin est arriv\u00e9 en tant que mineur non accompagn\u00e9 au Danemark en provenance d\u2019Afghanistan. Aujourd\u2019hui, \u00e0 36 ans, il est un universitaire prosp\u00e8re et se marie avec son petit ami de longue date. Un secret qu\u2019il cache depuis plus de 20 ans menace de ruiner la vie qu\u2019il s\u2019est construite. Pour la premi\u00e8re fois, il partage son histoire avec son ami proche.\u00a0\u00a0<\/p>\n<p>FLEE fait aussi partie des nominations m\u00e9morables pour cette 94\u00e8me c\u00e9r\u00e9monie des Oscars. Ayant obtenu trois nominations dans les cat\u00e9gories de meilleur long-m\u00e9trage d\u2019animation, meilleur long-m\u00e9trage documentaire et meilleur long-m\u00e9trage international, il est ainsi le premier film de l\u2019histoire des Oscars \u00e0 d\u00e9crocher ce tripl\u00e9 dans le cadre de la c\u00e9r\u00e9monie. Plusieurs nominations fran\u00e7aises: <a href=\"https:\/\/villa-albertine.org\/fr\/news\/94eme-edition-des-oscars-les-nominations-francaises\">94\u00e8me \u00e9dition des Oscars \u2013 les nominations fran\u00e7aises | Villa Albertine (villa-albertine.org)<\/a>\u00a0<\/p>\n","protected":false},"featured_media":56960,"menu_order":0,"template":"","app_discipline":[266],"app_city_tax":[268,269,272,267,262,264,273,276,274],"app_news_type":[104],"class_list":["post-63118","app_news","type-app_news","status-publish","has-post-thumbnail","hentry","app_discipline-cinema-fr","app_city_tax-atl-fr","app_city_tax-bos-fr","app_city_tax-nola-fr","app_city_tax-la-fr","app_city_tax-mia-fr","app_city_tax-nyc-fr","app_city_tax-sf-fr","app_city_tax-toutes-les-villes-fr","app_city_tax-dc-fr","app_news_type-history-fr"],"acf":[],"yoast_head":"<!-- This site is optimized with the Yoast SEO plugin v27.3 - https:\/\/yoast.com\/product\/yoast-seo-wordpress\/ -->\n<title>Flee remporte la plus haute distinction aux IDA Awards - Villa Albertine<\/title>\n<meta name=\"robots\" content=\"index, follow, max-snippet:-1, max-image-preview:large, max-video-preview:-1\" \/>\n<link rel=\"canonical\" href=\"https:\/\/villa-albertine.org\/va\/fr\/news\/flee-wins-top-honor-ida-awards\/\" \/>\n<meta property=\"og:locale\" content=\"fr_FR\" \/>\n<meta property=\"og:type\" content=\"article\" \/>\n<meta property=\"og:title\" content=\"Flee remporte la plus haute distinction aux IDA Awards - Villa Albertine\" \/>\n<meta property=\"og:description\" content=\"Battant neuf autres candidats au prix du meilleur long m\u00e9trage, Flee, l\u2019histoire anim\u00e9e d\u2019un jeune afghan homosexuel qui a fui son pays natal pour vivre en Occident, a remport\u00e9 la plus haute r\u00e9compense de la soir\u00e9e. Le r\u00e9alisateur Jonas Poher Rasmussen, qui a d\u2019abord rencontr\u00e9 le sujet de son film Amin Nawabi quand il \u00e9tait...\" \/>\n<meta property=\"og:url\" content=\"https:\/\/villa-albertine.org\/va\/fr\/news\/flee-wins-top-honor-ida-awards\/\" \/>\n<meta property=\"og:site_name\" content=\"Villa Albertine\" \/>\n<meta property=\"article:modified_time\" content=\"2023-08-23T08:10:22+00:00\" \/>\n<meta property=\"og:image\" content=\"https:\/\/villa-albertine.org\/wp-content\/uploads\/2023\/08\/FLEE_still_12.jpg\" \/>\n\t<meta property=\"og:image:width\" content=\"1392\" \/>\n\t<meta property=\"og:image:height\" content=\"581\" \/>\n\t<meta property=\"og:image:type\" content=\"image\/jpeg\" \/>\n<meta name=\"twitter:card\" content=\"summary_large_image\" \/>\n<meta name=\"twitter:label1\" content=\"Dur\u00e9e de lecture estim\u00e9e\" \/>\n\t<meta name=\"twitter:data1\" content=\"2 minutes\" \/>\n<script type=\"application\/ld+json\" class=\"yoast-schema-graph\">{\"@context\":\"https:\\\/\\\/schema.org\",\"@graph\":[{\"@type\":\"WebPage\",\"@id\":\"https:\\\/\\\/villa-albertine.org\\\/va\\\/fr\\\/news\\\/flee-wins-top-honor-ida-awards\\\/\",\"url\":\"https:\\\/\\\/villa-albertine.org\\\/va\\\/fr\\\/news\\\/flee-wins-top-honor-ida-awards\\\/\",\"name\":\"Flee remporte la plus haute distinction aux IDA Awards - Villa Albertine\",\"isPartOf\":{\"@id\":\"https:\\\/\\\/villa-albertine.org\\\/va\\\/fr\\\/#website\"},\"primaryImageOfPage\":{\"@id\":\"https:\\\/\\\/villa-albertine.org\\\/va\\\/fr\\\/news\\\/flee-wins-top-honor-ida-awards\\\/#primaryimage\"},\"image\":{\"@id\":\"https:\\\/\\\/villa-albertine.org\\\/va\\\/fr\\\/news\\\/flee-wins-top-honor-ida-awards\\\/#primaryimage\"},\"thumbnailUrl\":\"https:\\\/\\\/villa-albertine.org\\\/wp-content\\\/uploads\\\/2023\\\/08\\\/FLEE_still_12.jpg\",\"datePublished\":\"2022-03-07T22:50:58+00:00\",\"dateModified\":\"2023-08-23T08:10:22+00:00\",\"breadcrumb\":{\"@id\":\"https:\\\/\\\/villa-albertine.org\\\/va\\\/fr\\\/news\\\/flee-wins-top-honor-ida-awards\\\/#breadcrumb\"},\"inLanguage\":\"fr-FR\",\"potentialAction\":[{\"@type\":\"ReadAction\",\"target\":[\"https:\\\/\\\/villa-albertine.org\\\/va\\\/fr\\\/news\\\/flee-wins-top-honor-ida-awards\\\/\"]}]},{\"@type\":\"ImageObject\",\"inLanguage\":\"fr-FR\",\"@id\":\"https:\\\/\\\/villa-albertine.org\\\/va\\\/fr\\\/news\\\/flee-wins-top-honor-ida-awards\\\/#primaryimage\",\"url\":\"https:\\\/\\\/villa-albertine.org\\\/wp-content\\\/uploads\\\/2023\\\/08\\\/FLEE_still_12.jpg\",\"contentUrl\":\"https:\\\/\\\/villa-albertine.org\\\/wp-content\\\/uploads\\\/2023\\\/08\\\/FLEE_still_12.jpg\",\"width\":1392,\"height\":581},{\"@type\":\"BreadcrumbList\",\"@id\":\"https:\\\/\\\/villa-albertine.org\\\/va\\\/fr\\\/news\\\/flee-wins-top-honor-ida-awards\\\/#breadcrumb\",\"itemListElement\":[{\"@type\":\"ListItem\",\"position\":1,\"name\":\"Home\",\"item\":\"https:\\\/\\\/villa-albertine.org\\\/va\\\/fr\\\/home\\\/\"},{\"@type\":\"ListItem\",\"position\":2,\"name\":\"Flee remporte la plus haute distinction aux IDA Awards\"}]},{\"@type\":\"WebSite\",\"@id\":\"https:\\\/\\\/villa-albertine.org\\\/va\\\/fr\\\/#website\",\"url\":\"https:\\\/\\\/villa-albertine.org\\\/va\\\/fr\\\/\",\"name\":\"Villa Albertine\",\"description\":\"\",\"potentialAction\":[{\"@type\":\"SearchAction\",\"target\":{\"@type\":\"EntryPoint\",\"urlTemplate\":\"https:\\\/\\\/villa-albertine.org\\\/va\\\/fr\\\/?s={search_term_string}\"},\"query-input\":{\"@type\":\"PropertyValueSpecification\",\"valueRequired\":true,\"valueName\":\"search_term_string\"}}],\"inLanguage\":\"fr-FR\"}]}<\/script>\n<!-- \/ Yoast SEO plugin. -->","yoast_head_json":{"title":"Flee remporte la plus haute distinction aux IDA Awards - Villa Albertine","robots":{"index":"index","follow":"follow","max-snippet":"max-snippet:-1","max-image-preview":"max-image-preview:large","max-video-preview":"max-video-preview:-1"},"canonical":"https:\/\/villa-albertine.org\/va\/fr\/news\/flee-wins-top-honor-ida-awards\/","og_locale":"fr_FR","og_type":"article","og_title":"Flee remporte la plus haute distinction aux IDA Awards - Villa Albertine","og_description":"Battant neuf autres candidats au prix du meilleur long m\u00e9trage, Flee, l\u2019histoire anim\u00e9e d\u2019un jeune afghan homosexuel qui a fui son pays natal pour vivre en Occident, a remport\u00e9 la plus haute r\u00e9compense de la soir\u00e9e. Le r\u00e9alisateur Jonas Poher Rasmussen, qui a d\u2019abord rencontr\u00e9 le sujet de son film Amin Nawabi quand il \u00e9tait...","og_url":"https:\/\/villa-albertine.org\/va\/fr\/news\/flee-wins-top-honor-ida-awards\/","og_site_name":"Villa Albertine","article_modified_time":"2023-08-23T08:10:22+00:00","og_image":[{"width":1392,"height":581,"url":"https:\/\/villa-albertine.org\/wp-content\/uploads\/2023\/08\/FLEE_still_12.jpg","type":"image\/jpeg"}],"twitter_card":"summary_large_image","twitter_misc":{"Dur\u00e9e de lecture estim\u00e9e":"2 minutes"},"schema":{"@context":"https:\/\/schema.org","@graph":[{"@type":"WebPage","@id":"https:\/\/villa-albertine.org\/va\/fr\/news\/flee-wins-top-honor-ida-awards\/","url":"https:\/\/villa-albertine.org\/va\/fr\/news\/flee-wins-top-honor-ida-awards\/","name":"Flee remporte la plus haute distinction aux IDA Awards - Villa Albertine","isPartOf":{"@id":"https:\/\/villa-albertine.org\/va\/fr\/#website"},"primaryImageOfPage":{"@id":"https:\/\/villa-albertine.org\/va\/fr\/news\/flee-wins-top-honor-ida-awards\/#primaryimage"},"image":{"@id":"https:\/\/villa-albertine.org\/va\/fr\/news\/flee-wins-top-honor-ida-awards\/#primaryimage"},"thumbnailUrl":"https:\/\/villa-albertine.org\/wp-content\/uploads\/2023\/08\/FLEE_still_12.jpg","datePublished":"2022-03-07T22:50:58+00:00","dateModified":"2023-08-23T08:10:22+00:00","breadcrumb":{"@id":"https:\/\/villa-albertine.org\/va\/fr\/news\/flee-wins-top-honor-ida-awards\/#breadcrumb"},"inLanguage":"fr-FR","potentialAction":[{"@type":"ReadAction","target":["https:\/\/villa-albertine.org\/va\/fr\/news\/flee-wins-top-honor-ida-awards\/"]}]},{"@type":"ImageObject","inLanguage":"fr-FR","@id":"https:\/\/villa-albertine.org\/va\/fr\/news\/flee-wins-top-honor-ida-awards\/#primaryimage","url":"https:\/\/villa-albertine.org\/wp-content\/uploads\/2023\/08\/FLEE_still_12.jpg","contentUrl":"https:\/\/villa-albertine.org\/wp-content\/uploads\/2023\/08\/FLEE_still_12.jpg","width":1392,"height":581},{"@type":"BreadcrumbList","@id":"https:\/\/villa-albertine.org\/va\/fr\/news\/flee-wins-top-honor-ida-awards\/#breadcrumb","itemListElement":[{"@type":"ListItem","position":1,"name":"Home","item":"https:\/\/villa-albertine.org\/va\/fr\/home\/"},{"@type":"ListItem","position":2,"name":"Flee remporte la plus haute distinction aux IDA Awards"}]},{"@type":"WebSite","@id":"https:\/\/villa-albertine.org\/va\/fr\/#website","url":"https:\/\/villa-albertine.org\/va\/fr\/","name":"Villa Albertine","description":"","potentialAction":[{"@type":"SearchAction","target":{"@type":"EntryPoint","urlTemplate":"https:\/\/villa-albertine.org\/va\/fr\/?s={search_term_string}"},"query-input":{"@type":"PropertyValueSpecification","valueRequired":true,"valueName":"search_term_string"}}],"inLanguage":"fr-FR"}]}},"_links":{"self":[{"href":"https:\/\/villa-albertine.org\/va\/fr\/wp-json\/wp\/v2\/app_news\/63118","targetHints":{"allow":["GET"]}}],"collection":[{"href":"https:\/\/villa-albertine.org\/va\/fr\/wp-json\/wp\/v2\/app_news"}],"about":[{"href":"https:\/\/villa-albertine.org\/va\/fr\/wp-json\/wp\/v2\/types\/app_news"}],"wp:featuredmedia":[{"embeddable":true,"href":"https:\/\/villa-albertine.org\/va\/fr\/wp-json\/wp\/v2\/media\/56960"}],"wp:attachment":[{"href":"https:\/\/villa-albertine.org\/va\/fr\/wp-json\/wp\/v2\/media?parent=63118"}],"wp:term":[{"taxonomy":"app_discipline","embeddable":true,"href":"https:\/\/villa-albertine.org\/va\/fr\/wp-json\/wp\/v2\/app_discipline?post=63118"},{"taxonomy":"app_city_tax","embeddable":true,"href":"https:\/\/villa-albertine.org\/va\/fr\/wp-json\/wp\/v2\/app_city_tax?post=63118"},{"taxonomy":"app_news_type","embeddable":true,"href":"https:\/\/villa-albertine.org\/va\/fr\/wp-json\/wp\/v2\/app_news_type?post=63118"}],"curies":[{"name":"wp","href":"https:\/\/api.w.org\/{rel}","templated":true}]}}