{"id":63117,"date":"2022-03-03T19:12:22","date_gmt":"2022-03-03T19:12:22","guid":{"rendered":"https:\/\/villa-albertine.org\/news\/week-colcoa-virtual-cinema-2\/"},"modified":"2023-08-23T08:10:22","modified_gmt":"2023-08-23T08:10:22","slug":"week-colcoa-virtual-cinema","status":"publish","type":"app_news","link":"https:\/\/villa-albertine.org\/va\/fr\/news\/week-colcoa-virtual-cinema\/","title":{"rendered":"Cette semaine sur le cin\u00e9ma virtuel de COLCOA"},"content":{"rendered":"<p><strong><em>FRANCE<\/em>, <\/strong>DE BRUNO DUMONT<\/p>\n\n<p>L\u00e9a Seydoux tient brillamment le centre de l\u2019inattendu et d\u00e9concertant nouveau film de Bruno Dumont, qui s\u2019ouvre sur la satire des m\u00e9dias d\u2019information contemporains avant de d\u00e9river adroitement vers quelque chose de plus riche et plus sombre. Jamais homme \u00e0 reculer devant la provocation de ses spectateurs, Dumont (<em>The Life of Jesus<\/em>, <em>NYFF35<\/em>) donne \u00e0 Seydoux le r\u00f4le de France de Meurs, a priori imperturbable journaliste TV superstar dont la carri\u00e8re, la vie de famille et la stabilit\u00e9 psychologique se retrouvent secou\u00e9s lorsqu\u2019elle renverse n\u00e9gligemment un livreur dans une rue passante de Paris. L\u2019accident d\u00e9clenche une s\u00e9rie d\u2019introspections ainsi qu\u2019une \u00e9trange romance qui se r\u00e9v\u00e8le in\u00e9branlable. Provoquant la r\u00e9demption en refusant d\u2019accorder l\u2019absolution, France est un film tragi comique et d\u00e9licieusement ambivalent &#8211; un traitement tr\u00e8s 21\u00e8me si\u00e8cle de la difficult\u00e9 \u00e0 maintenir son identit\u00e9 au sein d\u2019une culture corrosive.<\/p>\n\n<p><em>\u00c9crit et r\u00e9alis\u00e9 par Bruno Dumont.<\/em><\/p>\n\n<p><a href=\"https:\/\/colcoa.us16.list-manage.com\/track\/click?u=0a478391e93d709d130b09f06&amp;id=b1e87755a9&amp;e=02d15ca5f1\"><strong><u>REGARDEZ-LE<\/u><\/strong><\/a> SUR LE CIN\u00c9MA VIRTUEL DE COLCOA<\/p>\n<figure class=\"wp-block-image size-full\">\n\t<img loading=\"lazy\" decoding=\"async\" width=\"278\" height=\"413\" src=\"https:\/\/villa-albertine.org\/wp-content\/uploads\/2023\/08\/unnamed-1.png\" class=\"attachment-full size-full\" alt=\"\" srcset=\"https:\/\/villa-albertine.org\/wp-content\/uploads\/2023\/08\/unnamed-1.png 278w, https:\/\/villa-albertine.org\/wp-content\/uploads\/2023\/08\/unnamed-1-202x300.png 202w\" sizes=\"auto, (max-width: 278px) 100vw, 278px\" \/>\n\t\t\t<figcaption>\n\t\t\t<p>France, Bruno Dumont<\/p>\n\t\t<\/figcaption>\n\t<\/figure>\n<p><em><strong>JE VOUS SALUE, MARIE<\/strong><\/em>, DE JEAN-LUC GODARD<\/p>\n\n<p>D\u00e9nonc\u00e9e par le pape, interdite et boycott\u00e9e dans le monde entier, cette oeuvre surprenamment calme et lyrique traduit l\u2019immacul\u00e9e conception dans un vocabulaire concret et contemporain, avec Marie en adolescente joueuse de basketball et pompiste dans une station-service qui re\u00e7oit l\u2019Annonciation par le biais d\u2019un avion de ligne. Marie est une adolescente belle bien qu\u2019ordinaire qui fait v\u0153u de chastet\u00e9. Apr\u00e8s l\u2019avertissement d\u2019un ange, c\u2019est une Marie confuse et innocente qui tombe enceinte de fa\u00e7on inattendue et est forc\u00e9e de marier son petit-ami chauffeur de taxi Joseph. Quant \u00e0 lui, il doit aimer sa femme vierge \u00e0 distance en la v\u00e9n\u00e9rant sans la toucher. Forc\u00e9s \u00e0 se confronter \u00e0 une r\u00e9alit\u00e9 choquante, Marie et Joseph, accompagn\u00e9s de leur famille et amis, doivent lutter pour s\u2019en sortir, tandis que le th\u00e8me provoquant se d\u00e9plie. <em>Je vous salue, Marie<\/em> est une \u0153uvre sensationnelle et os\u00e9e du ma\u00eetre et r\u00e9alisateur fran\u00e7ais Jean-Luc Godard, qui a d\u00e9clench\u00e9 la r\u00e9sonance d\u2019un tumulte de protestations autour du globe.\u00a0<\/p>\n\n<p><em>\u00c9crit et r\u00e9alis\u00e9 par Jean-Luc Godard.<\/em><\/p>\n\n<p><a href=\"https:\/\/colcoa.us16.list-manage.com\/track\/click?u=0a478391e93d709d130b09f06&amp;id=de4b1d0c06&amp;e=02d15ca5f1\"><u>REGARDEZ-LE<\/u><\/a> SUR LE CIN\u00c9MA VIRTUEL DE COLCOA<\/p>\n\n<p>\u00a0<\/p>\n<figure class=\"wp-block-image size-full\">\n\t<img loading=\"lazy\" decoding=\"async\" width=\"278\" height=\"382\" src=\"https:\/\/villa-albertine.org\/wp-content\/uploads\/2023\/08\/unnamed2028129-1.png\" class=\"attachment-full size-full\" alt=\"\" srcset=\"https:\/\/villa-albertine.org\/wp-content\/uploads\/2023\/08\/unnamed2028129-1.png 278w, https:\/\/villa-albertine.org\/wp-content\/uploads\/2023\/08\/unnamed2028129-1-218x300.png 218w\" sizes=\"auto, (max-width: 278px) 100vw, 278px\" \/>\n\t\t\t<figcaption>\n\t\t\t<p>Hail Mary, Jean-Luc Godard<\/p>\n\t\t<\/figcaption>\n\t<\/figure>\n<p><em><strong>JOSEP<\/strong><\/em>, d\u2019Aurel<\/p>\n\n<p>F\u00e9vrier 1939. Les r\u00e9publicains espagnols fuient la dictature de Franco vers la France. Le gouvernement fran\u00e7ais a construit des camps de concentration, confinant les r\u00e9fugi\u00e9s, o\u00f9 ils n\u2019ont pratiquement pas acc\u00e8s \u00e0 l\u2019hygi\u00e8ne, l\u2019eau et la nourriture. C\u2019est dans l\u2019un de ces camps, s\u00e9par\u00e9s par des fils barbel\u00e9s, que deux hommes deviendront amis. L\u2019un est garde, l\u2019autre est Josep Bartoli (1910, Barcelone &#8211; 1995, NYC), un illustrateur qui se bat contre le r\u00e9gime de Franco.<\/p>\n\n<p><em>\u00c9crit et r\u00e9alis\u00e9 par Aurel.<\/em><\/p>\n\n<p><a href=\"https:\/\/colcoa.us16.list-manage.com\/track\/click?u=0a478391e93d709d130b09f06&amp;id=ef86474e9e&amp;e=02d15ca5f1\"><u>REGARDEZ-LE<\/u><\/a> SUR LE CIN\u00c9MA VIRTUEL DE COLCOA<\/p>\n<figure class=\"wp-block-image size-full\">\n\t<img loading=\"lazy\" decoding=\"async\" width=\"280\" height=\"413\" src=\"https:\/\/villa-albertine.org\/wp-content\/uploads\/2023\/08\/unnamed2028229.png\" class=\"attachment-full size-full\" alt=\"\" srcset=\"https:\/\/villa-albertine.org\/wp-content\/uploads\/2023\/08\/unnamed2028229.png 280w, https:\/\/villa-albertine.org\/wp-content\/uploads\/2023\/08\/unnamed2028229-203x300.png 203w\" sizes=\"auto, (max-width: 280px) 100vw, 280px\" \/>\n\t\t\t<figcaption>\n\t\t\t<p>Josep, Aurel<\/p>\n\t\t<\/figcaption>\n\t<\/figure>\n<p>Amen\u00e9e au public par les producteurs du<a href=\"https:\/\/www.colcoa.org\/\"> festival de films fran\u00e7ais COLCOA<\/a>, qui pr\u00e9sente tous les ans les avant-premi\u00e8res et r\u00e9compenses \u00e0 Hollywood, le cin\u00e9ma virtuel de COLCOA est votre plateforme de vid\u00e9os \u00e0 la demande aux Etats-Unis d\u00e9di\u00e9e aux films et s\u00e9ries produits ou coproduits en France. Regardez chez vous une s\u00e9lection de plus de 200 s\u00e9ries et films fran\u00e7ais, depuis les sorties les plus r\u00e9centes jusqu\u2019aux classiques restaur\u00e9s, dont quelques-uns pr\u00e9sent\u00e9s et r\u00e9compens\u00e9s pr\u00e9c\u00e9demment lors du festival.\u00a0<\/p>\n\n<p>Les films sont pr\u00e9sent\u00e9s avec des sous-titres anglais et sont accessibles partout aux Etats-Unis. La programmation est mise \u00e0 jour avec de nouveaux titres ajout\u00e9s tous les vendredis. Aucune inscription requise ! Certains des films sont gratuits, mais la plupart peuvent \u00eatre lou\u00e9s \u00e0 partir de 2.99$ (toutes taxes incluses), le prix pouvant varier en fonction du film et du distributeur avec lequel nous sommes associ\u00e9s. De nouveaux films qui sortent en m\u00eame temps au cin\u00e9ma peuvent avoir un prix plus \u00e9lev\u00e9, ajust\u00e9 selon les circonstances. Cliquez simplement sur le film que vous voulez regarder et suivez les instructions.<\/p>","protected":false},"featured_media":56954,"menu_order":0,"template":"","app_discipline":[265,266],"app_city_tax":[267,276],"app_news_type":[106],"class_list":["post-63117","app_news","type-app_news","status-publish","has-post-thumbnail","hentry","app_discipline-arts-visuels-fr","app_discipline-cinema-fr","app_city_tax-la-fr","app_city_tax-toutes-les-villes-fr","app_news_type-video-fr"],"acf":[],"yoast_head":"<!-- This site is optimized with the Yoast SEO plugin v27.3 - https:\/\/yoast.com\/product\/yoast-seo-wordpress\/ -->\n<title>Cette semaine sur le cin\u00e9ma virtuel de COLCOA - Villa Albertine<\/title>\n<meta name=\"robots\" content=\"index, follow, max-snippet:-1, max-image-preview:large, max-video-preview:-1\" \/>\n<link rel=\"canonical\" href=\"https:\/\/villa-albertine.org\/va\/fr\/news\/week-colcoa-virtual-cinema\/\" \/>\n<meta property=\"og:locale\" content=\"fr_FR\" \/>\n<meta property=\"og:type\" content=\"article\" \/>\n<meta property=\"og:title\" content=\"Cette semaine sur le cin\u00e9ma virtuel de COLCOA - Villa Albertine\" \/>\n<meta property=\"og:description\" content=\"FRANCE, DE BRUNO DUMONT L\u00e9a Seydoux tient brillamment le centre de l\u2019inattendu et d\u00e9concertant nouveau film de Bruno Dumont, qui s\u2019ouvre sur la satire des m\u00e9dias d\u2019information contemporains avant de d\u00e9river adroitement vers quelque chose de plus riche et plus sombre. Jamais homme \u00e0 reculer devant la provocation de ses spectateurs, Dumont (The Life of...\" \/>\n<meta property=\"og:url\" content=\"https:\/\/villa-albertine.org\/va\/fr\/news\/week-colcoa-virtual-cinema\/\" \/>\n<meta property=\"og:site_name\" content=\"Villa Albertine\" \/>\n<meta property=\"article:modified_time\" content=\"2023-08-23T08:10:22+00:00\" \/>\n<meta property=\"og:image\" content=\"https:\/\/villa-albertine.org\/wp-content\/uploads\/2023\/08\/france.jpg\" \/>\n\t<meta property=\"og:image:width\" content=\"1023\" \/>\n\t<meta property=\"og:image:height\" content=\"682\" \/>\n\t<meta property=\"og:image:type\" content=\"image\/jpeg\" \/>\n<meta name=\"twitter:card\" content=\"summary_large_image\" \/>\n<meta name=\"twitter:label1\" content=\"Dur\u00e9e de lecture estim\u00e9e\" \/>\n\t<meta name=\"twitter:data1\" content=\"3 minutes\" \/>\n<script type=\"application\/ld+json\" class=\"yoast-schema-graph\">{\"@context\":\"https:\\\/\\\/schema.org\",\"@graph\":[{\"@type\":\"WebPage\",\"@id\":\"https:\\\/\\\/villa-albertine.org\\\/va\\\/fr\\\/news\\\/week-colcoa-virtual-cinema\\\/\",\"url\":\"https:\\\/\\\/villa-albertine.org\\\/va\\\/fr\\\/news\\\/week-colcoa-virtual-cinema\\\/\",\"name\":\"Cette semaine sur le cin\u00e9ma virtuel de COLCOA - Villa Albertine\",\"isPartOf\":{\"@id\":\"https:\\\/\\\/villa-albertine.org\\\/va\\\/fr\\\/#website\"},\"primaryImageOfPage\":{\"@id\":\"https:\\\/\\\/villa-albertine.org\\\/va\\\/fr\\\/news\\\/week-colcoa-virtual-cinema\\\/#primaryimage\"},\"image\":{\"@id\":\"https:\\\/\\\/villa-albertine.org\\\/va\\\/fr\\\/news\\\/week-colcoa-virtual-cinema\\\/#primaryimage\"},\"thumbnailUrl\":\"https:\\\/\\\/villa-albertine.org\\\/wp-content\\\/uploads\\\/2023\\\/08\\\/france.jpg\",\"datePublished\":\"2022-03-03T19:12:22+00:00\",\"dateModified\":\"2023-08-23T08:10:22+00:00\",\"breadcrumb\":{\"@id\":\"https:\\\/\\\/villa-albertine.org\\\/va\\\/fr\\\/news\\\/week-colcoa-virtual-cinema\\\/#breadcrumb\"},\"inLanguage\":\"fr-FR\",\"potentialAction\":[{\"@type\":\"ReadAction\",\"target\":[\"https:\\\/\\\/villa-albertine.org\\\/va\\\/fr\\\/news\\\/week-colcoa-virtual-cinema\\\/\"]}]},{\"@type\":\"ImageObject\",\"inLanguage\":\"fr-FR\",\"@id\":\"https:\\\/\\\/villa-albertine.org\\\/va\\\/fr\\\/news\\\/week-colcoa-virtual-cinema\\\/#primaryimage\",\"url\":\"https:\\\/\\\/villa-albertine.org\\\/wp-content\\\/uploads\\\/2023\\\/08\\\/france.jpg\",\"contentUrl\":\"https:\\\/\\\/villa-albertine.org\\\/wp-content\\\/uploads\\\/2023\\\/08\\\/france.jpg\",\"width\":1023,\"height\":682},{\"@type\":\"BreadcrumbList\",\"@id\":\"https:\\\/\\\/villa-albertine.org\\\/va\\\/fr\\\/news\\\/week-colcoa-virtual-cinema\\\/#breadcrumb\",\"itemListElement\":[{\"@type\":\"ListItem\",\"position\":1,\"name\":\"Home\",\"item\":\"https:\\\/\\\/villa-albertine.org\\\/va\\\/fr\\\/home\\\/\"},{\"@type\":\"ListItem\",\"position\":2,\"name\":\"Cette semaine sur le cin\u00e9ma virtuel de COLCOA\"}]},{\"@type\":\"WebSite\",\"@id\":\"https:\\\/\\\/villa-albertine.org\\\/va\\\/fr\\\/#website\",\"url\":\"https:\\\/\\\/villa-albertine.org\\\/va\\\/fr\\\/\",\"name\":\"Villa Albertine\",\"description\":\"\",\"potentialAction\":[{\"@type\":\"SearchAction\",\"target\":{\"@type\":\"EntryPoint\",\"urlTemplate\":\"https:\\\/\\\/villa-albertine.org\\\/va\\\/fr\\\/?s={search_term_string}\"},\"query-input\":{\"@type\":\"PropertyValueSpecification\",\"valueRequired\":true,\"valueName\":\"search_term_string\"}}],\"inLanguage\":\"fr-FR\"}]}<\/script>\n<!-- \/ Yoast SEO plugin. -->","yoast_head_json":{"title":"Cette semaine sur le cin\u00e9ma virtuel de COLCOA - Villa Albertine","robots":{"index":"index","follow":"follow","max-snippet":"max-snippet:-1","max-image-preview":"max-image-preview:large","max-video-preview":"max-video-preview:-1"},"canonical":"https:\/\/villa-albertine.org\/va\/fr\/news\/week-colcoa-virtual-cinema\/","og_locale":"fr_FR","og_type":"article","og_title":"Cette semaine sur le cin\u00e9ma virtuel de COLCOA - Villa Albertine","og_description":"FRANCE, DE BRUNO DUMONT L\u00e9a Seydoux tient brillamment le centre de l\u2019inattendu et d\u00e9concertant nouveau film de Bruno Dumont, qui s\u2019ouvre sur la satire des m\u00e9dias d\u2019information contemporains avant de d\u00e9river adroitement vers quelque chose de plus riche et plus sombre. Jamais homme \u00e0 reculer devant la provocation de ses spectateurs, Dumont (The Life of...","og_url":"https:\/\/villa-albertine.org\/va\/fr\/news\/week-colcoa-virtual-cinema\/","og_site_name":"Villa Albertine","article_modified_time":"2023-08-23T08:10:22+00:00","og_image":[{"width":1023,"height":682,"url":"https:\/\/villa-albertine.org\/wp-content\/uploads\/2023\/08\/france.jpg","type":"image\/jpeg"}],"twitter_card":"summary_large_image","twitter_misc":{"Dur\u00e9e de lecture estim\u00e9e":"3 minutes"},"schema":{"@context":"https:\/\/schema.org","@graph":[{"@type":"WebPage","@id":"https:\/\/villa-albertine.org\/va\/fr\/news\/week-colcoa-virtual-cinema\/","url":"https:\/\/villa-albertine.org\/va\/fr\/news\/week-colcoa-virtual-cinema\/","name":"Cette semaine sur le cin\u00e9ma virtuel de COLCOA - Villa Albertine","isPartOf":{"@id":"https:\/\/villa-albertine.org\/va\/fr\/#website"},"primaryImageOfPage":{"@id":"https:\/\/villa-albertine.org\/va\/fr\/news\/week-colcoa-virtual-cinema\/#primaryimage"},"image":{"@id":"https:\/\/villa-albertine.org\/va\/fr\/news\/week-colcoa-virtual-cinema\/#primaryimage"},"thumbnailUrl":"https:\/\/villa-albertine.org\/wp-content\/uploads\/2023\/08\/france.jpg","datePublished":"2022-03-03T19:12:22+00:00","dateModified":"2023-08-23T08:10:22+00:00","breadcrumb":{"@id":"https:\/\/villa-albertine.org\/va\/fr\/news\/week-colcoa-virtual-cinema\/#breadcrumb"},"inLanguage":"fr-FR","potentialAction":[{"@type":"ReadAction","target":["https:\/\/villa-albertine.org\/va\/fr\/news\/week-colcoa-virtual-cinema\/"]}]},{"@type":"ImageObject","inLanguage":"fr-FR","@id":"https:\/\/villa-albertine.org\/va\/fr\/news\/week-colcoa-virtual-cinema\/#primaryimage","url":"https:\/\/villa-albertine.org\/wp-content\/uploads\/2023\/08\/france.jpg","contentUrl":"https:\/\/villa-albertine.org\/wp-content\/uploads\/2023\/08\/france.jpg","width":1023,"height":682},{"@type":"BreadcrumbList","@id":"https:\/\/villa-albertine.org\/va\/fr\/news\/week-colcoa-virtual-cinema\/#breadcrumb","itemListElement":[{"@type":"ListItem","position":1,"name":"Home","item":"https:\/\/villa-albertine.org\/va\/fr\/home\/"},{"@type":"ListItem","position":2,"name":"Cette semaine sur le cin\u00e9ma virtuel de COLCOA"}]},{"@type":"WebSite","@id":"https:\/\/villa-albertine.org\/va\/fr\/#website","url":"https:\/\/villa-albertine.org\/va\/fr\/","name":"Villa Albertine","description":"","potentialAction":[{"@type":"SearchAction","target":{"@type":"EntryPoint","urlTemplate":"https:\/\/villa-albertine.org\/va\/fr\/?s={search_term_string}"},"query-input":{"@type":"PropertyValueSpecification","valueRequired":true,"valueName":"search_term_string"}}],"inLanguage":"fr-FR"}]}},"_links":{"self":[{"href":"https:\/\/villa-albertine.org\/va\/fr\/wp-json\/wp\/v2\/app_news\/63117","targetHints":{"allow":["GET"]}}],"collection":[{"href":"https:\/\/villa-albertine.org\/va\/fr\/wp-json\/wp\/v2\/app_news"}],"about":[{"href":"https:\/\/villa-albertine.org\/va\/fr\/wp-json\/wp\/v2\/types\/app_news"}],"wp:featuredmedia":[{"embeddable":true,"href":"https:\/\/villa-albertine.org\/va\/fr\/wp-json\/wp\/v2\/media\/56954"}],"wp:attachment":[{"href":"https:\/\/villa-albertine.org\/va\/fr\/wp-json\/wp\/v2\/media?parent=63117"}],"wp:term":[{"taxonomy":"app_discipline","embeddable":true,"href":"https:\/\/villa-albertine.org\/va\/fr\/wp-json\/wp\/v2\/app_discipline?post=63117"},{"taxonomy":"app_city_tax","embeddable":true,"href":"https:\/\/villa-albertine.org\/va\/fr\/wp-json\/wp\/v2\/app_city_tax?post=63117"},{"taxonomy":"app_news_type","embeddable":true,"href":"https:\/\/villa-albertine.org\/va\/fr\/wp-json\/wp\/v2\/app_news_type?post=63117"}],"curies":[{"name":"wp","href":"https:\/\/api.w.org\/{rel}","templated":true}]}}