{"id":63116,"date":"2022-02-28T23:54:31","date_gmt":"2022-02-28T23:54:31","guid":{"rendered":"https:\/\/villa-albertine.org\/news\/celebrate-international-womens-day-our-events-los-angeles-2\/"},"modified":"2023-08-23T08:10:22","modified_gmt":"2023-08-23T08:10:22","slug":"celebrate-international-womens-day-our-events-los-angeles","status":"publish","type":"app_news","link":"https:\/\/villa-albertine.org\/va\/fr\/news\/celebrate-international-womens-day-our-events-los-angeles\/","title":{"rendered":"C\u00e9l\u00e9brez la Journ\u00e9e internationale des femmes \u00e0 Los Angeles !"},"content":{"rendered":"<p>La culture fran\u00e7aise sera au rendez-vous pendant tout le mois de mars dans la ville de Los Angeles pour mettre en avant les combats contre les in\u00e9galit\u00e9s de genre et pour promouvoir la place des femmes dans les diff\u00e9rents champs artistiques.\u00a0<\/p>\n<p>Ne manquez pas les temps forts de ce mois consacr\u00e9 aux droits des femmes !<\/p>\n<p><strong>CINEMA | 1-23 mars 2022 | Une r\u00e9trospective Marguerite Duras \u00e0 l\u2019American Cinematheque et Mezzanine<\/strong><\/p>\n<p>Du 1er au 23 mars, l\u2019American Cinematheque et Mezzanine pr\u00e9senteront, en partenariat avec la Villa Albertine, quelques rares copies des films les plus marquants de la cin\u00e9aste et \u00e9crivaine fran\u00e7aise.\u00a0<\/p>\n<p><a href=\"https:\/\/www.mezzaninefilm.com\/event-details\/stephanie-lacava-presents-marguerite-durass-nathalie-granger-1972\">R\u00e9servez vos places<\/a> pour une projection in\u00e9dite de <em>Nathalie Granger<\/em> en compagnie de l\u2019\u00e9crivaine Stephanie LaCava (<em>I Fear My Pain Interests You<\/em>).<\/p>\n<p>Visitez le <a href=\"https:\/\/www.americancinematheque.com\/series\/marguerite-duras-an-american-cinematheque-retrospective\/\">site de l\u2019American Cinematheque<\/a> pour d\u00e9couvrir le programme de la r\u00e9trospective Marguerite Duras, qui incluera des \u0153uvres majeures comme <em>Hiroshima mon amour<\/em> ou <em>India Song<\/em>.<\/p>\n<p><a href=\"https:\/\/villa-albertine.org\/fr\/events\/women-rights-month-opens-marguerite-duras-retrospective-american-cinematheque\">Plus d\u2019informations sur notre site<\/a><\/p>\n<p><strong>PERFORMANCE | 5 mars 2022 | <\/strong><strong><em>Je ne serais pas arriv\u00e9e l\u00e0, si\u2026<\/em><\/strong><strong>, avec Julie Gayet et Judith Henry<\/strong><\/p>\n<p>Rejoignez le <a href=\"https:\/\/www.theatreraymondkabbaz.com\/\">Th\u00e9\u00e2tre Raymond Kabbaz<\/a> pour une adaptation de l&rsquo;\u0153uvre d\u2019Annick Cojean, propos\u00e9e par Judith Henry en compagnie de l\u2019actrice Julie Gayet. Plongez dans la vie intime de femmes innovatrices qui ont fa\u00e7onn\u00e9 la culture fran\u00e7aise \u00e0 travers l\u2019interpr\u00e9tation d\u2019une s\u00e9rie d\u2019interviews de la journaliste Annick Cojean, envoy\u00e9e sp\u00e9ciale pour <em>Le Monde<\/em>.\u00a0<\/p>\n<p><a href=\"https:\/\/villa-albertine.org\/fr\/events\/theatre-raymond-kabbaz-presents-je-ne-serais-pas-arrivee-la-si-i-wouldnt-have-made-it-here-if\">Plus d\u2019informations sur notre site<\/a><\/p>\n<p><strong>CINEMA | 11 mars 2022 | Projection et discussion autour de <\/strong><strong><em>Soeurs d\u2019armes<\/em><\/strong><strong> avec sa r\u00e9alisatrice Caroline Fourest<\/strong><\/p>\n<p>En partenariat avec le Consulat g\u00e9n\u00e9ral de Los Angeles et la Villa Albertine, <a href=\"https:\/\/www.americancinematheque.com\/now-showing\/sisters-in-arms-3-11-22\/\">r\u00e9servez vos places<\/a> \u00e0 l\u2019American Cinematheque pour d\u00e9couvrir l\u2019histoire inspirante de femmes soldats qui se battent pour leurs libert\u00e9s, une projection suivie d\u2019une discussion avec la r\u00e9alisatrice. Entr\u00e9e gratuite.<\/p>\n<p><a href=\"https:\/\/villa-albertine.org\/fr\/events\/french-director-caroline-fourest-presents-her-feature-film-sisters-arms-soeurs-darmes-american\">Plus d\u2019informations sur notre site<\/a><\/p>\n<p><strong>CINEMA | 15 et 16 mars 2022 | <\/strong><strong><em>Jeanne Dilman, 23, quai du Commerce, 1080 Bruxelles<\/em><\/strong><strong>, le chef-d\u2019oeuvre de Chantal Akerman, projet\u00e9 au New Beverly Cinema<\/strong><\/p>\n<p>Sorti en France en 1976, le long-m\u00e9trage de Chantal Akerman figure parmi les films les plus m\u00e9morables du XXe si\u00e8cle sur la condition f\u00e9minine et l\u2019enfermement qu\u2019elle g\u00e9n\u00e8re.<\/p>\n<p><a href=\"https:\/\/villa-albertine.org\/fr\/events\/revisit-chantal-akermans-masterpiece-big-screen-new-beverly-cinema\">Plus d&rsquo;informations sur notre site<\/a><\/p>\n","protected":false},"featured_media":56951,"menu_order":0,"template":"","app_discipline":[275,265,266,263],"app_city_tax":[267],"app_news_type":[104],"class_list":["post-63116","app_news","type-app_news","status-publish","has-post-thumbnail","hentry","app_discipline-arts-de-la-scene-fr","app_discipline-arts-visuels-fr","app_discipline-cinema-fr","app_discipline-litterature-fr","app_city_tax-la-fr","app_news_type-history-fr"],"acf":[],"yoast_head":"<!-- This site is optimized with the Yoast SEO plugin v27.3 - https:\/\/yoast.com\/product\/yoast-seo-wordpress\/ -->\n<title>C\u00e9l\u00e9brez la Journ\u00e9e internationale des femmes \u00e0 Los Angeles ! - Villa Albertine<\/title>\n<meta name=\"robots\" content=\"index, follow, max-snippet:-1, max-image-preview:large, max-video-preview:-1\" \/>\n<link rel=\"canonical\" href=\"https:\/\/villa-albertine.org\/va\/fr\/news\/celebrate-international-womens-day-our-events-los-angeles\/\" \/>\n<meta property=\"og:locale\" content=\"fr_FR\" \/>\n<meta property=\"og:type\" content=\"article\" \/>\n<meta property=\"og:title\" content=\"C\u00e9l\u00e9brez la Journ\u00e9e internationale des femmes \u00e0 Los Angeles ! - Villa Albertine\" \/>\n<meta property=\"og:description\" content=\"La culture fran\u00e7aise sera au rendez-vous pendant tout le mois de mars dans la ville de Los Angeles pour mettre en avant les combats contre les in\u00e9galit\u00e9s de genre et pour promouvoir la place des femmes dans les diff\u00e9rents champs artistiques.\u00a0 Ne manquez pas les temps forts de ce mois consacr\u00e9 aux droits des femmes...\" \/>\n<meta property=\"og:url\" content=\"https:\/\/villa-albertine.org\/va\/fr\/news\/celebrate-international-womens-day-our-events-los-angeles\/\" \/>\n<meta property=\"og:site_name\" content=\"Villa Albertine\" \/>\n<meta property=\"article:modified_time\" content=\"2023-08-23T08:10:22+00:00\" \/>\n<meta property=\"og:image\" content=\"https:\/\/villa-albertine.org\/wp-content\/uploads\/2023\/08\/2f8455_6f60fb74d3344566abadabdafec188bf_mv2.jpg\" \/>\n\t<meta property=\"og:image:width\" content=\"844\" \/>\n\t<meta property=\"og:image:height\" content=\"844\" \/>\n\t<meta property=\"og:image:type\" content=\"image\/jpeg\" \/>\n<meta name=\"twitter:card\" content=\"summary_large_image\" \/>\n<meta name=\"twitter:label1\" content=\"Dur\u00e9e de lecture estim\u00e9e\" \/>\n\t<meta name=\"twitter:data1\" content=\"2 minutes\" \/>\n<script type=\"application\/ld+json\" class=\"yoast-schema-graph\">{\"@context\":\"https:\\\/\\\/schema.org\",\"@graph\":[{\"@type\":\"WebPage\",\"@id\":\"https:\\\/\\\/villa-albertine.org\\\/va\\\/fr\\\/news\\\/celebrate-international-womens-day-our-events-los-angeles\\\/\",\"url\":\"https:\\\/\\\/villa-albertine.org\\\/va\\\/fr\\\/news\\\/celebrate-international-womens-day-our-events-los-angeles\\\/\",\"name\":\"C\u00e9l\u00e9brez la Journ\u00e9e internationale des femmes \u00e0 Los Angeles ! - Villa Albertine\",\"isPartOf\":{\"@id\":\"https:\\\/\\\/villa-albertine.org\\\/va\\\/fr\\\/#website\"},\"primaryImageOfPage\":{\"@id\":\"https:\\\/\\\/villa-albertine.org\\\/va\\\/fr\\\/news\\\/celebrate-international-womens-day-our-events-los-angeles\\\/#primaryimage\"},\"image\":{\"@id\":\"https:\\\/\\\/villa-albertine.org\\\/va\\\/fr\\\/news\\\/celebrate-international-womens-day-our-events-los-angeles\\\/#primaryimage\"},\"thumbnailUrl\":\"https:\\\/\\\/villa-albertine.org\\\/wp-content\\\/uploads\\\/2023\\\/08\\\/2f8455_6f60fb74d3344566abadabdafec188bf_mv2.jpg\",\"datePublished\":\"2022-02-28T23:54:31+00:00\",\"dateModified\":\"2023-08-23T08:10:22+00:00\",\"breadcrumb\":{\"@id\":\"https:\\\/\\\/villa-albertine.org\\\/va\\\/fr\\\/news\\\/celebrate-international-womens-day-our-events-los-angeles\\\/#breadcrumb\"},\"inLanguage\":\"fr-FR\",\"potentialAction\":[{\"@type\":\"ReadAction\",\"target\":[\"https:\\\/\\\/villa-albertine.org\\\/va\\\/fr\\\/news\\\/celebrate-international-womens-day-our-events-los-angeles\\\/\"]}]},{\"@type\":\"ImageObject\",\"inLanguage\":\"fr-FR\",\"@id\":\"https:\\\/\\\/villa-albertine.org\\\/va\\\/fr\\\/news\\\/celebrate-international-womens-day-our-events-los-angeles\\\/#primaryimage\",\"url\":\"https:\\\/\\\/villa-albertine.org\\\/wp-content\\\/uploads\\\/2023\\\/08\\\/2f8455_6f60fb74d3344566abadabdafec188bf_mv2.jpg\",\"contentUrl\":\"https:\\\/\\\/villa-albertine.org\\\/wp-content\\\/uploads\\\/2023\\\/08\\\/2f8455_6f60fb74d3344566abadabdafec188bf_mv2.jpg\",\"width\":844,\"height\":844},{\"@type\":\"BreadcrumbList\",\"@id\":\"https:\\\/\\\/villa-albertine.org\\\/va\\\/fr\\\/news\\\/celebrate-international-womens-day-our-events-los-angeles\\\/#breadcrumb\",\"itemListElement\":[{\"@type\":\"ListItem\",\"position\":1,\"name\":\"Home\",\"item\":\"https:\\\/\\\/villa-albertine.org\\\/va\\\/fr\\\/home\\\/\"},{\"@type\":\"ListItem\",\"position\":2,\"name\":\"C\u00e9l\u00e9brez la Journ\u00e9e internationale des femmes \u00e0 Los Angeles !\"}]},{\"@type\":\"WebSite\",\"@id\":\"https:\\\/\\\/villa-albertine.org\\\/va\\\/fr\\\/#website\",\"url\":\"https:\\\/\\\/villa-albertine.org\\\/va\\\/fr\\\/\",\"name\":\"Villa Albertine\",\"description\":\"\",\"potentialAction\":[{\"@type\":\"SearchAction\",\"target\":{\"@type\":\"EntryPoint\",\"urlTemplate\":\"https:\\\/\\\/villa-albertine.org\\\/va\\\/fr\\\/?s={search_term_string}\"},\"query-input\":{\"@type\":\"PropertyValueSpecification\",\"valueRequired\":true,\"valueName\":\"search_term_string\"}}],\"inLanguage\":\"fr-FR\"}]}<\/script>\n<!-- \/ Yoast SEO plugin. -->","yoast_head_json":{"title":"C\u00e9l\u00e9brez la Journ\u00e9e internationale des femmes \u00e0 Los Angeles ! - Villa Albertine","robots":{"index":"index","follow":"follow","max-snippet":"max-snippet:-1","max-image-preview":"max-image-preview:large","max-video-preview":"max-video-preview:-1"},"canonical":"https:\/\/villa-albertine.org\/va\/fr\/news\/celebrate-international-womens-day-our-events-los-angeles\/","og_locale":"fr_FR","og_type":"article","og_title":"C\u00e9l\u00e9brez la Journ\u00e9e internationale des femmes \u00e0 Los Angeles ! - Villa Albertine","og_description":"La culture fran\u00e7aise sera au rendez-vous pendant tout le mois de mars dans la ville de Los Angeles pour mettre en avant les combats contre les in\u00e9galit\u00e9s de genre et pour promouvoir la place des femmes dans les diff\u00e9rents champs artistiques.\u00a0 Ne manquez pas les temps forts de ce mois consacr\u00e9 aux droits des femmes...","og_url":"https:\/\/villa-albertine.org\/va\/fr\/news\/celebrate-international-womens-day-our-events-los-angeles\/","og_site_name":"Villa Albertine","article_modified_time":"2023-08-23T08:10:22+00:00","og_image":[{"width":844,"height":844,"url":"https:\/\/villa-albertine.org\/wp-content\/uploads\/2023\/08\/2f8455_6f60fb74d3344566abadabdafec188bf_mv2.jpg","type":"image\/jpeg"}],"twitter_card":"summary_large_image","twitter_misc":{"Dur\u00e9e de lecture estim\u00e9e":"2 minutes"},"schema":{"@context":"https:\/\/schema.org","@graph":[{"@type":"WebPage","@id":"https:\/\/villa-albertine.org\/va\/fr\/news\/celebrate-international-womens-day-our-events-los-angeles\/","url":"https:\/\/villa-albertine.org\/va\/fr\/news\/celebrate-international-womens-day-our-events-los-angeles\/","name":"C\u00e9l\u00e9brez la Journ\u00e9e internationale des femmes \u00e0 Los Angeles ! - Villa Albertine","isPartOf":{"@id":"https:\/\/villa-albertine.org\/va\/fr\/#website"},"primaryImageOfPage":{"@id":"https:\/\/villa-albertine.org\/va\/fr\/news\/celebrate-international-womens-day-our-events-los-angeles\/#primaryimage"},"image":{"@id":"https:\/\/villa-albertine.org\/va\/fr\/news\/celebrate-international-womens-day-our-events-los-angeles\/#primaryimage"},"thumbnailUrl":"https:\/\/villa-albertine.org\/wp-content\/uploads\/2023\/08\/2f8455_6f60fb74d3344566abadabdafec188bf_mv2.jpg","datePublished":"2022-02-28T23:54:31+00:00","dateModified":"2023-08-23T08:10:22+00:00","breadcrumb":{"@id":"https:\/\/villa-albertine.org\/va\/fr\/news\/celebrate-international-womens-day-our-events-los-angeles\/#breadcrumb"},"inLanguage":"fr-FR","potentialAction":[{"@type":"ReadAction","target":["https:\/\/villa-albertine.org\/va\/fr\/news\/celebrate-international-womens-day-our-events-los-angeles\/"]}]},{"@type":"ImageObject","inLanguage":"fr-FR","@id":"https:\/\/villa-albertine.org\/va\/fr\/news\/celebrate-international-womens-day-our-events-los-angeles\/#primaryimage","url":"https:\/\/villa-albertine.org\/wp-content\/uploads\/2023\/08\/2f8455_6f60fb74d3344566abadabdafec188bf_mv2.jpg","contentUrl":"https:\/\/villa-albertine.org\/wp-content\/uploads\/2023\/08\/2f8455_6f60fb74d3344566abadabdafec188bf_mv2.jpg","width":844,"height":844},{"@type":"BreadcrumbList","@id":"https:\/\/villa-albertine.org\/va\/fr\/news\/celebrate-international-womens-day-our-events-los-angeles\/#breadcrumb","itemListElement":[{"@type":"ListItem","position":1,"name":"Home","item":"https:\/\/villa-albertine.org\/va\/fr\/home\/"},{"@type":"ListItem","position":2,"name":"C\u00e9l\u00e9brez la Journ\u00e9e internationale des femmes \u00e0 Los Angeles !"}]},{"@type":"WebSite","@id":"https:\/\/villa-albertine.org\/va\/fr\/#website","url":"https:\/\/villa-albertine.org\/va\/fr\/","name":"Villa Albertine","description":"","potentialAction":[{"@type":"SearchAction","target":{"@type":"EntryPoint","urlTemplate":"https:\/\/villa-albertine.org\/va\/fr\/?s={search_term_string}"},"query-input":{"@type":"PropertyValueSpecification","valueRequired":true,"valueName":"search_term_string"}}],"inLanguage":"fr-FR"}]}},"_links":{"self":[{"href":"https:\/\/villa-albertine.org\/va\/fr\/wp-json\/wp\/v2\/app_news\/63116","targetHints":{"allow":["GET"]}}],"collection":[{"href":"https:\/\/villa-albertine.org\/va\/fr\/wp-json\/wp\/v2\/app_news"}],"about":[{"href":"https:\/\/villa-albertine.org\/va\/fr\/wp-json\/wp\/v2\/types\/app_news"}],"wp:featuredmedia":[{"embeddable":true,"href":"https:\/\/villa-albertine.org\/va\/fr\/wp-json\/wp\/v2\/media\/56951"}],"wp:attachment":[{"href":"https:\/\/villa-albertine.org\/va\/fr\/wp-json\/wp\/v2\/media?parent=63116"}],"wp:term":[{"taxonomy":"app_discipline","embeddable":true,"href":"https:\/\/villa-albertine.org\/va\/fr\/wp-json\/wp\/v2\/app_discipline?post=63116"},{"taxonomy":"app_city_tax","embeddable":true,"href":"https:\/\/villa-albertine.org\/va\/fr\/wp-json\/wp\/v2\/app_city_tax?post=63116"},{"taxonomy":"app_news_type","embeddable":true,"href":"https:\/\/villa-albertine.org\/va\/fr\/wp-json\/wp\/v2\/app_news_type?post=63116"}],"curies":[{"name":"wp","href":"https:\/\/api.w.org\/{rel}","templated":true}]}}