{"id":63115,"date":"2022-01-14T22:25:17","date_gmt":"2022-01-14T22:25:17","guid":{"rendered":"https:\/\/villa-albertine.org\/news\/2022-celebration-400-years-moliere-2\/"},"modified":"2024-01-28T09:01:37","modified_gmt":"2024-01-28T09:01:37","slug":"2022-celebration-400-years-moliere","status":"publish","type":"app_news","link":"https:\/\/villa-albertine.org\/va\/fr\/news\/2022-celebration-400-years-moliere\/","title":{"rendered":"En 2022, C\u00e9l\u00e9bration des 400 ans de Moli\u00e8re"},"content":{"rendered":"<p lang=\"EN-GB\" xml:lang=\"EN-GB\" xml:lang=\"EN-GB\">\n<h2>\u00c9v\u00e8nements en\u00a0France\u00a0:<\/h2>\n<p lang=\"EN-GB\" xml:lang=\"EN-GB\" xml:lang=\"EN-GB\">Enti\u00e8rement consacr\u00e9e \u00e0 Moli\u00e8re,\u00a0l<a href=\"https:\/\/www.comedie-francaise.fr\/fr\/evenements\/moliere-2022\">a programmation de la Com\u00e9die-Fran\u00e7aise<\/a>\u00a0proposera\u00a0de la\u00a0mi-janvier\u00a0\u00e0 la mi-juillet\u00a0douze\u00a0productions\u00a0originales\u00a0mises en sc\u00e8ne par\u00a0Ivo van Hove, Julie\u00a0Deliquet,\u00a0Lilo\u00a0Baur ou Louise Vignaud\u00a0ainsi\u00a0que la reprise d\u2019une s\u00e9lection de\u00a0pi\u00e8ces de Moli\u00e8re.<\/p>\n<p lang=\"EN-GB\" xml:lang=\"EN-GB\" xml:lang=\"EN-GB\">En particulier,\u00a0du 15 janvier au 24 avril,\u00a0la premi\u00e8re version de\u00a0<em>Tartuffe\u00a0<\/em><a href=\"https:\/\/www.comedie-francaise.fr\/fr\/evenements\/le-tartuffe-ou-lhypocrite\">&#8211;\u00a0<em>Le\u00a0Tartuffe\u00a0ou l\u2019hypocrite<\/em>\u00a0-,<\/a>\u00a0mise\u00a0en sc\u00e8ne par Ivo van Hove se produira \u00e0 la\u00a0Com\u00e9die-Fran\u00e7aise. Il s\u2019agit d\u2019une pi\u00e8ce in\u00e9dite puisqu\u2019elle a \u00e9t\u00e9\u00a0originellement\u00a0interdite\u00a0d\u00e8s\u00a0sa premi\u00e8re repr\u00e9sentation\u00a0en 1664\u00a0par Louis XIV.<\/p>\n<p>La c\u00e9l\u00e9bration des 400 ans du\u00a0Patron,\u00a0appel\u00e9\u00a0ainsi\u00a0par la Com\u00e9die-Fran\u00e7aise, ne s\u2019arr\u00eate pas l\u00e0. Elle continue sur internet avec la mise en ligne de\u00a0nouvelles\u00a0productions\u00a0th\u00e9\u00e2trales\u00a0et\u00a0de\u00a0<a href=\"https:\/\/www.comedie-francaise.fr\/fr\/public-etudiant\">tables rondes.<\/a><\/p>\n<p lang=\"EN-GB\" xml:lang=\"EN-GB\" xml:lang=\"EN-GB\">De\u00a0nombreuses\u00a0<a href=\"https:\/\/www.comedie-francaise.fr\/en\/les-illustres-greniers\">rencontres,\u00a0lectures, conf\u00e9rences<\/a>\u00a0seront\u00a0organis\u00e9es dans l\u2019enceinte de la Com\u00e9die-Fran\u00e7aise.<\/p>\n<p lang=\"EN-GB\" xml:lang=\"EN-GB\" xml:lang=\"EN-GB\">De nombreuses repr\u00e9sentations\u00a0de la Com\u00e9die-Fran\u00e7aise seront\u00a0retransmises\u00a0aussi bien\u00a0<a href=\"https:\/\/www.pathelive.com\/programme\/comedie-francaise-21-22\">au cin\u00e9ma,<\/a>\u00a0(en\u00a0association avec Path\u00e9 Live)\u00a0qu\u2019\u00e0\u00a0la t\u00e9l\u00e9vision\u00a0(en\u00a0partenariat avec France t\u00e9l\u00e9vision).<\/p>\n<p>La Com\u00e9die-Fran\u00e7aise s\u2019est\u00a0\u00e9galement\u00a0associ\u00e9e \u00e0 de nombreuses radios pour cr\u00e9er du contenu en lien avec\u00a0Moli\u00e8re :\u00a0RFI,\u00a0<a href=\"https:\/\/www.franceinter.fr\/emissions\/moliere-le-chien-et-le-loup\">France Inter<\/a>,\u00a0et\u00a0<a href=\"https:\/\/expodcast.cmbv.fr\/fr\">France\u00a0Musique<\/a>.<\/p>\n<p lang=\"EN-GB\" xml:lang=\"EN-GB\" xml:lang=\"EN-GB\">Plusieurs lieux pr\u00e9senteront des\u00a0<a href=\"https:\/\/moliere2022.org\/\">expositions<\/a>\u00a0en\u00a0lien avec Moli\u00e8re et son \u0153uvre.\u00a0\u00c9galement, la soci\u00e9t\u00e9 d\u2019histoire du th\u00e9\u00e2tre\u00a0propose\u00a0<a href=\"https:\/\/sht.asso.fr\/exposition-virtuelle\/moliere-a-la-societe-dhistoire-du-theatre\/\">une exposition virtuelle<\/a>\u00a0qui\u00a0r\u00e9pertorie\u00a0l\u2019int\u00e9gralit\u00e9 de\u00a0leurs archives des\u00a0traces laiss\u00e9es par Moli\u00e8re.<\/p>\n<p lang=\"EN-GB\" xml:lang=\"EN-GB\" xml:lang=\"EN-GB\">En partenariat avec de nombreuses universit\u00e9s internationales,\u00a0<a href=\"https:\/\/moliere2022.org\/\">plusieurs colloques, rencontres et journ\u00e9es d\u2019\u00e9tudes<\/a>\u00a0se\u00a0tiendront en France et\u00a0\u00e0 l\u2019\u00e9tranger.<\/p>\n<h2>\u00c9v\u00e8nements aux Etats-Unis:<\/h2>\n<p>La f\u00eate\u00a0consacr\u00e9e\u00a0\u00e0 Moli\u00e8re\u00a0continue outre-Atlantique.<\/p>\n<h3 lang=\"EN-GB\" xml:lang=\"EN-GB\" xml:lang=\"EN-GB\">KC Moli\u00e8re in 2022\u00a0&#8211; Kansas City<\/h3>\n<p lang=\"EN-GB\" xml:lang=\"EN-GB\" xml:lang=\"EN-GB\">Prenant place \u00e0 Kansas city,\u00a0Missouri,\u00a0du 12 janvier au 12 juin,\u00a0le festival\u00a0<em><a href=\"https:\/\/www.kcmoliere400in2022.com\/\">KC Moli\u00e8re: 400\u00a0in 2022<\/a>\u00a0<\/em>permet\u00a0de pr\u00e9senter\u00a0le potentiel multiculturel et la pertinence contemporaine de Moli\u00e8re.<\/p>\n<p lang=\"EN-GB\" xml:lang=\"EN-GB\" xml:lang=\"EN-GB\">Des repr\u00e9sentations des diff\u00e9rentes pi\u00e8ces de Moli\u00e8re comme<em>\u00a0<a href=\"http:\/\/www.kcactors.org\/shows\/the-pests\/\">Les f\u00e2cheux<\/a>,\u00a0<a href=\"https:\/\/www.onthestage.tickets\/show\/kansas-city-ks-community-college\/tartuffe-7852\">Tartuffe,<\/a>\u00a0<a href=\"https:\/\/ksu.universitytickets.com\/w\/default.aspx?cid=223\">Le malade imaginaire<\/a><\/em>;\u00a0mais\u00a0\u00e9galement\u00a0une\u00a0adaptation\u00a0contemporaine de\u00a0<em>Sganarelle<\/em>\u00a0<a href=\"https:\/\/www.onthestage.tickets\/show\/kc-melting-pot-theatre-productions-inc\/secrets-and-lies-57912\">&#8211;<em>Secrets &amp; Lies<\/em>&#8211;<\/a>\u00a0\u00a0fleuriront\u00a0tout au long de l\u2019ann\u00e9e \u00e0 Kansas City.<\/p>\n<p lang=\"EN-GB\" xml:lang=\"EN-GB\" xml:lang=\"EN-GB\">La c\u00e9l\u00e9bration battra son plein le 1er mai\u00a0avec l\u2019organisation de la f\u00eate d\u2019anniversaire des 400 ans de Moli\u00e8re\u00a0au Nelson-Atkins Museum of Art.<\/p>\n<p lang=\"EN-GB\" xml:lang=\"EN-GB\" xml:lang=\"EN-GB\">\n<h3 lang=\"EN-GB\" xml:lang=\"EN-GB\" xml:lang=\"EN-GB\">C\u00e9l\u00e9bration de Moli\u00e8re au French Institute Alliance fran\u00e7aise (FIAF)<\/h3>\n<ul>\n<li>\n<p lang=\"EN-GB\" xml:lang=\"EN-GB\" xml:lang=\"EN-GB\"><strong><a href=\"https:\/\/fiaf.org\/event\/2022-03-moliere-performance\/\">Moli\u00e8re Turns 400, 17th Century Paris Meets 21st Century New York<\/a>\u00a0<\/strong><\/p>\n<\/li>\n<\/ul>\n<p lang=\"EN-GB\" xml:lang=\"EN-GB\" xml:lang=\"EN-GB\">Du 10 au 12 mars \u00e0 19h30, se joue au FIAF Florence Gould Hall une s\u00e9lection d\u2019extraits de pi\u00e8ces de Moli\u00e8re mis en sc\u00e8ne par Lucie Tiberghien. Ces satires du XVII\u00e8 si\u00e8cle n\u2019ont perdu une once de leur pertinence aujourd\u2019hui.<\/p>\n<ul>\n<li>\n<p lang=\"EN-GB\" xml:lang=\"EN-GB\" xml:lang=\"EN-GB\"><a href=\"https:\/\/fiaf.org\/event\/2022-03-schmidt-gopnik-moliere\/\"><strong>Modernizing Moli\u00e8re:\u00a0<\/strong><\/a><strong><a href=\"https:\/\/fiaf.org\/event\/2022-03-schmidt-gopnik-moliere\/\">A Talk with Adam Gopnik and Erica Schmidt<\/a><\/strong><a href=\"https:\/\/fiaf.org\/event\/2022-03-schmidt-gopnik-moliere\/\"><strong> \u00a0<\/strong><\/a><\/p>\n<\/li>\n<\/ul>\n<p lang=\"EN-GB\" xml:lang=\"EN-GB\" xml:lang=\"EN-GB\">Le jeudi 23 mars \u00e0 19h, en partenariat avec la Library of America, l&rsquo;\u00e9crivain \u00e0 succ\u00e8s Adam Gopnick et la metteuse en sc\u00e8ne Erica Schmidt animeront une conf\u00e9rence dans la Skyroom du FIAF qui proposera un nouvel \u00e9clairage sur l&rsquo;esprit mordant de Moli\u00e8re sur la soci\u00e9t\u00e9 de son temps.<\/p>\n<ul>\n<li>\n<p lang=\"EN-GB\" xml:lang=\"EN-GB\" xml:lang=\"EN-GB\"><strong><a href=\"https:\/\/fiaf.org\/event\/2022-03-hd-tartuffe\/\">Moli\u00e8re\u2019s Uncensored Tartuffe by Com\u00e9die-Fran\u00e7aise<\/a> \u00a0<\/strong><\/p>\n<\/li>\n<\/ul>\n<p lang=\"EN-GB\" xml:lang=\"EN-GB\" xml:lang=\"EN-GB\">Le 30 mars \u00e0 19h, le FIAF projettera une retransmission in\u00e9dite en fran\u00e7ais sous-titr\u00e9 anglais de <em>Tartuffe ou l\u2019hypocrite<\/em> mis en sc\u00e8ne par Ivo van Hove pour la Com\u00e9die-Fran\u00e7aise. La version originale, censur\u00e9e en 1664 par le roi d\u00e8s sa premi\u00e8re interpr\u00e9tation, a \u00e9t\u00e9 r\u00e9imagin\u00e9e par Ivo van Hove par une mise une sc\u00e8ne moderne d\u00e9fiant les limites du th\u00e9\u00e2tre classique.<\/p>\n<p lang=\"EN-GB\" xml:lang=\"EN-GB\" xml:lang=\"EN-GB\">\n<h3 lang=\"EN-GB\" xml:lang=\"EN-GB\" xml:lang=\"EN-GB\">Moli\u00e8re in the\u00a0Park\u00a0&#8211;\u00a0Prospect Park,\u00a0New York<\/h3>\n<p lang=\"EN-GB\" xml:lang=\"EN-GB\" xml:lang=\"EN-GB\"><em><a href=\"https:\/\/www.moliereinthepark.org\/\">Moli\u00e8re in the Park<\/a><\/em>\u00a0est\u00a0un festival d\u00e9di\u00e9 \u00e0 la repr\u00e9sentation\u00a0du th\u00e9\u00e2tre\u00a0de Moli\u00e8re \u00e0 Prospect Park, Brooklyn.<\/p>\n<p lang=\"EN-GB\" xml:lang=\"EN-GB\" xml:lang=\"EN-GB\">Ing\u00e9nieuses, gratuites et inclusives, les pi\u00e8ces de th\u00e9\u00e2tre pr\u00e9sent\u00e9es\u00a0capturent\u00a0l\u2019esprit des\u00a0Brooklynites\u00a0c\u00e9l\u00e9brant ainsi le m\u00e9lange culturel de Brooklyn.<\/p>\n<p lang=\"EN-GB\" xml:lang=\"EN-GB\" xml:lang=\"EN-GB\">Plus d\u2019informations \u00e0 venir concernant\u00a0les \u00e9v\u00e8nements et\u00a0le calendrier du festival.<\/p>\n<h3 lang=\"EN-GB\" xml:lang=\"EN-GB\" xml:lang=\"EN-GB\"><em>Decentring\u00a0Moli\u00e8re<\/em> &#8211;\u00a0New York\u00a0University\u00a0&amp; Yale\u00a0University\u00a0&#8211;\u00a0New York City<\/h3>\n<p lang=\"EN-GB\" xml:lang=\"EN-GB\" xml:lang=\"EN-GB\">Les 400 ans de Jean-Baptiste Poquelin est l\u2019occasion pour\u00a0New York\u00a0University\u00a0et Yale\u00a0University\u00a0d\u2019organiser\u00a0un colloque international le 14-16 avril\u00a02022:\u00a0<em><a href=\"https:\/\/moliere2022.org\/files\/decentrerMoliere.pdf\">Decentring Moli\u00e8re<\/a><\/em>.<\/p>\n<p lang=\"EN-GB\" xml:lang=\"EN-GB\" xml:lang=\"EN-GB\">La discussion se proposera d&rsquo;\u00e9largir le cadre d\u2019\u00e9tude de Moli\u00e8re et de ses pi\u00e8ces\u00a0pour\u00a0s\u2019y int\u00e9resser \u00e0 travers d\u2019autres auteurs,\u00a0champs d\u2019\u00e9tudes, genres, arts, lieux.<\/p>\n","protected":false},"featured_media":56942,"menu_order":0,"template":"","app_discipline":[275],"app_city_tax":[268,269,271,270,272,267,262,264,273,276,274],"app_news_type":[104],"class_list":["post-63115","app_news","type-app_news","status-publish","has-post-thumbnail","hentry","app_discipline-arts-de-la-scene-fr","app_city_tax-atl-fr","app_city_tax-bos-fr","app_city_tax-chi-fr","app_city_tax-hou-fr","app_city_tax-nola-fr","app_city_tax-la-fr","app_city_tax-mia-fr","app_city_tax-nyc-fr","app_city_tax-sf-fr","app_city_tax-toutes-les-villes-fr","app_city_tax-dc-fr","app_news_type-history-fr"],"acf":[],"yoast_head":"<!-- This site is optimized with the Yoast SEO plugin v27.3 - https:\/\/yoast.com\/product\/yoast-seo-wordpress\/ -->\n<title>En 2022, C\u00e9l\u00e9bration des 400 ans de Moli\u00e8re - Villa Albertine<\/title>\n<meta name=\"robots\" content=\"index, follow, max-snippet:-1, max-image-preview:large, max-video-preview:-1\" \/>\n<link rel=\"canonical\" href=\"https:\/\/villa-albertine.org\/va\/fr\/news\/2022-celebration-400-years-moliere\/\" \/>\n<meta property=\"og:locale\" content=\"fr_FR\" \/>\n<meta property=\"og:type\" content=\"article\" \/>\n<meta property=\"og:title\" content=\"En 2022, C\u00e9l\u00e9bration des 400 ans de Moli\u00e8re - Villa Albertine\" \/>\n<meta property=\"og:description\" content=\"\u00c9v\u00e8nements en\u00a0France\u00a0: Enti\u00e8rement consacr\u00e9e \u00e0 Moli\u00e8re,\u00a0la programmation de la Com\u00e9die-Fran\u00e7aise\u00a0proposera\u00a0de la\u00a0mi-janvier\u00a0\u00e0 la mi-juillet\u00a0douze\u00a0productions\u00a0originales\u00a0mises en sc\u00e8ne par\u00a0Ivo van Hove, Julie\u00a0Deliquet,\u00a0Lilo\u00a0Baur ou Louise Vignaud\u00a0ainsi\u00a0que la reprise d\u2019une s\u00e9lection de\u00a0pi\u00e8ces de Moli\u00e8re. En particulier,\u00a0du 15 janvier au 24 avril,\u00a0la premi\u00e8re version de\u00a0Tartuffe\u00a0&#8211;\u00a0Le\u00a0Tartuffe\u00a0ou l\u2019hypocrite\u00a0-,\u00a0mise\u00a0en sc\u00e8ne par Ivo van Hove se produira \u00e0 la\u00a0Com\u00e9die-Fran\u00e7aise. Il s\u2019agit d\u2019une pi\u00e8ce in\u00e9dite puisqu\u2019elle...\" \/>\n<meta property=\"og:url\" content=\"https:\/\/villa-albertine.org\/va\/fr\/news\/2022-celebration-400-years-moliere\/\" \/>\n<meta property=\"og:site_name\" content=\"Villa Albertine\" \/>\n<meta property=\"article:modified_time\" content=\"2024-01-28T09:01:37+00:00\" \/>\n<meta property=\"og:image\" content=\"https:\/\/villa-albertine.org\/wp-content\/uploads\/2023\/08\/2561.jpeg\" \/>\n\t<meta property=\"og:image:width\" content=\"620\" \/>\n\t<meta property=\"og:image:height\" content=\"372\" \/>\n\t<meta property=\"og:image:type\" content=\"image\/jpeg\" \/>\n<meta name=\"twitter:card\" content=\"summary_large_image\" \/>\n<meta name=\"twitter:label1\" content=\"Dur\u00e9e de lecture estim\u00e9e\" \/>\n\t<meta name=\"twitter:data1\" content=\"4 minutes\" \/>\n<script type=\"application\/ld+json\" class=\"yoast-schema-graph\">{\"@context\":\"https:\\\/\\\/schema.org\",\"@graph\":[{\"@type\":\"WebPage\",\"@id\":\"https:\\\/\\\/villa-albertine.org\\\/va\\\/fr\\\/news\\\/2022-celebration-400-years-moliere\\\/\",\"url\":\"https:\\\/\\\/villa-albertine.org\\\/va\\\/fr\\\/news\\\/2022-celebration-400-years-moliere\\\/\",\"name\":\"En 2022, C\u00e9l\u00e9bration des 400 ans de Moli\u00e8re - Villa Albertine\",\"isPartOf\":{\"@id\":\"https:\\\/\\\/villa-albertine.org\\\/va\\\/fr\\\/#website\"},\"primaryImageOfPage\":{\"@id\":\"https:\\\/\\\/villa-albertine.org\\\/va\\\/fr\\\/news\\\/2022-celebration-400-years-moliere\\\/#primaryimage\"},\"image\":{\"@id\":\"https:\\\/\\\/villa-albertine.org\\\/va\\\/fr\\\/news\\\/2022-celebration-400-years-moliere\\\/#primaryimage\"},\"thumbnailUrl\":\"https:\\\/\\\/villa-albertine.org\\\/wp-content\\\/uploads\\\/2023\\\/08\\\/2561.jpeg\",\"datePublished\":\"2022-01-14T22:25:17+00:00\",\"dateModified\":\"2024-01-28T09:01:37+00:00\",\"breadcrumb\":{\"@id\":\"https:\\\/\\\/villa-albertine.org\\\/va\\\/fr\\\/news\\\/2022-celebration-400-years-moliere\\\/#breadcrumb\"},\"inLanguage\":\"fr-FR\",\"potentialAction\":[{\"@type\":\"ReadAction\",\"target\":[\"https:\\\/\\\/villa-albertine.org\\\/va\\\/fr\\\/news\\\/2022-celebration-400-years-moliere\\\/\"]}]},{\"@type\":\"ImageObject\",\"inLanguage\":\"fr-FR\",\"@id\":\"https:\\\/\\\/villa-albertine.org\\\/va\\\/fr\\\/news\\\/2022-celebration-400-years-moliere\\\/#primaryimage\",\"url\":\"https:\\\/\\\/villa-albertine.org\\\/wp-content\\\/uploads\\\/2023\\\/08\\\/2561.jpeg\",\"contentUrl\":\"https:\\\/\\\/villa-albertine.org\\\/wp-content\\\/uploads\\\/2023\\\/08\\\/2561.jpeg\",\"width\":620,\"height\":372},{\"@type\":\"BreadcrumbList\",\"@id\":\"https:\\\/\\\/villa-albertine.org\\\/va\\\/fr\\\/news\\\/2022-celebration-400-years-moliere\\\/#breadcrumb\",\"itemListElement\":[{\"@type\":\"ListItem\",\"position\":1,\"name\":\"Home\",\"item\":\"https:\\\/\\\/villa-albertine.org\\\/va\\\/fr\\\/home\\\/\"},{\"@type\":\"ListItem\",\"position\":2,\"name\":\"En 2022, C\u00e9l\u00e9bration des 400 ans de Moli\u00e8re\"}]},{\"@type\":\"WebSite\",\"@id\":\"https:\\\/\\\/villa-albertine.org\\\/va\\\/fr\\\/#website\",\"url\":\"https:\\\/\\\/villa-albertine.org\\\/va\\\/fr\\\/\",\"name\":\"Villa Albertine\",\"description\":\"\",\"potentialAction\":[{\"@type\":\"SearchAction\",\"target\":{\"@type\":\"EntryPoint\",\"urlTemplate\":\"https:\\\/\\\/villa-albertine.org\\\/va\\\/fr\\\/?s={search_term_string}\"},\"query-input\":{\"@type\":\"PropertyValueSpecification\",\"valueRequired\":true,\"valueName\":\"search_term_string\"}}],\"inLanguage\":\"fr-FR\"}]}<\/script>\n<!-- \/ Yoast SEO plugin. -->","yoast_head_json":{"title":"En 2022, C\u00e9l\u00e9bration des 400 ans de Moli\u00e8re - Villa Albertine","robots":{"index":"index","follow":"follow","max-snippet":"max-snippet:-1","max-image-preview":"max-image-preview:large","max-video-preview":"max-video-preview:-1"},"canonical":"https:\/\/villa-albertine.org\/va\/fr\/news\/2022-celebration-400-years-moliere\/","og_locale":"fr_FR","og_type":"article","og_title":"En 2022, C\u00e9l\u00e9bration des 400 ans de Moli\u00e8re - Villa Albertine","og_description":"\u00c9v\u00e8nements en\u00a0France\u00a0: Enti\u00e8rement consacr\u00e9e \u00e0 Moli\u00e8re,\u00a0la programmation de la Com\u00e9die-Fran\u00e7aise\u00a0proposera\u00a0de la\u00a0mi-janvier\u00a0\u00e0 la mi-juillet\u00a0douze\u00a0productions\u00a0originales\u00a0mises en sc\u00e8ne par\u00a0Ivo van Hove, Julie\u00a0Deliquet,\u00a0Lilo\u00a0Baur ou Louise Vignaud\u00a0ainsi\u00a0que la reprise d\u2019une s\u00e9lection de\u00a0pi\u00e8ces de Moli\u00e8re. En particulier,\u00a0du 15 janvier au 24 avril,\u00a0la premi\u00e8re version de\u00a0Tartuffe\u00a0&#8211;\u00a0Le\u00a0Tartuffe\u00a0ou l\u2019hypocrite\u00a0-,\u00a0mise\u00a0en sc\u00e8ne par Ivo van Hove se produira \u00e0 la\u00a0Com\u00e9die-Fran\u00e7aise. Il s\u2019agit d\u2019une pi\u00e8ce in\u00e9dite puisqu\u2019elle...","og_url":"https:\/\/villa-albertine.org\/va\/fr\/news\/2022-celebration-400-years-moliere\/","og_site_name":"Villa Albertine","article_modified_time":"2024-01-28T09:01:37+00:00","og_image":[{"width":620,"height":372,"url":"https:\/\/villa-albertine.org\/wp-content\/uploads\/2023\/08\/2561.jpeg","type":"image\/jpeg"}],"twitter_card":"summary_large_image","twitter_misc":{"Dur\u00e9e de lecture estim\u00e9e":"4 minutes"},"schema":{"@context":"https:\/\/schema.org","@graph":[{"@type":"WebPage","@id":"https:\/\/villa-albertine.org\/va\/fr\/news\/2022-celebration-400-years-moliere\/","url":"https:\/\/villa-albertine.org\/va\/fr\/news\/2022-celebration-400-years-moliere\/","name":"En 2022, C\u00e9l\u00e9bration des 400 ans de Moli\u00e8re - Villa Albertine","isPartOf":{"@id":"https:\/\/villa-albertine.org\/va\/fr\/#website"},"primaryImageOfPage":{"@id":"https:\/\/villa-albertine.org\/va\/fr\/news\/2022-celebration-400-years-moliere\/#primaryimage"},"image":{"@id":"https:\/\/villa-albertine.org\/va\/fr\/news\/2022-celebration-400-years-moliere\/#primaryimage"},"thumbnailUrl":"https:\/\/villa-albertine.org\/wp-content\/uploads\/2023\/08\/2561.jpeg","datePublished":"2022-01-14T22:25:17+00:00","dateModified":"2024-01-28T09:01:37+00:00","breadcrumb":{"@id":"https:\/\/villa-albertine.org\/va\/fr\/news\/2022-celebration-400-years-moliere\/#breadcrumb"},"inLanguage":"fr-FR","potentialAction":[{"@type":"ReadAction","target":["https:\/\/villa-albertine.org\/va\/fr\/news\/2022-celebration-400-years-moliere\/"]}]},{"@type":"ImageObject","inLanguage":"fr-FR","@id":"https:\/\/villa-albertine.org\/va\/fr\/news\/2022-celebration-400-years-moliere\/#primaryimage","url":"https:\/\/villa-albertine.org\/wp-content\/uploads\/2023\/08\/2561.jpeg","contentUrl":"https:\/\/villa-albertine.org\/wp-content\/uploads\/2023\/08\/2561.jpeg","width":620,"height":372},{"@type":"BreadcrumbList","@id":"https:\/\/villa-albertine.org\/va\/fr\/news\/2022-celebration-400-years-moliere\/#breadcrumb","itemListElement":[{"@type":"ListItem","position":1,"name":"Home","item":"https:\/\/villa-albertine.org\/va\/fr\/home\/"},{"@type":"ListItem","position":2,"name":"En 2022, C\u00e9l\u00e9bration des 400 ans de Moli\u00e8re"}]},{"@type":"WebSite","@id":"https:\/\/villa-albertine.org\/va\/fr\/#website","url":"https:\/\/villa-albertine.org\/va\/fr\/","name":"Villa Albertine","description":"","potentialAction":[{"@type":"SearchAction","target":{"@type":"EntryPoint","urlTemplate":"https:\/\/villa-albertine.org\/va\/fr\/?s={search_term_string}"},"query-input":{"@type":"PropertyValueSpecification","valueRequired":true,"valueName":"search_term_string"}}],"inLanguage":"fr-FR"}]}},"_links":{"self":[{"href":"https:\/\/villa-albertine.org\/va\/fr\/wp-json\/wp\/v2\/app_news\/63115","targetHints":{"allow":["GET"]}}],"collection":[{"href":"https:\/\/villa-albertine.org\/va\/fr\/wp-json\/wp\/v2\/app_news"}],"about":[{"href":"https:\/\/villa-albertine.org\/va\/fr\/wp-json\/wp\/v2\/types\/app_news"}],"wp:featuredmedia":[{"embeddable":true,"href":"https:\/\/villa-albertine.org\/va\/fr\/wp-json\/wp\/v2\/media\/56942"}],"wp:attachment":[{"href":"https:\/\/villa-albertine.org\/va\/fr\/wp-json\/wp\/v2\/media?parent=63115"}],"wp:term":[{"taxonomy":"app_discipline","embeddable":true,"href":"https:\/\/villa-albertine.org\/va\/fr\/wp-json\/wp\/v2\/app_discipline?post=63115"},{"taxonomy":"app_city_tax","embeddable":true,"href":"https:\/\/villa-albertine.org\/va\/fr\/wp-json\/wp\/v2\/app_city_tax?post=63115"},{"taxonomy":"app_news_type","embeddable":true,"href":"https:\/\/villa-albertine.org\/va\/fr\/wp-json\/wp\/v2\/app_news_type?post=63115"}],"curies":[{"name":"wp","href":"https:\/\/api.w.org\/{rel}","templated":true}]}}