{"id":63113,"date":"2021-10-12T23:55:49","date_gmt":"2021-10-12T23:55:49","guid":{"rendered":"https:\/\/villa-albertine.org\/news\/titane-representera-la-france-la-94e-ceremonie-des-oscars\/"},"modified":"2023-08-23T08:10:21","modified_gmt":"2023-08-23T08:10:21","slug":"titane-representera-la-france-la-94e-ceremonie-des-oscars","status":"publish","type":"app_news","link":"https:\/\/villa-albertine.org\/va\/fr\/news\/titane-representera-la-france-la-94e-ceremonie-des-oscars\/","title":{"rendered":"Titane repr\u00e9sentera la France \u00e0 la 94e c\u00e9r\u00e9monie des Oscars !"},"content":{"rendered":"<p><strong>Titane<\/strong>, r\u00e9alis\u00e9 par <strong>Julia Ducournau<\/strong>, a \u00e9t\u00e9 choisi pour repr\u00e9senter la France lors de la <strong>94e c\u00e9r\u00e9monie des Oscars<\/strong>, dans la cat\u00e9gorie du meilleur film international !<\/p>\n<p>Mettant en sc\u00e8ne Agathe Rousselle et Vincent Lindon,\u00a0<em>Titane <\/em>m\u00e9lange les questions de genre et de genre cin\u00e9matographique dans un proposition narrative et visuelle audacieuse et \u00e9poustouflante.<\/p>\n<p>Le film m\u00eale les histoires d&rsquo;Alexia, une strip-teaseuse affect\u00e9e par un stress post-traumatique, un f\u00e9tichisme pour les voitures, et une plaque\u00a0 en titane dans le cr\u00e2ne, et Vincent, un pompier sous st\u00e9ro\u00efde dont le fils est port\u00e9 disparu depuis plusieurs ann\u00e9es. Enceinte et fuyant la police, Alexia d\u00e9cide de se cacher dans la caserne de Vincent, o\u00f9 elle pr\u00e9tend \u00eatre son fils. <em>Titane\u00a0<\/em>propose une exploration d\u00e9routante et po\u00e9tique de la relation qu&rsquo;entretiennent ces deux figures marginales.<\/p>\n<p>\u00a0<\/p>\n<p>Apr\u00e8s une course serr\u00e9e contre \u00ab\u00a0Bac Nord\u00a0\u00bb de Cr\u00e9di Jimenez et \u00ab\u00a0L&rsquo;\u00e9v\u00e9nement\u00a0\u00bb d&rsquo;Audrey Diwan, qui a remport\u00e9 cette ann\u00e9e le Lion d&rsquo;Or \u00e0 la Mostra de Venise, le film de Julia Ducournau a \u00e9t\u00e9 s\u00e9lectionn\u00e9 pour repr\u00e9senter le cin\u00e9ma contemporain fran\u00e7ais aux Oscars.<\/p>\n<p><em>Titane\u00a0<\/em>est en salle aux Etats-Unis depuis le 1er octobre, et a connu le meilleur d\u00e9marrage international en salles pour un film francophone depuis 15 ans.<\/p>\n<p>Il avait d\u00e9j\u00e0 remport\u00e9 la Palme d&rsquo;Or au festival de Cannes de cette ann\u00e9e. D\u00e9but novembre, le film sera \u00e9galement \u00e0 l&rsquo;affiche du\u00a0<a href=\"https:\/\/colcoa.org\/\"><strong>25e festival de film fran\u00e7ais de COLCOA<\/strong><\/a><strong>.<\/strong><\/p>\n<p>\u00a0<\/p>\n<p>________<\/p>\n<p>\u00a0<\/p>\n<p><em>Distributeur am\u00e9ricain : Neon<\/em><\/p>\n<p><em>Producteurs\u00a0: Arte France Cin\u00e9ma, Frakas Production, Kazak Production<\/em><\/p>\n<p><em>Ventes international : Wild Bunch International<\/em><\/p>\n","protected":false},"featured_media":56930,"menu_order":0,"template":"","app_discipline":[266],"app_city_tax":[267],"app_news_type":[104],"class_list":["post-63113","app_news","type-app_news","status-publish","has-post-thumbnail","hentry","app_discipline-cinema-fr","app_city_tax-la-fr","app_news_type-history-fr"],"acf":[],"yoast_head":"<!-- This site is optimized with the Yoast SEO plugin v27.3 - https:\/\/yoast.com\/product\/yoast-seo-wordpress\/ -->\n<title>Titane repr\u00e9sentera la France \u00e0 la 94e c\u00e9r\u00e9monie des Oscars ! - Villa Albertine<\/title>\n<meta name=\"robots\" content=\"index, follow, max-snippet:-1, max-image-preview:large, max-video-preview:-1\" \/>\n<link rel=\"canonical\" href=\"https:\/\/villa-albertine.org\/va\/fr\/news\/titane-representera-la-france-la-94e-ceremonie-des-oscars\/\" \/>\n<meta property=\"og:locale\" content=\"fr_FR\" \/>\n<meta property=\"og:type\" content=\"article\" \/>\n<meta property=\"og:title\" content=\"Titane repr\u00e9sentera la France \u00e0 la 94e c\u00e9r\u00e9monie des Oscars ! - Villa Albertine\" \/>\n<meta property=\"og:description\" content=\"Titane, r\u00e9alis\u00e9 par Julia Ducournau, a \u00e9t\u00e9 choisi pour repr\u00e9senter la France lors de la 94e c\u00e9r\u00e9monie des Oscars, dans la cat\u00e9gorie du meilleur film international ! Mettant en sc\u00e8ne Agathe Rousselle et Vincent Lindon,\u00a0Titane m\u00e9lange les questions de genre et de genre cin\u00e9matographique dans un proposition narrative et visuelle audacieuse et \u00e9poustouflante. Le film...\" \/>\n<meta property=\"og:url\" content=\"https:\/\/villa-albertine.org\/va\/fr\/news\/titane-representera-la-france-la-94e-ceremonie-des-oscars\/\" \/>\n<meta property=\"og:site_name\" content=\"Villa Albertine\" \/>\n<meta property=\"article:modified_time\" content=\"2023-08-23T08:10:21+00:00\" \/>\n<meta property=\"og:image\" content=\"https:\/\/villa-albertine.org\/wp-content\/uploads\/2023\/08\/titane.jpg\" \/>\n\t<meta property=\"og:image:width\" content=\"1392\" \/>\n\t<meta property=\"og:image:height\" content=\"783\" \/>\n\t<meta property=\"og:image:type\" content=\"image\/jpeg\" \/>\n<meta name=\"twitter:card\" content=\"summary_large_image\" \/>\n<meta name=\"twitter:label1\" content=\"Dur\u00e9e de lecture estim\u00e9e\" \/>\n\t<meta name=\"twitter:data1\" content=\"1 minute\" \/>\n<script type=\"application\/ld+json\" class=\"yoast-schema-graph\">{\"@context\":\"https:\\\/\\\/schema.org\",\"@graph\":[{\"@type\":\"WebPage\",\"@id\":\"https:\\\/\\\/villa-albertine.org\\\/va\\\/fr\\\/news\\\/titane-representera-la-france-la-94e-ceremonie-des-oscars\\\/\",\"url\":\"https:\\\/\\\/villa-albertine.org\\\/va\\\/fr\\\/news\\\/titane-representera-la-france-la-94e-ceremonie-des-oscars\\\/\",\"name\":\"Titane repr\u00e9sentera la France \u00e0 la 94e c\u00e9r\u00e9monie des Oscars ! - Villa Albertine\",\"isPartOf\":{\"@id\":\"https:\\\/\\\/villa-albertine.org\\\/va\\\/fr\\\/#website\"},\"primaryImageOfPage\":{\"@id\":\"https:\\\/\\\/villa-albertine.org\\\/va\\\/fr\\\/news\\\/titane-representera-la-france-la-94e-ceremonie-des-oscars\\\/#primaryimage\"},\"image\":{\"@id\":\"https:\\\/\\\/villa-albertine.org\\\/va\\\/fr\\\/news\\\/titane-representera-la-france-la-94e-ceremonie-des-oscars\\\/#primaryimage\"},\"thumbnailUrl\":\"https:\\\/\\\/villa-albertine.org\\\/wp-content\\\/uploads\\\/2023\\\/08\\\/titane.jpg\",\"datePublished\":\"2021-10-12T23:55:49+00:00\",\"dateModified\":\"2023-08-23T08:10:21+00:00\",\"breadcrumb\":{\"@id\":\"https:\\\/\\\/villa-albertine.org\\\/va\\\/fr\\\/news\\\/titane-representera-la-france-la-94e-ceremonie-des-oscars\\\/#breadcrumb\"},\"inLanguage\":\"fr-FR\",\"potentialAction\":[{\"@type\":\"ReadAction\",\"target\":[\"https:\\\/\\\/villa-albertine.org\\\/va\\\/fr\\\/news\\\/titane-representera-la-france-la-94e-ceremonie-des-oscars\\\/\"]}]},{\"@type\":\"ImageObject\",\"inLanguage\":\"fr-FR\",\"@id\":\"https:\\\/\\\/villa-albertine.org\\\/va\\\/fr\\\/news\\\/titane-representera-la-france-la-94e-ceremonie-des-oscars\\\/#primaryimage\",\"url\":\"https:\\\/\\\/villa-albertine.org\\\/wp-content\\\/uploads\\\/2023\\\/08\\\/titane.jpg\",\"contentUrl\":\"https:\\\/\\\/villa-albertine.org\\\/wp-content\\\/uploads\\\/2023\\\/08\\\/titane.jpg\",\"width\":1392,\"height\":783},{\"@type\":\"BreadcrumbList\",\"@id\":\"https:\\\/\\\/villa-albertine.org\\\/va\\\/fr\\\/news\\\/titane-representera-la-france-la-94e-ceremonie-des-oscars\\\/#breadcrumb\",\"itemListElement\":[{\"@type\":\"ListItem\",\"position\":1,\"name\":\"Home\",\"item\":\"https:\\\/\\\/villa-albertine.org\\\/va\\\/fr\\\/home\\\/\"},{\"@type\":\"ListItem\",\"position\":2,\"name\":\"Titane repr\u00e9sentera la France \u00e0 la 94e c\u00e9r\u00e9monie des Oscars !\"}]},{\"@type\":\"WebSite\",\"@id\":\"https:\\\/\\\/villa-albertine.org\\\/va\\\/fr\\\/#website\",\"url\":\"https:\\\/\\\/villa-albertine.org\\\/va\\\/fr\\\/\",\"name\":\"Villa Albertine\",\"description\":\"\",\"potentialAction\":[{\"@type\":\"SearchAction\",\"target\":{\"@type\":\"EntryPoint\",\"urlTemplate\":\"https:\\\/\\\/villa-albertine.org\\\/va\\\/fr\\\/?s={search_term_string}\"},\"query-input\":{\"@type\":\"PropertyValueSpecification\",\"valueRequired\":true,\"valueName\":\"search_term_string\"}}],\"inLanguage\":\"fr-FR\"}]}<\/script>\n<!-- \/ Yoast SEO plugin. -->","yoast_head_json":{"title":"Titane repr\u00e9sentera la France \u00e0 la 94e c\u00e9r\u00e9monie des Oscars ! - Villa Albertine","robots":{"index":"index","follow":"follow","max-snippet":"max-snippet:-1","max-image-preview":"max-image-preview:large","max-video-preview":"max-video-preview:-1"},"canonical":"https:\/\/villa-albertine.org\/va\/fr\/news\/titane-representera-la-france-la-94e-ceremonie-des-oscars\/","og_locale":"fr_FR","og_type":"article","og_title":"Titane repr\u00e9sentera la France \u00e0 la 94e c\u00e9r\u00e9monie des Oscars ! - Villa Albertine","og_description":"Titane, r\u00e9alis\u00e9 par Julia Ducournau, a \u00e9t\u00e9 choisi pour repr\u00e9senter la France lors de la 94e c\u00e9r\u00e9monie des Oscars, dans la cat\u00e9gorie du meilleur film international ! Mettant en sc\u00e8ne Agathe Rousselle et Vincent Lindon,\u00a0Titane m\u00e9lange les questions de genre et de genre cin\u00e9matographique dans un proposition narrative et visuelle audacieuse et \u00e9poustouflante. Le film...","og_url":"https:\/\/villa-albertine.org\/va\/fr\/news\/titane-representera-la-france-la-94e-ceremonie-des-oscars\/","og_site_name":"Villa Albertine","article_modified_time":"2023-08-23T08:10:21+00:00","og_image":[{"width":1392,"height":783,"url":"https:\/\/villa-albertine.org\/wp-content\/uploads\/2023\/08\/titane.jpg","type":"image\/jpeg"}],"twitter_card":"summary_large_image","twitter_misc":{"Dur\u00e9e de lecture estim\u00e9e":"1 minute"},"schema":{"@context":"https:\/\/schema.org","@graph":[{"@type":"WebPage","@id":"https:\/\/villa-albertine.org\/va\/fr\/news\/titane-representera-la-france-la-94e-ceremonie-des-oscars\/","url":"https:\/\/villa-albertine.org\/va\/fr\/news\/titane-representera-la-france-la-94e-ceremonie-des-oscars\/","name":"Titane repr\u00e9sentera la France \u00e0 la 94e c\u00e9r\u00e9monie des Oscars ! - Villa Albertine","isPartOf":{"@id":"https:\/\/villa-albertine.org\/va\/fr\/#website"},"primaryImageOfPage":{"@id":"https:\/\/villa-albertine.org\/va\/fr\/news\/titane-representera-la-france-la-94e-ceremonie-des-oscars\/#primaryimage"},"image":{"@id":"https:\/\/villa-albertine.org\/va\/fr\/news\/titane-representera-la-france-la-94e-ceremonie-des-oscars\/#primaryimage"},"thumbnailUrl":"https:\/\/villa-albertine.org\/wp-content\/uploads\/2023\/08\/titane.jpg","datePublished":"2021-10-12T23:55:49+00:00","dateModified":"2023-08-23T08:10:21+00:00","breadcrumb":{"@id":"https:\/\/villa-albertine.org\/va\/fr\/news\/titane-representera-la-france-la-94e-ceremonie-des-oscars\/#breadcrumb"},"inLanguage":"fr-FR","potentialAction":[{"@type":"ReadAction","target":["https:\/\/villa-albertine.org\/va\/fr\/news\/titane-representera-la-france-la-94e-ceremonie-des-oscars\/"]}]},{"@type":"ImageObject","inLanguage":"fr-FR","@id":"https:\/\/villa-albertine.org\/va\/fr\/news\/titane-representera-la-france-la-94e-ceremonie-des-oscars\/#primaryimage","url":"https:\/\/villa-albertine.org\/wp-content\/uploads\/2023\/08\/titane.jpg","contentUrl":"https:\/\/villa-albertine.org\/wp-content\/uploads\/2023\/08\/titane.jpg","width":1392,"height":783},{"@type":"BreadcrumbList","@id":"https:\/\/villa-albertine.org\/va\/fr\/news\/titane-representera-la-france-la-94e-ceremonie-des-oscars\/#breadcrumb","itemListElement":[{"@type":"ListItem","position":1,"name":"Home","item":"https:\/\/villa-albertine.org\/va\/fr\/home\/"},{"@type":"ListItem","position":2,"name":"Titane repr\u00e9sentera la France \u00e0 la 94e c\u00e9r\u00e9monie des Oscars !"}]},{"@type":"WebSite","@id":"https:\/\/villa-albertine.org\/va\/fr\/#website","url":"https:\/\/villa-albertine.org\/va\/fr\/","name":"Villa Albertine","description":"","potentialAction":[{"@type":"SearchAction","target":{"@type":"EntryPoint","urlTemplate":"https:\/\/villa-albertine.org\/va\/fr\/?s={search_term_string}"},"query-input":{"@type":"PropertyValueSpecification","valueRequired":true,"valueName":"search_term_string"}}],"inLanguage":"fr-FR"}]}},"_links":{"self":[{"href":"https:\/\/villa-albertine.org\/va\/fr\/wp-json\/wp\/v2\/app_news\/63113","targetHints":{"allow":["GET"]}}],"collection":[{"href":"https:\/\/villa-albertine.org\/va\/fr\/wp-json\/wp\/v2\/app_news"}],"about":[{"href":"https:\/\/villa-albertine.org\/va\/fr\/wp-json\/wp\/v2\/types\/app_news"}],"wp:featuredmedia":[{"embeddable":true,"href":"https:\/\/villa-albertine.org\/va\/fr\/wp-json\/wp\/v2\/media\/56930"}],"wp:attachment":[{"href":"https:\/\/villa-albertine.org\/va\/fr\/wp-json\/wp\/v2\/media?parent=63113"}],"wp:term":[{"taxonomy":"app_discipline","embeddable":true,"href":"https:\/\/villa-albertine.org\/va\/fr\/wp-json\/wp\/v2\/app_discipline?post=63113"},{"taxonomy":"app_city_tax","embeddable":true,"href":"https:\/\/villa-albertine.org\/va\/fr\/wp-json\/wp\/v2\/app_city_tax?post=63113"},{"taxonomy":"app_news_type","embeddable":true,"href":"https:\/\/villa-albertine.org\/va\/fr\/wp-json\/wp\/v2\/app_news_type?post=63113"}],"curies":[{"name":"wp","href":"https:\/\/api.w.org\/{rel}","templated":true}]}}