{"id":63111,"date":"2021-12-10T18:35:13","date_gmt":"2021-12-10T18:35:13","guid":{"rendered":"https:\/\/villa-albertine.org\/news\/sundance-2022-films-francais-selectionnes\/"},"modified":"2023-08-23T08:10:21","modified_gmt":"2023-08-23T08:10:21","slug":"sundance-2022-films-francais-selectionnes","status":"publish","type":"app_news","link":"https:\/\/villa-albertine.org\/va\/fr\/news\/sundance-2022-films-francais-selectionnes\/","title":{"rendered":"Sundance 2022 se d\u00e9roulera en ligne : D\u00e9couvrez les films fran\u00e7ais s\u00e9lectionn\u00e9s"},"content":{"rendered":"<p>Parmi tous ces films, seront projet\u00e9s les productions et coproductions fran\u00e7aises suivantes :<\/p>\n<p>\u00a0<\/p>\n<p><strong>WORLD CINEMA DRAMATIC COMPETITION<\/strong><\/p>\n<p>\u00a0<\/p>\n<p><a href=\"https:\/\/www.unifrance.org\/film\/53024\/la-vache-qui-chantait-le-futur\"><strong>La Vache qui chantait dans le futur<\/strong><\/a><\/p>\n<p><em>Chili\/France\/U.S.A\/Allemagne<\/em><\/p>\n<p><em>R\u00e9alisatrice : Francisca Alegr\u00eda<\/em><\/p>\n<p><em>Sc\u00e9naristes : Francisca Alegr\u00eda, Fernanda Urrejola, Manuela Infante<\/em><\/p>\n<p><em>Producteurs : Tom Dercourt, Alejandra Garc\u00eda<\/em><\/p>\n<p><em>Acteurs : Leonor Varela, Mia Maestro, Alfredo Castro, Marcial Tagle, Enzo Ferrada, Luis Dubo\u00ec<\/em><\/p>\n<p><em>Avant-premi\u00e8re mondiale<\/em><\/p>\n<p>C\u00e9cilia et ses enfants se rendent dans la ferme laiti\u00e8re de son p\u00e8re vieillissant, apr\u00e8s la crise cardiaque de ce dernier. C\u00e9cilia entre alors en contact avec sa m\u00e8re, pourtant morte depuis de nombreuses ann\u00e9es. Cette pr\u00e9sence fait resurgir un pass\u00e9 douloureux, au c\u0153ur du paysage pastoral de son enfance.<\/p>\n<p>\u00a0<\/p>\n<p><a href=\"https:\/\/www.unifrance.org\/film\/54172\/utama\"><strong>Utama<\/strong><\/a><\/p>\n<p><em>Bolivie\/Uruguay\/France<\/em><\/p>\n<p><em>R\u00e9alisateur et sc\u00e9nariste : Alejandro Loayza Grisi<\/em><\/p>\n<p><em>Producteurs : Santiago Loayza Grisi, Federico Moreira, Marcos Loayza, Jean-Baptiste Bailly-Maitre<\/em><\/p>\n<p><em>Acteurs : Jose Calcina, Luisa Quispe, Santos Choque<\/em><\/p>\n<p><em>Avant-premi\u00e8re mondiale<\/em><\/p>\n<p>Dans les hauts plateaux boliviens, la vie d\u2019un un vieux couple de Quechuas est rythm\u00e9e depuis de nombreuses ann\u00e9es par la m\u00eame monotonie. Lorsqu\u2019une longue s\u00e9cheresse menace la totalit\u00e9 de leur mode de vie, Virginio et sa femme Sisa sont confront\u00e9s \u00e0 une \u00e9preuve : r\u00e9sister au temps \u00e0 leur environnement, ou bien s\u2019avouer vaincus.<\/p>\n<p>\u00a0<\/p>\n<p><strong>SPOTLIGHT<\/strong><\/p>\n<p>\u00a0<\/p>\n<p><a href=\"https:\/\/www.unifrance.org\/film\/51968\/l-evenement\"><strong>L\u2019Ev\u00e9nement\u00a0<\/strong><\/a><\/p>\n<p><em>France<\/em><\/p>\n<p><em>R\u00e9alisateur et sc\u00e9nariste : Audrey Diwan<\/em><\/p>\n<p><em>Sc\u00e9nariste : Alice Girard<\/em><\/p>\n<p><em>Producteurs : Edouard Weil, Alice Girard<\/em><\/p>\n<p><em>Acteurs : Anamaria Vartolomei, Kacey Mottet-Klein, Luana Bajrami, Louise Chevillotte, Pio Marmai.\u00a0<\/em><\/p>\n<p>France, 1963. Anne est une \u00e9tudiante brillante, son avenir est prometteur. Lorsqu\u2019elle tombe enceinte, elle voit s\u2019\u00e9loigner dangereusement l\u2019opportunit\u00e9 d\u2019\u00e9chapper \u00e0 son milieu social modeste. Alors que les examens finaux approchent et que son ventre grossit, Anne se r\u00e9sout \u00e0 agir, quitte \u00e0 risquer la prison.<\/p>\n<p>\u00a0<\/p>\n<p><strong>MIDNIGHT<\/strong><\/p>\n<p>\u00a0<\/p>\n<p><a href=\"https:\/\/www.unifrance.org\/film\/52123\/babysitter\"><strong>Babysitter<\/strong><\/a><\/p>\n<p><em>France \/ Canada<\/em><\/p>\n<p><em>R\u00e9alisatrice\u00a0: Monia Chokri<\/em><\/p>\n<p><em>Sc\u00e9nariste\u00a0: Catherine L\u00e9ger<\/em><\/p>\n<p><em>Producteurs\u00a0: Phase 4 Productions et Am\u00e9rique Films Inc.<\/em><\/p>\n<p><em>Acteurs\u00a0: Patrick Hivon, Steve Laplante, Nadia Tereszkiewicz and Monia Chokri<\/em><\/p>\n<p>Suite \u00e0 une blague sexiste devenue virale, C\u00e9dric, jeune papa, est suspendu par son employeur. Pour se racheter, il va avec l&rsquo;aide de son fr\u00e8re Jean-Michel, s&rsquo;interroger sur les fondements de sa misogynie \u00e0 travers l\u2019\u00e9criture d\u2019un livre. De son c\u00f4t\u00e9, sa femme Nadine en proie \u00e0 une d\u00e9pression d\u00e9cide d&rsquo;\u00e9courter son cong\u00e9 maternit\u00e9. L\u2019arriv\u00e9e dans leur vie d\u2019une baby-sitter au charme espi\u00e8gle et envouteur, va chambouler leur existence.<\/p>\n<p>\u00a0<\/p>\n<p><strong>COURT-METRAGE &#8211; NEW FRONTIER<\/strong><\/p>\n<p>\u00a0<\/p>\n<p><a href=\"https:\/\/www.unifrance.org\/film\/53809\/seven-grams\"><strong>Seven Grams<\/strong><\/a><\/p>\n<p><em>France<\/em><\/p>\n<p><em>Cr\u00e9ateur artistique : Karim Ben Khelifa\u00a0<\/em><\/p>\n<p><em>Collaborateurs importantes : TT Hernandez, Quentin Noirfalisse<\/em><\/p>\n<p><em>Projet de cr\u00e9ation virtuelle<\/em><\/p>\n<p><em>Avant-premi\u00e8re nord-am\u00e9ricaine<\/em><\/p>\n<p>Ce projet artistique nous propose une nouvelle fa\u00e7on de comprendre le co\u00fbt humain de la production de nos smartphones. Gr\u00e2ce \u00e0 une application disponible sur IOS et Andro\u00efd, <em>Seven Grams <\/em>am\u00e8ne directement sur l\u2019\u00e9cran de nos smartphones la trag\u00e9die qui sous-tend l\u2019industrie mini\u00e8re de la R\u00e9publique du Congo et la production des ressources mini\u00e8res dont d\u00e9pend leur fabrication.<\/p>\n<p>\u00a0<\/p>\n<p><a href=\"https:\/\/www.unifrance.org\/film\/54151\/they-dream-in-my-bones-insemnopedy-ii\"><strong>They Dream in My Bones &#8211; Insemnopedy II\u00a0<\/strong><\/a><\/p>\n<p><em>France<\/em><\/p>\n<p><em>Artiste Principal : Faya Formisano<\/em><\/p>\n<p><em>Collaborateurs importantes : Ludovic De Oliveira, Lilou-Magali Robert, Cindy Coutant<\/em><\/p>\n<p><em>Installation VR<\/em><\/p>\n<p><em>Avant-premi\u00e8re nord-am\u00e9ricaine<\/em><\/p>\n<p>Immerg\u00e9 sur des voiles virtuels, cette exp\u00e9rience VR 360 raconte l\u2019histoire de Roderick Norman, chercheur en onirog\u00e9n\u00e9tique &#8211; la science qu\u2019il a fond\u00e9e et qui permet d&rsquo;extraire des r\u00eaves \u00e0 partir d\u2019un squelette inconnu.<\/p>\n<p>\u00a0<\/p>\n<p><a href=\"https:\/\/www.imdb.com\/title\/tt16418768\/\"><strong>On the Morning you Wake (To the End of the World)<\/strong><\/a><\/p>\n<p><em>France \/ Angelterre<\/em><\/p>\n<p><em>R\u00e9alisateurs : Mike Brett, Arnaud Colinart, Steve Jamison, Pierre Zandrowicz<\/em><\/p>\n<p><em>Sc\u00e9naristes : Mike Brett, Steve Jamison, Jamaica Heolimeleikalani Osorio<\/em><\/p>\n<p><em>Producteurs\u00a0: Atlas V, Archer\u2019s Mark<\/em><\/p>\n<p><em>Jeu vid\u00e9o<\/em><\/p>\n<p>Un samedi matin comme les autres, en janvier 2018, les citoyens d\u2019Hawa\u00ef re\u00e7oivent un SMS \u00e9mis par la <em>Hawaii Emergency<\/em><em> Management Agency<\/em>, qui donne \u00e0 lire\u00a0:<\/p>\n<p>\u00ab\u00a0MENACE BALLISTIQUE EN APPROCHE DE HAWA\u00cf. CHERCHEZ IMMEDIATEMENT UN ABRI. CECI N\u2019EST PAS UN EXERCICE.\u00a0\u00bb<\/p>\n<p>Alors que le r\u00e9seau t\u00e9l\u00e9phonie est hors-service et que la panique s\u2019empare de la population, 1,4 million de personnes (ainsi que leurs proches, \u00e0 travers le monde) doivent faire face \u00e0 la possibilit\u00e9 de leur disparition imminente.<\/p>\n<p>\u00a0<\/p>\n<p><strong>COURT-METRAGE &#8211; COMPETITION INTERNATIONALE<\/strong><\/p>\n<p>\u00a0<\/p>\n<p><a href=\"https:\/\/www.unifrance.org\/film\/53903\/au-revoir-jerome\"><strong>Au revoir J\u00e9r\u00f4me !<\/strong><\/a><\/p>\n<p><em>France<\/em><\/p>\n<p><em>R\u00e9alisateurs et sc\u00e9naristes :\u00a0 Gabrielle Selnet, Adam Sillard, Chlo\u00e9 Farr.<\/em><\/p>\n<p><em>Productrice : Mo\u00efra Marguin<\/em><\/p>\n<p>A peine arriv\u00e9 au paradis, J\u00e9r\u00f4me part \u00e0 la recherche de sa femme Maryline. Au cours de sa recherche, il s&rsquo;enfonce dans un monde surr\u00e9aliste et color\u00e9 dans lequel personne ne semble pouvoir l&rsquo;aider.<\/p>\n<p>\u00a0<\/p>\n<p><a href=\"https:\/\/www.unifrance.org\/movie\/52101\/$75-000\"><strong>$75,000<\/strong><\/a><\/p>\n<p><em>France<\/em><\/p>\n<p><em>R\u00e9alisateur et sc\u00e9nariste\u00a0: Mo\u00efse Togo<\/em><\/p>\n<p><em>Producteur\u00a0: Le Fresnoy &#8211; Studio national des arts contemporains<\/em><\/p>\n<p><em>Acteurs\u00a0: Bassirou Sissoko, Mohamed Ti\u00e9coura Coulibaly<\/em><\/p>\n<p><em>$75,000<\/em>\u00a0accentue l\u2019aspect biologique de l\u2019albinisme qui est une anomalie g\u00e9n\u00e9tique et h\u00e9r\u00e9ditaire qui affecte non seulement la pigmentation, mais aussi et surtout les conditions physiques et morales des personnes atteintes d\u2019albinisme. Ces personnes sont victimes de discrimination, de mutilations et de crimes rituels en Afrique.<\/p>\n<p>\u00a0<\/p>\n<p><a href=\"https:\/\/www.unifrance.org\/movie\/52107\/ecoutez-le-battement-de-nos-images\"><strong>Ecoutez le battement de nos images<\/strong><\/a><\/p>\n<p><em>France<\/em><\/p>\n<p><em>R\u00e9alisateurs et sc\u00e9naristes\u00a0: Audrey Jean-Baptiste and Maxime Jean-Baptiste <\/em><\/p>\n<p><em>Producteur : G\u00e9rard Azoulay (Observatoire de l\u2019Espace du CNES)<\/em><\/p>\n<p><em>Actrice : Rose Martine (voix-off)<\/em><\/p>\n<p><em>\u00c9coutez le battement de nos images<\/em>\u00a0aborde la construction de la base spatiale de Kourou (Guyane fran\u00e7aise), \u00e0 travers le regard d\u2019une jeune guyanaise qui observe la transformation de son territoire comme une spectatrice. Combinant l&rsquo;enqu\u00eate de terrain et un processus de montage d&rsquo;images d&rsquo;archives, ce film aborde la conqu\u00eate spatiale fran\u00e7aise d\u2019un point de vue in\u00e9dit.<\/p>\n<p>\u00a0<\/p>\n<p><a href=\"https:\/\/www.unifrance.org\/movie\/52396\/haut-les-coeurs\"><strong>Haut les c\u0153urs<\/strong><\/a><\/p>\n<p><em>France<\/em><\/p>\n<p><em>R\u00e9alisateur et sc\u00e9nariste\u00a0: Adrian Moyse Dullin<\/em><\/p>\n<p><em>Sc\u00e9nariste : Emma Benestan<\/em><\/p>\n<p><em>Producteurs : Lucas Tothe et Sylvain Lagrill\u00e8re (Punchline Cin\u00e9ma) <\/em><\/p>\n<p><em>Acteurs : Yasser Osmani, Aya Halal, Ramatoulaye N\u2019dongo et Sanya Salhi<\/em><\/p>\n<p>Kenza, quinze ans, et son petit fr\u00e8re Mahdi, treize ans, se mettent r\u00e9guli\u00e8rement en sc\u00e8ne sur les r\u00e9seaux sociaux dans une escalade de petites cruaut\u00e9s et d\u2019humiliations. Aujourd\u2019hui, lors d\u2019un trajet en bus, Kenza met son petit fr\u00e8re na\u00eff et romantique \u00e0 l\u2019\u00e9preuve : faire tout de suite une d\u00e9claration d\u2019amour \u00e0 Jada, une fille que Mahdi aime mais qui ne le conna\u00eet pas. Mis sous pression par sa s\u0153ur, Mahdi finit par y aller.<\/p>\n<p>\u00a0<\/p>\n<p><a href=\"https:\/\/www.unifrance.org\/movie\/52626\/swallow-the-universe\"><strong>Swallow the Universe<\/strong><\/a><\/p>\n<p><em>France<\/em><\/p>\n<p><em>R\u00e9alisateur et scn\u00e9ariste\u00a0: Nieto<\/em><\/p>\n<p><em>Producteur\u00a0: Nicolas Schmerkin (Autour de Minuit)<\/em><\/p>\n<p><em>Swallow the Universe<\/em>\u00a0est un manga fleuve de type emaki (rouleau peint \u00e0 la narration horizontale) qui relate l\u2019\u00e9pop\u00e9e grand-guignolesque d\u2019un jeune enfant perdu dans les jungles profondes de Mandchourie. Sa pr\u00e9sence soudaine engendre une compl\u00e8te anarchie dans le monde primitif jusqu\u2019alors parfaitement organis\u00e9 des animaux de la faune locale. Dot\u00e9 d\u2019une saisissante beaut\u00e9, l\u2019enfant fait na\u00eetre chez les singes, tigres, tamanoirs et amphibiens l\u2019envie et le d\u00e9sir de possession, entre autres passions originellement humaines.<\/p>\n<p>\u00a0<\/p>\n<p><strong>COURT-METRAGE &#8211; HORS COMPETITION<\/strong><\/p>\n<p>\u00a0<\/p>\n<p><a href=\"https:\/\/www.unifrance.org\/movie\/36095\/la-lampe-au-beurre-de-yak\"><strong>La Lampe au beurre de yak<\/strong><\/a><\/p>\n<p><em>France \/ Chine<\/em><\/p>\n<p><em>R\u00e9alisateur et sc\u00e9nariste : Wei Hu<\/em><\/p>\n<p><em>Producteurs\u00a0: Julien F\u00e9ret (Ama Productions), Yangxu Zhou (Goya Entertainment)<\/em><\/p>\n<p><em>Acteur : Genden Punstok<\/em><\/p>\n<p>Un jeune photographe ambulant et son assistant proposent \u00e0 des nomades tib\u00e9tains de les prendre en photo devant diff\u00e9rents fonds.<\/p>\n<p>\u00a0<\/p>\n<p><a href=\"https:\/\/festival.sundance.org\/program\/#\"><strong>Retrouvez l&rsquo;ensemble de la programmation de l&rsquo;\u00e9dition 2022 du <em>Sundance Film Festival<\/em>\u00a0en cliquant\u00a0<\/strong><\/a><strong><a href=\"https:\/\/festival.sundance.org\/program\/#\">ici<\/a><\/strong><a href=\"https:\/\/festival.sundance.org\/program\/#\"><strong>.<\/strong><\/a><\/p>\n","protected":false},"featured_media":56923,"menu_order":0,"template":"","app_discipline":[266],"app_city_tax":[267],"app_news_type":[104],"class_list":["post-63111","app_news","type-app_news","status-publish","has-post-thumbnail","hentry","app_discipline-cinema-fr","app_city_tax-la-fr","app_news_type-history-fr"],"acf":[],"yoast_head":"<!-- This site is optimized with the Yoast SEO plugin v27.3 - https:\/\/yoast.com\/product\/yoast-seo-wordpress\/ -->\n<title>Sundance 2022 se d\u00e9roulera en ligne : D\u00e9couvrez les films fran\u00e7ais s\u00e9lectionn\u00e9s - Villa Albertine<\/title>\n<meta name=\"robots\" content=\"index, follow, max-snippet:-1, max-image-preview:large, max-video-preview:-1\" \/>\n<link rel=\"canonical\" href=\"https:\/\/villa-albertine.org\/va\/fr\/news\/sundance-2022-films-francais-selectionnes\/\" \/>\n<meta property=\"og:locale\" content=\"fr_FR\" \/>\n<meta property=\"og:type\" content=\"article\" \/>\n<meta property=\"og:title\" content=\"Sundance 2022 se d\u00e9roulera en ligne : D\u00e9couvrez les films fran\u00e7ais s\u00e9lectionn\u00e9s - Villa Albertine\" \/>\n<meta property=\"og:description\" content=\"Parmi tous ces films, seront projet\u00e9s les productions et coproductions fran\u00e7aises suivantes : \u00a0 WORLD CINEMA DRAMATIC COMPETITION \u00a0 La Vache qui chantait dans le futur Chili\/France\/U.S.A\/Allemagne R\u00e9alisatrice : Francisca Alegr\u00eda Sc\u00e9naristes : Francisca Alegr\u00eda, Fernanda Urrejola, Manuela Infante Producteurs : Tom Dercourt, Alejandra Garc\u00eda Acteurs : Leonor Varela, Mia Maestro, Alfredo Castro, Marcial Tagle,...\" \/>\n<meta property=\"og:url\" content=\"https:\/\/villa-albertine.org\/va\/fr\/news\/sundance-2022-films-francais-selectionnes\/\" \/>\n<meta property=\"og:site_name\" content=\"Villa Albertine\" \/>\n<meta property=\"article:modified_time\" content=\"2023-08-23T08:10:21+00:00\" \/>\n<meta property=\"og:image\" content=\"https:\/\/villa-albertine.org\/wp-content\/uploads\/2023\/08\/sundance.jpeg\" \/>\n\t<meta property=\"og:image:width\" content=\"1392\" \/>\n\t<meta property=\"og:image:height\" content=\"781\" \/>\n\t<meta property=\"og:image:type\" content=\"image\/jpeg\" \/>\n<meta name=\"twitter:card\" content=\"summary_large_image\" \/>\n<meta name=\"twitter:label1\" content=\"Dur\u00e9e de lecture estim\u00e9e\" \/>\n\t<meta name=\"twitter:data1\" content=\"6 minutes\" \/>\n<script type=\"application\/ld+json\" class=\"yoast-schema-graph\">{\"@context\":\"https:\\\/\\\/schema.org\",\"@graph\":[{\"@type\":\"WebPage\",\"@id\":\"https:\\\/\\\/villa-albertine.org\\\/va\\\/fr\\\/news\\\/sundance-2022-films-francais-selectionnes\\\/\",\"url\":\"https:\\\/\\\/villa-albertine.org\\\/va\\\/fr\\\/news\\\/sundance-2022-films-francais-selectionnes\\\/\",\"name\":\"Sundance 2022 se d\u00e9roulera en ligne : D\u00e9couvrez les films fran\u00e7ais s\u00e9lectionn\u00e9s - Villa Albertine\",\"isPartOf\":{\"@id\":\"https:\\\/\\\/villa-albertine.org\\\/va\\\/fr\\\/#website\"},\"primaryImageOfPage\":{\"@id\":\"https:\\\/\\\/villa-albertine.org\\\/va\\\/fr\\\/news\\\/sundance-2022-films-francais-selectionnes\\\/#primaryimage\"},\"image\":{\"@id\":\"https:\\\/\\\/villa-albertine.org\\\/va\\\/fr\\\/news\\\/sundance-2022-films-francais-selectionnes\\\/#primaryimage\"},\"thumbnailUrl\":\"https:\\\/\\\/villa-albertine.org\\\/wp-content\\\/uploads\\\/2023\\\/08\\\/sundance.jpeg\",\"datePublished\":\"2021-12-10T18:35:13+00:00\",\"dateModified\":\"2023-08-23T08:10:21+00:00\",\"breadcrumb\":{\"@id\":\"https:\\\/\\\/villa-albertine.org\\\/va\\\/fr\\\/news\\\/sundance-2022-films-francais-selectionnes\\\/#breadcrumb\"},\"inLanguage\":\"fr-FR\",\"potentialAction\":[{\"@type\":\"ReadAction\",\"target\":[\"https:\\\/\\\/villa-albertine.org\\\/va\\\/fr\\\/news\\\/sundance-2022-films-francais-selectionnes\\\/\"]}]},{\"@type\":\"ImageObject\",\"inLanguage\":\"fr-FR\",\"@id\":\"https:\\\/\\\/villa-albertine.org\\\/va\\\/fr\\\/news\\\/sundance-2022-films-francais-selectionnes\\\/#primaryimage\",\"url\":\"https:\\\/\\\/villa-albertine.org\\\/wp-content\\\/uploads\\\/2023\\\/08\\\/sundance.jpeg\",\"contentUrl\":\"https:\\\/\\\/villa-albertine.org\\\/wp-content\\\/uploads\\\/2023\\\/08\\\/sundance.jpeg\",\"width\":1392,\"height\":781},{\"@type\":\"BreadcrumbList\",\"@id\":\"https:\\\/\\\/villa-albertine.org\\\/va\\\/fr\\\/news\\\/sundance-2022-films-francais-selectionnes\\\/#breadcrumb\",\"itemListElement\":[{\"@type\":\"ListItem\",\"position\":1,\"name\":\"Home\",\"item\":\"https:\\\/\\\/villa-albertine.org\\\/va\\\/fr\\\/home\\\/\"},{\"@type\":\"ListItem\",\"position\":2,\"name\":\"Sundance 2022 se d\u00e9roulera en ligne : D\u00e9couvrez les films fran\u00e7ais s\u00e9lectionn\u00e9s\"}]},{\"@type\":\"WebSite\",\"@id\":\"https:\\\/\\\/villa-albertine.org\\\/va\\\/fr\\\/#website\",\"url\":\"https:\\\/\\\/villa-albertine.org\\\/va\\\/fr\\\/\",\"name\":\"Villa Albertine\",\"description\":\"\",\"potentialAction\":[{\"@type\":\"SearchAction\",\"target\":{\"@type\":\"EntryPoint\",\"urlTemplate\":\"https:\\\/\\\/villa-albertine.org\\\/va\\\/fr\\\/?s={search_term_string}\"},\"query-input\":{\"@type\":\"PropertyValueSpecification\",\"valueRequired\":true,\"valueName\":\"search_term_string\"}}],\"inLanguage\":\"fr-FR\"}]}<\/script>\n<!-- \/ Yoast SEO plugin. -->","yoast_head_json":{"title":"Sundance 2022 se d\u00e9roulera en ligne : D\u00e9couvrez les films fran\u00e7ais s\u00e9lectionn\u00e9s - Villa Albertine","robots":{"index":"index","follow":"follow","max-snippet":"max-snippet:-1","max-image-preview":"max-image-preview:large","max-video-preview":"max-video-preview:-1"},"canonical":"https:\/\/villa-albertine.org\/va\/fr\/news\/sundance-2022-films-francais-selectionnes\/","og_locale":"fr_FR","og_type":"article","og_title":"Sundance 2022 se d\u00e9roulera en ligne : D\u00e9couvrez les films fran\u00e7ais s\u00e9lectionn\u00e9s - Villa Albertine","og_description":"Parmi tous ces films, seront projet\u00e9s les productions et coproductions fran\u00e7aises suivantes : \u00a0 WORLD CINEMA DRAMATIC COMPETITION \u00a0 La Vache qui chantait dans le futur Chili\/France\/U.S.A\/Allemagne R\u00e9alisatrice : Francisca Alegr\u00eda Sc\u00e9naristes : Francisca Alegr\u00eda, Fernanda Urrejola, Manuela Infante Producteurs : Tom Dercourt, Alejandra Garc\u00eda Acteurs : Leonor Varela, Mia Maestro, Alfredo Castro, Marcial Tagle,...","og_url":"https:\/\/villa-albertine.org\/va\/fr\/news\/sundance-2022-films-francais-selectionnes\/","og_site_name":"Villa Albertine","article_modified_time":"2023-08-23T08:10:21+00:00","og_image":[{"width":1392,"height":781,"url":"https:\/\/villa-albertine.org\/wp-content\/uploads\/2023\/08\/sundance.jpeg","type":"image\/jpeg"}],"twitter_card":"summary_large_image","twitter_misc":{"Dur\u00e9e de lecture estim\u00e9e":"6 minutes"},"schema":{"@context":"https:\/\/schema.org","@graph":[{"@type":"WebPage","@id":"https:\/\/villa-albertine.org\/va\/fr\/news\/sundance-2022-films-francais-selectionnes\/","url":"https:\/\/villa-albertine.org\/va\/fr\/news\/sundance-2022-films-francais-selectionnes\/","name":"Sundance 2022 se d\u00e9roulera en ligne : D\u00e9couvrez les films fran\u00e7ais s\u00e9lectionn\u00e9s - Villa Albertine","isPartOf":{"@id":"https:\/\/villa-albertine.org\/va\/fr\/#website"},"primaryImageOfPage":{"@id":"https:\/\/villa-albertine.org\/va\/fr\/news\/sundance-2022-films-francais-selectionnes\/#primaryimage"},"image":{"@id":"https:\/\/villa-albertine.org\/va\/fr\/news\/sundance-2022-films-francais-selectionnes\/#primaryimage"},"thumbnailUrl":"https:\/\/villa-albertine.org\/wp-content\/uploads\/2023\/08\/sundance.jpeg","datePublished":"2021-12-10T18:35:13+00:00","dateModified":"2023-08-23T08:10:21+00:00","breadcrumb":{"@id":"https:\/\/villa-albertine.org\/va\/fr\/news\/sundance-2022-films-francais-selectionnes\/#breadcrumb"},"inLanguage":"fr-FR","potentialAction":[{"@type":"ReadAction","target":["https:\/\/villa-albertine.org\/va\/fr\/news\/sundance-2022-films-francais-selectionnes\/"]}]},{"@type":"ImageObject","inLanguage":"fr-FR","@id":"https:\/\/villa-albertine.org\/va\/fr\/news\/sundance-2022-films-francais-selectionnes\/#primaryimage","url":"https:\/\/villa-albertine.org\/wp-content\/uploads\/2023\/08\/sundance.jpeg","contentUrl":"https:\/\/villa-albertine.org\/wp-content\/uploads\/2023\/08\/sundance.jpeg","width":1392,"height":781},{"@type":"BreadcrumbList","@id":"https:\/\/villa-albertine.org\/va\/fr\/news\/sundance-2022-films-francais-selectionnes\/#breadcrumb","itemListElement":[{"@type":"ListItem","position":1,"name":"Home","item":"https:\/\/villa-albertine.org\/va\/fr\/home\/"},{"@type":"ListItem","position":2,"name":"Sundance 2022 se d\u00e9roulera en ligne : D\u00e9couvrez les films fran\u00e7ais s\u00e9lectionn\u00e9s"}]},{"@type":"WebSite","@id":"https:\/\/villa-albertine.org\/va\/fr\/#website","url":"https:\/\/villa-albertine.org\/va\/fr\/","name":"Villa Albertine","description":"","potentialAction":[{"@type":"SearchAction","target":{"@type":"EntryPoint","urlTemplate":"https:\/\/villa-albertine.org\/va\/fr\/?s={search_term_string}"},"query-input":{"@type":"PropertyValueSpecification","valueRequired":true,"valueName":"search_term_string"}}],"inLanguage":"fr-FR"}]}},"_links":{"self":[{"href":"https:\/\/villa-albertine.org\/va\/fr\/wp-json\/wp\/v2\/app_news\/63111","targetHints":{"allow":["GET"]}}],"collection":[{"href":"https:\/\/villa-albertine.org\/va\/fr\/wp-json\/wp\/v2\/app_news"}],"about":[{"href":"https:\/\/villa-albertine.org\/va\/fr\/wp-json\/wp\/v2\/types\/app_news"}],"wp:featuredmedia":[{"embeddable":true,"href":"https:\/\/villa-albertine.org\/va\/fr\/wp-json\/wp\/v2\/media\/56923"}],"wp:attachment":[{"href":"https:\/\/villa-albertine.org\/va\/fr\/wp-json\/wp\/v2\/media?parent=63111"}],"wp:term":[{"taxonomy":"app_discipline","embeddable":true,"href":"https:\/\/villa-albertine.org\/va\/fr\/wp-json\/wp\/v2\/app_discipline?post=63111"},{"taxonomy":"app_city_tax","embeddable":true,"href":"https:\/\/villa-albertine.org\/va\/fr\/wp-json\/wp\/v2\/app_city_tax?post=63111"},{"taxonomy":"app_news_type","embeddable":true,"href":"https:\/\/villa-albertine.org\/va\/fr\/wp-json\/wp\/v2\/app_news_type?post=63111"}],"curies":[{"name":"wp","href":"https:\/\/api.w.org\/{rel}","templated":true}]}}