{"id":63105,"date":"2021-11-10T16:29:48","date_gmt":"2021-11-10T16:29:48","guid":{"rendered":"https:\/\/villa-albertine.org\/news\/arrivee-de-la-premiere-laureate-de-la-bourse-de-recherche-beauford-delaney\/"},"modified":"2023-08-23T08:10:20","modified_gmt":"2023-08-23T08:10:20","slug":"arrivee-de-la-premiere-laureate-de-la-bourse-de-recherche-beauford-delaney","status":"publish","type":"app_news","link":"https:\/\/villa-albertine.org\/va\/fr\/news\/arrivee-de-la-premiere-laureate-de-la-bourse-de-recherche-beauford-delaney\/","title":{"rendered":"Arriv\u00e9e de la premi\u00e8re laur\u00e9ate de la bourse de recherche Beauford Delaney"},"content":{"rendered":"<p>Cette nouvelle bourse a \u00e9t\u00e9 attribu\u00e9e \u00e0 l&rsquo;historienne et critique d&rsquo;art Vanina G\u00e9r\u00e9 pour son projet de recherche intitul\u00e9\u00a0\u201cPirater les dispositifs de contr\u00f4le\u201d : pratiques num\u00e9riques politiques afro-am\u00e9ricaines contemporaines (et au-del\u00e0).\u00a0<\/p>\n<p>Pour sa recherche, Vanina G\u00e9r\u00e9 se r\u00e9jouit de rencontrer et de discuter avec de nombreux artistes ainsi que des conservateurs et des \u00e9crivains. Apr\u00e8s avoir commenc\u00e9 ses recherches \u00e0 l&rsquo;\u00e9t\u00e9 2021, elle pr\u00e9voit de voyager \u00e0 New York, Chicago, Philadelphie, Londres, Los Angeles et Berlin, et de mener ses investigations en collaboration avec des institutions majeures telles que\u00a0Electronic\u00a0Arts\u00a0Intermix, Whitney Museum,\u00a0MoMA,\u00a0Kadist\u00a0Foundation, MOCA Chicago, Brooklyn Museum, LACMA, MOCA LA,\u00a0School\u00a0for\u00a0Poetic\u00a0Computation, Studio Museum Harlem,\u00a0Powerplant, Hammer Museum et plus encore.\u00a0<\/p>\n<p>Dans le contexte d&rsquo;une visibilit\u00e9 accrue des luttes des Noirs pour la justice sociale aux \u00c9tats-Unis (#BlackLivesMatter, 2013) et d&rsquo;une exposition toujours plus claire du mythe selon lequel les technologies informatiques et num\u00e9riques sont\u00a0sociopolitiquement\u00a0\u00ab\u00a0neutres\u00a0\u00bb, le continuum entre les appareils historiques de contr\u00f4le et les technologies contemporaines de surveillance ciblant les Afro-Am\u00e9ricains &#8211; de l&rsquo;esclavage historique \u00e0 la violence polici\u00e8re actuelle &#8211; a \u00e9t\u00e9 clairement mis en \u00e9vidence par une s\u00e9rie de travaux universitaires et militants au cours de la derni\u00e8re d\u00e9cennie.\u00a0\u00a0<\/p>\n<p>Le projet de recherche vise \u00e0 fournir un aper\u00e7u des pratiques contemporaines d&rsquo;artistes afro-am\u00e9ricains et afro-diasporiques actifs aux \u00c9tats-Unis qui remettent en question les technologies informatiques, les logiciels et\/ou les cultures num\u00e9riques h\u00e9g\u00e9moniques, avec la race (ainsi que le genre et l&rsquo;identit\u00e9 sexuelle) comme pr\u00e9occupation centrale. La majorit\u00e9 des douze artistes s\u00e9lectionn\u00e9s pour ce projet de recherche utilisent le code, la cr\u00e9ation de logiciels, la programmation informatique, l&rsquo;animation 3D ou la r\u00e9alit\u00e9 virtuelle dans le cadre de leur pratique multim\u00e9dia ; nombre d&rsquo;entre eux con\u00e7oivent les technologies informatiques et num\u00e9riques \u00e0 l&rsquo;intersection de l&rsquo;organisation communautaire et de l'(h)ac(k)tivisme. Bien que non homog\u00e8ne, leur travail r\u00e9sonne au sein d&rsquo;un r\u00e9seau coh\u00e9rent qui met en avant l&rsquo;art politique et une critique de l'\u00a0\u00bbadieu au monde\u00a0\u00bb qui caract\u00e9rise l&rsquo;\u00e8re num\u00e9rique, en apportant chacun une pr\u00e9sence politique forte et radicale \u00e0 la sc\u00e8ne artistique nord-am\u00e9ricaine et internationale actuelle.\u00a0<\/p>\n<p>Une approche transdisciplinaire sera apport\u00e9e au projet de recherche, qui s&rsquo;appuiera sur les Software and Code\u00a0Studies\u00a0ainsi que sur les \u00e9tudes afro-am\u00e9ricaines et l&rsquo;histoire de l&rsquo;art contemporain. Une perspective plus large sera \u00e9galement introduite par le dialogue avec un certain nombre de conservateurs et d&rsquo;\u00e9crivains qui ont \u00e9t\u00e9 actifs dans la promotion de certains de ces artistes en particulier et des arts num\u00e9riques politiques en g\u00e9n\u00e9ral.\u00a0<\/p>\n<p><u><a href=\"https:\/\/staging.villa-albertine.org\/fr\/professionals\/beauford-delaney-grant\">En savoir plus sur la bourse Beauford Delaney<\/a><\/u><\/p>\n<p>\u00a0<\/p>\n","protected":false},"featured_media":56905,"menu_order":0,"template":"","app_discipline":[265],"app_city_tax":[264],"app_news_type":[],"class_list":["post-63105","app_news","type-app_news","status-publish","has-post-thumbnail","hentry","app_discipline-arts-visuels-fr","app_city_tax-nyc-fr"],"acf":[],"yoast_head":"<!-- This site is optimized with the Yoast SEO plugin v27.3 - https:\/\/yoast.com\/product\/yoast-seo-wordpress\/ -->\n<title>Arriv\u00e9e de la premi\u00e8re laur\u00e9ate de la bourse de recherche Beauford Delaney - Villa Albertine<\/title>\n<meta name=\"robots\" content=\"index, follow, max-snippet:-1, max-image-preview:large, max-video-preview:-1\" \/>\n<link rel=\"canonical\" href=\"https:\/\/villa-albertine.org\/va\/fr\/news\/arrivee-de-la-premiere-laureate-de-la-bourse-de-recherche-beauford-delaney\/\" \/>\n<meta property=\"og:locale\" content=\"fr_FR\" \/>\n<meta property=\"og:type\" content=\"article\" \/>\n<meta property=\"og:title\" content=\"Arriv\u00e9e de la premi\u00e8re laur\u00e9ate de la bourse de recherche Beauford Delaney - Villa Albertine\" \/>\n<meta property=\"og:description\" content=\"Cette nouvelle bourse a \u00e9t\u00e9 attribu\u00e9e \u00e0 l&rsquo;historienne et critique d&rsquo;art Vanina G\u00e9r\u00e9 pour son projet de recherche intitul\u00e9\u00a0\u201cPirater les dispositifs de contr\u00f4le\u201d : pratiques num\u00e9riques politiques afro-am\u00e9ricaines contemporaines (et au-del\u00e0).\u00a0 Pour sa recherche, Vanina G\u00e9r\u00e9 se r\u00e9jouit de rencontrer et de discuter avec de nombreux artistes ainsi que des conservateurs et des \u00e9crivains. Apr\u00e8s...\" \/>\n<meta property=\"og:url\" content=\"https:\/\/villa-albertine.org\/va\/fr\/news\/arrivee-de-la-premiere-laureate-de-la-bourse-de-recherche-beauford-delaney\/\" \/>\n<meta property=\"og:site_name\" content=\"Villa Albertine\" \/>\n<meta property=\"article:modified_time\" content=\"2023-08-23T08:10:20+00:00\" \/>\n<meta property=\"og:image\" content=\"https:\/\/villa-albertine.org\/wp-content\/uploads\/2023\/08\/vanina20gC3A9rC3A9.jpg\" \/>\n\t<meta property=\"og:image:width\" content=\"1392\" \/>\n\t<meta property=\"og:image:height\" content=\"1044\" \/>\n\t<meta property=\"og:image:type\" content=\"image\/jpeg\" \/>\n<meta name=\"twitter:card\" content=\"summary_large_image\" \/>\n<meta name=\"twitter:label1\" content=\"Dur\u00e9e de lecture estim\u00e9e\" \/>\n\t<meta name=\"twitter:data1\" content=\"2 minutes\" \/>\n<script type=\"application\/ld+json\" class=\"yoast-schema-graph\">{\"@context\":\"https:\\\/\\\/schema.org\",\"@graph\":[{\"@type\":\"WebPage\",\"@id\":\"https:\\\/\\\/villa-albertine.org\\\/va\\\/fr\\\/news\\\/arrivee-de-la-premiere-laureate-de-la-bourse-de-recherche-beauford-delaney\\\/\",\"url\":\"https:\\\/\\\/villa-albertine.org\\\/va\\\/fr\\\/news\\\/arrivee-de-la-premiere-laureate-de-la-bourse-de-recherche-beauford-delaney\\\/\",\"name\":\"Arriv\u00e9e de la premi\u00e8re laur\u00e9ate de la bourse de recherche Beauford Delaney - Villa Albertine\",\"isPartOf\":{\"@id\":\"https:\\\/\\\/villa-albertine.org\\\/va\\\/fr\\\/#website\"},\"primaryImageOfPage\":{\"@id\":\"https:\\\/\\\/villa-albertine.org\\\/va\\\/fr\\\/news\\\/arrivee-de-la-premiere-laureate-de-la-bourse-de-recherche-beauford-delaney\\\/#primaryimage\"},\"image\":{\"@id\":\"https:\\\/\\\/villa-albertine.org\\\/va\\\/fr\\\/news\\\/arrivee-de-la-premiere-laureate-de-la-bourse-de-recherche-beauford-delaney\\\/#primaryimage\"},\"thumbnailUrl\":\"https:\\\/\\\/villa-albertine.org\\\/wp-content\\\/uploads\\\/2023\\\/08\\\/vanina20gC3A9rC3A9.jpg\",\"datePublished\":\"2021-11-10T16:29:48+00:00\",\"dateModified\":\"2023-08-23T08:10:20+00:00\",\"breadcrumb\":{\"@id\":\"https:\\\/\\\/villa-albertine.org\\\/va\\\/fr\\\/news\\\/arrivee-de-la-premiere-laureate-de-la-bourse-de-recherche-beauford-delaney\\\/#breadcrumb\"},\"inLanguage\":\"fr-FR\",\"potentialAction\":[{\"@type\":\"ReadAction\",\"target\":[\"https:\\\/\\\/villa-albertine.org\\\/va\\\/fr\\\/news\\\/arrivee-de-la-premiere-laureate-de-la-bourse-de-recherche-beauford-delaney\\\/\"]}]},{\"@type\":\"ImageObject\",\"inLanguage\":\"fr-FR\",\"@id\":\"https:\\\/\\\/villa-albertine.org\\\/va\\\/fr\\\/news\\\/arrivee-de-la-premiere-laureate-de-la-bourse-de-recherche-beauford-delaney\\\/#primaryimage\",\"url\":\"https:\\\/\\\/villa-albertine.org\\\/wp-content\\\/uploads\\\/2023\\\/08\\\/vanina20gC3A9rC3A9.jpg\",\"contentUrl\":\"https:\\\/\\\/villa-albertine.org\\\/wp-content\\\/uploads\\\/2023\\\/08\\\/vanina20gC3A9rC3A9.jpg\",\"width\":1392,\"height\":1044},{\"@type\":\"BreadcrumbList\",\"@id\":\"https:\\\/\\\/villa-albertine.org\\\/va\\\/fr\\\/news\\\/arrivee-de-la-premiere-laureate-de-la-bourse-de-recherche-beauford-delaney\\\/#breadcrumb\",\"itemListElement\":[{\"@type\":\"ListItem\",\"position\":1,\"name\":\"Home\",\"item\":\"https:\\\/\\\/villa-albertine.org\\\/va\\\/fr\\\/home\\\/\"},{\"@type\":\"ListItem\",\"position\":2,\"name\":\"Arriv\u00e9e de la premi\u00e8re laur\u00e9ate de la bourse de recherche Beauford Delaney\"}]},{\"@type\":\"WebSite\",\"@id\":\"https:\\\/\\\/villa-albertine.org\\\/va\\\/fr\\\/#website\",\"url\":\"https:\\\/\\\/villa-albertine.org\\\/va\\\/fr\\\/\",\"name\":\"Villa Albertine\",\"description\":\"\",\"potentialAction\":[{\"@type\":\"SearchAction\",\"target\":{\"@type\":\"EntryPoint\",\"urlTemplate\":\"https:\\\/\\\/villa-albertine.org\\\/va\\\/fr\\\/?s={search_term_string}\"},\"query-input\":{\"@type\":\"PropertyValueSpecification\",\"valueRequired\":true,\"valueName\":\"search_term_string\"}}],\"inLanguage\":\"fr-FR\"}]}<\/script>\n<!-- \/ Yoast SEO plugin. -->","yoast_head_json":{"title":"Arriv\u00e9e de la premi\u00e8re laur\u00e9ate de la bourse de recherche Beauford Delaney - Villa Albertine","robots":{"index":"index","follow":"follow","max-snippet":"max-snippet:-1","max-image-preview":"max-image-preview:large","max-video-preview":"max-video-preview:-1"},"canonical":"https:\/\/villa-albertine.org\/va\/fr\/news\/arrivee-de-la-premiere-laureate-de-la-bourse-de-recherche-beauford-delaney\/","og_locale":"fr_FR","og_type":"article","og_title":"Arriv\u00e9e de la premi\u00e8re laur\u00e9ate de la bourse de recherche Beauford Delaney - Villa Albertine","og_description":"Cette nouvelle bourse a \u00e9t\u00e9 attribu\u00e9e \u00e0 l&rsquo;historienne et critique d&rsquo;art Vanina G\u00e9r\u00e9 pour son projet de recherche intitul\u00e9\u00a0\u201cPirater les dispositifs de contr\u00f4le\u201d : pratiques num\u00e9riques politiques afro-am\u00e9ricaines contemporaines (et au-del\u00e0).\u00a0 Pour sa recherche, Vanina G\u00e9r\u00e9 se r\u00e9jouit de rencontrer et de discuter avec de nombreux artistes ainsi que des conservateurs et des \u00e9crivains. Apr\u00e8s...","og_url":"https:\/\/villa-albertine.org\/va\/fr\/news\/arrivee-de-la-premiere-laureate-de-la-bourse-de-recherche-beauford-delaney\/","og_site_name":"Villa Albertine","article_modified_time":"2023-08-23T08:10:20+00:00","og_image":[{"width":1392,"height":1044,"url":"https:\/\/villa-albertine.org\/wp-content\/uploads\/2023\/08\/vanina20gC3A9rC3A9.jpg","type":"image\/jpeg"}],"twitter_card":"summary_large_image","twitter_misc":{"Dur\u00e9e de lecture estim\u00e9e":"2 minutes"},"schema":{"@context":"https:\/\/schema.org","@graph":[{"@type":"WebPage","@id":"https:\/\/villa-albertine.org\/va\/fr\/news\/arrivee-de-la-premiere-laureate-de-la-bourse-de-recherche-beauford-delaney\/","url":"https:\/\/villa-albertine.org\/va\/fr\/news\/arrivee-de-la-premiere-laureate-de-la-bourse-de-recherche-beauford-delaney\/","name":"Arriv\u00e9e de la premi\u00e8re laur\u00e9ate de la bourse de recherche Beauford Delaney - Villa Albertine","isPartOf":{"@id":"https:\/\/villa-albertine.org\/va\/fr\/#website"},"primaryImageOfPage":{"@id":"https:\/\/villa-albertine.org\/va\/fr\/news\/arrivee-de-la-premiere-laureate-de-la-bourse-de-recherche-beauford-delaney\/#primaryimage"},"image":{"@id":"https:\/\/villa-albertine.org\/va\/fr\/news\/arrivee-de-la-premiere-laureate-de-la-bourse-de-recherche-beauford-delaney\/#primaryimage"},"thumbnailUrl":"https:\/\/villa-albertine.org\/wp-content\/uploads\/2023\/08\/vanina20gC3A9rC3A9.jpg","datePublished":"2021-11-10T16:29:48+00:00","dateModified":"2023-08-23T08:10:20+00:00","breadcrumb":{"@id":"https:\/\/villa-albertine.org\/va\/fr\/news\/arrivee-de-la-premiere-laureate-de-la-bourse-de-recherche-beauford-delaney\/#breadcrumb"},"inLanguage":"fr-FR","potentialAction":[{"@type":"ReadAction","target":["https:\/\/villa-albertine.org\/va\/fr\/news\/arrivee-de-la-premiere-laureate-de-la-bourse-de-recherche-beauford-delaney\/"]}]},{"@type":"ImageObject","inLanguage":"fr-FR","@id":"https:\/\/villa-albertine.org\/va\/fr\/news\/arrivee-de-la-premiere-laureate-de-la-bourse-de-recherche-beauford-delaney\/#primaryimage","url":"https:\/\/villa-albertine.org\/wp-content\/uploads\/2023\/08\/vanina20gC3A9rC3A9.jpg","contentUrl":"https:\/\/villa-albertine.org\/wp-content\/uploads\/2023\/08\/vanina20gC3A9rC3A9.jpg","width":1392,"height":1044},{"@type":"BreadcrumbList","@id":"https:\/\/villa-albertine.org\/va\/fr\/news\/arrivee-de-la-premiere-laureate-de-la-bourse-de-recherche-beauford-delaney\/#breadcrumb","itemListElement":[{"@type":"ListItem","position":1,"name":"Home","item":"https:\/\/villa-albertine.org\/va\/fr\/home\/"},{"@type":"ListItem","position":2,"name":"Arriv\u00e9e de la premi\u00e8re laur\u00e9ate de la bourse de recherche Beauford Delaney"}]},{"@type":"WebSite","@id":"https:\/\/villa-albertine.org\/va\/fr\/#website","url":"https:\/\/villa-albertine.org\/va\/fr\/","name":"Villa Albertine","description":"","potentialAction":[{"@type":"SearchAction","target":{"@type":"EntryPoint","urlTemplate":"https:\/\/villa-albertine.org\/va\/fr\/?s={search_term_string}"},"query-input":{"@type":"PropertyValueSpecification","valueRequired":true,"valueName":"search_term_string"}}],"inLanguage":"fr-FR"}]}},"_links":{"self":[{"href":"https:\/\/villa-albertine.org\/va\/fr\/wp-json\/wp\/v2\/app_news\/63105","targetHints":{"allow":["GET"]}}],"collection":[{"href":"https:\/\/villa-albertine.org\/va\/fr\/wp-json\/wp\/v2\/app_news"}],"about":[{"href":"https:\/\/villa-albertine.org\/va\/fr\/wp-json\/wp\/v2\/types\/app_news"}],"wp:featuredmedia":[{"embeddable":true,"href":"https:\/\/villa-albertine.org\/va\/fr\/wp-json\/wp\/v2\/media\/56905"}],"wp:attachment":[{"href":"https:\/\/villa-albertine.org\/va\/fr\/wp-json\/wp\/v2\/media?parent=63105"}],"wp:term":[{"taxonomy":"app_discipline","embeddable":true,"href":"https:\/\/villa-albertine.org\/va\/fr\/wp-json\/wp\/v2\/app_discipline?post=63105"},{"taxonomy":"app_city_tax","embeddable":true,"href":"https:\/\/villa-albertine.org\/va\/fr\/wp-json\/wp\/v2\/app_city_tax?post=63105"},{"taxonomy":"app_news_type","embeddable":true,"href":"https:\/\/villa-albertine.org\/va\/fr\/wp-json\/wp\/v2\/app_news_type?post=63105"}],"curies":[{"name":"wp","href":"https:\/\/api.w.org\/{rel}","templated":true}]}}