{"id":63799,"date":"2023-05-30T20:36:29","date_gmt":"2023-05-30T20:36:29","guid":{"rendered":"https:\/\/villa-albertine.org\/magazine\/states-podcast-ecouter-amerique-autrement\/"},"modified":"2023-08-23T08:11:02","modified_gmt":"2023-08-23T08:11:02","slug":"states-podcast-ecouter-amerique-autrement","status":"publish","type":"app_magazine_article","link":"https:\/\/villa-albertine.org\/va\/fr\/magazine\/states-podcast-ecouter-amerique-autrement\/","title":{"rendered":"States Podcast, \u00e9couter l&rsquo;Am\u00e9rique autrement"},"content":{"rendered":"<p>Dans sa premi\u00e8re s\u00e9rie de podcasts, intitul\u00e9e Coast to Coast, States propose une conversation en anglais avec des cr\u00e9ateurs et des penseurs de retour de leur r\u00e9sidence avec la Villa Albertine. Concevoir des jeux vid\u00e9o avec la communaut\u00e9 queer d&rsquo;Atlanta, capturer les couleurs et les cultures changeantes du Mississippi, dessiner la mythique <em>prom queen<\/em> de New York \u00e0 San Francisco&#8230; chaque projet est une exploration \u00e0 la fois inattendue et nomade des \u00c9tats-Unis.\u00a0<\/p>\n<p>D&rsquo;autres formats, r\u00e9alis\u00e9s par ou avec des r\u00e9sidents de la Villa Albertine, viendront bient\u00f4t enrichir cette offre de podcasts. Comme une s\u00e9rie de documentaires radio par la productrice Aude-Emilie Juda\u00efque qui a r\u00e9alis\u00e9 un documentaire en plusieurs \u00e9pisodes sur le Border Art \u00e0 la fronti\u00e8re americano-mexicaine.\u00a0<\/p>\n<p>States est \u00e9galement <a href=\"https:\/\/villa-albertine.org\/fr\/magazine\">un magazine en ligne bilingue<\/a> et une <a href=\"https:\/\/villa-albertine.org\/the-villa\/introducing-states\">revue papier<\/a>. Sous toutes ses formes, States couvre des sujets aussi diff\u00e9rents que le paysage am\u00e9ricain est divers, et offre de nouvelles perspectives globales sur l&rsquo;avenir de l&rsquo;art et de la culture.\u202f\u202f<\/p>\n<h2>\u202fCoast to Coast\u202f\u00a0<\/h2>\n<p>Que se passe-t-il lorsque des artistes de l&rsquo;espace francophone sont immerg\u00e9s dans la culture am\u00e9ricaine ? Dans cette premi\u00e8re saison de Coast to Coast, la journaliste Rachel Donadio s&rsquo;entretient avec des r\u00e9sidents de la Villa Albertine revenus de leurs s\u00e9jours exploratoires aux \u00c9tats-Unis.\u202f\u202f\u00a0<br \/>\n\u202f<br \/>\nLa s\u00e9rie s&rsquo;int\u00e9resse \u00e0 la repr\u00e9sentation raciale dans l&rsquo;art, la danse post-internet, la couleur du Mississippi, l&rsquo;utilisation po\u00e9tique des nouvelles technologies, l&rsquo;imaginaire colonial de l&rsquo;exploration spatiale, le son des orchestres, le mythe de la <em>prom queen<\/em>, le jeu vid\u00e9o comme outil d&rsquo;action sociale, le tout dans un cadre multiculturel et pluridisciplinaire.\u00a0<br \/>\n\u00a0<\/p>\n<h3>Anne Lafont in search of Creole princess Marie Laveau in Louisiana\u00a0<\/h3>\n<p>Bienvenue dans le premier \u00e9pisode de States ! Rachel Donadio, journaliste culturelle am\u00e9ricaine bas\u00e9e \u00e0 Paris, re\u00e7oit Anne Lafont, historienne de l&rsquo;art et directrice d&rsquo;\u00e9tudes \u00e0 l&rsquo;\u00c9cole des Hautes \u00c9tudes en Sciences Sociales (EHESS). Les recherches d&rsquo;Anne ont largement influenc\u00e9 la mani\u00e8re dont l&rsquo;histoire de l&rsquo;art aborde la question de la race et de ses repr\u00e9sentations, lors de sa r\u00e9sidence \u00e0 la Villa Albertin elle s&rsquo;est install\u00e9e \u00e0 la Nouvelle-Orl\u00e9ans pour \u00e9tudier la culture mat\u00e9rielle de l&rsquo;exp\u00e9rience noire locale. Elle a mis un accent particulier sur le lien entre l&rsquo;histoire noire et les Am\u00e9riques francophones au d\u00e9but du XIXe si\u00e8cle. Cette recherche a \u00e9galement conduit Anne \u00e0 \u00e9tudier le personnage de Marie Laveau, princesse cr\u00e9ole et adepte du voudou qui est devenue une figure embl\u00e9matique de la ville, mais qui appara\u00eet dans tr\u00e8s peu d&rsquo;images de l&rsquo;\u00e9poque.\u202f\u202fAnne discute aussi dans cet \u00e9pisode de ses d\u00e9couvertes et des diff\u00e9rences entre les conceptions fran\u00e7aise et am\u00e9ricaine de la race. Bonne \u00e9coute !<\/p>\n<p><iframe sandbox=\"allow-scripts allow-same-origin\" style=\"border-radius:12px\" src=\"https:\/\/open.spotify.com\/embed\/episode\/4EoT1MYOhtNlPOufZeGsBf?utm_source=generator&#038;theme=0\" width=\"100%\" height=\"152\" frameBorder=\"0\" allowfullscreen=\"\" allow=\"autoplay; clipboard-write; encrypted-media; fullscreen; picture-in-picture\" loading=\"lazy\"><\/iframe><\/p>\n<h3>(LA)HORDE on post-internet dance in Los Angeles\u00a0<\/h3>\n<p>Dans cet \u00e9pisode, Rachel Donadio s&rsquo;entretient avec Marine Brutti et Jonathan Debrouwer, codirecteurs avec Arthur Harel du collectif de danse marseillais (LA)HORDE, connu pour avoir transpos\u00e9 les danses virales des r\u00e9seaux sociaux sur les plateaux des salles de spectacle du monde entier. Marine et Jonathan reviennent ici sur leur r\u00e9sidence \u00e0 la Villa Albertine \u00e0 Los Angeles, o\u00f9 ils ont pass\u00e9 beaucoup de temps avec les danseurs de Jumpstyle, et ont initi\u00e9 une collaboration cin\u00e9matographique avec le r\u00e9alisateur Spike Jones. Le collectif \u00e9voque aussi ses derni\u00e8res \u0153uvre, l&rsquo;utilisation de la technologie et d&rsquo;internet dans la danse contemporaine, ses r\u00e9flexions sur la reconnaissance internationale croissante dont ils font l&rsquo;objet, et sur le r\u00f4le des danseurs professionnels dans le monde contemporain. Bonne \u00e9coute !\u00a0<\/p>\n<p><iframe sandbox=\"allow-scripts allow-same-origin\" style=\"border-radius:12px\" src=\"https:\/\/open.spotify.com\/embed\/episode\/0MmnO9OhcGXGkPlrz447iC?utm_source=generator&#038;theme=0\" width=\"100%\" height=\"152\" frameBorder=\"0\" allowfullscreen=\"\" allow=\"autoplay; clipboard-write; encrypted-media; fullscreen; picture-in-picture\" loading=\"lazy\"><\/iframe><\/p>\n<h3><strong>Nicolas Floc&rsquo;h on changing cultures and colors along the Mississippi River<\/strong>\u00a0<\/h3>\n<p>Dans cet \u00e9pisode de States, Rachel Donadio s&rsquo;entretient avec le photographe et artiste Nicolas Floc&rsquo;h, qui a photographi\u00e9 la couleur changeante du Mississipi lors de sa r\u00e9sidence avec la Villa Albertine. Ses photographies montrent un fleuve \u00e0 la couleur changeante, du vert vif \u00e0 l&rsquo;ocre, du bleu profond au jaune \u00e9lectrique, et qui r\u00e9v\u00e8le ainsi l&rsquo;histoire anthropologique, climatique, g\u00e9opolitique et culturel des terres qu&rsquo;il traverse. D\u00e9couvrez \u00e9galement les similitudes et les diff\u00e9rences entre le delta du Mississippi et le Rh\u00f4ne \u2013 sur lequel Nicolas Floc&rsquo;h m\u00e8ne aussi un projet photographique \u2013 puisqu&rsquo;ils sont tous deux situ\u00e9s dans des zones industrielles et soumis \u00e0 la pollution.\u00a0Rejoignez-nous pour plonger dans le monde fascinant des paysages sous-marins avec Nicolas Floc&rsquo;h. Bonne \u00e9coute !\u00a0<br \/>\n\u00a0<\/p>\n<p><iframe sandbox=\"allow-scripts allow-same-origin\" style=\"border-radius:12px\" src=\"https:\/\/open.spotify.com\/embed\/episode\/381yiUv4UVuXfl2AFHsCGm?utm_source=generator&#038;theme=0\" width=\"100%\" height=\"152\" frameBorder=\"0\" allowfullscreen=\"\" allow=\"autoplay; clipboard-write; encrypted-media; fullscreen; picture-in-picture\" loading=\"lazy\"><\/iframe><\/p>\n<h3>Ep.04 Quentin Zuttion on the myth of the prom queen\u00a0<\/h3>\n<p>Retrouvez Rachel Donadio dans cet \u00e9pisode de Coast to Coast qui explore le mythe de la <em>Prom Queen<\/em>, la reine de promo am\u00e9ricaine, avec Quentin Zuttion. Le dessinateur et auteur de bande dessin\u00e9e a voyag\u00e9 \u00e0 travers le pays,\u00a0men\u00e9 des entretiens dans des villes comme Chicago, San Francisco et Salt Lake City, \u00e0 la recherche de la mythique Prom Queen, la reine de promo. Il a pu constater les pressions subies par les adolescentes pour se conformer aux normes de beaut\u00e9 et aux attentes de la soci\u00e9t\u00e9 au moment de ce rite de passage de l&rsquo;enfance \u00e0 l&rsquo;\u00e2ge adulte et acc\u00e9der \u00e0 ce statut de v\u00e9ritable ic\u00f4ne de la culture am\u00e9ricaine. Il \u00e9voque ici ses d\u00e9couvertes et ses rencontres, ainsi que ce qu&rsquo;il per\u00e7oit des effet durables sur la jeunesse am\u00e9ricaine \u00e0 l&rsquo;heure des r\u00e9seaux sociaux. Bonne \u00e9coute !<\/p>\n<p>\u00a0<\/p>\n<p><iframe sandbox=\"allow-scripts allow-same-origin\" style=\"border-radius:12px\" src=\"https:\/\/open.spotify.com\/embed\/episode\/0LhmV2TsfsVcHh2xVvLFAK?utm_source=generator&#038;theme=0\" width=\"100%\" height=\"152\" frameBorder=\"0\" allowfullscreen=\"\" allow=\"autoplay; clipboard-write; encrypted-media; fullscreen; picture-in-picture\" loading=\"lazy\"><\/iframe><\/p>\n<h3>Ep.05\u00a0<strong>Claire Bardainne on the poetics of technology in San Francisco<\/strong><\/h3>\n<p>Aujourd&rsquo;hui dans Coast to Coast, la journaliste Rachel Donadio accueil Claire Bardainne, pour un \u00e9change\u00a0sur la r\u00e9sidence de l&rsquo;artiste plasticienne dans la Sillicon Valley. Claire aborde la\u00a0question, centrale dans son travail, de la\u00a0technologie dans l&rsquo;art, et de la meilleure fa\u00e7on de mettre cette\u00a0technologie au service\u00a0d\u2019un nouveau mod\u00e8le d\u2019expression artistique\u00a0en lien avec le\u00a0contexte socio-politique. L&rsquo;artiste \u00e9voque\u00a0ainsi\u00a0son exp\u00e9rience \u00e0 San Francisco, une ville paradoxale en ce qu&rsquo;elle incarne\u00a0autant\u00a0l&rsquo;innovation technologique qu&rsquo;un lien profond avec la nature.\u00a0Ce qui l\u2019a amen\u00e9e \u00e0 se pencher aussi sur des enjeux comme\u00a0l&rsquo;\u00e9cof\u00e9minisme\u00a0ou\u00a0l&rsquo;intelligence artificielle.\u00a0<\/p>\n<p>\u00a0<\/p>\n<p>Bonne \u00e9coute\u00a0!<\/p>\n<p><iframe sandbox=\"allow-scripts allow-same-origin\" style=\"border-radius:12px\" src=https:\/\/open.spotify.com\/embed\/episode\/47HEfFGeWxocZztRaRtsNq?utm_source=generator&#038;theme=0 width=\"100%\" height=\"152\" frameBorder=\"0\" allowfullscreen=\"\" allow=\"autoplay; clipboard-write; encrypted-media; fullscreen; picture-in-picture\" loading=\"lazy\"><\/iframe><\/p>\n<h3><strong>Ep.06\u00a0Fatoumata K\u00e9b\u00e9 on the imaginary of outer space in Houston \u00a0<\/strong><\/h3>\n<p>\u00a0<\/p>\n<p>Dans le dernier \u00e9pisode de Coast to Coast, Rachel Donadio s&rsquo;entretient avec l&rsquo;astrophysicienne et auteure Fatoumata Kebb\u00e9\u00a0\u00e0 propos de\u00a0sa r\u00e9cente visite aux \u00c9tats-Unis, au Lunar Planetary Institute et au Lyndon B. Johnson Space Center \u00e0 Houston.\u00a0La professeure\u00a0\u00e0 l&rsquo;universit\u00e9 de la Sorbonne \u00e0 Paris,\u00a0et experte en pollution par les d\u00e9chets spatiaux,\u00a0partage\u00a0ici\u00a0sa vision\u00a0d\u2019une\u00a0science spatiale\u00a0plus inclusive\u00a0et\u00a0s&rsquo;inqui\u00e8te de\u00a0voir se reproduire la d\u00e9marche coloniale, avec son cort\u00e8ge d\u2019effets n\u00e9fastes, dans\u00a0la course \u00e0 la colonisation de la Lune et de Mars. K\u00e9b\u00e9 nous fait\u00a0enfin\u00a0d\u00e9couvrir les merveilles de la lune et l&rsquo;importance d&rsquo;une exploration spatiale responsable\u00a0en revenant sur\u00a0son livre\u00a0<em>La Lune<\/em><em>\u00a0est un roman<\/em>,\u00a0tout en s\u2019attachant\u00a0\u00e0 dissiper\u00a0quelques th\u00e9ories conspirationnistes trop\u00a0r\u00e9pandues.<br \/>\n\u00a0<\/p>\n<p>Bonne \u00e9coute\u00a0! \u00a0<\/p>\n<p><iframe sandbox=\"allow-scripts allow-same-origin\" style=\"border-radius:12px\" src=https:\/\/open.spotify.com\/embed\/episode\/1B4jmsJnUi6hTIMdk532mn?utm_source=generator&#038;theme=0 width=\"100%\" height=\"152\" frameBorder=\"0\" allowfullscreen=\"\" allow=\"autoplay; clipboard-write; encrypted-media; fullscreen; picture-in-picture\" loading=\"lazy\"><\/iframe><\/p>\n<h3><strong>Ep.07\u00a0<\/strong>Stephanie Childress on what makes American orchestras sound so American\u00a0<\/h3>\n<p><strong>\u00a0<\/strong>Dans cet \u00e9pisode de Coast to Coast, Rachel Donadio re\u00e7oit Stephanie Childress, cheffe d&rsquo;orchestre et directrice adjointe de l&rsquo;Orchestre symphonique de Saint Louis. Deuxi\u00e8me laur\u00e9ate du concours La Maestra, Stephanie partage\u00a0ici\u00a0ses observations sur les orchestres aux \u00c9tats-Unis et en Europe, et les d\u00e9fis auxquels fait \u00a0face la musique classique. Lors de sa r\u00e9sidence\u00a0\u00e0 la Villa Albertine, elle\u00a0a pu\u00a0explorer\u00a0les enjeux li\u00e9s \u00e0 l&rsquo;\u00e9ducation, l&rsquo;inclusion et la programmation contemporaine en musique classique, mais aussi se pencher sur\u00a0les\u00a0signatures\u00a0sonores uniques des orchestres am\u00e9ricains.<\/p>\n<p>\u00a0<\/p>\n<p>Bonne \u00e9coute !\u00a0<\/p>\n<h3>\u00a0<\/h3>\n<p><iframe sandbox=\"allow-scripts allow-same-origin\" style=\"border-radius:12px\" src=\"https:\/\/open.spotify.com\/embed\/episode\/5XByXxQHjhed9FmxqXBiUi?utm_source=generator&#038;theme=0\" width=\"100%\" height=\"152\" frameBorder=\"0\" allowfullscreen=\"\" allow=\"autoplay; clipboard-write; encrypted-media; fullscreen; picture-in-picture\" loading=\"lazy\"><\/iframe><\/p>\n<h3><strong>Ep.08 Accidental Queens on video games as a tool for social good in Atlanta\u00a0<\/strong><\/h3>\n<p>Dans ce dernier \u00e9pisode de Coast to Coast, l&rsquo;animatrice Rachel Donadio s&rsquo;entretient avec Miriam Houali, Simon Bachelier et Diane Landais, cofondateurs\u00b7rices et producteurs\u00b7rices du studio de jeux vid\u00e9o ind\u00e9pendant Accidental Queens. Pendant leur r\u00e9sidence \u00e0 la Villa Albertine d\u2019Atlanta, il et elles se sont Imerg\u00e9\u00b7e\u00b7s dans une ville aux prises avec la gentrification, l&rsquo;activisme social, les in\u00e9galit\u00e9s \u00e9conomiques et les tensions raciales. Pour une exploration du pouvoir des jeux vid\u00e9o comme moyen de r\u00e9flexion sur le monde r\u00e9el et d&rsquo;action sociale. Bonne \u00e9coute !<\/p>\n<p><iframe sandbox=\"allow-scripts allow-same-origin\" style=\"border-radius:12px\" src=\"https:\/\/open.spotify.com\/embed\/episode\/1qimZI9l5Te9NV7sBeApdh?utm_source=generator&#038;theme=0\" width=\"100%\" height=\"152\" frameBorder=\"0\" allowfullscreen=\"\" allow=\"autoplay; clipboard-write; encrypted-media; fullscreen; picture-in-picture\" loading=\"lazy\"><\/iframe><\/p>\n<p><em>Rachel Donadio est une journaliste am\u00e9ricaine bas\u00e9e \u00e0 Paris, qui contribue \u00e0 The Atlantic\u00a0apr\u00e8s avoir \u00e9t\u00e9 cheffe du bureau de Rome et correspondante du\u00a0New York Times en Europe pour les sujets\u00a0 culturels. Au croisement de la culture et de la politique, elle s&rsquo;est sp\u00e9cialis\u00e9e dans la r\u00e9daction de portraits, mais aussi d&rsquo;articles de fond et de critiques litt\u00e9raires. Tout au long de sa carri\u00e8re, elle a r\u00e9alis\u00e9 des reportages dans plus de deux douzaines de pays, s&rsquo;entretenant avec des chefs d&rsquo;\u00c9tat et des ic\u00f4nes culturelles de premier plan, dont quatre laur\u00e9ats du prix Nobel de litt\u00e9rature.\u00a0<\/p>\n<p>Rapha\u00ebl Bourgois, est un journaliste culture, livres et id\u00e9es qui a men\u00e9 l&rsquo;essentiel de sa carri\u00e8re comme producteur sur la radio France Culture. Egalement co-fondateur du quotidien d&rsquo;id\u00e9es en ligne AOC, il est aujourd&rsquo;hui directeur \u00e9ditorial de la Villa Albertine, dont le lancement s&rsquo;est accompagn\u00e9 de la cr\u00e9ation d&rsquo;un nouveau magazine en ligne et imprim\u00e9, States, qui propose des articles, des podcasts, des vid\u00e9os et une s\u00e9rie d&rsquo;\u00e9v\u00e9nements en direct sur les activit\u00e9s culturelles de la France aux \u00c9tats-Unis.<\/em><\/p>\n<p><em>States Podcast est produit par\u00a0<a href=\"https:\/\/www.paradisomedia.io\/en\">Paradiso Media<\/a>\u00a0\u00a0<\/em><\/p>\n","protected":false},"featured_media":61012,"menu_order":0,"template":"","app_discipline":[284],"app_city_tax":[276],"app_magazine_category":[],"class_list":["post-63799","app_magazine_article","type-app_magazine_article","status-publish","has-post-thumbnail","hentry","app_discipline-toutes-disciplines-fr","app_city_tax-toutes-les-villes-fr"],"acf":[],"yoast_head":"<!-- This site is optimized with the Yoast SEO plugin v27.3 - https:\/\/yoast.com\/product\/yoast-seo-wordpress\/ -->\n<title>States Podcast, \u00e9couter l&#039;Am\u00e9rique autrement - Villa Albertine<\/title>\n<meta name=\"robots\" content=\"index, follow, max-snippet:-1, max-image-preview:large, max-video-preview:-1\" \/>\n<link rel=\"canonical\" href=\"https:\/\/villa-albertine.org\/va\/fr\/magazine\/states-podcast-ecouter-amerique-autrement\/\" \/>\n<meta property=\"og:locale\" content=\"fr_FR\" \/>\n<meta property=\"og:type\" content=\"article\" \/>\n<meta property=\"og:title\" content=\"States Podcast, \u00e9couter l&#039;Am\u00e9rique autrement - Villa Albertine\" \/>\n<meta property=\"og:description\" content=\"Dans sa premi\u00e8re s\u00e9rie de podcasts, intitul\u00e9e Coast to Coast, States propose une conversation en anglais avec des cr\u00e9ateurs et des penseurs de retour de leur r\u00e9sidence avec la Villa Albertine. Concevoir des jeux vid\u00e9o avec la communaut\u00e9 queer d&rsquo;Atlanta, capturer les couleurs et les cultures changeantes du Mississippi, dessiner la mythique prom queen de...\" \/>\n<meta property=\"og:url\" content=\"https:\/\/villa-albertine.org\/va\/fr\/magazine\/states-podcast-ecouter-amerique-autrement\/\" \/>\n<meta property=\"og:site_name\" content=\"Villa Albertine\" \/>\n<meta property=\"article:modified_time\" content=\"2023-08-23T08:11:02+00:00\" \/>\n<meta property=\"og:image\" content=\"https:\/\/villa-albertine.org\/wp-content\/uploads\/2023\/08\/VA_STATES_PODCAST_WEB2_230531_300.jpg\" \/>\n\t<meta property=\"og:image:width\" content=\"1392\" \/>\n\t<meta property=\"og:image:height\" content=\"783\" \/>\n\t<meta property=\"og:image:type\" content=\"image\/jpeg\" \/>\n<meta name=\"twitter:card\" content=\"summary_large_image\" \/>\n<meta name=\"twitter:label1\" content=\"Dur\u00e9e de lecture estim\u00e9e\" \/>\n\t<meta name=\"twitter:data1\" content=\"8 minutes\" \/>\n<script type=\"application\/ld+json\" class=\"yoast-schema-graph\">{\"@context\":\"https:\\\/\\\/schema.org\",\"@graph\":[{\"@type\":\"WebPage\",\"@id\":\"https:\\\/\\\/villa-albertine.org\\\/va\\\/fr\\\/magazine\\\/states-podcast-ecouter-amerique-autrement\\\/\",\"url\":\"https:\\\/\\\/villa-albertine.org\\\/va\\\/fr\\\/magazine\\\/states-podcast-ecouter-amerique-autrement\\\/\",\"name\":\"States Podcast, \u00e9couter l'Am\u00e9rique autrement - Villa Albertine\",\"isPartOf\":{\"@id\":\"https:\\\/\\\/villa-albertine.org\\\/va\\\/fr\\\/#website\"},\"primaryImageOfPage\":{\"@id\":\"https:\\\/\\\/villa-albertine.org\\\/va\\\/fr\\\/magazine\\\/states-podcast-ecouter-amerique-autrement\\\/#primaryimage\"},\"image\":{\"@id\":\"https:\\\/\\\/villa-albertine.org\\\/va\\\/fr\\\/magazine\\\/states-podcast-ecouter-amerique-autrement\\\/#primaryimage\"},\"thumbnailUrl\":\"https:\\\/\\\/villa-albertine.org\\\/wp-content\\\/uploads\\\/2023\\\/08\\\/VA_STATES_PODCAST_WEB2_230531_300.jpg\",\"datePublished\":\"2023-05-30T20:36:29+00:00\",\"dateModified\":\"2023-08-23T08:11:02+00:00\",\"breadcrumb\":{\"@id\":\"https:\\\/\\\/villa-albertine.org\\\/va\\\/fr\\\/magazine\\\/states-podcast-ecouter-amerique-autrement\\\/#breadcrumb\"},\"inLanguage\":\"fr-FR\",\"potentialAction\":[{\"@type\":\"ReadAction\",\"target\":[\"https:\\\/\\\/villa-albertine.org\\\/va\\\/fr\\\/magazine\\\/states-podcast-ecouter-amerique-autrement\\\/\"]}]},{\"@type\":\"ImageObject\",\"inLanguage\":\"fr-FR\",\"@id\":\"https:\\\/\\\/villa-albertine.org\\\/va\\\/fr\\\/magazine\\\/states-podcast-ecouter-amerique-autrement\\\/#primaryimage\",\"url\":\"https:\\\/\\\/villa-albertine.org\\\/wp-content\\\/uploads\\\/2023\\\/08\\\/VA_STATES_PODCAST_WEB2_230531_300.jpg\",\"contentUrl\":\"https:\\\/\\\/villa-albertine.org\\\/wp-content\\\/uploads\\\/2023\\\/08\\\/VA_STATES_PODCAST_WEB2_230531_300.jpg\",\"width\":1392,\"height\":783},{\"@type\":\"BreadcrumbList\",\"@id\":\"https:\\\/\\\/villa-albertine.org\\\/va\\\/fr\\\/magazine\\\/states-podcast-ecouter-amerique-autrement\\\/#breadcrumb\",\"itemListElement\":[{\"@type\":\"ListItem\",\"position\":1,\"name\":\"Home\",\"item\":\"https:\\\/\\\/villa-albertine.org\\\/va\\\/fr\\\/home\\\/\"},{\"@type\":\"ListItem\",\"position\":2,\"name\":\"States Podcast, \u00e9couter l&#8217;Am\u00e9rique autrement\"}]},{\"@type\":\"WebSite\",\"@id\":\"https:\\\/\\\/villa-albertine.org\\\/va\\\/fr\\\/#website\",\"url\":\"https:\\\/\\\/villa-albertine.org\\\/va\\\/fr\\\/\",\"name\":\"Villa Albertine\",\"description\":\"\",\"potentialAction\":[{\"@type\":\"SearchAction\",\"target\":{\"@type\":\"EntryPoint\",\"urlTemplate\":\"https:\\\/\\\/villa-albertine.org\\\/va\\\/fr\\\/?s={search_term_string}\"},\"query-input\":{\"@type\":\"PropertyValueSpecification\",\"valueRequired\":true,\"valueName\":\"search_term_string\"}}],\"inLanguage\":\"fr-FR\"}]}<\/script>\n<!-- \/ Yoast SEO plugin. -->","yoast_head_json":{"title":"States Podcast, \u00e9couter l'Am\u00e9rique autrement - Villa Albertine","robots":{"index":"index","follow":"follow","max-snippet":"max-snippet:-1","max-image-preview":"max-image-preview:large","max-video-preview":"max-video-preview:-1"},"canonical":"https:\/\/villa-albertine.org\/va\/fr\/magazine\/states-podcast-ecouter-amerique-autrement\/","og_locale":"fr_FR","og_type":"article","og_title":"States Podcast, \u00e9couter l'Am\u00e9rique autrement - Villa Albertine","og_description":"Dans sa premi\u00e8re s\u00e9rie de podcasts, intitul\u00e9e Coast to Coast, States propose une conversation en anglais avec des cr\u00e9ateurs et des penseurs de retour de leur r\u00e9sidence avec la Villa Albertine. Concevoir des jeux vid\u00e9o avec la communaut\u00e9 queer d&rsquo;Atlanta, capturer les couleurs et les cultures changeantes du Mississippi, dessiner la mythique prom queen de...","og_url":"https:\/\/villa-albertine.org\/va\/fr\/magazine\/states-podcast-ecouter-amerique-autrement\/","og_site_name":"Villa Albertine","article_modified_time":"2023-08-23T08:11:02+00:00","og_image":[{"width":1392,"height":783,"url":"https:\/\/villa-albertine.org\/wp-content\/uploads\/2023\/08\/VA_STATES_PODCAST_WEB2_230531_300.jpg","type":"image\/jpeg"}],"twitter_card":"summary_large_image","twitter_misc":{"Dur\u00e9e de lecture estim\u00e9e":"8 minutes"},"schema":{"@context":"https:\/\/schema.org","@graph":[{"@type":"WebPage","@id":"https:\/\/villa-albertine.org\/va\/fr\/magazine\/states-podcast-ecouter-amerique-autrement\/","url":"https:\/\/villa-albertine.org\/va\/fr\/magazine\/states-podcast-ecouter-amerique-autrement\/","name":"States Podcast, \u00e9couter l'Am\u00e9rique autrement - Villa Albertine","isPartOf":{"@id":"https:\/\/villa-albertine.org\/va\/fr\/#website"},"primaryImageOfPage":{"@id":"https:\/\/villa-albertine.org\/va\/fr\/magazine\/states-podcast-ecouter-amerique-autrement\/#primaryimage"},"image":{"@id":"https:\/\/villa-albertine.org\/va\/fr\/magazine\/states-podcast-ecouter-amerique-autrement\/#primaryimage"},"thumbnailUrl":"https:\/\/villa-albertine.org\/wp-content\/uploads\/2023\/08\/VA_STATES_PODCAST_WEB2_230531_300.jpg","datePublished":"2023-05-30T20:36:29+00:00","dateModified":"2023-08-23T08:11:02+00:00","breadcrumb":{"@id":"https:\/\/villa-albertine.org\/va\/fr\/magazine\/states-podcast-ecouter-amerique-autrement\/#breadcrumb"},"inLanguage":"fr-FR","potentialAction":[{"@type":"ReadAction","target":["https:\/\/villa-albertine.org\/va\/fr\/magazine\/states-podcast-ecouter-amerique-autrement\/"]}]},{"@type":"ImageObject","inLanguage":"fr-FR","@id":"https:\/\/villa-albertine.org\/va\/fr\/magazine\/states-podcast-ecouter-amerique-autrement\/#primaryimage","url":"https:\/\/villa-albertine.org\/wp-content\/uploads\/2023\/08\/VA_STATES_PODCAST_WEB2_230531_300.jpg","contentUrl":"https:\/\/villa-albertine.org\/wp-content\/uploads\/2023\/08\/VA_STATES_PODCAST_WEB2_230531_300.jpg","width":1392,"height":783},{"@type":"BreadcrumbList","@id":"https:\/\/villa-albertine.org\/va\/fr\/magazine\/states-podcast-ecouter-amerique-autrement\/#breadcrumb","itemListElement":[{"@type":"ListItem","position":1,"name":"Home","item":"https:\/\/villa-albertine.org\/va\/fr\/home\/"},{"@type":"ListItem","position":2,"name":"States Podcast, \u00e9couter l&#8217;Am\u00e9rique autrement"}]},{"@type":"WebSite","@id":"https:\/\/villa-albertine.org\/va\/fr\/#website","url":"https:\/\/villa-albertine.org\/va\/fr\/","name":"Villa Albertine","description":"","potentialAction":[{"@type":"SearchAction","target":{"@type":"EntryPoint","urlTemplate":"https:\/\/villa-albertine.org\/va\/fr\/?s={search_term_string}"},"query-input":{"@type":"PropertyValueSpecification","valueRequired":true,"valueName":"search_term_string"}}],"inLanguage":"fr-FR"}]}},"_links":{"self":[{"href":"https:\/\/villa-albertine.org\/va\/fr\/wp-json\/wp\/v2\/app_magazine_article\/63799","targetHints":{"allow":["GET"]}}],"collection":[{"href":"https:\/\/villa-albertine.org\/va\/fr\/wp-json\/wp\/v2\/app_magazine_article"}],"about":[{"href":"https:\/\/villa-albertine.org\/va\/fr\/wp-json\/wp\/v2\/types\/app_magazine_article"}],"wp:featuredmedia":[{"embeddable":true,"href":"https:\/\/villa-albertine.org\/va\/fr\/wp-json\/wp\/v2\/media\/61012"}],"wp:attachment":[{"href":"https:\/\/villa-albertine.org\/va\/fr\/wp-json\/wp\/v2\/media?parent=63799"}],"wp:term":[{"taxonomy":"app_discipline","embeddable":true,"href":"https:\/\/villa-albertine.org\/va\/fr\/wp-json\/wp\/v2\/app_discipline?post=63799"},{"taxonomy":"app_city_tax","embeddable":true,"href":"https:\/\/villa-albertine.org\/va\/fr\/wp-json\/wp\/v2\/app_city_tax?post=63799"},{"taxonomy":"app_magazine_category","embeddable":true,"href":"https:\/\/villa-albertine.org\/va\/fr\/wp-json\/wp\/v2\/app_magazine_category?post=63799"}],"curies":[{"name":"wp","href":"https:\/\/api.w.org\/{rel}","templated":true}]}}