{"id":487577,"date":"2024-01-05T19:59:00","date_gmt":"2024-01-05T19:59:00","guid":{"rendered":"https:\/\/villa-albertine.org\/?post_type=app_magazine_article&#038;p=487577"},"modified":"2024-02-13T20:52:35","modified_gmt":"2024-02-13T20:52:35","slug":"from-burgundy-to-brooklyn-eve-georges-glass-blowing-journey","status":"publish","type":"app_magazine_article","link":"https:\/\/villa-albertine.org\/va\/fr\/magazine\/from-burgundy-to-brooklyn-eve-georges-glass-blowing-journey\/","title":{"rendered":"De la Bourgogne \u00e0 Brooklyn\u00a0: les explorations verri\u00e8res d\u2019Eve George"},"content":{"rendered":"\n<p>Je suis designer et souffleuse de verre et si mon studio s&rsquo;est install\u00e9 depuis peu \u00e0 Paris, mon atelier, o\u00f9 je mets en forme du verre en fusion, est install\u00e9 en Bourgogne, plus pr\u00e9cis\u00e9ment en C\u00f4te d&rsquo;Or, un pays de vins et de gastronomie traditionnelle fran\u00e7aise, de plus en plus pris\u00e9 par des gourmands et amateurs venus de loin. Nous comptons pr\u00e8s de onze nationalit\u00e9s diff\u00e9rentes parmi nos voisins. J&rsquo;y parle d&rsquo;ailleurs presque aussi souvent anglais que fran\u00e7ais.<\/p>\n\n\n\n<p>Lorsque Laurent et moi avons co-fond\u00e9 l&rsquo;Atelier George, nous avons quitt\u00e9 la r\u00e9gion Grand Est, \u00ab\u00a0pays du verre\u00a0\u00bb, o\u00f9 nous nous sommes form\u00e9s, avons travaill\u00e9 et nous sommes rencontr\u00e9s. Nous avons reconstruit une ruine de pierres au beau milieu de la campagne, et y avons install\u00e9 un four, des outils, un atelier o\u00f9 tous les objets pens\u00e9s par nos deux t\u00eates, prennent vies sous l&rsquo;action de nos quatre mains.<\/p>\n\n\n\n<p>Ces pi\u00e8ces d&rsquo;exception s&rsquo;organisent en collections, qui d\u00e9finissent une direction artistique renouvel\u00e9e tous les deux ans.<\/p>\n\n\n\n<p>En 2022, nous d\u00e9voilons \u00ab&nbsp;Cime&nbsp;\u00bb, un ensemble de pi\u00e8ces \u00e9troitement li\u00e9es \u00e0 notre environnement rural, et partiellement cr\u00e9\u00e9es dans le contexte du confinement de 2020.<\/p>\n\n\n\n<p>La future collection, objet de recherche de ma r\u00e9sidence \u00e0 la Villa Albertine devait donc \u00e0 la fois prendre le contrepied de ce travail, et tisser ses prolongements dans l&rsquo;esth\u00e9tique ch\u00e8re \u00e0 notre univers.<\/p>\n\n\n\n<p>C\u2019est dans cet esprit que je suis parti \u00e0 New York, de f\u00e9vrier \u00e0 avril 2023, pour poser les jalons de \u00ab&nbsp;Brume&nbsp;\u00bb.<\/p>\n\n\n<div class=\"wp-block-image\">\n<figure class=\"aligncenter size-large is-resized\"><img loading=\"lazy\" decoding=\"async\" width=\"576\" height=\"1024\" src=\"https:\/\/villa-albertine.org\/wp-content\/uploads\/2024\/02\/Atelier-George-Collection-Brume-Liquid-Shot-glasses-576x1024.jpg\" alt=\"\" class=\"wp-image-487345\" style=\"width:438px;height:auto\" srcset=\"https:\/\/villa-albertine.org\/wp-content\/uploads\/2024\/02\/Atelier-George-Collection-Brume-Liquid-Shot-glasses-576x1024.jpg 576w, https:\/\/villa-albertine.org\/wp-content\/uploads\/2024\/02\/Atelier-George-Collection-Brume-Liquid-Shot-glasses-169x300.jpg 169w, https:\/\/villa-albertine.org\/wp-content\/uploads\/2024\/02\/Atelier-George-Collection-Brume-Liquid-Shot-glasses-768x1365.jpg 768w, https:\/\/villa-albertine.org\/wp-content\/uploads\/2024\/02\/Atelier-George-Collection-Brume-Liquid-Shot-glasses-864x1536.jpg 864w, https:\/\/villa-albertine.org\/wp-content\/uploads\/2024\/02\/Atelier-George-Collection-Brume-Liquid-Shot-glasses-1152x2048.jpg 1152w, https:\/\/villa-albertine.org\/wp-content\/uploads\/2024\/02\/Atelier-George-Collection-Brume-Liquid-Shot-glasses-scaled.jpg 1440w\" sizes=\"auto, (max-width: 576px) 100vw, 576px\" \/><figcaption class=\"wp-element-caption\"><p> \u00a9Atelier George-Collection Brume-Liquid Shot glasses<\/p><\/figcaption><\/figure>\n<\/div>\n\n\n<p>Afin de renouveler mes inspirations visuelles, la situation urbaine de la m\u00e9gapole am\u00e9ricaine, son bouillonnement, ses extr\u00eames, m&rsquo;ont combl\u00e9e.<\/p>\n\n\n\n<p>On dit parfois de moi que je suis trop intense. J&rsquo;ai un t-shirt brod\u00e9 \u00ab\u00a0demi-mesure\u00a0\u00bb qui s&rsquo;amuse de ce trait de caract\u00e8re. Je tire peut-\u00eatre cette libert\u00e9 exacerb\u00e9e de mon \u00e9ducation franco-am\u00e9ricaine, ou du simple fait que je souffle du verre. En effet cette mati\u00e8re, \u00e0 1100\u00b0C, devient indomptable. Elle coule, elle m\u00e9morise chaque geste qu&rsquo;on lui appose, et se casse d\u00e8s que sa mise en forme se trompe de temps. C&rsquo;est une chor\u00e9graphie en plan s\u00e9quence o\u00f9 le meneur br\u00fble, et le ou la partenaire ambitionne de donner une forme \u00e0 cette danse, sans jamais pouvoir prendre le dessus sur les mouvements dict\u00e9s. Alors on anticipe et m\u00e9morise chaque geste, et on accepte que sur cette piste, l&rsquo;objet mis en forme sera un absolu, ou sera retent\u00e9, ou ne sera pas.<\/p>\n\n\n\n<p>La d\u00e9termination New Yorkaise que je d\u00e9couvre agit en catalyseur de cette habitude de travail.<\/p>\n\n\n\n<p>Il faut profiter de chaque instant, saisir toutes les occasions, voir chaque journ\u00e9e comme une opportunit\u00e9. C&rsquo;est \u00e0 la fois vertigineux, de voir ce productivisme \u00e9rig\u00e9 en mod\u00e8le, et d\u00e9complexant, que de banaliser ce mode vie, que j&rsquo;ai l&rsquo;habitude de contenir, de temporiser ou de taire.<\/p>\n\n\n\n<p>Le contexte d&rsquo;une r\u00e9sidence, c&rsquo;est aussi de consacrer du temps \u00e0 l&rsquo;exploration, de s&rsquo;autoriser les d\u00e9couvertes gratuites, de permettre aux id\u00e9es d&rsquo;infuser. C&rsquo;est la premi\u00e8re fois depuis longtemps que je prends autant de recul, et que j&rsquo;officialise une qu\u00eate artistique, sans pr\u00e9requis \u00e9conomique. Imm\u00e9diat du moins.<\/p>\n\n\n\n<p>Cette libert\u00e9 nouvelle se heurte souvent \u00e0 l&rsquo;am\u00e9ricanisation de ma vie en France. C&rsquo;est un paradoxe qui me suivra tout au long de ce s\u00e9jour.<\/p>\n\n\n\n<p>J\u2019ai pass\u00e9 mes premiers jours \u00e0 visiter de nombreux lieux culturels et \u00e0 rencontrer les diff\u00e9rents partenaires de ma r\u00e9sidence. Gr\u00e2ce \u00e0 Wanted Design, j&rsquo;ai un ancrage \u00e0 Industry City (Brooklyn), tandis que la Villa me fait graviter autour de Manhantan. A mi-chemin entre ces deux mondes, je pose mes valises in Downtown Brooklyn. J&rsquo;op\u00e8re le passage d&rsquo;un quartier \u00e0 l&rsquo;autre au gr\u00e9 des rencontres, et ne parviens pas \u00e0 qualifier ce qui d\u00e9finit cette ville comme un tout, au regard de ces changements de contextes drastiques.<\/p>\n\n\n\n<p>Quelques jours apr\u00e8s mon arriv\u00e9e, je rencontre Lucien Zayan, chef autodidacte et fondateur de The Invisible Dog art center. J&rsquo;ai l&rsquo;opportunit\u00e9 d&rsquo;aller y voir la repr\u00e9sentation de la pi\u00e8ce \u00ab\u00a0Autophagies\u00a0\u00bb d\u2019Eva Doumbia guid\u00e9e et suivie par la d\u00e9gustation d&rsquo;un maf\u00e9 cuisin\u00e9 par Alexandre Bella Ola.<\/p>\n\n\n\n<p>Au cours de la performance, guid\u00e9e par les mots d&rsquo;Eva, le v\u00e9cu de sa troupe, et l&rsquo;interpr\u00e9tation en textes, danses, musiques et odeurs de chaque ingr\u00e9dient qui constitue ce plat, je prends conscience de la puissance symbolique qui gravite autour du simple fait de manger.<\/p>\n\n\n\n<p>\u00c0 ce moment, je d\u00e9cide quasi-impulsivement de m&rsquo;int\u00e9resser au monde de \u00ab\u00a0la food\u00a0\u00bb New Yorkaise, qui suit cette ind\u00e9finition urbaine ressentie.<\/p>\n\n\n\n<p>\u00c0 Industry City, la tentative immobili\u00e8re de fabriquer de toutes pi\u00e8ces un quartier cr\u00e9ativement attractif, \u00ab\u00a0cool\u00a0\u00bb, dans une friche industrielle excentr\u00e9e, se concr\u00e9tise surtout gr\u00e2ce \u00e0 ses nombreux \u00ab\u00a0food joints\u00a0\u00bb. Le Japanese Market en serait l&rsquo;exemple le plus r\u00e9ussi : une v\u00e9ritable enclave japonaise sous forme de halle de restauration rapide, coupl\u00e9e \u00e0 une sup\u00e9rette o\u00f9 on n&rsquo;entend ni ne lit un mot d&rsquo;anglais. On s&rsquo;attable \u00e0 un comptoir pour manger des ramens dans des bols jetables. C&rsquo;est tr\u00e8s bon. Mais on admet ici qu&rsquo;on ne fait que passer entre 12:30 et 1 pm.<\/p>\n\n\n\n<p>The French Bakery n&rsquo;assouvira pas mon exigence parisienne aff\u00fbt\u00e9e dans le 12e arrondissement, mais j&rsquo;accepte qu&rsquo;elle repr\u00e9sente le go\u00fbt du \u00ab\u00a0pain au chocolat\u00a0\u00bb (et non du chocolate croissant) aupr\u00e8s du reste du monde.<\/p>\n\n\n\n<p>Chez Barely Disfigured, un barman Fran\u00e7ais nous tend un livre de poche, dans lequel est gliss\u00e9 la carte. Ou un marque page sur lequel est imprim\u00e9 un flashcode pour d\u00e9couvrir la carte. Je ne me souviens plus bien. Mais je sais que partout, j&rsquo;\u00e9tais terroris\u00e9e \u00e0 l&rsquo;id\u00e9e de tomber en panne de batterie.<\/p>\n\n\n\n<p>Tout ce qu&rsquo;on boit est typiquement am\u00e9ricain. Mais \u00e7a, je l&rsquo;apprendrai plus tard \u00e0 la lecture de \u00ab\u00a0Straight up or on the rocks : a cultural history of American drink\u00a0\u00bb, de William Grimes ; et au visionnage de Drink Masters, on Netflix. Faire fran\u00e7ais en ces lieux, signifiait seulement faire impression d&rsquo;impertinence.<\/p>\n\n\n\n<p>In Brooklyn, Saraghina Caff\u00e8 est une enclave europ\u00e9enne fond\u00e9e par des Milanais, qui ont parfaitement adapt\u00e9s l&rsquo;univers de la salle et de la carte du vieux continent \u00e0 la \u00ab\u00a0friendliness\u00a0\u00bb (autant que possible) attendue par la client\u00e8le du quartier.<\/p>\n\n\n\n<p>Lucali c&rsquo;est un morceau d&rsquo;Italie servie \u00e0 une tout autre sauce. Quand je me prom\u00e8ne le soir dans le quartier, la file infinie qui se forme \u00e0 l&rsquo;entr\u00e9e me rappelle Supreme &amp; Apple qui comme leurs noms ne l&rsquo;indiquent pas, n&rsquo;ont rien \u00e0 voir avec la gourmandise. The fuss here, is about Pizza. La pr\u00e9f\u00e9r\u00e9e de Jay-Z (supposedly).<\/p>\n\n\n\n<p>Nura \u00e0 Brooklyn r\u00e9interpr\u00e8te les accents Indiens par le prisme de la \u00ab\u00a0nouvelle cuisine am\u00e9ricaine\u00a0\u00bb. Les Naans y sont parfaits. Je ne sais pas ce que serait l&rsquo;ancienne cuisine am\u00e9ricaine. Puisque ce que je trouve ici, c&rsquo;est un renouvellement constant, parfois effr\u00e9n\u00e9, qui lie et s&rsquo;approprie les cultures sans complexes. Les fronti\u00e8res sont fluides et sont franchies comme on zappait alors sur une t\u00e9l\u00e9commande, et comme on swipe et \u00e9pingles aujourd&rsquo;hui des id\u00e9es glan\u00e9es dans le flot indigeste des images num\u00e9riques.<\/p>\n\n\n\n<p>Fish cheeks r\u00e9sulte aussi de ce mashup culturel : les chefs et cheffes sont originaires de Tha\u00eflande. Je retiens the ice cream Bo Lan qui \u00e9teint avec douceur le feu du palais. En guise de fudge, c&rsquo;est un jaune d&rsquo;\u0153uf fig\u00e9 de froid qui d\u00e9gouline au sommet de la boule de glace et craquelle sous la cuiller.<\/p>\n\n\n\n<p>Je regarde toujours attentivement les objets de ces tables, qui d\u00e9corent les lieux, les gestes qu&rsquo;ils induisent, les rituels qu&rsquo;ils sugg\u00e8rent, sans jamais les imposer.<\/p>\n\n\n\n<p>\u00ab\u00a0<em>I definitely advise that you share a couple courses<\/em>\u00a0\u00bb serait la phrase qui rappelle \u00e0 mes exp\u00e9riences de gastronomie ici, m\u00eame les plus \u00e9l\u00e9gantes, le savoir-vivre am\u00e9ricain qui est fait de flexibilit\u00e9 et d&rsquo;hospitalit\u00e9 franche.<\/p>\n\n\n\n<figure class=\"wp-block-image size-large\"><img loading=\"lazy\" decoding=\"async\" width=\"1024\" height=\"681\" src=\"https:\/\/villa-albertine.org\/wp-content\/uploads\/2024\/02\/Atelier-George-Corning-Museum-of-Glass-Residency-Day-2-8-Air-twist-bowl-1024x681.jpg\" alt=\"\" class=\"wp-image-487371\" srcset=\"https:\/\/villa-albertine.org\/wp-content\/uploads\/2024\/02\/Atelier-George-Corning-Museum-of-Glass-Residency-Day-2-8-Air-twist-bowl-1024x681.jpg 1024w, https:\/\/villa-albertine.org\/wp-content\/uploads\/2024\/02\/Atelier-George-Corning-Museum-of-Glass-Residency-Day-2-8-Air-twist-bowl-300x199.jpg 300w, https:\/\/villa-albertine.org\/wp-content\/uploads\/2024\/02\/Atelier-George-Corning-Museum-of-Glass-Residency-Day-2-8-Air-twist-bowl-768x511.jpg 768w, https:\/\/villa-albertine.org\/wp-content\/uploads\/2024\/02\/Atelier-George-Corning-Museum-of-Glass-Residency-Day-2-8-Air-twist-bowl-1536x1021.jpg 1536w, https:\/\/villa-albertine.org\/wp-content\/uploads\/2024\/02\/Atelier-George-Corning-Museum-of-Glass-Residency-Day-2-8-Air-twist-bowl-2048x1361.jpg 2048w\" sizes=\"auto, (max-width: 1024px) 100vw, 1024px\" \/><figcaption class=\"wp-element-caption\"><p>\u00a9Atelier George-Corning Museum of Glass Residency-Air twist bowl<\/p><\/figcaption><\/figure>\n\n\n\n<p>Au cours de cette r\u00e9sidence, j&rsquo;ai beaucoup dessin\u00e9. Je travaille souvent par it\u00e9rations entre le croquis en plan, et les volumes de verre. Mais \u00e0 New York, tout est all\u00e9 tr\u00e8s vite, puisque j&rsquo;ai pu prototyper mes premi\u00e8res intuitions au sein du Corning Museum of Glass. Apr\u00e8s seulement une dizaine de jours pass\u00e9s \u00e0 New York, je m&rsquo;envole upstate pour une immersion verri\u00e8re hors du commun. Dans le Panth\u00e9on du verre international, Corning Museum of Glass, sa collection de verre historique et contemporain et ses ateliers de cr\u00e9ation et de recherche tiennent une place de choix. Le centre a b\u00e2ti une r\u00e9putation internationale aupr\u00e8s du monde verrier, notamment gr\u00e2ce \u00e0 la production de nombreux contenus vid\u00e9os, les masterclasses verri\u00e8res de pointe, et la m\u00e9diation aupr\u00e8s du grand public, in situ et sur Netflix.<\/p>\n\n\n\n<p>Avec l\u2019aide de l\u2019\u00e9quipe de souffleur et souffleuses de verre sur place, plusieurs prototypes partiellement anticip\u00e9s ont pris forme. J\u2019ai aussi profit\u00e9 de cette immersion verri\u00e8re pour explorer les collections du Mus\u00e9e ainsi que le fond de la Rakow Library, avec un int\u00e9r\u00eat particulier pour les ouvrages centr\u00e9s sur l\u2019art de recevoir, l\u2019histoire des arts d\u00e9coratifs \u00e0 table, les coutumes de repas selon les \u00e9poques et les pays.<\/p>\n\n\n\n<p>J&rsquo;y ai d\u00e9couvert des gravures italiennes de 1750, repr\u00e9sentant des tables dress\u00e9es comme des jardins, en plan et en \u00e9l\u00e9vation. Le \u00ab\u00a0centre de table\u00a0\u00bb, d&rsquo;abord r\u00e9alis\u00e9 en sucre, avant d&rsquo;\u00eatre p\u00e9rennis\u00e9 en porcelaine les si\u00e8cles suivants est une typologie qui me fascine.<\/p>\n\n\n\n<p>Dans les collections du Corning Museum of Glass, je d\u00e9couvre les premiers exemples de verre souffl\u00e9 en extr\u00eame orient : il s&rsquo;agit de minuscules flacons dat\u00e9s de la fin du XVIIIe si\u00e8cle, destin\u00e9s \u00e0 contenir du tabac (ou de l&rsquo;opium). Le savoir-faire verrier \u00e9tant n\u00e9 en M\u00e9sopotamie, sa diffusion au-del\u00e0 de l&#8217;empire Romain d&rsquo;Orient et d&rsquo;Occident -la Renaissance Italienne, \u00e0 Venise, faisant figure d&rsquo;apog\u00e9e culturelle et technique- s&rsquo;est \u00e9chelonn\u00e9e au gr\u00e9 des \u00e9changes commerciaux et des migrations.<\/p>\n\n\n\n<p>Leur utilisation s&rsquo;explique dans leur d\u00e9nomination : ce sont des \u00ab\u00a0snuff bottles\u00a0\u00bb.<\/p>\n\n\n\n<p>Je me souviens de nombreuses chor\u00e9graphies gestuelles introduisant des d\u00e9gustations : mon amie C\u00e9line Pelc\u00e9 \u2013 ancienne r\u00e9sidente de la Villa Kujoyama \u00e0 Kyoto \u2013 avait offici\u00e9 une c\u00e9r\u00e9monie du th\u00e9 \u00e0 l&rsquo;atelier avant mon d\u00e9part et m&rsquo;avait transmis ce go\u00fbt pour la mise sc\u00e8ne. Je pense aussi \u00e0 l&rsquo;action d&rsquo;humer les ar\u00f4mes d&rsquo;un vin avant de faire perler sa cuisse dans le tourbillon de son verre. J&rsquo;imagine alors une typologie enti\u00e8rement d\u00e9di\u00e9e \u00e0 la \u00ab\u00a0mise en odeur\u00a0\u00bb, et lui donne la forme de fioles \u00e0 ar\u00f4mes : une bouteille miniature \u00e0 porter \u00e0 ses narines avant la d\u00e9gustation.<\/p>\n\n\n\n<figure class=\"wp-block-image size-large is-resized\"><img loading=\"lazy\" decoding=\"async\" width=\"1024\" height=\"314\" src=\"https:\/\/villa-albertine.org\/wp-content\/uploads\/2024\/02\/Snuff-bottles-CMOG-1024x314.jpg\" alt=\"\" class=\"wp-image-487377\" style=\"width:841px;height:auto\" srcset=\"https:\/\/villa-albertine.org\/wp-content\/uploads\/2024\/02\/Snuff-bottles-CMOG-1024x314.jpg 1024w, https:\/\/villa-albertine.org\/wp-content\/uploads\/2024\/02\/Snuff-bottles-CMOG-300x92.jpg 300w, https:\/\/villa-albertine.org\/wp-content\/uploads\/2024\/02\/Snuff-bottles-CMOG-768x236.jpg 768w, https:\/\/villa-albertine.org\/wp-content\/uploads\/2024\/02\/Snuff-bottles-CMOG-1536x471.jpg 1536w, https:\/\/villa-albertine.org\/wp-content\/uploads\/2024\/02\/Snuff-bottles-CMOG-2048x628.jpg 2048w\" sizes=\"auto, (max-width: 1024px) 100vw, 1024px\" \/><figcaption class=\"wp-element-caption\"><p>\u00a9Atelier George-Corning Museum of Glass Residency-Snuff bottles<\/p><\/figcaption><\/figure>\n\n\n\n<p>De retour \u00e0 New York, ma valise pleine d&rsquo;\u00e9chantillons de verre imitant l&rsquo;\u00e9cume, les flots, et les reflets de l&rsquo;eau, ainsi que plusieurs prototypes d&rsquo;objets de table, je poursuis mon exploration de la ville.<\/p>\n\n\n\n<p>D\u00e9sormais, son plan m\u2019apparait comme un immense banquet, o\u00f9 les \u00ab\u00a0blocs\u00a0\u00bb sont des services et les rues et les voies d&rsquo;eau des chemins de table qui s\u00e9parent les places assises. En place des gratte-ciels au c\u0153ur de la cit\u00e9, il y a les pi\u00e8ces les plus hautes, les d\u00e9cors, les vases, les plats. Tout autour, une immense vari\u00e9t\u00e9 de formes, dispos\u00e9es pr\u00e9cis\u00e9ment sur une grille orthographique.<\/p>\n\n\n\n<p>J&rsquo;imagine des natures mortes semblables \u00e0 des isom\u00e9tries d&rsquo;architectures, trac\u00e9es au feutre calibr\u00e9 sur calque, avec le titre dans un cartouche en bas \u00e0 droite, \u00e9crit au normographe.<\/p>\n\n\n\n<p>Lucien Zayan pr\u00e9pare un d\u00eener enti\u00e8rement d\u00e9di\u00e9 \u00e0 l&rsquo;ail, ses symboles, son go\u00fbt et son odeur et m&rsquo;invite \u00e0 intervenir dans le projet.<\/p>\n\n\n\n<p>Je lui montre mes flacons \u00e0 sentir. L&rsquo;id\u00e9e du rituel qui accompagne l&rsquo;usage de ces pi\u00e8ces nous amuse beaucoup et Lucien invente une d\u00e9coction d&rsquo;ail aux notes florales et bois\u00e9es que nous proposerons ainsi aux convives en introduction au d\u00eener.<\/p>\n\n\n\n<p>Je compose aussi des bouquets d&rsquo;alliums dans mes vases pour la table. Nous go\u00fbtons beaucoup de choses : de l&rsquo;ail fum\u00e9 qui a le go\u00fbt de r\u00e9glisse et l&rsquo;a\u00efoli que Lucien veut ajuster \u00e0 la perfection, m\u00eame s&rsquo;il est d\u00e9j\u00e0 parfait.<\/p>\n\n\n\n<p>Le soir \u00e0 table, l&rsquo;entr\u00e9e en mati\u00e8re ouvre un flot de souvenirs et d&rsquo;anecdotes racont\u00e9es, gr\u00e2ce au parfum et \u00e0 ce qu&rsquo;il fait remonter \u00e0 la surface de nos esprits.<\/p>\n\n\n\n<p>J&rsquo;ai rendez-vous quelques jours avant mon d\u00e9part, avec Michael Anthony, le chef du Gramercy Tavern, apr\u00e8s un service du midi, m\u00eame si la taverne du lieu offre un service continu tout l&rsquo;apr\u00e8s-midi.<\/p>\n\n\n\n<p>J&rsquo;arrive, je m&rsquo;annonce, Michael me rejoint et se confond en excuses : il doit terminer une affaire urgente, est-ce que je peux l&rsquo;attendre ? Est-ce que \u00e7a me dit de manger quelque chose en attendant ? Je n&rsquo;ai pas d\u00e9jeuner, on m&rsquo;installe au bar. Je comprends mieux l&rsquo;architecture du lieu et la r\u00e9partition des espaces : une grande salle vitr\u00e9e sur la rue, \u00ab\u00a0la taverne\u00a0\u00bb. \u00c0 c\u00f4t\u00e9 de moi au bar, un couple \u00e0 l&rsquo;accent du sud mange un burger avec des couverts, \u00e0 une table ronde derri\u00e8re, des enfants finissent leur assiette de dessert. \u00c0 ma gauche, deux jeunes hommes en costume en pleine conversation finissent leur caf\u00e9. Face \u00e0 moi, le barman tatou\u00e9 encha\u00eene les shakes pour l&rsquo;autre extr\u00e9mit\u00e9 du comptoir.<\/p>\n\n\n\n<p>On parle de Paris. Il y a mont\u00e9 le bar de la Felicita lorsque Big Mama l&rsquo;a ouvert dans le 13e arrondissement il y quelques ann\u00e9es. Juste avant le Covid. On m&rsquo;apporte une entr\u00e9e compos\u00e9e de betteraves jaunes et roses, agrumes de la m\u00eame palette, lait de coco, des fleurs et de la fleur de sel au sommet. C&rsquo;est beau. C&rsquo;est vraiment bon. Le couple \u00e0 ma droite se joint \u00e0 notre conversation. Ils disent qu&rsquo;il faut que je go\u00fbte le burger. Qu&rsquo;ils l\u2019ont command\u00e9 parce que la table \u00e0 c\u00f4t\u00e9 s&rsquo;en d\u00e9lectait lorsqu&rsquo;ils sont arriv\u00e9s. C&rsquo;est le bouche \u00e0 oreille du go\u00fbt dans cette salle o\u00f9 les cuisines et fa\u00e7ons de recevoir s&rsquo;adaptent \u00e0 chacun. C&rsquo;est fluide. Et tout le monde se sent accueilli comme il l&rsquo;attendait.<\/p>\n\n\n<div class=\"wp-block-image\">\n<figure class=\"aligncenter size-large is-resized\"><img loading=\"lazy\" decoding=\"async\" width=\"576\" height=\"1024\" src=\"https:\/\/villa-albertine.org\/wp-content\/uploads\/2024\/02\/Atelier-George-Villa-Albertine-Residence-Gramercy-Tavern-entr\u201ae-576x1024.jpg\" alt=\"\" class=\"wp-image-487381\" style=\"width:409px;height:auto\" srcset=\"https:\/\/villa-albertine.org\/wp-content\/uploads\/2024\/02\/Atelier-George-Villa-Albertine-Residence-Gramercy-Tavern-entr\u201ae-576x1024.jpg 576w, https:\/\/villa-albertine.org\/wp-content\/uploads\/2024\/02\/Atelier-George-Villa-Albertine-Residence-Gramercy-Tavern-entr\u201ae-169x300.jpg 169w, https:\/\/villa-albertine.org\/wp-content\/uploads\/2024\/02\/Atelier-George-Villa-Albertine-Residence-Gramercy-Tavern-entr\u201ae-768x1365.jpg 768w, https:\/\/villa-albertine.org\/wp-content\/uploads\/2024\/02\/Atelier-George-Villa-Albertine-Residence-Gramercy-Tavern-entr\u201ae-864x1536.jpg 864w, https:\/\/villa-albertine.org\/wp-content\/uploads\/2024\/02\/Atelier-George-Villa-Albertine-Residence-Gramercy-Tavern-entr\u201ae-1152x2048.jpg 1152w, https:\/\/villa-albertine.org\/wp-content\/uploads\/2024\/02\/Atelier-George-Villa-Albertine-Residence-Gramercy-Tavern-entr\u201ae-scaled.jpg 1440w\" sizes=\"auto, (max-width: 576px) 100vw, 576px\" \/><figcaption class=\"wp-element-caption\"><p>\u00a9Atelier George-Villa Albertine Residence-Gramercy Tavern<\/p><\/figcaption><\/figure>\n<\/div>\n\n\n<p>Un peu plus au fond de la salle, l&rsquo;atmosph\u00e8re se fait plus feutr\u00e9e, les tables rondes couvertes de nappes blanches donnent le ton. It&rsquo;s the Dining Room, et le service s&rsquo;y termine. La carte est diff\u00e9rente mais les espaces communiquent. S&rsquo;interp\u00e9n\u00e8trent m\u00eame. Derri\u00e8re moi, il y a le four \u00e0 bois et le grill, ouvert sur cette double tr\u00e8s grande salle et alc\u00f4ves.<\/p>\n\n\n\n<p>Les gestes du mixologue me fascinent. Il fait tourner les verres comme je fais tourner le mien \u00e0 l&rsquo;atelier. Seule la temp\u00e9rature change. On m&rsquo;a confi\u00e9 les livres du chef que je feuillette \u00e0 c\u00f4t\u00e9 de mon assiette. Le premier raconte son parcours, son arriv\u00e9e au Gramercy, sa patte sur cet endroit.<\/p>\n\n\n\n<p>Le second est d\u00e9di\u00e9 aux l\u00e9gumes. Il me rappelle le compte Instagram d&rsquo;Alain Passard. Du potager \u00e0 l&rsquo;assiette en quelques op\u00e9rations. Je pense au fait que je vais retourner en Bourgogne au printemps. Retrouver le jardin, la cuisine, l&rsquo;ail des ours et les asperges sauvages dans les bois.<\/p>\n\n\n\n<p>Michael revient et me propose de prendre un dessert et un caf\u00e9 \u00e0 table un peu plus loin. Son brownie aux p\u00e9cans (je ne dis pas \u00ab\u00a0noix de\u00a0\u00bb pour rester fid\u00e8le \u00e0 son titre officiel) l\u00e9g\u00e8rement sal\u00e9s au dessus, dans une assiette with vanilla ice cream. C&rsquo;est r\u00e9gressif \u00e0 souhait. \u00c7a n&rsquo;a rien d&rsquo;institutionnellement gastronomique. Et c&rsquo;est en m\u00eame temps uniquement gastronomique.<\/p>\n\n\n\n<p>Nous parlons des heures. Des saisons, de verre souffl\u00e9 dans des feuilles de chou, des l\u00e9gumes dans la peinture. La mise en place pour le d\u00eener commence. Ici on accueille les convives d\u00e8s dix-huit heures. Et jusqu&rsquo;\u00e0 vingt-deux s&rsquo;ils pr\u00e9f\u00e8rent. Je visite le salon priv\u00e9 o\u00f9 on peut d\u00eener comme \u00e0 la maison, le service se faufilant par une porte d\u00e9rob\u00e9e acc\u00e9dant directement aux cuisines. Je termine ma visite par tous les postes de celle-ci. C&rsquo;est peut-\u00eatre le coup de feu mais c&rsquo;est tr\u00e8s paisible. Je sais que je suis sur le d\u00e9part mais nous nous promettons de nous revoir.<\/p>\n\n\n\n<p>Je rentre en France avec l&rsquo;envie de d\u00e9coudre tous les ourlets qui nappent les tables que je connais. J&rsquo;ai fini et rapporte une ligne de verres \u00e0 shooter qui semblent couler dans des iridescences d&rsquo;argent. Ils prendront place \u00e0 table, m\u00eame si l&rsquo;usage ne veut peut-\u00eatre pas. Je ne sais pas encore comment ma ville de verre sera habit\u00e9e et apprivois\u00e9e. Mais il me tarde de finir son plan et sa construction.<\/p>\n","protected":false},"featured_media":487483,"menu_order":0,"template":"","app_discipline":[279],"app_city_tax":[264],"app_magazine_category":[],"class_list":["post-487577","app_magazine_article","type-app_magazine_article","status-publish","has-post-thumbnail","hentry","app_discipline-design-metiers-dart-fr","app_city_tax-nyc-fr"],"acf":[],"yoast_head":"<!-- This site is optimized with the Yoast SEO plugin v27.3 - https:\/\/yoast.com\/product\/yoast-seo-wordpress\/ -->\n<title>De la Bourgogne \u00e0 Brooklyn\u00a0: les explorations verri\u00e8res d\u2019Eve George - Villa Albertine<\/title>\n<meta name=\"robots\" content=\"index, follow, max-snippet:-1, max-image-preview:large, max-video-preview:-1\" \/>\n<link rel=\"canonical\" href=\"https:\/\/villa-albertine.org\/va\/fr\/magazine\/from-burgundy-to-brooklyn-eve-georges-glass-blowing-journey\/\" \/>\n<meta property=\"og:locale\" content=\"fr_FR\" \/>\n<meta property=\"og:type\" content=\"article\" \/>\n<meta property=\"og:title\" content=\"De la Bourgogne \u00e0 Brooklyn\u00a0: les explorations verri\u00e8res d\u2019Eve George - Villa Albertine\" \/>\n<meta property=\"og:description\" content=\"Je suis designer et souffleuse de verre et si mon studio s&rsquo;est install\u00e9 depuis peu \u00e0 Paris, mon atelier, o\u00f9 je mets en forme du verre en fusion, est install\u00e9 en Bourgogne, plus pr\u00e9cis\u00e9ment en C\u00f4te d&rsquo;Or, un pays de vins et de gastronomie traditionnelle fran\u00e7aise, de plus en plus pris\u00e9 par des gourmands et...\" \/>\n<meta property=\"og:url\" content=\"https:\/\/villa-albertine.org\/va\/fr\/magazine\/from-burgundy-to-brooklyn-eve-georges-glass-blowing-journey\/\" \/>\n<meta property=\"og:site_name\" content=\"Villa Albertine\" \/>\n<meta property=\"article:modified_time\" content=\"2024-02-13T20:52:35+00:00\" \/>\n<meta property=\"og:image\" content=\"https:\/\/villa-albertine.org\/wp-content\/uploads\/2024\/01\/Atelier-George-Brume-Dessin-recherche-vase-Fountain-copy.jpg\" \/>\n\t<meta property=\"og:image:width\" content=\"1000\" \/>\n\t<meta property=\"og:image:height\" content=\"666\" \/>\n\t<meta property=\"og:image:type\" content=\"image\/jpeg\" \/>\n<meta name=\"twitter:card\" content=\"summary_large_image\" \/>\n<meta name=\"twitter:label1\" content=\"Dur\u00e9e de lecture estim\u00e9e\" \/>\n\t<meta name=\"twitter:data1\" content=\"14 minutes\" \/>\n<script type=\"application\/ld+json\" class=\"yoast-schema-graph\">{\"@context\":\"https:\\\/\\\/schema.org\",\"@graph\":[{\"@type\":\"WebPage\",\"@id\":\"https:\\\/\\\/villa-albertine.org\\\/va\\\/fr\\\/magazine\\\/from-burgundy-to-brooklyn-eve-georges-glass-blowing-journey\\\/\",\"url\":\"https:\\\/\\\/villa-albertine.org\\\/va\\\/fr\\\/magazine\\\/from-burgundy-to-brooklyn-eve-georges-glass-blowing-journey\\\/\",\"name\":\"De la Bourgogne \u00e0 Brooklyn\u00a0: les explorations verri\u00e8res d\u2019Eve George - Villa Albertine\",\"isPartOf\":{\"@id\":\"https:\\\/\\\/villa-albertine.org\\\/va\\\/fr\\\/#website\"},\"primaryImageOfPage\":{\"@id\":\"https:\\\/\\\/villa-albertine.org\\\/va\\\/fr\\\/magazine\\\/from-burgundy-to-brooklyn-eve-georges-glass-blowing-journey\\\/#primaryimage\"},\"image\":{\"@id\":\"https:\\\/\\\/villa-albertine.org\\\/va\\\/fr\\\/magazine\\\/from-burgundy-to-brooklyn-eve-georges-glass-blowing-journey\\\/#primaryimage\"},\"thumbnailUrl\":\"https:\\\/\\\/villa-albertine.org\\\/wp-content\\\/uploads\\\/2024\\\/01\\\/Atelier-George-Brume-Dessin-recherche-vase-Fountain-copy.jpg\",\"datePublished\":\"2024-01-05T19:59:00+00:00\",\"dateModified\":\"2024-02-13T20:52:35+00:00\",\"breadcrumb\":{\"@id\":\"https:\\\/\\\/villa-albertine.org\\\/va\\\/fr\\\/magazine\\\/from-burgundy-to-brooklyn-eve-georges-glass-blowing-journey\\\/#breadcrumb\"},\"inLanguage\":\"fr-FR\",\"potentialAction\":[{\"@type\":\"ReadAction\",\"target\":[\"https:\\\/\\\/villa-albertine.org\\\/va\\\/fr\\\/magazine\\\/from-burgundy-to-brooklyn-eve-georges-glass-blowing-journey\\\/\"]}]},{\"@type\":\"ImageObject\",\"inLanguage\":\"fr-FR\",\"@id\":\"https:\\\/\\\/villa-albertine.org\\\/va\\\/fr\\\/magazine\\\/from-burgundy-to-brooklyn-eve-georges-glass-blowing-journey\\\/#primaryimage\",\"url\":\"https:\\\/\\\/villa-albertine.org\\\/wp-content\\\/uploads\\\/2024\\\/01\\\/Atelier-George-Brume-Dessin-recherche-vase-Fountain-copy.jpg\",\"contentUrl\":\"https:\\\/\\\/villa-albertine.org\\\/wp-content\\\/uploads\\\/2024\\\/01\\\/Atelier-George-Brume-Dessin-recherche-vase-Fountain-copy.jpg\",\"width\":1000,\"height\":666,\"caption\":\"\u00a9Atelier George-Brume-Dessin de recherche & vase-Fountain\"},{\"@type\":\"BreadcrumbList\",\"@id\":\"https:\\\/\\\/villa-albertine.org\\\/va\\\/fr\\\/magazine\\\/from-burgundy-to-brooklyn-eve-georges-glass-blowing-journey\\\/#breadcrumb\",\"itemListElement\":[{\"@type\":\"ListItem\",\"position\":1,\"name\":\"Home\",\"item\":\"https:\\\/\\\/villa-albertine.org\\\/va\\\/fr\\\/home\\\/\"},{\"@type\":\"ListItem\",\"position\":2,\"name\":\"De la Bourgogne \u00e0 Brooklyn\u00a0: les explorations verri\u00e8res d\u2019Eve George\"}]},{\"@type\":\"WebSite\",\"@id\":\"https:\\\/\\\/villa-albertine.org\\\/va\\\/fr\\\/#website\",\"url\":\"https:\\\/\\\/villa-albertine.org\\\/va\\\/fr\\\/\",\"name\":\"Villa Albertine\",\"description\":\"\",\"potentialAction\":[{\"@type\":\"SearchAction\",\"target\":{\"@type\":\"EntryPoint\",\"urlTemplate\":\"https:\\\/\\\/villa-albertine.org\\\/va\\\/fr\\\/?s={search_term_string}\"},\"query-input\":{\"@type\":\"PropertyValueSpecification\",\"valueRequired\":true,\"valueName\":\"search_term_string\"}}],\"inLanguage\":\"fr-FR\"}]}<\/script>\n<!-- \/ Yoast SEO plugin. -->","yoast_head_json":{"title":"De la Bourgogne \u00e0 Brooklyn\u00a0: les explorations verri\u00e8res d\u2019Eve George - Villa Albertine","robots":{"index":"index","follow":"follow","max-snippet":"max-snippet:-1","max-image-preview":"max-image-preview:large","max-video-preview":"max-video-preview:-1"},"canonical":"https:\/\/villa-albertine.org\/va\/fr\/magazine\/from-burgundy-to-brooklyn-eve-georges-glass-blowing-journey\/","og_locale":"fr_FR","og_type":"article","og_title":"De la Bourgogne \u00e0 Brooklyn\u00a0: les explorations verri\u00e8res d\u2019Eve George - Villa Albertine","og_description":"Je suis designer et souffleuse de verre et si mon studio s&rsquo;est install\u00e9 depuis peu \u00e0 Paris, mon atelier, o\u00f9 je mets en forme du verre en fusion, est install\u00e9 en Bourgogne, plus pr\u00e9cis\u00e9ment en C\u00f4te d&rsquo;Or, un pays de vins et de gastronomie traditionnelle fran\u00e7aise, de plus en plus pris\u00e9 par des gourmands et...","og_url":"https:\/\/villa-albertine.org\/va\/fr\/magazine\/from-burgundy-to-brooklyn-eve-georges-glass-blowing-journey\/","og_site_name":"Villa Albertine","article_modified_time":"2024-02-13T20:52:35+00:00","og_image":[{"width":1000,"height":666,"url":"https:\/\/villa-albertine.org\/wp-content\/uploads\/2024\/01\/Atelier-George-Brume-Dessin-recherche-vase-Fountain-copy.jpg","type":"image\/jpeg"}],"twitter_card":"summary_large_image","twitter_misc":{"Dur\u00e9e de lecture estim\u00e9e":"14 minutes"},"schema":{"@context":"https:\/\/schema.org","@graph":[{"@type":"WebPage","@id":"https:\/\/villa-albertine.org\/va\/fr\/magazine\/from-burgundy-to-brooklyn-eve-georges-glass-blowing-journey\/","url":"https:\/\/villa-albertine.org\/va\/fr\/magazine\/from-burgundy-to-brooklyn-eve-georges-glass-blowing-journey\/","name":"De la Bourgogne \u00e0 Brooklyn\u00a0: les explorations verri\u00e8res d\u2019Eve George - Villa Albertine","isPartOf":{"@id":"https:\/\/villa-albertine.org\/va\/fr\/#website"},"primaryImageOfPage":{"@id":"https:\/\/villa-albertine.org\/va\/fr\/magazine\/from-burgundy-to-brooklyn-eve-georges-glass-blowing-journey\/#primaryimage"},"image":{"@id":"https:\/\/villa-albertine.org\/va\/fr\/magazine\/from-burgundy-to-brooklyn-eve-georges-glass-blowing-journey\/#primaryimage"},"thumbnailUrl":"https:\/\/villa-albertine.org\/wp-content\/uploads\/2024\/01\/Atelier-George-Brume-Dessin-recherche-vase-Fountain-copy.jpg","datePublished":"2024-01-05T19:59:00+00:00","dateModified":"2024-02-13T20:52:35+00:00","breadcrumb":{"@id":"https:\/\/villa-albertine.org\/va\/fr\/magazine\/from-burgundy-to-brooklyn-eve-georges-glass-blowing-journey\/#breadcrumb"},"inLanguage":"fr-FR","potentialAction":[{"@type":"ReadAction","target":["https:\/\/villa-albertine.org\/va\/fr\/magazine\/from-burgundy-to-brooklyn-eve-georges-glass-blowing-journey\/"]}]},{"@type":"ImageObject","inLanguage":"fr-FR","@id":"https:\/\/villa-albertine.org\/va\/fr\/magazine\/from-burgundy-to-brooklyn-eve-georges-glass-blowing-journey\/#primaryimage","url":"https:\/\/villa-albertine.org\/wp-content\/uploads\/2024\/01\/Atelier-George-Brume-Dessin-recherche-vase-Fountain-copy.jpg","contentUrl":"https:\/\/villa-albertine.org\/wp-content\/uploads\/2024\/01\/Atelier-George-Brume-Dessin-recherche-vase-Fountain-copy.jpg","width":1000,"height":666,"caption":"\u00a9Atelier George-Brume-Dessin de recherche & vase-Fountain"},{"@type":"BreadcrumbList","@id":"https:\/\/villa-albertine.org\/va\/fr\/magazine\/from-burgundy-to-brooklyn-eve-georges-glass-blowing-journey\/#breadcrumb","itemListElement":[{"@type":"ListItem","position":1,"name":"Home","item":"https:\/\/villa-albertine.org\/va\/fr\/home\/"},{"@type":"ListItem","position":2,"name":"De la Bourgogne \u00e0 Brooklyn\u00a0: les explorations verri\u00e8res d\u2019Eve George"}]},{"@type":"WebSite","@id":"https:\/\/villa-albertine.org\/va\/fr\/#website","url":"https:\/\/villa-albertine.org\/va\/fr\/","name":"Villa Albertine","description":"","potentialAction":[{"@type":"SearchAction","target":{"@type":"EntryPoint","urlTemplate":"https:\/\/villa-albertine.org\/va\/fr\/?s={search_term_string}"},"query-input":{"@type":"PropertyValueSpecification","valueRequired":true,"valueName":"search_term_string"}}],"inLanguage":"fr-FR"}]}},"_links":{"self":[{"href":"https:\/\/villa-albertine.org\/va\/fr\/wp-json\/wp\/v2\/app_magazine_article\/487577","targetHints":{"allow":["GET"]}}],"collection":[{"href":"https:\/\/villa-albertine.org\/va\/fr\/wp-json\/wp\/v2\/app_magazine_article"}],"about":[{"href":"https:\/\/villa-albertine.org\/va\/fr\/wp-json\/wp\/v2\/types\/app_magazine_article"}],"wp:featuredmedia":[{"embeddable":true,"href":"https:\/\/villa-albertine.org\/va\/fr\/wp-json\/wp\/v2\/media\/487483"}],"wp:attachment":[{"href":"https:\/\/villa-albertine.org\/va\/fr\/wp-json\/wp\/v2\/media?parent=487577"}],"wp:term":[{"taxonomy":"app_discipline","embeddable":true,"href":"https:\/\/villa-albertine.org\/va\/fr\/wp-json\/wp\/v2\/app_discipline?post=487577"},{"taxonomy":"app_city_tax","embeddable":true,"href":"https:\/\/villa-albertine.org\/va\/fr\/wp-json\/wp\/v2\/app_city_tax?post=487577"},{"taxonomy":"app_magazine_category","embeddable":true,"href":"https:\/\/villa-albertine.org\/va\/fr\/wp-json\/wp\/v2\/app_magazine_category?post=487577"}],"curies":[{"name":"wp","href":"https:\/\/api.w.org\/{rel}","templated":true}]}}