{"id":1955,"date":"2016-06-09T12:15:31","date_gmt":"2016-06-09T12:15:31","guid":{"rendered":"https:\/villa-albertine.org\/frenchculture\/?post_type=press&#038;p=1955"},"modified":"2023-07-26T20:13:09","modified_gmt":"2023-07-26T20:13:09","slug":"2eme-edition-du-french-american-digital-lab-lance-par-les-services-culturels-de-lambassade","status":"publish","type":"press","link":"https:\/\/villa-albertine.org\/frenchculture\/press\/2eme-edition-du-french-american-digital-lab-lance-par-les-services-culturels-de-lambassade\/","title":{"rendered":"2\u00e8me \u00e9dition Du French-american Digital Lab Lanc\u00e9 Par Les Services Culturels De L\u2019ambassade"},"content":{"rendered":"<p>Les Services culturels de l\u2019Ambassade de France \u00e0 New York et Business France lancent la 2\u00e8me \u00e9dition du French-American Digital Lab : Connecting Cultures, un laboratoire cr\u00e9atif et un programme de d\u00e9couverte de l\u2019\u00e9cosyst\u00e8me new-yorkais pour les startups culturelles fran\u00e7aises.<\/p>\n","protected":false},"featured_media":5046,"parent":0,"menu_order":0,"template":"","meta":{"_acf_changed":false,"inline_featured_image":false,"footnotes":""},"class_list":["post-1955","press","type-press","status-publish","has-post-thumbnail","hentry"],"acf":[],"yoast_head":"<!-- This site is optimized with the Yoast SEO plugin v27.0 - https:\/\/yoast.com\/product\/yoast-seo-wordpress\/ -->\n<title>2\u00e8me \u00e9dition Du French-american Digital Lab Lanc\u00e9 Par Les Services Culturels De L\u2019ambassade - French Culture<\/title>\n<meta name=\"robots\" content=\"index, follow, max-snippet:-1, max-image-preview:large, max-video-preview:-1\" \/>\n<link rel=\"canonical\" href=\"https:\/\/villa-albertine.org\/frenchculture\/press\/2eme-edition-du-french-american-digital-lab-lance-par-les-services-culturels-de-lambassade\/\" \/>\n<meta property=\"og:locale\" content=\"en_US\" \/>\n<meta property=\"og:type\" content=\"article\" \/>\n<meta property=\"og:title\" content=\"2\u00e8me \u00e9dition Du French-american Digital Lab Lanc\u00e9 Par Les Services Culturels De L\u2019ambassade - French Culture\" \/>\n<meta property=\"og:description\" content=\"Les Services culturels de l\u2019Ambassade de France \u00e0 New York et Business France lancent la 2\u00e8me \u00e9dition du French-American Digital Lab : Connecting Cultures, un laboratoire cr\u00e9atif et un programme de d\u00e9couverte de l\u2019\u00e9cosyst\u00e8me new-yorkais pour les startups culturelles fran\u00e7aises.\" \/>\n<meta property=\"og:url\" content=\"https:\/\/villa-albertine.org\/frenchculture\/press\/2eme-edition-du-french-american-digital-lab-lance-par-les-services-culturels-de-lambassade\/\" \/>\n<meta property=\"og:site_name\" content=\"French Culture\" \/>\n<meta property=\"article:modified_time\" content=\"2023-07-26T20:13:09+00:00\" \/>\n<meta property=\"og:image\" content=\"https:\/\/villa-albertine.org\/frenchculture\/wp-content\/uploads\/2016\/06\/31497467839a1b6d5def153703059513.jpg\" \/>\n\t<meta property=\"og:image:width\" content=\"970\" \/>\n\t<meta property=\"og:image:height\" content=\"647\" \/>\n\t<meta property=\"og:image:type\" content=\"image\/jpeg\" \/>\n<meta name=\"twitter:card\" content=\"summary_large_image\" \/>\n<script type=\"application\/ld+json\" class=\"yoast-schema-graph\">{\"@context\":\"https:\/\/schema.org\",\"@graph\":[{\"@type\":\"WebPage\",\"@id\":\"https:\/\/villa-albertine.org\/frenchculture\/press\/2eme-edition-du-french-american-digital-lab-lance-par-les-services-culturels-de-lambassade\/\",\"url\":\"https:\/\/villa-albertine.org\/frenchculture\/press\/2eme-edition-du-french-american-digital-lab-lance-par-les-services-culturels-de-lambassade\/\",\"name\":\"2\u00e8me \u00e9dition Du French-american Digital Lab Lanc\u00e9 Par Les Services Culturels De L\u2019ambassade - French Culture\",\"isPartOf\":{\"@id\":\"https:\/\/villa-albertine.org\/frenchculture\/#website\"},\"primaryImageOfPage\":{\"@id\":\"https:\/\/villa-albertine.org\/frenchculture\/press\/2eme-edition-du-french-american-digital-lab-lance-par-les-services-culturels-de-lambassade\/#primaryimage\"},\"image\":{\"@id\":\"https:\/\/villa-albertine.org\/frenchculture\/press\/2eme-edition-du-french-american-digital-lab-lance-par-les-services-culturels-de-lambassade\/#primaryimage\"},\"thumbnailUrl\":\"https:\/\/villa-albertine.org\/frenchculture\/wp-content\/uploads\/2016\/06\/31497467839a1b6d5def153703059513.jpg\",\"datePublished\":\"2016-06-09T12:15:31+00:00\",\"dateModified\":\"2023-07-26T20:13:09+00:00\",\"breadcrumb\":{\"@id\":\"https:\/\/villa-albertine.org\/frenchculture\/press\/2eme-edition-du-french-american-digital-lab-lance-par-les-services-culturels-de-lambassade\/#breadcrumb\"},\"inLanguage\":\"en-US\",\"potentialAction\":[{\"@type\":\"ReadAction\",\"target\":[\"https:\/\/villa-albertine.org\/frenchculture\/press\/2eme-edition-du-french-american-digital-lab-lance-par-les-services-culturels-de-lambassade\/\"]}]},{\"@type\":\"ImageObject\",\"inLanguage\":\"en-US\",\"@id\":\"https:\/\/villa-albertine.org\/frenchculture\/press\/2eme-edition-du-french-american-digital-lab-lance-par-les-services-culturels-de-lambassade\/#primaryimage\",\"url\":\"https:\/\/villa-albertine.org\/frenchculture\/wp-content\/uploads\/2016\/06\/31497467839a1b6d5def153703059513.jpg\",\"contentUrl\":\"https:\/\/villa-albertine.org\/frenchculture\/wp-content\/uploads\/2016\/06\/31497467839a1b6d5def153703059513.jpg\",\"width\":970,\"height\":647},{\"@type\":\"BreadcrumbList\",\"@id\":\"https:\/\/villa-albertine.org\/frenchculture\/press\/2eme-edition-du-french-american-digital-lab-lance-par-les-services-culturels-de-lambassade\/#breadcrumb\",\"itemListElement\":[{\"@type\":\"ListItem\",\"position\":1,\"name\":\"Home\",\"item\":\"https:\/\/villa-albertine.org\/frenchculture\/\"},{\"@type\":\"ListItem\",\"position\":2,\"name\":\"Press\",\"item\":\"https:\/\/villa-albertine.org\/frenchculture\/press\/\"},{\"@type\":\"ListItem\",\"position\":3,\"name\":\"2\u00e8me \u00e9dition Du French-american Digital Lab Lanc\u00e9 Par Les Services Culturels De L\u2019ambassade\"}]},{\"@type\":\"WebSite\",\"@id\":\"https:\/\/villa-albertine.org\/frenchculture\/#website\",\"url\":\"https:\/\/villa-albertine.org\/frenchculture\/\",\"name\":\"French Culture\",\"description\":\"\",\"potentialAction\":[{\"@type\":\"SearchAction\",\"target\":{\"@type\":\"EntryPoint\",\"urlTemplate\":\"https:\/\/villa-albertine.org\/frenchculture\/?s={search_term_string}\"},\"query-input\":{\"@type\":\"PropertyValueSpecification\",\"valueRequired\":true,\"valueName\":\"search_term_string\"}}],\"inLanguage\":\"en-US\"}]}<\/script>\n<!-- \/ Yoast SEO plugin. -->","yoast_head_json":{"title":"2\u00e8me \u00e9dition Du French-american Digital Lab Lanc\u00e9 Par Les Services Culturels De L\u2019ambassade - French Culture","robots":{"index":"index","follow":"follow","max-snippet":"max-snippet:-1","max-image-preview":"max-image-preview:large","max-video-preview":"max-video-preview:-1"},"canonical":"https:\/\/villa-albertine.org\/frenchculture\/press\/2eme-edition-du-french-american-digital-lab-lance-par-les-services-culturels-de-lambassade\/","og_locale":"en_US","og_type":"article","og_title":"2\u00e8me \u00e9dition Du French-american Digital Lab Lanc\u00e9 Par Les Services Culturels De L\u2019ambassade - French Culture","og_description":"Les Services culturels de l\u2019Ambassade de France \u00e0 New York et Business France lancent la 2\u00e8me \u00e9dition du French-American Digital Lab : Connecting Cultures, un laboratoire cr\u00e9atif et un programme de d\u00e9couverte de l\u2019\u00e9cosyst\u00e8me new-yorkais pour les startups culturelles fran\u00e7aises.","og_url":"https:\/\/villa-albertine.org\/frenchculture\/press\/2eme-edition-du-french-american-digital-lab-lance-par-les-services-culturels-de-lambassade\/","og_site_name":"French Culture","article_modified_time":"2023-07-26T20:13:09+00:00","og_image":[{"width":970,"height":647,"url":"https:\/\/villa-albertine.org\/frenchculture\/wp-content\/uploads\/2016\/06\/31497467839a1b6d5def153703059513.jpg","type":"image\/jpeg"}],"twitter_card":"summary_large_image","schema":{"@context":"https:\/\/schema.org","@graph":[{"@type":"WebPage","@id":"https:\/\/villa-albertine.org\/frenchculture\/press\/2eme-edition-du-french-american-digital-lab-lance-par-les-services-culturels-de-lambassade\/","url":"https:\/\/villa-albertine.org\/frenchculture\/press\/2eme-edition-du-french-american-digital-lab-lance-par-les-services-culturels-de-lambassade\/","name":"2\u00e8me \u00e9dition Du French-american Digital Lab Lanc\u00e9 Par Les Services Culturels De L\u2019ambassade - French Culture","isPartOf":{"@id":"https:\/\/villa-albertine.org\/frenchculture\/#website"},"primaryImageOfPage":{"@id":"https:\/\/villa-albertine.org\/frenchculture\/press\/2eme-edition-du-french-american-digital-lab-lance-par-les-services-culturels-de-lambassade\/#primaryimage"},"image":{"@id":"https:\/\/villa-albertine.org\/frenchculture\/press\/2eme-edition-du-french-american-digital-lab-lance-par-les-services-culturels-de-lambassade\/#primaryimage"},"thumbnailUrl":"https:\/\/villa-albertine.org\/frenchculture\/wp-content\/uploads\/2016\/06\/31497467839a1b6d5def153703059513.jpg","datePublished":"2016-06-09T12:15:31+00:00","dateModified":"2023-07-26T20:13:09+00:00","breadcrumb":{"@id":"https:\/\/villa-albertine.org\/frenchculture\/press\/2eme-edition-du-french-american-digital-lab-lance-par-les-services-culturels-de-lambassade\/#breadcrumb"},"inLanguage":"en-US","potentialAction":[{"@type":"ReadAction","target":["https:\/\/villa-albertine.org\/frenchculture\/press\/2eme-edition-du-french-american-digital-lab-lance-par-les-services-culturels-de-lambassade\/"]}]},{"@type":"ImageObject","inLanguage":"en-US","@id":"https:\/\/villa-albertine.org\/frenchculture\/press\/2eme-edition-du-french-american-digital-lab-lance-par-les-services-culturels-de-lambassade\/#primaryimage","url":"https:\/\/villa-albertine.org\/frenchculture\/wp-content\/uploads\/2016\/06\/31497467839a1b6d5def153703059513.jpg","contentUrl":"https:\/\/villa-albertine.org\/frenchculture\/wp-content\/uploads\/2016\/06\/31497467839a1b6d5def153703059513.jpg","width":970,"height":647},{"@type":"BreadcrumbList","@id":"https:\/\/villa-albertine.org\/frenchculture\/press\/2eme-edition-du-french-american-digital-lab-lance-par-les-services-culturels-de-lambassade\/#breadcrumb","itemListElement":[{"@type":"ListItem","position":1,"name":"Home","item":"https:\/\/villa-albertine.org\/frenchculture\/"},{"@type":"ListItem","position":2,"name":"Press","item":"https:\/\/villa-albertine.org\/frenchculture\/press\/"},{"@type":"ListItem","position":3,"name":"2\u00e8me \u00e9dition Du French-american Digital Lab Lanc\u00e9 Par Les Services Culturels De L\u2019ambassade"}]},{"@type":"WebSite","@id":"https:\/\/villa-albertine.org\/frenchculture\/#website","url":"https:\/\/villa-albertine.org\/frenchculture\/","name":"French Culture","description":"","potentialAction":[{"@type":"SearchAction","target":{"@type":"EntryPoint","urlTemplate":"https:\/\/villa-albertine.org\/frenchculture\/?s={search_term_string}"},"query-input":{"@type":"PropertyValueSpecification","valueRequired":true,"valueName":"search_term_string"}}],"inLanguage":"en-US"}]}},"_links":{"self":[{"href":"https:\/\/villa-albertine.org\/frenchculture\/wp-json\/wp\/v2\/press\/1955","targetHints":{"allow":["GET"]}}],"collection":[{"href":"https:\/\/villa-albertine.org\/frenchculture\/wp-json\/wp\/v2\/press"}],"about":[{"href":"https:\/\/villa-albertine.org\/frenchculture\/wp-json\/wp\/v2\/types\/press"}],"version-history":[{"count":5,"href":"https:\/\/villa-albertine.org\/frenchculture\/wp-json\/wp\/v2\/press\/1955\/revisions"}],"predecessor-version":[{"id":2171,"href":"https:\/\/villa-albertine.org\/frenchculture\/wp-json\/wp\/v2\/press\/1955\/revisions\/2171"}],"wp:featuredmedia":[{"embeddable":true,"href":"https:\/\/villa-albertine.org\/frenchculture\/wp-json\/wp\/v2\/media\/5046"}],"wp:attachment":[{"href":"https:\/\/villa-albertine.org\/frenchculture\/wp-json\/wp\/v2\/media?parent=1955"}],"curies":[{"name":"wp","href":"https:\/\/api.w.org\/{rel}","templated":true}]}}